{"id":105610,"date":"2025-06-02T10:04:00","date_gmt":"2025-06-02T08:04:00","guid":{"rendered":"https:\/\/obera.fr\/geen-onderdeel-van-een-categorie\/bien-choisir-masque-poussiere\/"},"modified":"2025-06-16T15:01:42","modified_gmt":"2025-06-16T13:01:42","slug":"bien-choisir-masque-poussiere","status":"publish","type":"post","link":"https:\/\/obera.fr\/nl\/ons-advies\/bien-choisir-masque-poussiere\/","title":{"rendered":"Het juiste masker kiezen is niet genoeg: waarom stof bij de bron opvangen essentieel is"},"content":{"rendered":"\n<p>Fijnstof is alomtegenwoordig in de bouw, steen en industrie. Hoewel het dragen van een beschermingsmasker in veel bedrijven een reflex is geworden, volstaat dit alleen niet om volledige bescherming te garanderen. Bij <strong>OberA<\/strong> zijn we voorstander van een globale aanpak van preventie: <strong>optreden bij de bron om het gevaar te neutraliseren voordat het zich verspreidt<\/strong>.    <\/p>\n\n<h2 class=\"wp-block-heading\">Maskers: een barri\u00e8re, niet de enige oplossing  <\/h2>\n\n<p>Een ademhalingstoestel is een essentieel persoonlijk beschermingsmiddel, vooral als het goed gekozen, goed gemonteerd en goed onderhouden is. Maar zelfs de meest effectieve modellen hebben hun beperkingen:   <\/p>\n\n<ul class=\"wp-block-list\">\n<li>Ze beschermen <strong>alleen de drager<\/strong>.  <\/li>\n\n\n\n<li>Ze worden <strong>ondoeltreffend als ze verkeerd worden gedragen <\/strong>(baard, pasvorm, vocht). &#8211; Ze <strong>onderdrukken stof in de werkomgeving niet <\/strong>. Met andere woorden, het masker is de <strong>laatste verdedigingslinie<\/strong>, niet de eerste.    <\/li>\n<\/ul>\n\n<h2 class=\"wp-block-heading\">Vang bij de bron: de beste preventiestrategie  <\/h2>\n\n<p>Afvang aan de bron bestaat uit het opzuigen of vasthouden van stof op <strong>het moment dat het ontstaat<\/strong>. Het is een verstandige aanpak, maar wel een die nog te vaak wordt verwaarloosd. Toch heeft het veel voordelen:    <\/p>\n\n<ul class=\"wp-block-list\">\n<li><strong>Onmiddellijke vermindering van de stofconcentratie in de omgevingslucht<\/strong>.  <\/li>\n\n\n\n<li><strong>Verbeterde collectieve bescherming <\/strong>: al het personeel profiteert van schonere lucht, zelfs degenen die niet direct worden blootgesteld.  <\/li>\n\n\n\n<li><strong>Behoud van apparatuur <\/strong>(machines, sensoren, filters, ventilatiesystemen). &#8211; <strong>Verbeterde netheid van werkstations<\/strong>, wat resulteert in een hogere productiviteit en een beter imago. <strong>Bij OberA is afvangen bij de bron onze specialiteit <\/strong>  <\/li>\n<\/ul>\n\n<p>Ons team ontwerpt en installeert <strong>afzuigsystemen die zijn aangepast aan elke werkplek <\/strong>: afzuigarmen, afzuigtafels, ge\u00efntegreerde afzuigbehuizingen, afgesloten cabines, enz. We voeren ook audits uit om kritieke punten te identificeren en stellen <strong>betrouwbare, duurzame en ergonomische<\/strong> technische oplossingen voor.   <\/p>\n\n<p>Maar naast de technische aspecten is het onze <strong>diepgaande kennis van handmatige en industri\u00eble beroepen <\/strong>die het verschil maakt. We weten dat een effectieve oplossing er een is die <strong>praktisch is, geaccepteerd en gebruikt wordt in het veld<\/strong>.   <\/p>\n\n<h2 class=\"wp-block-heading\"><strong>Preventie is een ketting: elke schakel telt  <\/strong><\/h2>\n\n<p>Maskers, ventilatie, afzuiging, reiniging&#8230; Bescherming tegen fijnstof is gebaseerd op een globale strategie. Maar als er <strong>\u00e9\u00e9n prioriteit<\/strong> is, dan is het wel <strong>opvang bij de bron<\/strong>. Minder uitgestoten stof = minder stof om in te ademen.  <\/p>\n\n<p><strong>OberA <\/strong>ondersteunt u bij deze essenti\u00eble overgang, met \u00e9\u00e9n ambitie: ervoor zorgen dat uw medewerkers in een veiligere, schonere en meer serene omgeving werken.<\/p>\n\n<p>\u00a0<\/p>\n\n<p>Heb je een diagnose of een oplossing op maat nodig?  <\/p>\n\n<p><strong>Contact OberA: preventie ontworpen voor professionals, ontworpen met hen in gedachten.<\/strong><\/p>\n\n<p><\/p>\n","protected":false},"excerpt":{"rendered":"<p>Fijnstof is alomtegenwoordig in de bouw, steen en industrie. Hoewel het dragen van een beschermingsmasker in veel bedrijven een reflex is geworden, is het op zichzelf niet voldoende om volledige bescherming te garanderen. <\/p>\n","protected":false},"author":13,"featured_media":112315,"comment_status":"open","ping_status":"closed","sticky":false,"template":"","format":"standard","meta":{"_acf_changed":false,"_seopress_robots_primary_cat":"none","_seopress_titles_title":"Capter la poussi\u00e8re \u00e0 la source : une pr\u00e9vention essentielle \u2013 OberA","_seopress_titles_desc":"Le masque ne suffit pas : capter la poussi\u00e8re \u00e0 la source prot\u00e8ge mieux vos \u00e9quipes. D\u00e9couvrez notre approche globale de la pr\u00e9vention avec OberA.","_seopress_robots_index":"","footnotes":""},"categories":[313],"tags":[],"class_list":["post-105610","post","type-post","status-publish","format-standard","has-post-thumbnail","hentry","category-ons-advies","generate-columns","tablet-grid-50","mobile-grid-100","grid-parent","grid-50","no-featured-image-padding","resize-featured-image"],"acf":[],"_links":{"self":[{"href":"https:\/\/obera.fr\/nl\/wp-json\/wp\/v2\/posts\/105610","targetHints":{"allow":["GET"]}}],"collection":[{"href":"https:\/\/obera.fr\/nl\/wp-json\/wp\/v2\/posts"}],"about":[{"href":"https:\/\/obera.fr\/nl\/wp-json\/wp\/v2\/types\/post"}],"author":[{"embeddable":true,"href":"https:\/\/obera.fr\/nl\/wp-json\/wp\/v2\/users\/13"}],"replies":[{"embeddable":true,"href":"https:\/\/obera.fr\/nl\/wp-json\/wp\/v2\/comments?post=105610"}],"version-history":[{"count":1,"href":"https:\/\/obera.fr\/nl\/wp-json\/wp\/v2\/posts\/105610\/revisions"}],"predecessor-version":[{"id":105616,"href":"https:\/\/obera.fr\/nl\/wp-json\/wp\/v2\/posts\/105610\/revisions\/105616"}],"wp:featuredmedia":[{"embeddable":true,"href":"https:\/\/obera.fr\/nl\/wp-json\/wp\/v2\/media\/112315"}],"wp:attachment":[{"href":"https:\/\/obera.fr\/nl\/wp-json\/wp\/v2\/media?parent=105610"}],"wp:term":[{"taxonomy":"category","embeddable":true,"href":"https:\/\/obera.fr\/nl\/wp-json\/wp\/v2\/categories?post=105610"},{"taxonomy":"post_tag","embeddable":true,"href":"https:\/\/obera.fr\/nl\/wp-json\/wp\/v2\/tags?post=105610"}],"curies":[{"name":"wp","href":"https:\/\/api.w.org\/{rel}","templated":true}]}}