{"id":145817,"date":"2026-01-20T15:01:12","date_gmt":"2026-01-20T13:01:12","guid":{"rendered":"https:\/\/obera.fr\/geen-onderdeel-van-een-categorie\/ademen-fransen-gezond-op-hun-werkplek-in-de-winter\/"},"modified":"2026-03-02T14:57:13","modified_gmt":"2026-03-02T12:57:13","slug":"ademen-fransen-gezond-op-hun-werkplek-in-de-winter","status":"publish","type":"post","link":"https:\/\/obera.fr\/nl\/pers\/ademen-fransen-gezond-op-hun-werkplek-in-de-winter\/","title":{"rendered":"Ademen Fransen gezond op hun werkplek in de winter?"},"content":{"rendered":"\n<p>OberA onthult de resultaten van een <strong>nieuw onderzoek* onder 4.102 personen<\/strong> dat een aanhoudende kloof aan het licht brengt tussen thermisch comfort en luchtkwaliteit op het werk: sterk uiteenlopende ideale temperaturen, zeldzame winterventilatie, afwezigheid van luchtreinigers, nauwelijks gecontroleerde luchtvochtigheid en aarzeling over de juiste maatregelen tegen virussen. Het onderzoek benadrukt ook een sterke verwachting ten aanzien van werkgevers: een grote meerderheid vraagt om concrete acties voor gezondere binnenlucht in bedrijven en openbare ruimten. <\/p>\n\n<figure class=\"wp-block-image aligncenter size-full\"><img decoding=\"async\" width=\"315\" height=\"210\" src=\"https:\/\/obera.fr\/wp-content\/uploads\/2026\/02\/sondage-obera-image.png\" alt=\"obera enqu&#xEA;te afbeelding\" class=\"wp-image-143875\" srcset=\"https:\/\/obera.fr\/wp-content\/uploads\/2026\/02\/sondage-obera-image.png 315w, https:\/\/obera.fr\/wp-content\/uploads\/2026\/02\/sondage-obera-image-300x200.png 300w\" sizes=\"(max-width: 315px) 100vw, 315px\" \/><\/figure>\n\n<h2 class=\"wp-block-heading\">Werkplekken met slecht gereguleerde temperatuur? <\/h2>\n\n<p>Te koud of te warm hebben op uw werkplek kan een echt probleem worden. Maar over dit onderwerp heeft niet iedereen dezelfde visie op de ideale temperatuur.  <\/p>\n\n<p>Volgens het INRS liggen de referentiewaarden voor thermisch comfort tussen 21 en 23\u00b0C en deze bandbreedte heeft slechts de voorkeur van 41%. <\/p>\n\n<p>Sommigen geven de voorkeur aan zuinigere instellingen van 19\u00b0C of lager bij 21%, een niveau dat dicht bij de richtlijnen voor energiebesparing ligt die in de publieke communicatie worden benadrukt.<\/p>\n\n<h3 class=\"wp-block-heading\">Welke temperatuur heeft u graag op uw werkplek in de winter?<\/h3>\n\n<figure class=\"wp-block-table\"><table class=\"has-fixed-layout\"><tbody><tr><td><strong>Antwoorden <\/strong><\/td><td><strong>Percentages<\/strong><\/td><\/tr><tr><td>17\u00b0C <\/td><td>2 %<\/td><\/tr><tr><td>18\u00b0C <\/td><td>11 %<\/td><\/tr><tr><td>19\u00b0C <\/td><td>19 %<\/td><\/tr><tr><td>20\u00b0C <\/td><td>21 %<\/td><\/tr><tr><td>21\u00b0C <\/td><td>18 %<\/td><\/tr><tr><td>22\u00b0C <\/td><td>12 %<\/td><\/tr><tr><td>23\u00b0C <\/td><td>11 %<\/td><\/tr><tr><td>Meer dan 24\u00b0C <\/td><td>5 %<\/td><\/tr><tr><td>Ik weet het niet <\/td><td>1 %<\/td><\/tr><\/tbody><\/table><\/figure>\n\n<h3 class=\"wp-block-heading\">Fransen hebben liever warmte dan vernieuwde lucht<\/h3>\n\n<p>Als ze moeten kiezen, heeft bijna \u00e9\u00e9n op de twee Fransen liever lekker warm, ook al wordt de lucht weinig ververst (48%), tegenover 41% die de voorkeur geeft aan regelmatig vernieuwde lucht, ook al betekent dit een koelere omgeving. Ten slotte verklaart 11% geen keuze te maken, wat aangeeft dat de afweging afhangt van de situatie (weer, gevoeligheid voor kou, type gebouw). Deze resultaten bevestigen het belang van thermisch comfort in de perceptie van een gezonde omgeving, terwijl de overheidsaanbevelingen het belang benadrukken van dagelijks ventileren, ook in de winter.   <\/p>\n\n<h3 class=\"wp-block-heading\">Als u moet kiezen, wat heeft u liever:<\/h3>\n\n<figure class=\"wp-block-table\"><table class=\"has-fixed-layout\"><tbody><tr><td><strong>Antwoorden <\/strong><\/td><td><strong>Percentages<\/strong><\/td><\/tr><tr><td><strong>Lekker warm hebben, ook al wordt de lucht weinig ververst <\/strong><\/td><td><strong>48 %<\/strong><\/td><\/tr><tr><td>Iets koeler hebben maar regelmatig vernieuwde lucht <\/td><td>41 %<\/td><\/tr><tr><td>Ik weet het niet \/ dat hangt ervan af <\/td><td>11 %<\/td><\/tr><\/tbody><\/table><\/figure>\n\n<h2 class=\"wp-block-heading\">Fransen bezorgd over luchtvochtigheid\u2026 maar zonder echte controle <\/h2>\n\n<p>Luchtvochtigheid op het werk is een zeer breed gedeelde zorg: 90% van de ondervraagde personen maakt zich er zorgen over, maar slechts 8% geeft aan dat deze daadwerkelijk wordt getest om het niveau te kennen. Omgekeerd verklaart 82% niet over duidelijke monitoring te beschikken (31% weet niet of er tests bestaan en 51% bevestigt dat niemand deze test), wat aansluit bij de bevindingen van nationale onderzoeken naar binnenluchtkwaliteit die een grote onbekendheid met metingen en hun beheer in bedrijven aantonen.  <\/p>\n\n<p>Relatieve luchtvochtigheid is echter een erkende parameter voor comfort en gezondheid, met aanbevelingen die vaak rond 40\u201360% liggen om ongemak en onevenwichtigheden te beperken.<\/p>\n\n<h3 class=\"wp-block-heading\">Maakt u zich zorgen over de luchtvochtigheid op uw werkplek?<\/h3>\n\n<figure class=\"wp-block-table\"><table class=\"has-fixed-layout\"><tbody><tr><td><strong>Antwoorden <\/strong><\/td><td><strong>Percentages<\/strong><\/td><\/tr><tr><td>Ja, deze wordt getest om het niveau te kennen <\/td><td>8 %<\/td><\/tr><tr><td>Ja, maar ik weet niet of deze wordt getest <\/td><td>31 %<\/td><\/tr><tr><td>Ja, maar niemand test deze <\/td><td>51 %<\/td><\/tr><tr><td>Nee, dit baart mij geen zorgen <\/td><td>10 %<\/td><\/tr><\/tbody><\/table><\/figure>\n\n<h3 class=\"wp-block-heading\">Welke oplossing tegen microben van collega&#8217;s? <\/h3>\n\n<p>Met de winter hangen microben in de lucht. Toch tonen de antwoorden sterke aarzeling over de juiste reflexen om besmettingen te vermijden. Zo kiest slechts een relatieve minderheid van 31% voor de meest volledige strategie: korte ventilatie + luchtreiniger. De overige 50% verdeelt zich tussen \u00e9\u00e9n enkele actie (raam open ondanks kou\/vervuiling bij 21% of alleen luchtreiniger bij 29%) en 19% verklaart niet te weten welke houding aan te nemen (11%) of helemaal niets te doen (8%).    <\/p>\n\n<p>Nochtans zijn de aanbevelingen vrij duidelijk en pleiten voor ventilatie en luchting, ook in de winter, via herhaalde openingen van enkele minuten. De toevoer van verse lucht vermindert de ophoping van aerosolen.  <\/p>\n\n<p>HEPA-filtratie is ook nuttig als aanvulling. <\/p>\n\n<h3 class=\"wp-block-heading\">Om de risico&#8217;s van luchtwegmicroben in de lucht (aerosolen) te verminderen, is volgens u het beste antwoord:<\/h3>\n\n<figure class=\"wp-block-table\"><table class=\"has-fixed-layout\"><tbody><tr><td><strong>Antwoorden <\/strong><\/td><td><strong>Percentages<\/strong><\/td><\/tr><tr><td>Het raam openen, ook al is de buitenlucht zeer koud en mogelijk vervuild <\/td><td>21 %<\/td><\/tr><tr><td>Een luchtreiniger gebruiken (type HEPA, met actieve kool, met verzadiging, regenereerbaar) <\/td><td>29 %<\/td><\/tr><tr><td>Korte regelmatige ventilatie en het gebruik van een luchtreiniger <\/td><td>31 %<\/td><\/tr><tr><td>Helemaal niets doen <\/td><td>8 %<\/td><\/tr><tr><td>Ik weet het niet <\/td><td>11 %<\/td><\/tr><\/tbody><\/table><\/figure>\n\n<h2 class=\"wp-block-heading\">Stop met gesloten ramen! <\/h2>\n\n<p>Ventilatie op het werk blijkt grotendeels ontoereikend en slecht beheerst: slechts 22% verklaart de ramen minstens \u00e9\u00e9n keer per dag te openen (7% meerdere keren, 15% \u00e9\u00e9n keer), terwijl 54% dit minder vaak doet (21% enkele keren per week, 14% zelden, 19% nooit). Vooral verklaart 24% het niet te weten of geen ramen te hebben, wat wijst op een gebrek aan referentiepunten en de moeilijkheid om de juiste handelingen toe te passen.  <\/p>\n\n<h3 class=\"wp-block-heading\">Hoe vaak worden de ramen in de winter geopend in uw werkruimte?<\/h3>\n\n<figure class=\"wp-block-table\"><table class=\"has-fixed-layout\"><tbody><tr><td><strong>Antwoorden <\/strong><\/td><td><strong>Percentages<\/strong><\/td><\/tr><tr><td>Meerdere keren per dag <\/td><td>7 %<\/td><\/tr><tr><td>1 keer per dag <\/td><td>15 %<\/td><\/tr><tr><td>Enkele keren per week <\/td><td>21 %<\/td><\/tr><tr><td>Zelden <\/td><td>14 %<\/td><\/tr><tr><td>Nooit <\/td><td>19 %<\/td><\/tr><tr><td>Ik weet het niet \/ geen ramen <\/td><td>24 %<\/td><\/tr><\/tbody><\/table><\/figure>\n\n<h2 class=\"wp-block-heading\">Slechte lucht op het werk? <\/h2>\n\n<p>Wie heeft nog nooit bedompte lucht op zijn werkplek ervaren? <\/p>\n\n<p>78% van de Fransen stelt dit vast (31% vaak en 47% soms), tegenover slechts 17% die niets opmerkt (14% zelden, 3% nooit). <\/p>\n\n<p>Binnenluchtkwaliteit blijft slecht beheerd en slecht begrepen. Wanneer de lucht bedompte lijkt, weten velen namelijk niet welke hefbomen te activeren (ventilatie, korte en regelmatige luchting, filtratie). CO\u2082 is nochtans een nuttige indicator van onvoldoende vernieuwde lucht, en eenvoudige handelingen (ventileren\/luchten) verminderen de ophoping van verontreinigende stoffen en aerosolen.   <\/p>\n\n<h3 class=\"wp-block-heading\">Heeft u ooit ervaren dat de lucht op het werk in de winter bedompte is?<\/h3>\n\n<figure class=\"wp-block-table\"><table class=\"has-fixed-layout\"><tbody><tr><td><strong>Antwoorden <\/strong><\/td><td><strong>Percentages<\/strong><\/td><\/tr><tr><td>Ja, vaak <\/td><td>31 %<\/td><\/tr><tr><td><strong>Ja, soms <\/strong><\/td><td><strong>47 %<\/strong><\/td><\/tr><tr><td>Nee, zelden <\/td><td>14 %<\/td><\/tr><tr><td>Nee, nooit <\/td><td>3 %<\/td><\/tr><tr><td>Ik weet het niet <\/td><td>5 %<\/td><\/tr><\/tbody><\/table><\/figure>\n\n<h2 class=\"wp-block-heading\">Slecht beheer bij ziekte <\/h2>\n\n<p>Wanneer een collega hoest of verkouden is, blijft de situatie grotendeels slecht beheerd door Fransen. 43% verklaart namelijk ziek naar het werk te komen tegenover slechts 25% die thuis blijft. Voor 29% hangt alles af van de context en de situatie.   <\/p>\n\n<p>De cultuur van presente\u00efsme is nog te sterk aanwezig in Frankrijk, zoals de Dares benadrukt: meer dan \u00e9\u00e9n op de vier ziektedagen (27%) resulteert in aanwezigheid op het werk. De aanbevelingen voor volksgezondheid en het gezond verstand herinneren eraan dat bij symptomen de overdracht moet worden beperkt (met name door een masker te dragen op het werk wanneer men ziek is) en de barri\u00e8remaatregelen moeten worden toegepast.  <\/p>\n\n<p>Deze resultaten pleiten voor operationele richtlijnen in bedrijven (telewerk indien mogelijk, terugkeer naar kantoor met masker bij symptomen, versterkte ventilatie\/luchting) om te voorkomen dat preventie berust op individuele afweging. <\/p>\n\n<h3 class=\"wp-block-heading\">Wanneer een collega ziek is (hoest\/verkoudheid), wat gebeurt er meestal?<\/h3>\n\n<figure class=\"wp-block-table\"><table class=\"has-fixed-layout\"><tbody><tr><td><strong>Antwoorden <\/strong><\/td><td><strong>Percentages<\/strong><\/td><\/tr><tr><td>Hij\/zij blijft thuis <\/td><td>25 %<\/td><\/tr><tr><td><strong>Hij\/zij komt toch (uit verplichting) <\/strong><\/td><td><strong>43 %<\/strong><\/td><\/tr><tr><td>Dat hangt af van de teams \/ periodes <\/td><td>29 %<\/td><\/tr><tr><td>Ik weet het niet <\/td><td>3 %<\/td><\/tr><\/tbody><\/table><\/figure>\n\n<h3 class=\"wp-block-heading\">Wat doen Fransen werkelijk bij een zieke collega? <\/h3>\n\n<p>Sinds Covid zijn bepaalde reflexen in de collectieve gewoonten verankerd. Zo zijn de meest genoemde handelingen bij een zieke collega handhygi\u00ebne\/desinfectie (53%) en afstand houden (41%).  <\/p>\n\n<p>Daarentegen worden de meest structurele maatregelen in gesloten ruimten veel minder toegepast, zoals versterkte ventilatie (27%) en het dragen van een masker (18%). <\/p>\n\n<p>Het meest schokkende is dat 37% van de Fransen ook inactieve reacties noemt (hun houding niet veranderen bij 25%, of helemaal niets doen bij 12%). <\/p>\n\n<p>Deze zwakte van collectieve reflexen is consistent met alle nationale bevindingen. De barri\u00e8remaatregelen en het gebruik van maskers zijn namelijk aanzienlijk afgenomen in de bevolking. Deze gegevens pleiten voor eenvoudige richtlijnen in bedrijven: herhaalde korte ventilatie, mogelijkheid tot videovergaderen, beschikbaarheid van maskers, regels bij symptomen en vooral <a href=\"https:\/\/obera.fr\/nl\/produits\/purificateurs-air\/\">luchtreinigers<\/a>.   <\/p>\n\n<h3 class=\"wp-block-heading\">Wanneer een collega ziek is (hoest\/verkoudheid), wat doet u meestal? (maximaal 3 keuzes) <\/h3>\n\n<figure class=\"wp-block-table\"><table class=\"has-fixed-layout\"><tbody><tr><td><strong>Antwoorden <\/strong><\/td><td><strong>Percentages<\/strong><\/td><\/tr><tr><td>Ik houd afstand en beperk face-to-face contact <\/td><td>41 %<\/td><\/tr><tr><td>Ik draag een masker (minstens tijdens vergaderingen\/in de buurt) <\/td><td>18 %<\/td><\/tr><tr><td>Ik ventileer meer (ik open het raam wanneer mogelijk) <\/td><td>27 %<\/td><\/tr><tr><td>Ik was\/desinfecteer mijn handen vaker en desinfecteer mijn werkplek <\/td><td>53 %<\/td><\/tr><tr><td>Ik vermijd fysieke vergaderingen \/ ik vraag om een videovergadering <\/td><td>18 %<\/td><\/tr><tr><td>Ik vraag de collega om naar huis te gaan \/ te telewerken (indien mogelijk) <\/td><td>16 %<\/td><\/tr><tr><td>Ik vraag om thuis te mogen werken (indien mogelijk) <\/td><td>12 %<\/td><\/tr><tr><td>Ik meld het aan een manager\/HR (als de situatie problematisch is) <\/td><td>6 %<\/td><\/tr><tr><td>Ik verander niets \/ ik ga ermee om <\/td><td>25 %<\/td><\/tr><tr><td>Ik doe helemaal niets <\/td><td>12 %<\/td><\/tr><tr><td>Andere <\/td><td>3 %<\/td><\/tr><\/tbody><\/table><\/figure>\n\n<h2 class=\"wp-block-heading\">8 op de 10 Fransen willen actie van bedrijven en openbare ruimten <\/h2>\n\n<p>Fransen uiten een zeer sterke verwachting ten aanzien van bedrijven en openbare ruimten: 83% vindt dat er meer moet worden gedaan om voorbeeldige luchtkwaliteit te garanderen, waarvan 56% meent dat &#8220;alles nog moet worden gedaan&#8221;. Een eis die contrasteert met de nog ongelijke praktijken in het veld. <\/p>\n\n<p>Dit past ook in een gebrek aan referentiepunten: een deel van de werknemers weet niet hoe de luchtkwaliteit wordt gemeten of beheerd, terwijl de autoriteiten eenvoudige en effectieve handelingen aanbevelen zoals regelmatige ventilatie en monitoring van indicatoren (bijv. CO\u2082 in bepaalde instellingen). <\/p>\n\n<p>Ten slotte tonen de 11% die vinden dat dit niet hun rol is en de 6% die zich niet uitspreken dat er nog pedagogisch werk nodig is over de gezondheidsimpact van binnenlucht en over de collectieve verantwoordelijkheid van gebouwbeheerders. <\/p>\n\n<h3 class=\"wp-block-heading\">Vindt u dat bedrijven en alle openbare ruimten meer inspanningen moeten leveren om voorbeeldige luchtkwaliteit te garanderen?<\/h3>\n\n<figure class=\"wp-block-table\"><table class=\"has-fixed-layout\"><tbody><tr><td><strong>Antwoorden <\/strong><\/td><td><strong>Percentages<\/strong><\/td><\/tr><tr><td><strong>Ja absoluut, alles moet nog worden gedaan <\/strong><\/td><td><strong>56 %<\/strong><\/td><\/tr><tr><td>Ja, maar ze doen al veel <\/td><td>27 %<\/td><\/tr><tr><td>Nee, dat is niet hun rol <\/td><td>11 %<\/td><\/tr><tr><td>Ik weet het niet \/ Spreekt zich niet uit <\/td><td>6 %<\/td><\/tr><\/tbody><\/table><\/figure>\n\n<p><em>&#8220;De resultaten van dit onderzoek tonen een gevaarlijke reflex: men geeft vaak de voorkeur aan lekker warm hebben ten koste van gezonde lucht. In de winter hebben we echter niet altijd de reflex om de ramen zo vaak te openen als nodig. Daarom worden luchtreinigers essentieel: ze vullen de ventilatie effectief aan en maken het mogelijk om de concentratie van deeltjes en aerosolen in werkruimten duurzaam te verminderen, zonder het comfort op te offeren. Wij worden voortdurend geconfronteerd met bedrijven die de noodzaak onderschatten om de luchtkwaliteit voor hun werknemers te verbeteren en te beheren. Een bewustwording die nochtans van vitaal belang is&#8221;. <\/em><\/p>\n\n<h2 class=\"wp-block-heading\">Methodologie van het onderzoek<\/h2>\n\n<p>Onderzoek uitgevoerd bij een representatieve steekproef van 4.102 personen woonachtig in Frankrijk, 18 jaar en ouder. Enqu\u00eate online uitgevoerd in januari 2026 via het respondentenpanel van BuzzPress (27.700 personen in Frankrijk elektronisch bevraagd via e-mail en op de sociale netwerken Facebook en LinkedIn). Profielen van de bedrijven genoemd door de respondenten voor hun werkplek:   <\/p>\n\n<ul class=\"wp-block-list\">\n<li>Industrie \/ productie: 16% <\/li>\n\n\n\n<li>Diensten aan particulieren (gezondheidszorg, sociaal, thuiszorg, winkels, horeca\u2026): 27% <\/li>\n\n\n\n<li>Diensten aan bedrijven (advies, informatica, financi\u00ebn, communicatie\u2026): 24% <\/li>\n\n\n\n<li>Publieke \/ semipublieke sector (overheidsdiensten, onderwijs, ziekenhuizen\u2026): 18% <\/li>\n\n\n\n<li>Bouw: 8% <\/li>\n\n\n\n<li>Transport \/ logistiek: 6% <\/li>\n\n\n\n<li>Andere \/ spreekt zich niet uit: 1% <\/li>\n<\/ul>\n\n<p>Antwoorden verzameld en gewogen volgens vooraf vastgestelde quota&#8217;s om de representativiteit van de steekproef te waarborgen en een representativiteit van de doelgroep te verkrijgen. Alle wegingen zijn gebaseerd op administratieve gegevens en op gegevens verzameld door het INSEE. <\/p>\n\n<h2 class=\"wp-block-heading has-text-align-center\">Ze hebben over ons gesproken!<\/h2>\n\n<div class=\"wp-block-columns are-vertically-aligned-center is-layout-flex wp-container-core-columns-is-layout-28f84493 wp-block-columns-is-layout-flex\">\n<div class=\"wp-block-column is-vertically-aligned-center is-layout-flow wp-block-column-is-layout-flow\">\n<figure class=\"wp-block-image aligncenter size-large\"><img decoding=\"async\" width=\"1024\" height=\"538\" src=\"https:\/\/obera.fr\/wp-content\/uploads\/2026\/02\/logo_de_doctissimo-1024x538.jpg\" alt=\"doctissimo logo\" class=\"wp-image-143878\" srcset=\"https:\/\/obera.fr\/wp-content\/uploads\/2026\/02\/logo_de_doctissimo-1024x538.jpg 1024w, https:\/\/obera.fr\/wp-content\/uploads\/2026\/02\/logo_de_doctissimo-300x158.jpg 300w, https:\/\/obera.fr\/wp-content\/uploads\/2026\/02\/logo_de_doctissimo-768x403.jpg 768w, https:\/\/obera.fr\/wp-content\/uploads\/2026\/02\/logo_de_doctissimo.jpg 1200w\" sizes=\"(max-width: 1024px) 100vw, 1024px\" \/><figcaption class=\"wp-element-caption\"><a href=\"https:\/\/www.doctissimo.fr\/famille\/travail\/sante-et-travail\/43-des-francais-vont-travailler-malades-et-les-virus-sinvitent-en-salle-de-reunion-603072.htm\" data-type=\"link\" data-id=\"https:\/\/www.doctissimo.fr\/famille\/travail\/sante-et-travail\/43-des-francais-vont-travailler-malades-et-les-virus-sinvitent-en-salle-de-reunion-603072.htm\" target=\"_blank\" rel=\"noreferrer noopener nofollow\">Bekijk het artikel<\/a><\/figcaption><\/figure>\n<\/div>\n\n\n\n<div class=\"wp-block-column is-vertically-aligned-center is-layout-flow wp-block-column-is-layout-flow\">\n<figure class=\"wp-block-image aligncenter size-large\"><img decoding=\"async\" width=\"1024\" height=\"1024\" src=\"https:\/\/obera.fr\/wp-content\/uploads\/2026\/02\/bfm_tv_logo-1024x1024.png\" alt=\"bfm tv logo\" class=\"wp-image-143879\" srcset=\"https:\/\/obera.fr\/wp-content\/uploads\/2026\/02\/bfm_tv_logo-1024x1024.png 1024w, https:\/\/obera.fr\/wp-content\/uploads\/2026\/02\/bfm_tv_logo-300x300.png 300w, https:\/\/obera.fr\/wp-content\/uploads\/2026\/02\/bfm_tv_logo-150x150.png 150w, https:\/\/obera.fr\/wp-content\/uploads\/2026\/02\/bfm_tv_logo-768x768.png 768w, https:\/\/obera.fr\/wp-content\/uploads\/2026\/02\/bfm_tv_logo.png 1200w\" sizes=\"(max-width: 1024px) 100vw, 1024px\" \/><figcaption class=\"wp-element-caption\"><a href=\"https:\/\/www.bfmtv.com\/sante\/video-selon-une-etude-43-des-francais-vont-travailler-en-etant-malades_VN-202601270111.html\" target=\"_blank\" rel=\"noreferrer noopener nofollow\">Bekijk het artikel<\/a><\/figcaption><\/figure>\n<\/div>\n\n\n\n<div class=\"wp-block-column is-vertically-aligned-center is-layout-flow wp-block-column-is-layout-flow\">\n<figure class=\"wp-block-image aligncenter size-full\"><img decoding=\"async\" width=\"640\" height=\"360\" src=\"https:\/\/obera.fr\/wp-content\/uploads\/2026\/02\/laprovence-logo-media.jpg\" alt=\"laprovence logo media\" class=\"wp-image-143880\" srcset=\"https:\/\/obera.fr\/wp-content\/uploads\/2026\/02\/laprovence-logo-media.jpg 640w, https:\/\/obera.fr\/wp-content\/uploads\/2026\/02\/laprovence-logo-media-300x169.jpg 300w\" sizes=\"(max-width: 640px) 100vw, 640px\" \/><figcaption class=\"wp-element-caption\"><a href=\"https:\/\/www.laprovence.com\/article\/societe\/40354383352299\/peur-detre-mal-vu-a-leuro-pres-sans-teletravail-43-des-francais-vont-travailler-en-etant-malades\" data-type=\"link\" data-id=\"https:\/\/www.laprovence.com\/article\/societe\/40354383352299\/peur-detre-mal-vu-a-leuro-pres-sans-teletravail-43-des-francais-vont-travailler-en-etant-malades\" target=\"_blank\" rel=\"noreferrer noopener nofollow\">Bekijk het artikel<\/a><\/figcaption><\/figure>\n<\/div>\n\n\n\n<div class=\"wp-block-column is-vertically-aligned-center is-layout-flow wp-block-column-is-layout-flow\">\n<figure class=\"wp-block-image aligncenter size-full\"><img decoding=\"async\" width=\"512\" height=\"512\" src=\"https:\/\/obera.fr\/wp-content\/uploads\/2026\/02\/corsematin-logo.png\" alt=\"corsematin logo\" class=\"wp-image-143881\" srcset=\"https:\/\/obera.fr\/wp-content\/uploads\/2026\/02\/corsematin-logo.png 512w, https:\/\/obera.fr\/wp-content\/uploads\/2026\/02\/corsematin-logo-300x300.png 300w, https:\/\/obera.fr\/wp-content\/uploads\/2026\/02\/corsematin-logo-150x150.png 150w\" sizes=\"(max-width: 512px) 100vw, 512px\" \/><\/figure>\n<\/div>\n\n\n\n<div class=\"wp-block-column is-vertically-aligned-center is-layout-flow wp-block-column-is-layout-flow\">\n<figure class=\"wp-block-image aligncenter size-full\"><img decoding=\"async\" width=\"500\" height=\"500\" src=\"https:\/\/obera.fr\/wp-content\/uploads\/2026\/02\/demotivteur-logo.jpg\" alt=\"demotivteur logo\" class=\"wp-image-143882\" srcset=\"https:\/\/obera.fr\/wp-content\/uploads\/2026\/02\/demotivteur-logo.jpg 500w, https:\/\/obera.fr\/wp-content\/uploads\/2026\/02\/demotivteur-logo-300x300.jpg 300w, https:\/\/obera.fr\/wp-content\/uploads\/2026\/02\/demotivteur-logo-150x150.jpg 150w\" sizes=\"(max-width: 500px) 100vw, 500px\" \/><figcaption class=\"wp-element-caption\"><a href=\"https:\/\/www.demotivateur.fr\/lifestyle\/43-des-francais-vont-travailler-en-etant-malades-selon-une-enquete-47039\" data-type=\"link\" data-id=\"https:\/\/www.demotivateur.fr\/lifestyle\/43-des-francais-vont-travailler-en-etant-malades-selon-une-enquete-47039\" target=\"_blank\" rel=\"noreferrer noopener nofollow\">Bekijk het artikel<\/a><\/figcaption><\/figure>\n<\/div>\n<\/div>\n\n<div class=\"wp-block-columns are-vertically-aligned-center is-layout-flex wp-container-core-columns-is-layout-28f84493 wp-block-columns-is-layout-flex\">\n<div class=\"wp-block-column is-vertically-aligned-center is-layout-flow wp-block-column-is-layout-flow\">\n<figure class=\"wp-block-image aligncenter size-full\"><img decoding=\"async\" width=\"1024\" height=\"443\" src=\"https:\/\/obera.fr\/wp-content\/uploads\/2026\/02\/logo-msn.png\" alt=\"msn logo\" class=\"wp-image-143883\" srcset=\"https:\/\/obera.fr\/wp-content\/uploads\/2026\/02\/logo-msn.png 1024w, https:\/\/obera.fr\/wp-content\/uploads\/2026\/02\/logo-msn-300x130.png 300w, https:\/\/obera.fr\/wp-content\/uploads\/2026\/02\/logo-msn-768x332.png 768w\" sizes=\"(max-width: 1024px) 100vw, 1024px\" \/><figcaption class=\"wp-element-caption\"><a href=\"https:\/\/www.msn.com\/fr-ch\/actualite\/other\/pr%C3%A8s-d-un-salari%C3%A9-sur-deux-va-travailler-malgr%C3%A9-des-signes-de-maladie\/ar-AA1V3q6q\" data-type=\"link\" data-id=\"https:\/\/www.doctissimo.fr\/famille\/travail\/sante-et-travail\/43-des-francais-vont-travailler-malades-et-les-virus-sinvitent-en-salle-de-reunion-603072.htm\" target=\"_blank\" rel=\"noreferrer noopener nofollow\">Bekijk het artikel<\/a><\/figcaption><\/figure>\n<\/div>\n\n\n\n<div class=\"wp-block-column is-vertically-aligned-center is-layout-flow wp-block-column-is-layout-flow\">\n<figure class=\"wp-block-image aligncenter size-large\"><img decoding=\"async\" width=\"1024\" height=\"349\" src=\"https:\/\/obera.fr\/wp-content\/uploads\/2026\/02\/logo-orange-1024x349.jpg\" alt=\"orange logo\" class=\"wp-image-143884\" srcset=\"https:\/\/obera.fr\/wp-content\/uploads\/2026\/02\/logo-orange-1024x349.jpg 1024w, https:\/\/obera.fr\/wp-content\/uploads\/2026\/02\/logo-orange-300x102.jpg 300w, https:\/\/obera.fr\/wp-content\/uploads\/2026\/02\/logo-orange-768x262.jpg 768w, https:\/\/obera.fr\/wp-content\/uploads\/2026\/02\/logo-orange-1536x523.jpg 1536w, https:\/\/obera.fr\/wp-content\/uploads\/2026\/02\/logo-orange.jpg 1659w\" sizes=\"(max-width: 1024px) 100vw, 1024px\" \/><figcaption class=\"wp-element-caption\"><a href=\"https:\/\/actu.orange.fr\/videos\/france\/selon-une-etude-43-des-francais-vont-travailler-en-etant-malades-CNT000002mZ3oz.html\" target=\"_blank\" rel=\"noreferrer noopener nofollow\">Bekijk het artikel<\/a><\/figcaption><\/figure>\n<\/div>\n\n\n\n<div class=\"wp-block-column is-vertically-aligned-center is-layout-flow wp-block-column-is-layout-flow\">\n<figure class=\"wp-block-image aligncenter size-full\"><img decoding=\"async\" width=\"259\" height=\"195\" src=\"https:\/\/obera.fr\/wp-content\/uploads\/2026\/02\/logo-maxiflash.png\" alt=\"maxiflash logo\" class=\"wp-image-143885\"\/><figcaption class=\"wp-element-caption\"><a href=\"https:\/\/haguenau.maxi-flash.com\/etude-les-francais-travaillent-meme-malades\/\" data-type=\"link\" data-id=\"https:\/\/www.laprovence.com\/article\/societe\/40354383352299\/peur-detre-mal-vu-a-leuro-pres-sans-teletravail-43-des-francais-vont-travailler-en-etant-malades\" target=\"_blank\" rel=\"noreferrer noopener nofollow\">Bekijk het artikel<\/a><\/figcaption><\/figure>\n<\/div>\n\n\n\n<div class=\"wp-block-column is-vertically-aligned-center is-layout-flow wp-block-column-is-layout-flow\">\n<figure class=\"wp-block-image aligncenter size-full\"><img decoding=\"async\" width=\"368\" height=\"108\" src=\"https:\/\/obera.fr\/wp-content\/uploads\/2026\/02\/logo_echo_mardi.png\" alt=\"echo mardi logo\" class=\"wp-image-143886\" srcset=\"https:\/\/obera.fr\/wp-content\/uploads\/2026\/02\/logo_echo_mardi.png 368w, https:\/\/obera.fr\/wp-content\/uploads\/2026\/02\/logo_echo_mardi-300x88.png 300w\" sizes=\"(max-width: 368px) 100vw, 368px\" \/><figcaption class=\"wp-element-caption\"><a href=\"https:\/\/www.echodumardi.com\/actualite\/43-des-francais-declarent-aller-travailler-meme-en-etant-malades\/amp\/\" data-type=\"link\" data-id=\"https:\/\/www.echodumardi.com\/actualite\/43-des-francais-declarent-aller-travailler-meme-en-etant-malades\/amp\/\" target=\"_blank\" rel=\"noreferrer noopener nofollow\">Bekijk het artikel<\/a><\/figcaption><\/figure>\n<\/div>\n\n\n\n<div class=\"wp-block-column is-vertically-aligned-center is-layout-flow wp-block-column-is-layout-flow\">\n<p class=\"has-text-align-center\">En nog veel meer&#8230;<\/p>\n<\/div>\n<\/div>\n","protected":false},"excerpt":{"rendered":"<p>OberA onthult de resultaten van een nieuw onderzoek* onder 4.102 personen dat een aanhoudende kloof aan het licht brengt tussen thermisch comfort en luchtkwaliteit op het werk: sterk uiteenlopende ideale temperaturen, zeldzame winterventilatie, afwezigheid van luchtreinigers, nauwelijks gecontroleerde luchtvochtigheid en aarzeling over de juiste maatregelen tegen virussen. Het onderzoek benadrukt ook een sterke verwachting ten aanzien van werkgevers: een grote meerderheid vraagt om concrete acties voor gezondere binnenlucht in bedrijven en openbare ruimten. Werkplekken met slecht gereguleerde temperatuur? Te koud of te warm hebben op uw werkplek kan een echt probleem worden. Maar over dit onderwerp heeft niet iedereen dezelfde &#8230; <\/p>\n<p class=\"read-more-container\"><a title=\"Ademen Fransen gezond op hun werkplek in de winter?\" class=\"read-more button\" href=\"https:\/\/obera.fr\/nl\/pers\/ademen-fransen-gezond-op-hun-werkplek-in-de-winter\/#more-145817\" aria-label=\"Lees meer over Ademen Fransen gezond op hun werkplek in de winter?\">Lire la suite<\/a><\/p>\n","protected":false},"author":13,"featured_media":0,"comment_status":"open","ping_status":"closed","sticky":false,"template":"","format":"standard","meta":{"_acf_changed":false,"_seopress_robots_primary_cat":"none","_seopress_titles_title":"Onderzoek naar luchtkwaliteit op het werk in de winter - OberA","_seopress_titles_desc":"OberA onthult de resultaten van een nieuw onderzoek onder 4.102 personen dat een kloof aan het licht brengt tussen thermisch comfort en luchtkwaliteit op het werk","_seopress_robots_index":"","footnotes":""},"categories":[1005],"tags":[121],"class_list":["post-145817","post","type-post","status-publish","format-standard","hentry","category-pers","tag-entete-klein-nl","generate-columns","tablet-grid-50","mobile-grid-100","grid-parent","grid-50","no-featured-image-padding"],"acf":[],"_links":{"self":[{"href":"https:\/\/obera.fr\/nl\/wp-json\/wp\/v2\/posts\/145817","targetHints":{"allow":["GET"]}}],"collection":[{"href":"https:\/\/obera.fr\/nl\/wp-json\/wp\/v2\/posts"}],"about":[{"href":"https:\/\/obera.fr\/nl\/wp-json\/wp\/v2\/types\/post"}],"author":[{"embeddable":true,"href":"https:\/\/obera.fr\/nl\/wp-json\/wp\/v2\/users\/13"}],"replies":[{"embeddable":true,"href":"https:\/\/obera.fr\/nl\/wp-json\/wp\/v2\/comments?post=145817"}],"version-history":[{"count":1,"href":"https:\/\/obera.fr\/nl\/wp-json\/wp\/v2\/posts\/145817\/revisions"}],"predecessor-version":[{"id":145826,"href":"https:\/\/obera.fr\/nl\/wp-json\/wp\/v2\/posts\/145817\/revisions\/145826"}],"wp:attachment":[{"href":"https:\/\/obera.fr\/nl\/wp-json\/wp\/v2\/media?parent=145817"}],"wp:term":[{"taxonomy":"category","embeddable":true,"href":"https:\/\/obera.fr\/nl\/wp-json\/wp\/v2\/categories?post=145817"},{"taxonomy":"post_tag","embeddable":true,"href":"https:\/\/obera.fr\/nl\/wp-json\/wp\/v2\/tags?post=145817"}],"curies":[{"name":"wp","href":"https:\/\/api.w.org\/{rel}","templated":true}]}}