{"id":118474,"date":"2025-06-30T15:30:10","date_gmt":"2025-06-30T13:30:10","guid":{"rendered":"https:\/\/obera.fr\/nasza-rada\/rafraichisseur-garage\/"},"modified":"2026-02-04T16:14:59","modified_gmt":"2026-02-04T14:14:59","slug":"rafraichisseur-garage","status":"publish","type":"post","link":"https:\/\/obera.fr\/pl\/samochody-osobowe-i-ciezarowe\/rafraichisseur-garage\/","title":{"rendered":"Sch\u0142adzacze powietrza do gara\u017cu i warsztatu"},"content":{"rendered":"\n<div class=\"wp-block-columns is-layout-flex wp-container-core-columns-is-layout-28f84493 wp-block-columns-is-layout-flex\">\n<div class=\"wp-block-column is-layout-flow wp-block-column-is-layout-flow\" style=\"flex-basis:66.66%\">\n<p>Ka\u017cdego lata warsztaty samochodowe i mechaniczne zamieniaj\u0105 si\u0119 w prawdziwe piekarniki. Mi\u0119dzy ciep\u0142em zewn\u0119trznym a ciep\u0142em emitowanym przez silniki i maszyny, temperatura mo\u017ce szybko sta\u0107 si\u0119 trudna do zniesienia dla mechanik\u00f3w. <\/p>\n\n\n\n<p>Praca w przegrzanej atmosferze to nie tylko kwestia dyskomfortu: <strong>powy\u017cej 26\u00b0C produktywno\u015b\u0107 spada, a przy oko\u0142o 30\u00b0C mo\u017ce spa\u015b\u0107 o po\u0142ow\u0119<\/strong>. To tak\u017ce kwestia bezpiecze\u0144stwa i zdrowia: udary cieplne, spadek czujno\u015bci, z\u0142e samopoczucie\u2026 <\/p>\n\n\n\n<p><strong>INRS<\/strong> (Narodowy Instytut Badawczy ds. Bezpiecze\u0144stwa) zaleca podj\u0119cie dzia\u0142a\u0144, gdy <strong>temperatura w warsztatach osi\u0105gnie 28\u00b0C<\/strong>, aby chroni\u0107 pracownik\u00f3w.<\/p>\n\n\n\n<p>W obliczu mno\u017c\u0105cych si\u0119 fal upa\u0142\u00f3w, ch\u0142odzenie warsztatu samochodowego nie jest ju\u017c luksusem, ale konieczno\u015bci\u0105 dla komfortu i wydajno\u015bci Pa\u0144stwa zespo\u0142\u00f3w.<\/p>\n<\/div>\n\n\n\n<div class=\"wp-block-column is-layout-flow wp-block-column-is-layout-flow\" style=\"flex-basis:33.33%\">\n<figure class=\"wp-block-image aligncenter size-full is-resized\"><img decoding=\"async\" width=\"612\" height=\"612\" src=\"https:\/\/obera.fr\/wp-content\/uploads\/2025\/06\/istockphoto-629496278-612x612-1.jpg\" alt=\"Gara&#x17C; samochodowy\" class=\"wp-image-118791\" style=\"width:326px;height:auto\" srcset=\"https:\/\/obera.fr\/wp-content\/uploads\/2025\/06\/istockphoto-629496278-612x612-1.jpg 612w, https:\/\/obera.fr\/wp-content\/uploads\/2025\/06\/istockphoto-629496278-612x612-1-300x300.jpg 300w, https:\/\/obera.fr\/wp-content\/uploads\/2025\/06\/istockphoto-629496278-612x612-1-150x150.jpg 150w\" sizes=\"(max-width: 612px) 100vw, 612px\" \/><\/figure>\n<\/div>\n<\/div>\n\n<h2 class=\"wp-block-heading\">Klasyczne rozwi\u0105zania niedostosowane do warsztat\u00f3w samochodowych<\/h2>\n\n<p>Oczywi\u015bcie, na pocz\u0105tku my\u015bli si\u0119 o wentylatorze lub klimatyzacji, aby sch\u0142odzi\u0107 warsztat. Wentylator zapewnia przep\u0142yw powietrza, ale cz\u0119sto miesza ciep\u0142e powietrze, nie obni\u017caj\u0105c realnie temperatury. <\/p>\n\n<p>Je\u015bli chodzi o tradycyjn\u0105 klimatyzacj\u0119, szybko pokazuje ona swoje ograniczenia w gara\u017cu: kosztowna i skomplikowana instalacja, konieczno\u015b\u0107 utrzymywania zamkni\u0119tych drzwi (ma\u0142o realistyczne w warsztacie, gdzie si\u0119 poruszamy i gdzie bramy s\u0105 cz\u0119sto otwarte), nie wspominaj\u0105c o wysokim zu\u017cyciu energii elektrycznej.<\/p>\n\n<p>Wiele gara\u017cy po prostu nie jest wyposa\u017conych w klimatyzacj\u0119, z wyj\u0105tkiem bardzo specyficznych przypadk\u00f3w, poniewa\u017c <strong>ch\u0142odzenie du\u017cej otwartej przestrzeni za pomoc\u0105 klimatyzacji by\u0142oby energoch\u0142onne i kosztowne<\/strong>.<\/p>\n\n<p>Potrzebna jest zatem alternatywa bardziej dostosowana do rozleg\u0142ych otwartych warsztat\u00f3w, zar\u00f3wno ekonomiczna, skuteczna, jak i prosta w instalacji.<\/p>\n\n<blockquote class=\"wp-block-quote is-layout-flow wp-block-quote-is-layout-flow\">\n<p>Odkryj: <a href=\"https:\/\/obera.fr\/pl\/nasza-rada\/differences-entre-rafraichisseur-climatiseur\/\" data-type=\"link\" data-id=\"https:\/\/obera.fr\/conseils\/differences-entre-rafraichisseur-climatiseur\/\">R\u00f3\u017cnice mi\u0119dzy sch\u0142adzaczem a klimatyzatorem<\/a><\/p>\n<\/blockquote>\n\n<h2 class=\"wp-block-heading\">Wypr\u00f3bowane i przetestowane rozwi\u0105zanie: przemys\u0142owe ch\u0142odnice powietrza OberA<\/h2>\n\n<p>OberA zapewnia wysokowydajne, trwa\u0142e i \u0142atwe w monta\u017cu rozwi\u0105zanie ch\u0142odz\u0105ce. Nasza gama ch\u0142odnic IC doskonale nadaje si\u0119 <strong>do \u015brodowisk motoryzacyjnych<\/strong>, takich jak gara\u017ce i warsztaty konserwacyjne, naprawcze i produkcyjne. <\/p>\n\n<p><br\/>Odpowiednie do powierzchni od 80 do 400 m\u00b2, nasze uk\u0142ady scalone oferuj\u0105 Twojemu sektorowi :<br\/><\/p>\n\n<ul class=\"wp-block-list\">\n<li>Innowacja technologiczna oparta na historycznej i naturalnej zasadzie: parowanie wody<\/li>\n\n\n\n<li>15 razy ni\u017csze koszty eksploatacji ni\u017c w przypadku klimatyzacji<\/li>\n\n\n\n<li>Kompletny asortyment spe\u0142niaj\u0105cy wszystkie potrzeby i ograniczenia<\/li>\n\n\n\n<li>Bardzo niski \u015blad w\u0119glowy (brak czynnika ch\u0142odniczego), kt\u00f3ry nie uwalnia ciep\u0142ego powietrza (brak efektu &#8222;wyspy ciep\u0142a&#8221;)<\/li>\n\n\n\n<li>Gama wysokiej jako\u015bci produkt\u00f3w wyprodukowanych we Francji<\/li>\n\n\n\n<li>Praktyczne, elastyczne i mobilne rozwi\u0105zanie typu &#8222;plug and play&#8221;<\/li>\n\n\n\n<li>Szybka i ekonomiczna konserwacja<\/li>\n\n\n\n<li>5 lat gwarancji<br\/><\/li>\n<\/ul>\n\n<p>Dzi\u0119ki opatentowanej innowacji &#8222;Pureflow&#8221;, OberA <strong>\u0142\u0105czy ch\u0142odzenie i oczyszczanie<\/strong>, gwarantuj\u0105c najwy\u017csz\u0105 jako\u015b\u0107 powietrza w gara\u017cach i warsztatach samochodowych.<\/p>\n\n<div class=\"wp-block-columns is-layout-flex wp-container-core-columns-is-layout-28f84493 wp-block-columns-is-layout-flex\">\n<div class=\"wp-block-column is-layout-flow wp-block-column-is-layout-flow\">\n<h3 class=\"wp-block-heading has-text-align-center\">IC 12<\/h3>\n\n\n\n<figure class=\"wp-block-image aligncenter size-full is-resized\"><a href=\"https:\/\/obera.fr\/pl\/produits\/rafraichisseurs-air\/rafraichisseurs-par-evaporation-ic\/\"><img decoding=\"async\" width=\"1200\" height=\"1200\" src=\"https:\/\/obera.fr\/wp-content\/uploads\/2025\/04\/img-ic-12.png\" alt=\"img ic 12\" class=\"wp-image-87231\" style=\"object-fit:cover;width:300px;height:300px\" srcset=\"https:\/\/obera.fr\/wp-content\/uploads\/2025\/04\/img-ic-12.png 1200w, https:\/\/obera.fr\/wp-content\/uploads\/2025\/04\/img-ic-12-300x300.png 300w, https:\/\/obera.fr\/wp-content\/uploads\/2025\/04\/img-ic-12-1024x1024.png 1024w, https:\/\/obera.fr\/wp-content\/uploads\/2025\/04\/img-ic-12-150x150.png 150w, https:\/\/obera.fr\/wp-content\/uploads\/2025\/04\/img-ic-12-768x768.png 768w\" sizes=\"(max-width: 1200px) 100vw, 1200px\" \/><\/a><\/figure>\n<\/div>\n\n\n\n<div class=\"wp-block-column is-layout-flow wp-block-column-is-layout-flow\">\n<h3 class=\"wp-block-heading has-text-align-center\">IC 22<\/h3>\n\n\n\n<figure class=\"wp-block-image aligncenter size-full is-resized\"><a href=\"https:\/\/obera.fr\/pl\/produits\/rafraichisseurs-air\/rafraichisseurs-par-evaporation-ic\/\"><img decoding=\"async\" width=\"1200\" height=\"1200\" src=\"https:\/\/obera.fr\/wp-content\/uploads\/2025\/04\/img-ic-22.png\" alt=\"img ic 22\" class=\"wp-image-87254\" style=\"object-fit:cover;width:300px;height:300px\" srcset=\"https:\/\/obera.fr\/wp-content\/uploads\/2025\/04\/img-ic-22.png 1200w, https:\/\/obera.fr\/wp-content\/uploads\/2025\/04\/img-ic-22-300x300.png 300w, https:\/\/obera.fr\/wp-content\/uploads\/2025\/04\/img-ic-22-1024x1024.png 1024w, https:\/\/obera.fr\/wp-content\/uploads\/2025\/04\/img-ic-22-150x150.png 150w, https:\/\/obera.fr\/wp-content\/uploads\/2025\/04\/img-ic-22-768x768.png 768w\" sizes=\"(max-width: 1200px) 100vw, 1200px\" \/><\/a><\/figure>\n<\/div>\n\n\n\n<div class=\"wp-block-column is-layout-flow wp-block-column-is-layout-flow\">\n<h3 class=\"wp-block-heading has-text-align-center\">IC 30<\/h3>\n\n\n\n<figure class=\"wp-block-image aligncenter size-full is-resized\"><a href=\"https:\/\/obera.fr\/pl\/produits\/rafraichisseurs-air\/rafraichisseurs-par-evaporation-ic\/\"><img decoding=\"async\" width=\"1200\" height=\"1200\" src=\"https:\/\/obera.fr\/wp-content\/uploads\/2025\/04\/img-ic-30.png\" alt=\"img ic 30\" class=\"wp-image-87278\" style=\"object-fit:cover;width:300px;height:300px\" srcset=\"https:\/\/obera.fr\/wp-content\/uploads\/2025\/04\/img-ic-30.png 1200w, https:\/\/obera.fr\/wp-content\/uploads\/2025\/04\/img-ic-30-300x300.png 300w, https:\/\/obera.fr\/wp-content\/uploads\/2025\/04\/img-ic-30-1024x1024.png 1024w, https:\/\/obera.fr\/wp-content\/uploads\/2025\/04\/img-ic-30-150x150.png 150w, https:\/\/obera.fr\/wp-content\/uploads\/2025\/04\/img-ic-30-768x768.png 768w\" sizes=\"(max-width: 1200px) 100vw, 1200px\" \/><\/a><\/figure>\n<\/div>\n<\/div>\n\n<div class=\"wp-block-buttons is-content-justification-center is-layout-flex wp-container-core-buttons-is-layout-a89b3969 wp-block-buttons-is-layout-flex\">\n<div class=\"wp-block-button\"><a class=\"wp-block-button__link has-text-align-center wp-element-button\" href=\"https:\/\/obera.fr\/pl\/produits\/rafraichisseurs-air\/\"><strong>Odkryj nasze ch\u0142odziarki<\/strong><\/a><\/div>\n<\/div>\n\n<div style=\"height:81px\" aria-hidden=\"true\" class=\"wp-block-spacer\"><\/div>\n\n<h2 class=\"wp-block-heading\">Zasada dzia\u0142ania sch\u0142adzacza powietrza wyparnego<\/h2>\n\n<p>Zasada dzia\u0142ania jest <strong>tak stara jak naturalna<\/strong>: opiera si\u0119 na parowaniu wody.<\/p>\n\n<p>Konkretnie, urz\u0105dzenie zasysa ciep\u0142e powietrze z otoczenia i przepuszcza je przez wilgotne medium (nas\u0105czon\u0105 wod\u0105 podk\u0142adk\u0119). Paruj\u0105c, woda poch\u0142ania ciep\u0142o z powietrza, co powoduje spadek temperatury przed wydmuchaniem ch\u0142odnego powietrza do pomieszczenia. <\/p>\n\n<p><strong>Ten proces <a href=\"https:\/\/obera.fr\/pl\/nasza-rada\/transformation-adiabatique-reversible\/\" data-type=\"link\" data-id=\"https:\/\/obera.fr\/conseils\/transformation-adiabatique-reversible\/\">ch\u0142odzenia adiabatycznego<\/a> mo\u017ce obni\u017cy\u0107 odczuwaln\u0105 temperatur\u0119 o kilka stopni<\/strong>, bez \u017cadnego czynnika ch\u0142odniczego ani spr\u0119\u017carki. Efekt jest por\u00f3wnywalny do ch\u0142odu odczuwanego w pobli\u017cu wodospadu lub gdy wieszamy mokre pranie przed otwartym oknem. <\/p>\n\n<p>Im cieplejsze i bardziej suche jest powietrze, tym skuteczniejsze jest ch\u0142odzenie wyparne. I w przeciwie\u0144stwie do klimatyzacji, mo\u017cna wietrzy\u0107 i pozostawi\u0107 otwarte drzwi: to urz\u0105dzenie <strong>dzia\u0142a idealnie w du\u017cych pomieszczeniach i przestrzeniach wentylowanych<\/strong>, co czyni go rozwi\u0105zaniem szczeg\u00f3lnie odpowiednim dla gara\u017cy i warsztat\u00f3w. <\/p>\n\n<h2 class=\"wp-block-heading\">Referencje z gara\u017cu Volkswagen Fabris w Irmstett (67)<\/h2>\n\n<div class=\"wp-block-columns is-layout-flex wp-container-core-columns-is-layout-28f84493 wp-block-columns-is-layout-flex\">\n<div class=\"wp-block-column is-layout-flow wp-block-column-is-layout-flow\" style=\"flex-basis:80%\">\n<p>Zlokalizowany w regionie Bas-Rhin we Francji <strong>warsztat Volkswagen Fabris<\/strong>, jak co roku, stan\u0105\u0142 w obliczu znacznego wzrostu temperatury w swoim warsztacie.<br\/>Aby poprawi\u0107 komfort pracy mechanik\u00f3w, zaproponowali\u015bmy kilkudniowy test naszego modelu IC 12, aby udowodni\u0107<strong>skuteczno\u015b\u0107 naszego rozwi\u0105zania<\/strong> ch\u0142odz\u0105cego Made In France.<\/p>\n\n\n\n<h3 class=\"wp-block-heading\">Natychmiastowe wyniki<\/h3>\n\n\n\n<blockquote class=\"wp-block-quote is-layout-flow wp-block-quote-is-layout-flow\">\n<p>&#8222;To proste, moi mechanicy nie wierzyli, ale po kilku minutach u\u017cytkowania zauwa\u017cyli\u015bmy znaczny spadek temperatury. Zyskali\u015bmy na <strong>komforcie<\/strong>, ale tak\u017ce na wydajno\u015bci. Atmosfera w warsztacie jest bardziej zrelaksowana i sprzyja pracy w znacznie lepszych warunkach.  <br\/><br\/>Pan Fabris, w\u0142a\u015bciciel warsztatu samochodowego FABRIS.<\/p>\n<\/blockquote>\n<\/div>\n\n\n\n<div class=\"wp-block-column is-layout-flow wp-block-column-is-layout-flow\" style=\"flex-basis:50%\"><style>.kb-gallery-id-118196_6fa53f-8e .kadence-blocks-gallery-item .kb-gal-image-radius, .kb-gallery-id-118196_6fa53f-8e .kb-slide-item .kb-gal-image-radius img{border-radius:0px 0px 0px 0px;;}.kb-gallery-wrap-id-118196_6fa53f-8e.wp-block-kadence-advancedgallery{overflow:visible;}.kb-gallery-wrap-id-118196_6fa53f-8e.wp-block-kadence-advancedgallery .kt-blocks-carousel{overflow:visible;}<\/style><div class=\"kb-gallery-wrap-id-118196_6fa53f-8e alignnone wp-block-kadence-advancedgallery\"><div class=\"kb-gallery-ul kb-gallery-non-static kb-gallery-type-slider kb-gallery-id-118196_6fa53f-8e kb-gallery-caption-style-bottom-hover kb-gallery-filter-none\" data-image-filter=\"none\" data-lightbox-caption=\"true\"><div class=\"kt-blocks-carousel splide kt-carousel-container-dotstyle-dark kt-carousel-arrowstyle-whiteondark kt-carousel-dotstyle-dark kb-slider-group-arrow kb-slider-arrow-position-center\" data-slider-anim-speed=\"400\" data-slider-scroll=\"1\" data-slider-arrows=\"true\" data-slider-fade=\"true\" data-slider-dots=\"true\" data-slider-type=\"slider\" data-slider-hover-pause=\"false\" data-slider-auto=\"\" data-slider-speed=\"7000\" data-show-pause-button=\"false\"><div class=\"splide__track\"><ul class=\"kt-blocks-carousel-init kb-blocks-slider splide__list\"><li class=\"kb-slide-item kb-gallery-slide-item splide__slide\"><div class=\"kadence-blocks-gallery-item\"><div class=\"kadence-blocks-gallery-item-inner\"><figure class=\"kb-gallery-figure kadence-blocks-gallery-item-hide-caption\"><div class=\"kb-gal-image-radius\"><div class=\"kb-gallery-image-contain kadence-blocks-gallery-intrinsic kb-gallery-image-ratio-land32 kb-has-image-ratio-land32\" ><img decoding=\"async\" src=\"https:\/\/obera.fr\/wp-content\/uploads\/2025\/06\/raf-ic-12-secteur-automobile.3-1024x1024.png\" width=\"1024\" height=\"1024\" alt=\"raf ic 12 secteur automobile\" data-full-image=\"https:\/\/obera.fr\/wp-content\/uploads\/2025\/06\/raf-ic-12-secteur-automobile.3.png\" data-light-image=\"https:\/\/obera.fr\/wp-content\/uploads\/2025\/06\/raf-ic-12-secteur-automobile.3.png\" data-id=\"118287\" class=\"wp-image-118287 skip-lazy\" srcset=\"https:\/\/obera.fr\/wp-content\/uploads\/2025\/06\/raf-ic-12-secteur-automobile.3-1024x1024.png 1024w, https:\/\/obera.fr\/wp-content\/uploads\/2025\/06\/raf-ic-12-secteur-automobile.3-300x300.png 300w, https:\/\/obera.fr\/wp-content\/uploads\/2025\/06\/raf-ic-12-secteur-automobile.3-150x150.png 150w, https:\/\/obera.fr\/wp-content\/uploads\/2025\/06\/raf-ic-12-secteur-automobile.3-768x768.png 768w, https:\/\/obera.fr\/wp-content\/uploads\/2025\/06\/raf-ic-12-secteur-automobile.3.png 1200w\" sizes=\"(max-width: 1024px) 100vw, 1024px\" \/><\/div><\/div><\/figure><\/div><\/div><\/li><li class=\"kb-slide-item kb-gallery-slide-item splide__slide\"><div class=\"kadence-blocks-gallery-item\"><div class=\"kadence-blocks-gallery-item-inner\"><figure class=\"kb-gallery-figure kadence-blocks-gallery-item-hide-caption\"><div class=\"kb-gal-image-radius\"><div class=\"kb-gallery-image-contain kadence-blocks-gallery-intrinsic kb-gallery-image-ratio-land32 kb-has-image-ratio-land32\" ><img decoding=\"async\" src=\"https:\/\/obera.fr\/wp-content\/uploads\/2025\/06\/raf-ic-12-secteur-automobile.2-1024x1024.png\" width=\"1024\" height=\"1024\" alt=\"raf ic 12 secteur\" data-full-image=\"https:\/\/obera.fr\/wp-content\/uploads\/2025\/06\/raf-ic-12-secteur-automobile.2.png\" data-light-image=\"https:\/\/obera.fr\/wp-content\/uploads\/2025\/06\/raf-ic-12-secteur-automobile.2.png\" data-id=\"118313\" class=\"wp-image-118313 skip-lazy\" srcset=\"https:\/\/obera.fr\/wp-content\/uploads\/2025\/06\/raf-ic-12-secteur-automobile.2-1024x1024.png 1024w, https:\/\/obera.fr\/wp-content\/uploads\/2025\/06\/raf-ic-12-secteur-automobile.2-300x300.png 300w, https:\/\/obera.fr\/wp-content\/uploads\/2025\/06\/raf-ic-12-secteur-automobile.2-150x150.png 150w, https:\/\/obera.fr\/wp-content\/uploads\/2025\/06\/raf-ic-12-secteur-automobile.2-768x768.png 768w, https:\/\/obera.fr\/wp-content\/uploads\/2025\/06\/raf-ic-12-secteur-automobile.2.png 1200w\" sizes=\"(max-width: 1024px) 100vw, 1024px\" \/><\/div><\/div><\/figure><\/div><\/div><\/li><li class=\"kb-slide-item kb-gallery-slide-item splide__slide\"><div class=\"kadence-blocks-gallery-item\"><div class=\"kadence-blocks-gallery-item-inner\"><figure class=\"kb-gallery-figure kadence-blocks-gallery-item-hide-caption\"><div class=\"kb-gal-image-radius\"><div class=\"kb-gallery-image-contain kadence-blocks-gallery-intrinsic kb-gallery-image-ratio-land32 kb-has-image-ratio-land32\" ><img decoding=\"async\" src=\"https:\/\/obera.fr\/wp-content\/uploads\/2025\/06\/raf-ic-12-secteur-automobile-1024x1024.png\" width=\"1024\" height=\"1024\" alt=\"raf ic 12 secteur garage\" data-full-image=\"https:\/\/obera.fr\/wp-content\/uploads\/2025\/06\/raf-ic-12-secteur-automobile.png\" data-light-image=\"https:\/\/obera.fr\/wp-content\/uploads\/2025\/06\/raf-ic-12-secteur-automobile.png\" data-id=\"118337\" class=\"wp-image-118337 skip-lazy\" srcset=\"https:\/\/obera.fr\/wp-content\/uploads\/2025\/06\/raf-ic-12-secteur-automobile-1024x1024.png 1024w, https:\/\/obera.fr\/wp-content\/uploads\/2025\/06\/raf-ic-12-secteur-automobile-300x300.png 300w, https:\/\/obera.fr\/wp-content\/uploads\/2025\/06\/raf-ic-12-secteur-automobile-150x150.png 150w, https:\/\/obera.fr\/wp-content\/uploads\/2025\/06\/raf-ic-12-secteur-automobile-768x768.png 768w, https:\/\/obera.fr\/wp-content\/uploads\/2025\/06\/raf-ic-12-secteur-automobile.png 1200w\" sizes=\"(max-width: 1024px) 100vw, 1024px\" \/><\/div><\/div><\/figure><\/div><\/div><\/li><li class=\"kb-slide-item kb-gallery-slide-item splide__slide\"><div class=\"kadence-blocks-gallery-item\"><div class=\"kadence-blocks-gallery-item-inner\"><figure class=\"kb-gallery-figure kadence-blocks-gallery-item-hide-caption\"><div class=\"kb-gal-image-radius\"><div class=\"kb-gallery-image-contain kadence-blocks-gallery-intrinsic kb-gallery-image-ratio-land32 kb-has-image-ratio-land32\" ><img decoding=\"async\" src=\"https:\/\/obera.fr\/wp-content\/uploads\/2025\/06\/raf-ic-12-secteur-automobile.4-1024x1024.png\" width=\"1024\" height=\"1024\" alt=\"raf ic 12\" data-full-image=\"https:\/\/obera.fr\/wp-content\/uploads\/2025\/06\/raf-ic-12-secteur-automobile.4.png\" data-light-image=\"https:\/\/obera.fr\/wp-content\/uploads\/2025\/06\/raf-ic-12-secteur-automobile.4.png\" data-id=\"118361\" class=\"wp-image-118361 skip-lazy\" srcset=\"https:\/\/obera.fr\/wp-content\/uploads\/2025\/06\/raf-ic-12-secteur-automobile.4-1024x1024.png 1024w, https:\/\/obera.fr\/wp-content\/uploads\/2025\/06\/raf-ic-12-secteur-automobile.4-300x300.png 300w, https:\/\/obera.fr\/wp-content\/uploads\/2025\/06\/raf-ic-12-secteur-automobile.4-150x150.png 150w, https:\/\/obera.fr\/wp-content\/uploads\/2025\/06\/raf-ic-12-secteur-automobile.4-768x768.png 768w, https:\/\/obera.fr\/wp-content\/uploads\/2025\/06\/raf-ic-12-secteur-automobile.4.png 1200w\" sizes=\"(max-width: 1024px) 100vw, 1024px\" \/><\/div><\/div><\/figure><\/div><\/div><\/li><li class=\"kb-slide-item kb-gallery-slide-item splide__slide\"><div class=\"kadence-blocks-gallery-item\"><div class=\"kadence-blocks-gallery-item-inner\"><figure class=\"kb-gallery-figure kadence-blocks-gallery-item-hide-caption\"><div class=\"kb-gal-image-radius\"><div class=\"kb-gallery-image-contain kadence-blocks-gallery-intrinsic kb-gallery-image-ratio-land32 kb-has-image-ratio-land32\" ><img decoding=\"async\" src=\"https:\/\/obera.fr\/wp-content\/uploads\/2025\/06\/raf-ic-12-secteur-automobile.1-1024x1024.png\" width=\"1024\" height=\"1024\" alt=\"raf ic 12 secteur auto\" data-full-image=\"https:\/\/obera.fr\/wp-content\/uploads\/2025\/06\/raf-ic-12-secteur-automobile.1.png\" data-light-image=\"https:\/\/obera.fr\/wp-content\/uploads\/2025\/06\/raf-ic-12-secteur-automobile.1.png\" data-id=\"118387\" class=\"wp-image-118387 skip-lazy\" srcset=\"https:\/\/obera.fr\/wp-content\/uploads\/2025\/06\/raf-ic-12-secteur-automobile.1-1024x1024.png 1024w, https:\/\/obera.fr\/wp-content\/uploads\/2025\/06\/raf-ic-12-secteur-automobile.1-300x300.png 300w, https:\/\/obera.fr\/wp-content\/uploads\/2025\/06\/raf-ic-12-secteur-automobile.1-150x150.png 150w, https:\/\/obera.fr\/wp-content\/uploads\/2025\/06\/raf-ic-12-secteur-automobile.1-768x768.png 768w, https:\/\/obera.fr\/wp-content\/uploads\/2025\/06\/raf-ic-12-secteur-automobile.1.png 1200w\" sizes=\"(max-width: 1024px) 100vw, 1024px\" \/><\/div><\/div><\/figure><\/div><\/div><\/li><\/ul><\/div><\/div><\/div><\/div><\/div>\n<\/div>\n\n<p><br\/>Po sukcesie naszego rozwi\u0105zania, Volkswagen Fabris Garage zdecydowa\u0142 si\u0119 na zakup <strong>2 ch\u0142odnic OberA<\/strong>, co by\u0142o du\u017cym krokiem naprz\u00f3d dla komfortu mechanik\u00f3w podczas powtarzaj\u0105cych si\u0119 upa\u0142\u00f3w.<\/p>\n\n<h2 class=\"wp-block-heading\"><strong>Sch\u0142adzacze powietrza OberA: konkretne i sprawdzone rozwi\u0105zanie<\/strong><\/h2>\n\n<p><strong>OberA oferuje NAJLEPSZE rozwi\u0105zanie w zakresie wydajnego, trwa\u0142ego i prostego w instalacji ch\u0142odzenia dla gara\u017cy i warsztat\u00f3w.<\/strong> Jako specjalista w dziedzinie uzdatniania powietrza przemys\u0142owego, opracowali\u015bmy gam\u0119 sch\u0142adzaczy wyparnych <strong>IC<\/strong>, idealnie dostosowanych do \u015brodowisk motoryzacyjnych (warsztaty konserwacyjne, warsztaty naprawcze, zak\u0142ady produkcyjne).<\/p>\n\n<p>Dost\u0119pne s\u0105 <strong>trzy modele<\/strong>, aby pokry\u0107 wszystkie powierzchnie robocze, od oko\u0142o <strong>80 m\u00b2 do 400 m\u00b2<\/strong>. Niezale\u017cnie od tego, czy maj\u0105 Pa\u0144stwo ma\u0142y warsztat, czy du\u017cy gara\u017c, istnieje model <strong>OberA IC<\/strong> dostosowany do Pa\u0144stwa potrzeb. <\/p>\n\n<p>Sch\u0142adzacze powietrza OberA maj\u0105 <strong>wiele zalet<\/strong>, kt\u00f3re pozwalaj\u0105 skutecznie ch\u0142odzi\u0107 przestrze\u0144 robocz\u0105:<\/p>\n\n<ul class=\"wp-block-list\">\n<li><strong>Naturalna i sprawdzona technologia<\/strong>: ch\u0142odzenie odbywa si\u0119 poprzez parowanie wody, ekologiczny proces odziedziczony po historycznej zasadzie naturalnej.<br\/><\/li>\n\n\n\n<li><strong>Wyj\u0105tkowo energooszcz\u0119dne<\/strong>: sch\u0142adzacz OberA zu\u017cywa do <em>15 razy mniej<\/em> energii ni\u017c klasyczna klimatyzacja (do <strong>80% mniej energii elektrycznej ni\u017c klimatyzator<\/strong>). Wymaga jedynie standardowego zasilania 220 V i umiarkowanego zu\u017cycia wody (oko\u0142o <strong>10 do 15 litr\u00f3w wody na godzin\u0119<\/strong> dla modelu po\u015bredniego). <\/li>\n\n\n\n<li><strong>Brak skomplikowanej instalacji<\/strong>: brak jednostki zewn\u0119trznej, brak kana\u0142\u00f3w lub skomplikowanych rur: urz\u0105dzenia s\u0105 <strong>mobilne i typu \u201ePlug &amp; Play\u201d<\/strong>, wystarczy je pod\u0142\u0105czy\u0107 i mo\u017cna je przemieszcza\u0107 w zale\u017cno\u015bci od potrzeb. Unikaj\u0105 Pa\u0144stwo kosztownych prac i mog\u0105 bardzo \u0142atwo kierowa\u0107 ch\u0142odzenie do wybranych obszar\u00f3w. <br\/><\/li>\n\n\n\n<li><strong>Ekologiczne<\/strong>: dzia\u0142aj\u0105 bez gazu ch\u0142odniczego, nie emituj\u0105 <strong>ciep\u0142ego powietrza na zewn\u0105trz<\/strong> (brak efektu <em>wyspy ciep\u0142a<\/em> w pobli\u017cu gara\u017cu) i nie wp\u0142ywaj\u0105 na warstw\u0119 ozonow\u0105. Ponadto parowanie lekko nawil\u017ca powietrze, co pozwala unikn\u0105\u0107 nieprzyjemnego suchego powietrza wydmuchiwanego przez klasyczne klimatyzatory. <br\/><\/li>\n\n\n\n<li><strong>Poprawa jako\u015bci powietrza<\/strong>: dzi\u0119ki opatentowanej innowacji <strong>Pureflow<\/strong>, ka\u017cdy sch\u0142adzacz OberA <strong>ch\u0142odzi<\/strong> <strong><em>i<\/em><\/strong> <strong>oczyszcza powietrze<\/strong> w Pa\u0144stwa warsztacie. Wysokowydajny system filtracji wychwytuje kurz (idealny w \u015brodowisku motoryzacyjnym, cz\u0119sto zakurzonym), a lampa UV i\/lub jonizator eliminuj\u0105 zarazki i zapachy, aby zagwarantowa\u0107 optymaln\u0105 jako\u015b\u0107 powietrza. <br\/><\/li>\n\n\n\n<li><strong>Wygoda i mobilno\u015b\u0107<\/strong>: zamontowane na k\u00f3\u0142kach, sch\u0142adzacze te mo\u017cna \u0142atwo przemieszcza\u0107, aby dopasowa\u0107 je do organizacji warsztatu lub skierowa\u0107 na konkretne stanowisko pracy. Ich kompaktowy format pozwala na przejazd przez standardowe drzwi i mo\u017cna je zainstalowa\u0107 dok\u0142adnie tam, gdzie s\u0105 potrzebne, czy to w strefie mechanicznej, recepcji, czy w pobli\u017cu wra\u017cliwych stanowisk pracy. <br\/><\/li>\n\n\n\n<li><strong>Prosta i szybka konserwacja<\/strong>: koniec z uci\u0105\u017cliw\u0105 konserwacj\u0105! Systemy OberA zosta\u0142y zaprojektowane tak, aby zminimalizowa\u0107 zapychanie si\u0119 (szczeg\u00f3lnie dzi\u0119ki Pureflow, kt\u00f3ry redukuje osadzanie si\u0119 kamienia i alg). Niewielka wymagana konserwacja (czyszczenie filtr\u00f3w parownikowych, opr\u00f3\u017cnianie zbiornika\u2026) jest \u0142atwa do wykonania we w\u0142asnym zakresie i niedroga.  <br\/><\/li>\n\n\n\n<li><strong>5-letnia gwarancja<\/strong>: jako dow\u00f3d zaufania OberA do niezawodno\u015bci swoich produkt\u00f3w, gama IC jest obj\u0119ta 5-letni\u0105 gwarancj\u0105. Inwestuj\u0105 Pa\u0144stwo bez obaw w trwa\u0142e rozwi\u0105zanie dla swojego gara\u017cu. <br\/><\/li>\n<\/ul>\n\n<p>Sch\u0142adzacz powietrza OberA to nie tylko \u201edu\u017cy wentylator\u201d: to <strong>skuteczne, ekologiczne i trwa\u0142e<\/strong> rozwi\u0105zanie ch\u0142odz\u0105ce, kt\u00f3re znacznie poprawia warunki pracy w warsztatach samochodowych. Wielu profesjonalist\u00f3w ju\u017c go przyj\u0119\u0142o, aby sko\u0144czy\u0107 z uci\u0105\u017cliwym upa\u0142em w swoich pomieszczeniach. <\/p>\n\n<h2 class=\"wp-block-heading\">W kierunku ch\u0142odniejszych i bardziej produktywnych warsztat\u00f3w<\/h2>\n\n<p>Ch\u0142odzenie gara\u017cu lub warsztatu samochodowego nie jest ju\u017c nierozwi\u0105zywalnym wyzwaniem. Nowoczesne rozwi\u0105zania, takie jak sch\u0142adzacz powietrza wyparnego, pozwalaj\u0105 na \u0142atwe <strong>uzyskanie kilku stopni komfortu<\/strong>, bez wad klasycznej klimatyzacji. <\/p>\n\n<p>Gama OberA IC, dzi\u0119ki swojej udowodnionej skuteczno\u015bci i licznym korzy\u015bciom, jawi si\u0119 jako <strong>sprzymierzeniec mechanik\u00f3w samochodowych<\/strong> w walce z coraz gor\u0119tszymi latami.<\/p>\n\n<p>Chroni\u0105c zdrowie swoich pracownik\u00f3w i poprawiaj\u0105c ich warunki pracy, inwestuj\u0105 Pa\u0144stwo r\u00f3wnie\u017c w <strong>wydajno\u015b\u0107 swojej firmy<\/strong>: mniej zm\u0119czenia, wi\u0119cej motywacji i lepsza wydajno\u015b\u0107, nawet w czasie fali upa\u0142\u00f3w.<\/p>\n\n<p>Zapraszamy do zapoznania si\u0119 ze sch\u0142adzaczami powietrza OberA i skontaktowania si\u0119 z naszymi ekspertami, aby znale\u017a\u0107 rozwi\u0105zanie ch\u0142odz\u0105ce najlepiej dostosowane do Pa\u0144stwa gara\u017cu lub warsztatu. Pa\u0144stwa mechanicy podzi\u0119kuj\u0105 za zaoferowanie im wreszcie powiewu \u015bwie\u017cego powietrza w \u015brodku lata! <\/p>\n\n<h2 class=\"wp-block-heading\">Jeste\u015b w\u0142a\u015bcicielem warsztatu lub dzia\u0142asz w bran\u017cy motoryzacyjnej? Odkryj wymierne korzy\u015bci p\u0142yn\u0105ce ze \u015bwie\u017cszego powietrza w warsztacie <\/h2>\n\n<p>Walka z gor\u0105cem w warsztacie mechanicznym nie jest ju\u017c opcj\u0105: to <strong>kwestia zdrowia, wydajno\u015bci i dobrego samopoczucia w miejscu pracy.<\/strong><\/p>\n\n<ul class=\"wp-block-list\">\n<li>Podobnie jak Garage Fabris, WYPR\u00d3BUJ LUB WYNAJMIJ nasz\u0105 gam\u0119 ch\u0142odziarek IC<\/li>\n\n\n\n<li>Skontaktuj si\u0119 z nami ju\u017c dzi\u015b, aby szybko zdiagnozowa\u0107 swoje potrzeby w zakresie ch\u0142odzenia przemys\u0142owego.<\/li>\n<\/ul>\n\n<p><\/p>\n\n<p>Komfort Twoich pracownik\u00f3w nie mo\u017ce czeka\u0107, dzia\u0142aj ju\u017c teraz z rozwi\u0105zaniami OberA!<\/p>\n\n<div style=\"height:51px\" aria-hidden=\"true\" class=\"wp-block-spacer\"><\/div>\n\n<div class=\"wp-block-buttons is-content-justification-center is-layout-flex wp-container-core-buttons-is-layout-a89b3969 wp-block-buttons-is-layout-flex\">\n<div class=\"wp-block-button\"><a class=\"wp-block-button__link has-text-align-center wp-element-button\" href=\"https:\/\/obera.fr\/pl\/contact\/\"><strong><strong>Skontaktuj si\u0119 z nami<\/strong><\/strong><\/a><\/div>\n\n\n\n<div class=\"wp-block-button\"><a class=\"wp-block-button__link has-text-align-center wp-element-button\" href=\"https:\/\/obera.fr\/pl\/location-appareil-industriel\/\"><strong><strong>Wynajem naszego sprz\u0119tu<\/strong><\/strong><\/a><\/div>\n<\/div>\n","protected":false},"excerpt":{"rendered":"<p>Sektor motoryzacyjny przegrzewa si\u0119, a upa\u0142 w gara\u017cach i warsztatach<br \/>\nstaje si\u0119 plag\u0105 dla profesjonalist\u00f3w z bran\u017cy.<\/p>\n","protected":false},"author":13,"featured_media":120448,"comment_status":"open","ping_status":"closed","sticky":false,"template":"","format":"standard","meta":{"_acf_changed":false,"_seopress_robots_primary_cat":"none","_seopress_titles_title":"Ch\u0142odnice OberA: koniec z gor\u0105cem w gara\u017cach samochodowych","_seopress_titles_desc":"OberA zapewnia skuteczne rozwi\u0105zanie problemu ciep\u0142a w warsztacie: komfort, bezpiecze\u0144stwo i wydajno\u015b\u0107 s\u0105 przywracane dzi\u0119ki przemys\u0142owym ch\u0142odnicom powietrza.","_seopress_robots_index":"","footnotes":""},"categories":[578],"tags":[434],"class_list":["post-118474","post","type-post","status-publish","format-standard","has-post-thumbnail","hentry","category-samochody-osobowe-i-ciezarowe","tag-chlodziarki","generate-columns","tablet-grid-50","mobile-grid-100","grid-parent","grid-50","no-featured-image-padding","resize-featured-image"],"acf":[],"_links":{"self":[{"href":"https:\/\/obera.fr\/pl\/wp-json\/wp\/v2\/posts\/118474","targetHints":{"allow":["GET"]}}],"collection":[{"href":"https:\/\/obera.fr\/pl\/wp-json\/wp\/v2\/posts"}],"about":[{"href":"https:\/\/obera.fr\/pl\/wp-json\/wp\/v2\/types\/post"}],"author":[{"embeddable":true,"href":"https:\/\/obera.fr\/pl\/wp-json\/wp\/v2\/users\/13"}],"replies":[{"embeddable":true,"href":"https:\/\/obera.fr\/pl\/wp-json\/wp\/v2\/comments?post=118474"}],"version-history":[{"count":9,"href":"https:\/\/obera.fr\/pl\/wp-json\/wp\/v2\/posts\/118474\/revisions"}],"predecessor-version":[{"id":140461,"href":"https:\/\/obera.fr\/pl\/wp-json\/wp\/v2\/posts\/118474\/revisions\/140461"}],"wp:featuredmedia":[{"embeddable":true,"href":"https:\/\/obera.fr\/pl\/wp-json\/wp\/v2\/media\/120448"}],"wp:attachment":[{"href":"https:\/\/obera.fr\/pl\/wp-json\/wp\/v2\/media?parent=118474"}],"wp:term":[{"taxonomy":"category","embeddable":true,"href":"https:\/\/obera.fr\/pl\/wp-json\/wp\/v2\/categories?post=118474"},{"taxonomy":"post_tag","embeddable":true,"href":"https:\/\/obera.fr\/pl\/wp-json\/wp\/v2\/tags?post=118474"}],"curies":[{"name":"wp","href":"https:\/\/api.w.org\/{rel}","templated":true}]}}