{"id":123893,"date":"2025-07-18T10:00:00","date_gmt":"2025-07-18T08:00:00","guid":{"rendered":"https:\/\/obera.fr\/nasza-rada\/vie-artisan-tailleur\/"},"modified":"2025-07-22T12:05:49","modified_gmt":"2025-07-22T10:05:49","slug":"vie-artisan-tailleur","status":"publish","type":"post","link":"https:\/\/obera.fr\/pl\/nasza-rada\/vie-artisan-tailleur\/","title":{"rendered":"\u017bycie krawca w 2025 roku: mi\u0119dzy pasj\u0105 a ostro\u017cno\u015bci\u0105"},"content":{"rendered":"\n<p><em>&#8222;Nie mo\u017cna pracowa\u0107 z kamieniem. Trzeba go szanowa\u0107.  <\/em><\/p>\n\n<p>Tak powiedzia\u0142 mi m\u00f3j trener pierwszego dnia. Dziesi\u0119\u0107 lat p\u00f3\u017aniej sta\u0142o si\u0119 to moj\u0105 mantr\u0105. Bycie kamieniarzem w 2025 roku to nadal kwestia pasji. Ale dzi\u015b chodzi r\u00f3wnie\u017c o <strong>podejmowanie \u015brodk\u00f3w ostro\u017cno\u015bci<\/strong>.     <\/p>\n\n<h2 class=\"wp-block-heading\">  6:30 &#8211; Warsztaty si\u0119 budz\u0105  <\/h2>\n\n<p>Cisza poranka, zapach kawy&#8230; i znajomy d\u017awi\u0119k kompresora. Otwieram drzwi warsztatu. Na koz\u0142ach le\u017c\u0105 wapienne bloki, narz\u0119dzia s\u0105 gotowe. Co kocham w tej pracy? Transformacj\u0119. Branie surowego materia\u0142u i przekszta\u0142canie go w nadpro\u017ce, kolumn\u0119, dzie\u0142o sztuki.       <\/p>\n\n<p>Ale w ci\u0105gu ostatnich kilku lat inny temat sta\u0142 si\u0119 cz\u0119\u015bci\u0105 naszego codziennego \u017cycia: <strong>kurz<\/strong>. Taki, kt\u00f3rego nie zawsze wida\u0107, ale kt\u00f3ry jest wsz\u0119dzie. W powietrzu, w naszych p\u0142ucach. A czasami w naszym zdrowiu.     <\/p>\n\n<h2 class=\"wp-block-heading\">  9.00 &#8211; Py\u0142 nie jest ju\u017c nieunikniony  <\/h2>\n\n<div class=\"wp-block-columns is-layout-flex wp-container-core-columns-is-layout-28f84493 wp-block-columns-is-layout-flex\">\n<div class=\"wp-block-column is-layout-flow wp-block-column-is-layout-flow\" style=\"flex-basis:66.66%\">\n<p>W dawnych czasach pracowali\u015bmy w szarych chmurach. Starzy bywalcy mawiali: <em>&#8222;wykrztu\u015b to z siebie, a przejdzie&#8221;.<\/em> Dzi\u015b wiem, \u017ce to nie minie. To zostanie.     <\/p>\n\n\n\n<p>W 2025 r. nie mo\u017cemy ju\u017c ignorowa\u0107 zagro\u017ce\u0144 zwi\u0105zanych z <strong>krzemic\u0105<\/strong>, chorob\u0105 p\u0142uc spowodowan\u0105 wdychaniem krzemionki. Choroba ta odebra\u0142a ju\u017c \u017cycie niekt\u00f3rym z naszych koleg\u00f3w. Jeste\u015bmy wi\u0119c ostro\u017cni.    <\/p>\n\n\n\n<p>W naszym warsztacie zainstalowali\u015bmy <strong>odpylacz po\u0142\u0105czony z oczyszczaczem powietrza OberA<\/strong>. Pierwszy z nich wychwytuje py\u0142 bezpo\u015brednio u \u017ar\u00f3d\u0142a, jak najbli\u017cej stanowisk pracy. Drugi w spos\u00f3b ci\u0105g\u0142y filtruje powietrze z otoczenia. Rezultat: <strong>lepiej oddychasz, lepiej pracujesz<\/strong>.     <\/p>\n\n\n\n<p>Odk\u0105d stworzyli\u015bmy ten system, jest to oczywiste. Mniej py\u0142u na sto\u0142ach roboczych, mniej w powietrzu&#8230; i mniej w naszych p\u0142ucach.   <\/p>\n<\/div>\n\n\n\n<div class=\"wp-block-column is-layout-flow wp-block-column-is-layout-flow\" style=\"flex-basis:33.33%\">\n<div class=\"wp-block-columns is-layout-flex wp-container-core-columns-is-layout-28f84493 wp-block-columns-is-layout-flex\">\n<div class=\"wp-block-column is-layout-flow wp-block-column-is-layout-flow\">\n<figure class=\"wp-block-image aligncenter size-full is-resized\"><img decoding=\"async\" width=\"600\" height=\"600\" src=\"https:\/\/obera.fr\/wp-content\/uploads\/2020\/10\/extracteur-poussiere-pulverulente-DUSTOMAT-16.png\" alt=\"Dym - Odpylacz\" class=\"wp-image-1307\" style=\"width:115px;height:auto\" srcset=\"https:\/\/obera.fr\/wp-content\/uploads\/2020\/10\/extracteur-poussiere-pulverulente-DUSTOMAT-16.png 600w, https:\/\/obera.fr\/wp-content\/uploads\/2020\/10\/extracteur-poussiere-pulverulente-DUSTOMAT-16-300x300.png 300w, https:\/\/obera.fr\/wp-content\/uploads\/2020\/10\/extracteur-poussiere-pulverulente-DUSTOMAT-16-150x150.png 150w\" sizes=\"(max-width: 600px) 100vw, 600px\" \/><figcaption class=\"wp-element-caption\">DUSTOMAT 16<\/figcaption><\/figure>\n\n\n\n<figure class=\"wp-block-image aligncenter size-full is-resized\"><img decoding=\"async\" width=\"600\" height=\"600\" src=\"https:\/\/obera.fr\/wp-content\/uploads\/2023\/05\/epur050-2.png\" alt=\"epur050 2\" class=\"wp-image-22619\" style=\"width:99px;height:auto\" srcset=\"https:\/\/obera.fr\/wp-content\/uploads\/2023\/05\/epur050-2.png 600w, https:\/\/obera.fr\/wp-content\/uploads\/2023\/05\/epur050-2-300x300.png 300w, https:\/\/obera.fr\/wp-content\/uploads\/2023\/05\/epur050-2-150x150.png 150w\" sizes=\"(max-width: 600px) 100vw, 600px\" \/><figcaption class=\"wp-element-caption\">ePUR050<\/figcaption><\/figure>\n<\/div>\n<\/div>\n<\/div>\n<\/div>\n\n<h2 class=\"wp-block-heading\">  12.30 &#8211; Przerwa na przek\u0105sk\u0119 i rozmow\u0119  <\/h2>\n\n<p>Rozmawiamy o pracy, rodzinie. Rozmawiamy te\u017c o bezpiecze\u0144stwie. Mo\u017ce to zabrzmie\u0107 dziwnie, ale dla nas sta\u0142o si\u0119 to powodem do dumy. Praca w czystym, dobrze wyposa\u017conym warsztacie oznacza r\u00f3wnie\u017c <strong>szacunek dla naszego rzemios\u0142a i naszych cia\u0142<\/strong>.     <\/p>\n\n<p>Przyci\u0105ga r\u00f3wnie\u017c m\u0142odych ludzi. Mamy dw\u00f3ch praktykant\u00f3w. Chc\u0105 pracowa\u0107 z nowoczesnymi narz\u0119dziami, w dobrych warunkach. Odrzucaj\u0105 zakurzone warsztaty z innej epoki. I s\u0142usznie.      <\/p>\n\n<h2 class=\"wp-block-heading\">  15:00 &#8211; Zachowanie gestu bez po\u015bwi\u0119cania zdrowia  <\/h2>\n\n<p>Wci\u0105\u017c s\u0105 tacy, kt\u00f3rzy twierdz\u0105, <em>\u017ce &#8222;wcze\u015bniej by\u0142o lepiej&#8221;.<\/em> By\u0107 mo\u017ce tak jest. Ale <strong>dzi\u015b jest bezpieczniej<\/strong>. I nie zmienia to pi\u0119kna tego gestu. Nadal rze\u017abimy d\u0142utem, r\u0119cznie, z tak\u0105 sam\u0105 staranno\u015bci\u0105. Z t\u0105 r\u00f3\u017cnic\u0105, \u017ce \u0142atwiej nam si\u0119 oddycha.     <\/p>\n\n<p>Poniewa\u017c ostatecznie dobre narz\u0119dzie nie mo\u017ce zast\u0105pi\u0107 rzemie\u015blnika&#8230; ale mo\u017ce go <strong>chroni\u0107<\/strong>.  <\/p>\n\n<h2 class=\"wp-block-heading\">  18:00 &#8211; Koniec dnia, duma nienaruszona  <\/h2>\n\n<p>Odk\u0142adam narz\u0119dzia. Patrz\u0119 na dzie\u0142o, kt\u00f3re stworzy\u0142em. Archiwolt\u0119 dla zabytkowego ko\u015bcio\u0142a. Na moim fartuchu jest kurz, ale mniej w p\u0142ucach. I to wszystko zmienia.      <\/p>\n\n<h2 class=\"wp-block-heading\">  Pasja i ostro\u017cno\u015b\u0107 mog\u0105 wsp\u00f3\u0142istnie\u0107  <\/h2>\n\n<div class=\"wp-block-columns is-layout-flex wp-container-core-columns-is-layout-28f84493 wp-block-columns-is-layout-flex\">\n<div class=\"wp-block-column is-layout-flow wp-block-column-is-layout-flow\" style=\"flex-basis:66.66%\">\n<p>Bycie kamieniarzem w 2025 roku nie oznacza wyrzeczenia si\u0119 tradycji. Oznacza to jej wzbogacenie. Oznacza dalsze przekazywanie rodowego know-how przy jednoczesnym korzystaniu z dzisiejszych rozwi\u0105za\u0144.    <\/p>\n\n\n\n<p><strong>Dzi\u0119ki swoim oczyszczaczom i odpylaczom<\/strong> <strong>OberA <\/strong>pomaga rzemie\u015blnikom budowa\u0107 zdrowsz\u0105 i bardziej zr\u00f3wnowa\u017con\u0105 przysz\u0142o\u015b\u0107.  <\/p>\n\n\n\n<p>Poniewa\u017c zachowanie zawodu oznacza r\u00f3wnie\u017c zachowanie tych, kt\u00f3rzy go wykonuj\u0105.<\/p>\n<\/div>\n\n\n\n<div class=\"wp-block-column is-layout-flow wp-block-column-is-layout-flow\" style=\"flex-basis:33.33%\">\n<figure class=\"wp-block-image aligncenter size-large is-resized\"><img decoding=\"async\" width=\"1024\" height=\"1024\" src=\"https:\/\/obera.fr\/wp-content\/uploads\/2025\/05\/securite-1024x1024.png\" alt=\"bezpiecze&#x144;stwo\" class=\"wp-image-121315\" style=\"width:132px;height:auto\" srcset=\"https:\/\/obera.fr\/wp-content\/uploads\/2025\/05\/securite-1024x1024.png 1024w, https:\/\/obera.fr\/wp-content\/uploads\/2025\/05\/securite-300x300.png 300w, https:\/\/obera.fr\/wp-content\/uploads\/2025\/05\/securite-150x150.png 150w, https:\/\/obera.fr\/wp-content\/uploads\/2025\/05\/securite-768x768.png 768w, https:\/\/obera.fr\/wp-content\/uploads\/2025\/05\/securite.png 1200w\" sizes=\"(max-width: 1024px) 100vw, 1024px\" \/><\/figure>\n<\/div>\n<\/div>\n","protected":false},"excerpt":{"rendered":"<p>Tak powiedzia\u0142 mi m\u00f3j trener pierwszego dnia. Dziesi\u0119\u0107 lat p\u00f3\u017aniej sta\u0142o si\u0119 to moj\u0105 mantr\u0105. Bycie kamieniarzem w 2025 roku to nadal kwestia pasji. Ale dzi\u015b chodzi r\u00f3wnie\u017c o podejmowanie \u015brodk\u00f3w ostro\u017cno\u015bci.     <\/p>\n","protected":false},"author":13,"featured_media":124594,"comment_status":"open","ping_status":"closed","sticky":false,"template":"","format":"standard","meta":{"_acf_changed":false,"_seopress_robots_primary_cat":"none","_seopress_titles_title":"Kamieniarze w 2025 roku: mi\u0119dzy pasj\u0105 a prewencj\u0105","_seopress_titles_desc":"W 2025 roku bycie kamieniarzem oznacza po\u0142\u0105czenie tradycji i bezpiecze\u0144stwa. Dzi\u0119ki OberA rzemie\u015blnicy mog\u0105 \u0142atwiej oddycha\u0107 i pracowa\u0107 w zdrowym, nowoczesnym warsztacie. ","_seopress_robots_index":"","footnotes":""},"categories":[54],"tags":[],"class_list":["post-123893","post","type-post","status-publish","format-standard","has-post-thumbnail","hentry","category-nasza-rada","generate-columns","tablet-grid-50","mobile-grid-100","grid-parent","grid-50","no-featured-image-padding","resize-featured-image"],"acf":[],"_links":{"self":[{"href":"https:\/\/obera.fr\/pl\/wp-json\/wp\/v2\/posts\/123893","targetHints":{"allow":["GET"]}}],"collection":[{"href":"https:\/\/obera.fr\/pl\/wp-json\/wp\/v2\/posts"}],"about":[{"href":"https:\/\/obera.fr\/pl\/wp-json\/wp\/v2\/types\/post"}],"author":[{"embeddable":true,"href":"https:\/\/obera.fr\/pl\/wp-json\/wp\/v2\/users\/13"}],"replies":[{"embeddable":true,"href":"https:\/\/obera.fr\/pl\/wp-json\/wp\/v2\/comments?post=123893"}],"version-history":[{"count":2,"href":"https:\/\/obera.fr\/pl\/wp-json\/wp\/v2\/posts\/123893\/revisions"}],"predecessor-version":[{"id":124606,"href":"https:\/\/obera.fr\/pl\/wp-json\/wp\/v2\/posts\/123893\/revisions\/124606"}],"wp:featuredmedia":[{"embeddable":true,"href":"https:\/\/obera.fr\/pl\/wp-json\/wp\/v2\/media\/124594"}],"wp:attachment":[{"href":"https:\/\/obera.fr\/pl\/wp-json\/wp\/v2\/media?parent=123893"}],"wp:term":[{"taxonomy":"category","embeddable":true,"href":"https:\/\/obera.fr\/pl\/wp-json\/wp\/v2\/categories?post=123893"},{"taxonomy":"post_tag","embeddable":true,"href":"https:\/\/obera.fr\/pl\/wp-json\/wp\/v2\/tags?post=123893"}],"curies":[{"name":"wp","href":"https:\/\/api.w.org\/{rel}","templated":true}]}}