{"id":133675,"date":"2025-11-04T11:42:40","date_gmt":"2025-11-04T09:42:40","guid":{"rendered":"https:\/\/obera.fr\/nasza-rada\/pomiar-jakosci-powietrza-wewnetrznego-znaczenie-i-zasady\/"},"modified":"2025-11-21T10:31:55","modified_gmt":"2025-11-21T08:31:55","slug":"pomiar-jakosci-powietrza-wewnetrznego-znaczenie-i-zasady","status":"publish","type":"post","link":"https:\/\/obera.fr\/pl\/nasza-rada\/pomiar-jakosci-powietrza-wewnetrznego-znaczenie-i-zasady\/","title":{"rendered":"Pomiar jako\u015bci powietrza wewn\u0119trznego: znaczenie i zasady"},"content":{"rendered":"\n<p>Wed\u0142ug danych WHO, we Francji odnotowuje si\u0119 prawie 50 000 zgon\u00f3w rocznie zwi\u0105zanych z <strong>zanieczyszczeniem powietrza<\/strong>, co stanowi 10 razy wi\u0119cej ni\u017c wypadki drogowe! Ponadto szacuje si\u0119, \u017ce powietrze wewn\u0105trz mieszkania lub lokalu zawodowego jest 5 do 10 razy bardziej zanieczyszczone ni\u017c to w \u015brodowisku zewn\u0119trznym.<\/p>\n\n<p><\/p>\n\n<p><strong>Jako\u015b\u0107 powietrza w firmie<\/strong> stanowi zatem kluczowe zagadnienie, zar\u00f3wno dla zdrowia pracownik\u00f3w, jak i dla produktywno\u015bci zak\u0142ad\u00f3w. W tym kontek\u015bcie wdro\u017cenie systemu <strong>pomiaru jako\u015bci powietrza wewn\u0119trznego<\/strong> okazuje si\u0119 niezb\u0119dne. Jakie parametry nale\u017cy wzi\u0105\u0107 pod uwag\u0119? Jakie korzy\u015bci przynosi <g id=\"gid_2\">monitorowanie jako\u015bci powietrza<\/g> i jak je wdro\u017cy\u0107? Odkryj wszystkie nasze porady.    <\/p>\n\n<p><\/p>\n\n<h2 class=\"wp-block-heading\" id=\"quels-sont-les-parametres-de-la-qualite-de-l-air-interieur\">Jakie s\u0105 parametry jako\u015bci powietrza wewn\u0119trznego?<\/h2>\n\n<p>Ocena <a href=\"https:\/\/obera.fr\/pl\/nasza-rada\/qualite-l-air-interieur-critere-essentiel-industrie\/\">jako\u015bci powietrza wewn\u0119trznego<\/a> opiera si\u0119 na <strong>poszukiwaniu produkt\u00f3w zanieczyszczaj\u0105cych i pomiarze niekt\u00f3rych warto\u015bci fizycznych<\/strong>, takich jak temperatura i wilgotno\u015b\u0107 wzgl\u0119dna. <\/p>\n\n<h3 class=\"wp-block-heading\" id=\"la-concentration-en-polluants-et-particules\">St\u0119\u017cenie zanieczyszcze\u0144 i cz\u0105stek<\/h3>\n\n<p>W biurze lub w budynkach przemys\u0142owych pracownicy s\u0105 nara\u017ceni na dwie g\u0142\u00f3wne <strong>\u017ar\u00f3d\u0142a zanieczyszczenia powietrza<\/strong>:<\/p>\n\n<ul class=\"wp-block-list\">\n<li><strong>Lotne zwi\u0105zki organiczne (LZO)<\/strong>, takie jak formaldehyd, gaz pochodz\u0105cy z produkt\u00f3w chemicznych i materia\u0142\u00f3w budowlanych;<\/li>\n\n\n\n<li><strong>Cz\u0105stki sta\u0142e lub ciek\u0142e<\/strong> zawieszone w powietrzu, takie jak py\u0142y, aerozole i mikroorganizmy (wirusy, bakterie, ple\u015bnie itp.).<\/li>\n<\/ul>\n\n<p><strong>Wp\u0142yw na zdrowie i \u015brodowisko<\/strong> wzrasta wraz ze st\u0119\u017ceniem zanieczyszcze\u0144 w powietrzu i czasem nara\u017cenia.<\/p>\n\n<h3 class=\"wp-block-heading\" id=\"la-temperature-et-le-niveau-d-humidite\">Temperatura i poziom wilgotno\u015bci<\/h3>\n\n<p>Pomiar jako\u015bci powietrza wewn\u0119trznego obejmuje r\u00f3wnie\u017c <strong>monitorowanie temperatury i wilgotno\u015bci wzgl\u0119dnej<\/strong>. Nadmierne warto\u015bci przyczyniaj\u0105 si\u0119 do rozwoju zanieczyszcze\u0144 biologicznych oraz degradacji materia\u0142\u00f3w, produkt\u00f3w ko\u0144cowych i \u015brodowiska pracy. Ponadto temperatura i wilgotno\u015b\u0107 pot\u0119guj\u0105 dra\u017cni\u0105ce dzia\u0142anie lotnych zwi\u0105zk\u00f3w organicznych (LZO).  <\/p>\n\n<h2 class=\"wp-block-heading\" id=\"quel-est-l-interet-de-la-mesure-de-la-qualite-de-l-air-interieur\">Jakie jest znaczenie pomiaru jako\u015bci powietrza wewn\u0119trznego?<\/h2>\n\n<p>Utrzymanie zdrowego powietrza wewn\u0119trznego w lokalach zawodowych stanowi <strong>obowi\u0105zek regulacyjny<\/strong> dla pracodawcy. Redukcja poziomu zanieczyszcze\u0144 w biurze to tak\u017ce <strong>zysk w produktywno\u015bci<\/strong> dla zak\u0142ad\u00f3w. <\/p>\n\n<h3 class=\"wp-block-heading\" id=\"respecter-les-valeurs-limites-d-exposition-professionnelle-vlep\">Przestrzeganie Warto\u015bci granicznych nara\u017cenia zawodowego (VLEP)<\/h3>\n\n<p>Na\u0142o\u017cone przez Kodeks pracy, Warto\u015bci graniczne nara\u017cenia zawodowego (VLEP) okre\u015blaj\u0105 <strong>maksymalny poziom st\u0119\u017cenia dla produkt\u00f3w zanieczyszczaj\u0105cych i cz\u0105stek<\/strong>, aby ograniczy\u0107 wp\u0142yw na zdrowie pracownik\u00f3w. Nadmierne warto\u015bci prowadz\u0105 do zawieszenia stanowiska pracy do czasu wdro\u017cenia \u015brodk\u00f3w maj\u0105cych na celu ograniczenie nara\u017cenia pracownika. <\/p>\n\n<h3 class=\"wp-block-heading\" id=\"garantir-un-environnement-de-travail-sain-et-productif\">Zapewnienie zdrowego i produktywnego \u015brodowiska pracy<\/h3>\n\n<p>Opr\u00f3cz swojego charakteru regulacyjnego, pomiar jako\u015bci powietrza wewn\u0119trznego przynosi <a href=\"https:\/\/obera.fr\/pl\/nasza-rada\/comment-rafraichissement-evaporation-ameliorer-production-industrielle\/\">szereg korzy\u015bci dla zak\u0142ad\u00f3w<\/a>:<\/p>\n\n<ul class=\"wp-block-list\">\n<li><strong>Poprawa zdrowia wsp\u00f3\u0142pracownik\u00f3w<\/strong> przyczynia si\u0119 do ograniczenia absencji i cz\u0119stotliwo\u015bci zwolnie\u0144 chorobowych.<\/li>\n\n\n\n<li><strong>Redukcja osad\u00f3w cz\u0105stek na urz\u0105dzeniach i pod\u0142ogach<\/strong> pozwala na oszcz\u0119dno\u015bci w zakresie konserwacji i utrzymania.<\/li>\n\n\n\n<li>Monitorowanie poziomu nara\u017cenia na zanieczyszczenia i cz\u0105stki zapewnia <strong>jako\u015b\u0107 proces\u00f3w i produkt\u00f3w ko\u0144cowych<\/strong>.<\/li>\n<\/ul>\n\n<h2 class=\"wp-block-heading\" id=\"comment-mesurer-la-qualite-de-l-air-interieur\">Jak mierzy\u0107 jako\u015b\u0107 powietrza wewn\u0119trznego?<\/h2>\n\n<p><strong><a href=\"https:\/\/obera.fr\/pl\/nasza-rada\/qai-diagnostic-qualite-de-l-air-interieur-batiments-industriels\/\">Diagnostyka jako\u015bci powietrza wewn\u0119trznego<\/a><\/strong> stanowi pierwsz\u0105 ocen\u0119 poziomu zanieczyszczenia w Twoich budynkach. Nast\u0119pnie nale\u017cy wdro\u017cy\u0107 regularne monitorowanie za pomoc\u0105 <strong>specjalistycznych urz\u0105dze\u0144 pomiarowych<\/strong>. <\/p>\n\n<h3 class=\"wp-block-heading\" id=\"effectuer-un-diagnostic-qualite-de-l-air-interieur\">Przeprowadzenie diagnostyki jako\u015bci powietrza wewn\u0119trznego<\/h3>\n\n<p><strong>Diagnostyka jako\u015bci powietrza wewn\u0119trznego (QAI)<\/strong> jest obowi\u0105zkiem regulacyjnym dla budynk\u00f3w przyjmuj\u0105cych dzieci. Od 2023 roku b\u0119dzie obowi\u0105zkowa we wszystkich obiektach u\u017cyteczno\u015bci publicznej. Jako ekspert w dziedzinie <a href=\"https:\/\/obera.fr\/pl\/nasza-rada\/traitement-air-industriel-guide-complet\/\">przemys\u0142owego oczyszczania powietrza<\/a>, OBERA przeprowadza diagnostyk\u0119 obejmuj\u0105c\u0105:  <\/p>\n\n<ul class=\"wp-block-list\">\n<li><strong>Poszukiwanie \u017ar\u00f3de\u0142 zanieczyszczenia powietrza<\/strong> w Twoich lokalach;<\/li>\n\n\n\n<li><strong>Pomiar st\u0119\u017cenia cz\u0105stek i zanieczyszcze\u0144<\/strong> (LZO, formaldehyd itp.).<\/li>\n<\/ul>\n\n<h3 class=\"wp-block-heading\" id=\"utiliser-un-appareil-de-mesure-de-la-qualite-de-l-air-interieur\">U\u017cycie urz\u0105dzenia do pomiaru jako\u015bci powietrza wewn\u0119trznego<\/h3>\n\n<p><a href=\"https:\/\/obera.fr\/pl\/nasza-rada\/analyse-qualite-l-air-interieur\/\">Pomiar jako\u015bci powietrza wewn\u0119trznego<\/a> odbywa si\u0119 za pomoc\u0105 urz\u0105dze\u0144 zdolnych do wykrywania rodzaju i st\u0119\u017cenia zanieczyszcze\u0144. Nasza gama <strong>analizator\u00f3w powietrza przemys\u0142owego i profesjonalnego<\/strong> zapewnia ci\u0105g\u0142e monitorowanie parametr\u00f3w jako\u015bci powietrza wewn\u0119trznego: <\/p>\n\n<ul class=\"wp-block-list\">\n<li><strong>St\u0119\u017cenie zanieczyszcze\u0144 gazowych<\/strong>: lotne zwi\u0105zki organiczne (LZO) i dwutlenek w\u0119gla (CO2);<\/li>\n\n\n\n<li><strong>St\u0119\u017cenie i wielko\u015b\u0107 cz\u0105stek<\/strong>: py\u0142y i drobne cz\u0105stki PM 2,5 i PM 10;<\/li>\n\n\n\n<li><strong>Temperatura i wilgotno\u015b\u0107 wzgl\u0119dna<\/strong>.<\/li>\n<\/ul>\n\n<p>Dane s\u0105 przesy\u0142ane bezpo\u015brednio na komputer, gdzie warto\u015bci s\u0105 wy\u015bwietlane w formie wykresu. <strong>Analiza w czasie rzeczywistym<\/strong> pozwala na szybkie i skuteczne dzia\u0142anie w przypadku pomiar\u00f3w niezgodnych z VLEP. <\/p>\n\n<p>Aby uzyska\u0107 wi\u0119cej <strong>informacji na temat pomiaru jako\u015bci powietrza wewn\u0119trznego<\/strong>, prosimy o kontakt. Zach\u0119camy r\u00f3wnie\u017c do zapoznania si\u0119 z naszymi poradami dotycz\u0105cymi wdro\u017cenia systemu przemys\u0142owego oczyszczania powietrza. <\/p>\n\n<blockquote class=\"wp-block-quote is-layout-flow wp-block-quote-is-layout-flow\">\n<p>Przeczytaj tak\u017ce: Przewodnik po <a href=\"https:\/\/obera.fr\/conseils\/rafraichissement-adiabatique-confort-thermique-naturel\/\">ch\u0142odzeniu adiabatycznym i jego naturalnym komforcie termicznym<\/a>.<\/p>\n<\/blockquote>\n","protected":false},"excerpt":{"rendered":"<p>Wed\u0142ug danych WHO, Francja odnotowuje oko\u0142o 50 000 zgon\u00f3w rocznie zwi\u0105zanych z zanieczyszczeniem powietrza, czyli 10 razy wi\u0119cej ni\u017c wypadki drogowe! Ponadto szacuje si\u0119, \u017ce powietrze wewn\u0105trz mieszkania lub lokalu zawodowego jest 5 do 10 razy bardziej zanieczyszczone ni\u017c to w \u015brodowisku zewn\u0119trznym.<\/p>\n","protected":false},"author":13,"featured_media":95233,"comment_status":"open","ping_status":"closed","sticky":false,"template":"","format":"standard","meta":{"_acf_changed":false,"_seopress_robots_primary_cat":"none","_seopress_titles_title":"Mesure de la qualit\u00e9 de l\u2019air int\u00e9rieur : int\u00e9r\u00eat et principe","_seopress_titles_desc":"Selon les donn\u00e9es de l\u2019OMS, la France comptabiliserait pr\u00e8s de 50 000 d\u00e9c\u00e8s par an li\u00e9s \u00e0 la\u00a0pollution de l\u2019air, soit 10 fois plus que les accidents de la route !","_seopress_robots_index":"","footnotes":""},"categories":[54],"tags":[],"class_list":["post-133675","post","type-post","status-publish","format-standard","has-post-thumbnail","hentry","category-nasza-rada","generate-columns","tablet-grid-50","mobile-grid-100","grid-parent","grid-50","no-featured-image-padding","resize-featured-image"],"acf":[],"_links":{"self":[{"href":"https:\/\/obera.fr\/pl\/wp-json\/wp\/v2\/posts\/133675","targetHints":{"allow":["GET"]}}],"collection":[{"href":"https:\/\/obera.fr\/pl\/wp-json\/wp\/v2\/posts"}],"about":[{"href":"https:\/\/obera.fr\/pl\/wp-json\/wp\/v2\/types\/post"}],"author":[{"embeddable":true,"href":"https:\/\/obera.fr\/pl\/wp-json\/wp\/v2\/users\/13"}],"replies":[{"embeddable":true,"href":"https:\/\/obera.fr\/pl\/wp-json\/wp\/v2\/comments?post=133675"}],"version-history":[{"count":1,"href":"https:\/\/obera.fr\/pl\/wp-json\/wp\/v2\/posts\/133675\/revisions"}],"predecessor-version":[{"id":133677,"href":"https:\/\/obera.fr\/pl\/wp-json\/wp\/v2\/posts\/133675\/revisions\/133677"}],"wp:featuredmedia":[{"embeddable":true,"href":"https:\/\/obera.fr\/pl\/wp-json\/wp\/v2\/media\/95233"}],"wp:attachment":[{"href":"https:\/\/obera.fr\/pl\/wp-json\/wp\/v2\/media?parent=133675"}],"wp:term":[{"taxonomy":"category","embeddable":true,"href":"https:\/\/obera.fr\/pl\/wp-json\/wp\/v2\/categories?post=133675"},{"taxonomy":"post_tag","embeddable":true,"href":"https:\/\/obera.fr\/pl\/wp-json\/wp\/v2\/tags?post=133675"}],"curies":[{"name":"wp","href":"https:\/\/api.w.org\/{rel}","templated":true}]}}