{"id":134237,"date":"2025-09-10T15:38:00","date_gmt":"2025-09-10T13:38:00","guid":{"rendered":"https:\/\/obera.fr\/nasza-rada\/poprawa-komfortu-i-wydajnosci-pracy-w-otoczeniu-kontenerow-transportowych\/"},"modified":"2025-11-27T21:35:52","modified_gmt":"2025-11-27T19:35:52","slug":"poprawa-komfortu-i-wydajnosci-pracy-w-otoczeniu-kontenerow-transportowych","status":"publish","type":"post","link":"https:\/\/obera.fr\/pl\/transport-i-magazynowanie-logistyka\/poprawa-komfortu-i-wydajnosci-pracy-w-otoczeniu-kontenerow-transportowych\/","title":{"rendered":"Poprawa komfortu i wydajno\u015bci pracy w otoczeniu kontener\u00f3w transportowych"},"content":{"rendered":"\n<h2 class=\"wp-block-heading\">Wprowadzenie<\/h2>\n\n<div class=\"wp-block-columns is-layout-flex wp-container-core-columns-is-layout-28f84493 wp-block-columns-is-layout-flex\">\n<div class=\"wp-block-column is-layout-flow wp-block-column-is-layout-flow\" style=\"flex-basis:66.66%\">\n<p>W \u0142a\u0144cuchu logistycznym kontenery s\u0105 wszechobecne: wykorzystywane do transportu morskiego, kolejowego lub drogowego, przechodz\u0105 przez huby, magazyny i strefy za\u0142adunku, gdzie warunki klimatyczne mog\u0105 bezpo\u015brednio wp\u0142ywa\u0107 na operacje.<br\/>Fale upa\u0142\u00f3w komplikuj\u0105 prac\u0119 operator\u00f3w, wp\u0142ywaj\u0105 na bezpiecze\u0144stwo wra\u017cliwych towar\u00f3w (produkty spo\u017cywcze, chemiczne, farmaceutyczne) i spowalniaj\u0105 tempo pracy.<br\/><a href=\"https:\/\/obera.fr\/pl\/produits\/rafraichisseurs-air\/rafraichisseurs-par-evaporation-ic\/\">Przemys\u0142owe ch\u0142odnice powietrza z serii IC<\/a>, opracowane przez <strong>OberA<\/strong>, stanowi\u0105 elastyczne i skuteczne rozwi\u0105zanie do poprawy warunk\u00f3w pracy w tych \u015brodowiskach bez konieczno\u015bci stosowania sta\u0142ej klimatyzacji.<\/p>\n\n\n\n<p><\/p>\n<\/div>\n\n\n\n<div class=\"wp-block-column is-layout-flow wp-block-column-is-layout-flow\" style=\"flex-basis:33.33%\">\n<figure class=\"wp-block-image aligncenter size-large is-resized\"><img decoding=\"async\" width=\"1024\" height=\"683\" src=\"https:\/\/obera.fr\/wp-content\/uploads\/2025\/08\/raf-transport-1024x683.png\" alt=\"ch&#x142;odzenie transport\" class=\"wp-image-128743\" style=\"width:293px;height:auto\" srcset=\"https:\/\/obera.fr\/wp-content\/uploads\/2025\/08\/raf-transport-1024x683.png 1024w, https:\/\/obera.fr\/wp-content\/uploads\/2025\/08\/raf-transport-300x200.png 300w, https:\/\/obera.fr\/wp-content\/uploads\/2025\/08\/raf-transport-768x512.png 768w, https:\/\/obera.fr\/wp-content\/uploads\/2025\/08\/raf-transport.png 1200w\" sizes=\"(max-width: 1024px) 100vw, 1024px\" \/><\/figure>\n<\/div>\n<\/div>\n\n<h2 class=\"wp-block-heading\">1. Strefy logistyczne: przestrzenie o wysokim obci\u0105\u017ceniu termicznym<\/h2>\n\n<ul class=\"wp-block-list\">\n<li>Doki za\u0142adunkowe i roz\u0142adunkowe s\u0105 cz\u0119sto otwarte, s\u0142abo wentylowane i nara\u017cone na promieniowanie s\u0142oneczne.<\/li>\n\n\n\n<li>Same kontenery staj\u0105 si\u0119 \u017ar\u00f3d\u0142ami ciep\u0142a, gdy s\u0105 przechowywane na zewn\u0105trz lub otwierane pod s\u0142o\u0144cem.<\/li>\n\n\n\n<li>Gor\u0105ce powietrze uwi\u0119zione w kontenerach mo\u017ce osi\u0105gn\u0105\u0107 ponad 50\u00b0C przy otwarciu, stwarzaj\u0105c ryzyko dla operator\u00f3w.<\/li>\n\n\n\n<li><a href=\"https:\/\/obera.fr\/pl\/transport-i-magazynowanie-logistyka\/\">Przep\u0142ywy logistyczne<\/a> intensyfikuj\u0105 si\u0119 latem, zwi\u0119kszaj\u0105c uci\u0105\u017cliwo\u015b\u0107 zada\u0144 fizycznych w upale.<\/li>\n<\/ul>\n\n<h2 class=\"wp-block-heading\">2. Mobilne rozwi\u0105zanie adiabatyczne: odpowied\u017a operacyjna<\/h2>\n\n<ul class=\"wp-block-list\">\n<li><strong>Ch\u0142odnice przez parowanie IC<\/strong> oferuj\u0105 naturaln\u0105 alternatyw\u0119 dla klimatyzacji, bez prac budowlanych ani obiegu ch\u0142odniczego.<\/li>\n\n\n\n<li>Mog\u0105 by\u0107 umieszczone <strong>w strefach za\u0142adunku\/roz\u0142adunku<\/strong>, <strong>przy wej\u015bciu do kontener\u00f3w<\/strong> lub w <strong>strefach inspekcji i sortowania<\/strong>.<\/li>\n\n\n\n<li>Dzi\u0119ki wysokiemu przep\u0142ywowi powietrza lokalnie obni\u017caj\u0105 odczuwaln\u0105 temperatur\u0119 o kilka stopni, zapewniaj\u0105c jednocze\u015bnie <strong>sta\u0142\u0105 wentylacj\u0119<\/strong>.<\/li>\n\n\n\n<li>Ich instalacja odbywa si\u0119 <strong>bez infrastruktury<\/strong>, poprzez proste pod\u0142\u0105czenie elektryczne ze zintegrowanym zbiornikiem wody lub pod\u0142\u0105czeniem do sieci.<\/li>\n<\/ul>\n\n<p><\/p>\n\n<h2 class=\"wp-block-heading\">3. Modele IC: dostosowane do platform logistycznych<\/h2>\n\n<div class=\"wp-block-columns is-layout-flex wp-container-core-columns-is-layout-28f84493 wp-block-columns-is-layout-flex\">\n<div class=\"wp-block-column is-layout-flow wp-block-column-is-layout-flow\">\n<h3 class=\"wp-block-heading has-text-align-center\">IC 12<\/h3>\n\n\n\n<figure class=\"wp-block-image size-large\"><img decoding=\"async\" width=\"1024\" height=\"1024\" src=\"https:\/\/obera.fr\/wp-content\/uploads\/2025\/07\/ic-12-2-1024x1024.png\" alt=\"ic 12\" class=\"wp-image-124143\" srcset=\"https:\/\/obera.fr\/wp-content\/uploads\/2025\/07\/ic-12-2-1024x1024.png 1024w, https:\/\/obera.fr\/wp-content\/uploads\/2025\/07\/ic-12-2-300x300.png 300w, https:\/\/obera.fr\/wp-content\/uploads\/2025\/07\/ic-12-2-150x150.png 150w, https:\/\/obera.fr\/wp-content\/uploads\/2025\/07\/ic-12-2-768x768.png 768w, https:\/\/obera.fr\/wp-content\/uploads\/2025\/07\/ic-12-2.png 1200w\" sizes=\"(max-width: 1024px) 100vw, 1024px\" \/><\/figure>\n\n\n\n<ul class=\"wp-block-list\">\n<li>Do stanowisk pracy lub ograniczonych nabrze\u017cy<\/li>\n\n\n\n<li>Przep\u0142yw 12 000 m\u00b3\/h, kompaktowy format, szybki do wdro\u017cenia<\/li>\n<\/ul>\n\n\n\n<p><\/p>\n<\/div>\n\n\n\n<div class=\"wp-block-column is-layout-flow wp-block-column-is-layout-flow\">\n<h3 class=\"wp-block-heading has-text-align-center\">IC 22<\/h3>\n\n\n\n<figure class=\"wp-block-image size-large\"><img decoding=\"async\" width=\"1024\" height=\"1024\" src=\"https:\/\/obera.fr\/wp-content\/uploads\/2025\/07\/ic-22-2-1024x1024.png\" alt=\"ic 22\" class=\"wp-image-124296\" srcset=\"https:\/\/obera.fr\/wp-content\/uploads\/2025\/07\/ic-22-2-1024x1024.png 1024w, https:\/\/obera.fr\/wp-content\/uploads\/2025\/07\/ic-22-2-300x300.png 300w, https:\/\/obera.fr\/wp-content\/uploads\/2025\/07\/ic-22-2-150x150.png 150w, https:\/\/obera.fr\/wp-content\/uploads\/2025\/07\/ic-22-2-768x768.png 768w, https:\/\/obera.fr\/wp-content\/uploads\/2025\/07\/ic-22-2.png 1200w\" sizes=\"(max-width: 1024px) 100vw, 1024px\" \/><\/figure>\n\n\n\n<ul class=\"wp-block-list\">\n<li>Do stref za\u0142adunku z du\u017c\u0105 rotacj\u0105 lub magazyn\u00f3w logistycznych<\/li>\n\n\n\n<li>Przep\u0142yw 22 000 m\u00b3\/h, skuteczny do ch\u0142odzenia stref tranzytu kontener\u00f3w<\/li>\n\n\n\n<li>Wyposa\u017cony w system UV do wody, dostosowany do wymagaj\u0105cych \u015brodowisk profesjonalnych<\/li>\n<\/ul>\n\n\n\n<p><\/p>\n<\/div>\n\n\n\n<div class=\"wp-block-column is-layout-flow wp-block-column-is-layout-flow\">\n<h3 class=\"wp-block-heading has-text-align-center\">IC 30<\/h3>\n\n\n\n<figure class=\"wp-block-image size-large\"><img decoding=\"async\" width=\"1024\" height=\"1024\" src=\"https:\/\/obera.fr\/wp-content\/uploads\/2025\/07\/ic-30-4-1024x1024.png\" alt=\"ic 30\" class=\"wp-image-124370\" srcset=\"https:\/\/obera.fr\/wp-content\/uploads\/2025\/07\/ic-30-4-1024x1024.png 1024w, https:\/\/obera.fr\/wp-content\/uploads\/2025\/07\/ic-30-4-300x300.png 300w, https:\/\/obera.fr\/wp-content\/uploads\/2025\/07\/ic-30-4-150x150.png 150w, https:\/\/obera.fr\/wp-content\/uploads\/2025\/07\/ic-30-4-768x768.png 768w, https:\/\/obera.fr\/wp-content\/uploads\/2025\/07\/ic-30-4.png 1200w\" sizes=\"(max-width: 1024px) 100vw, 1024px\" \/><\/figure>\n\n\n\n<ul class=\"wp-block-list\">\n<li>Do du\u017cych hub\u00f3w multimodalnych, hangar\u00f3w tranzytowych lub krytych stref portowych<\/li>\n\n\n\n<li>Przep\u0142yw 30 000 m\u00b3\/h, wytrzyma\u0142y, autonomiczny, zaprojektowany do du\u017cych obj\u0119to\u015bci<\/li>\n<\/ul>\n\n\n\n<p><\/p>\n<\/div>\n<\/div>\n\n<div class=\"wp-block-buttons is-content-justification-center is-layout-flex wp-container-core-buttons-is-layout-a89b3969 wp-block-buttons-is-layout-flex\">\n<div class=\"wp-block-button\"><a class=\"wp-block-button__link wp-element-button\" href=\"https:\/\/obera.fr\/pl\/produits\/rafraichisseurs-air\/rafraichisseurs-par-evaporation-ic\/\">Odkryj nasz\u0105 gam\u0119 IC<\/a><\/div>\n<\/div>\n\n<p><\/p>\n\n<h2 class=\"wp-block-heading\">4. Korzy\u015bci dla operator\u00f3w logistycznych i przewo\u017anik\u00f3w<\/h2>\n\n<ul class=\"wp-block-list\">\n<li><strong>Poprawa komfortu termicznego<\/strong> zespo\u0142\u00f3w odpowiedzialnych za prze\u0142adunek<\/li>\n\n\n\n<li><strong>Zmniejszenie ryzyka zwi\u0105zanego z szokami termicznymi<\/strong> przy otwieraniu kontener\u00f3w<\/li>\n\n\n\n<li><strong>Utrzymanie tempa logistycznego<\/strong> nawet w okresie silnych upa\u0142\u00f3w<\/li>\n\n\n\n<li><strong>Brak przerwy w dzia\u0142alno\u015bci na czas instalacji<\/strong>: urz\u0105dzenia s\u0105 mobilne i autonomiczne<\/li>\n\n\n\n<li><strong>Obni\u017cenie globalnego zu\u017cycia energii<\/strong> w por\u00f3wnaniu do system\u00f3w sta\u0142ych<\/li>\n\n\n\n<li><strong>Mo\u017cliwo\u015b\u0107 wynajmu sezonowego<\/strong> do pokrycia tylko miesi\u0119cy letnich<\/li>\n<\/ul>\n\n<p>W \u015brodowiskach logistycznych zwi\u0105zanych z przep\u0142ywem kontener\u00f3w kontrola lokalnej temperatury jest wyzwaniem strategicznym, zar\u00f3wno dla wydajno\u015bci operacyjnej, jak i bezpiecze\u0144stwa pracownik\u00f3w.<br\/>Dzi\u0119ki <strong>serii IC<\/strong> OberA proponuje rozwi\u0105zanie natychmiast operacyjne, modularne i ekonomiczne do skutecznego ch\u0142odzenia wra\u017cliwych stref transportu logistycznego.<\/p>\n","protected":false},"excerpt":{"rendered":"<p>W \u0142a\u0144cuchu logistycznym kontenery s\u0105 wszechobecne: wykorzystywane w transporcie morskim, kolejowym lub drogowym, przechodz\u0105 przez huby, magazyny i strefy za\u0142adunku, gdzie warunki klimatyczne mog\u0105 bezpo\u015brednio wp\u0142ywa\u0107 na operacje.<\/p>\n","protected":false},"author":13,"featured_media":83746,"comment_status":"open","ping_status":"closed","sticky":false,"template":"","format":"standard","meta":{"_acf_changed":false,"_seopress_robots_primary_cat":"none","_seopress_titles_title":"Sch\u0142adzacze IC OberA: komfort termiczny w otoczeniu kontener\u00f3w logistycznych","_seopress_titles_desc":"Chro\u0144 swoje zespo\u0142y przed falami upa\u0142\u00f3w dzi\u0119ki sch\u0142adzaczom IC firmy OberA: mobilne, naturalne i ekonomiczne rozwi\u0105zanie dla stref kontenerowych.","_seopress_robots_index":"","footnotes":""},"categories":[721],"tags":[434],"class_list":["post-134237","post","type-post","status-publish","format-standard","has-post-thumbnail","hentry","category-transport-i-magazynowanie-logistyka","tag-chlodziarki","generate-columns","tablet-grid-50","mobile-grid-100","grid-parent","grid-50","no-featured-image-padding","resize-featured-image"],"acf":[],"_links":{"self":[{"href":"https:\/\/obera.fr\/pl\/wp-json\/wp\/v2\/posts\/134237","targetHints":{"allow":["GET"]}}],"collection":[{"href":"https:\/\/obera.fr\/pl\/wp-json\/wp\/v2\/posts"}],"about":[{"href":"https:\/\/obera.fr\/pl\/wp-json\/wp\/v2\/types\/post"}],"author":[{"embeddable":true,"href":"https:\/\/obera.fr\/pl\/wp-json\/wp\/v2\/users\/13"}],"replies":[{"embeddable":true,"href":"https:\/\/obera.fr\/pl\/wp-json\/wp\/v2\/comments?post=134237"}],"version-history":[{"count":1,"href":"https:\/\/obera.fr\/pl\/wp-json\/wp\/v2\/posts\/134237\/revisions"}],"predecessor-version":[{"id":134239,"href":"https:\/\/obera.fr\/pl\/wp-json\/wp\/v2\/posts\/134237\/revisions\/134239"}],"wp:featuredmedia":[{"embeddable":true,"href":"https:\/\/obera.fr\/pl\/wp-json\/wp\/v2\/media\/83746"}],"wp:attachment":[{"href":"https:\/\/obera.fr\/pl\/wp-json\/wp\/v2\/media?parent=134237"}],"wp:term":[{"taxonomy":"category","embeddable":true,"href":"https:\/\/obera.fr\/pl\/wp-json\/wp\/v2\/categories?post=134237"},{"taxonomy":"post_tag","embeddable":true,"href":"https:\/\/obera.fr\/pl\/wp-json\/wp\/v2\/tags?post=134237"}],"curies":[{"name":"wp","href":"https:\/\/api.w.org\/{rel}","templated":true}]}}