{"id":134276,"date":"2025-09-20T13:00:00","date_gmt":"2025-09-20T11:00:00","guid":{"rendered":"https:\/\/obera.fr\/nasza-rada\/komfort-termiczny-w-gastronomii-chlodziarki-ic-firmy-obera-mobilne-i-ekonomiczne-rozwiazanie\/"},"modified":"2025-11-27T21:37:59","modified_gmt":"2025-11-27T19:37:59","slug":"komfort-termiczny-w-gastronomii-chlodziarki-ic-firmy-obera-mobilne-i-ekonomiczne-rozwiazanie","status":"publish","type":"post","link":"https:\/\/obera.fr\/pl\/restauracje-i-zakwaterowanie\/komfort-termiczny-w-gastronomii-chlodziarki-ic-firmy-obera-mobilne-i-ekonomiczne-rozwiazanie\/","title":{"rendered":"Komfort termiczny w gastronomii: ch\u0142odziarki IC firmy OberA, mobilne i ekonomiczne rozwi\u0105zanie"},"content":{"rendered":"\n<h2 class=\"wp-block-heading\">Wprowadzenie<\/h2>\n\n<p>W kawiarniach, hotelach, restauracjach czy zak\u0142adach zbiorowego \u017cywienia, ciep\u0142o jest czynnikiem wp\u0142ywaj\u0105cym zar\u00f3wno na do\u015bwiadczenia klient\u00f3w, jak i na warunki pracy personelu. W salach, kuchniach lub na zadaszonych tarasach, wzrost temperatur mo\u017ce prowadzi\u0107 do dyskomfortu, utraty klient\u00f3w i spadku produktywno\u015bci.<br\/>Ch\u0142odziarki powietrza oparte na ewaporacji z serii <a href=\"https:\/\/obera.fr\/pl\/produits\/rafraichisseurs-air\/rafraichisseurs-par-evaporation-ic\/\">IC<\/a>, zaprojektowane przez <strong>OberA<\/strong>, oferuj\u0105 skuteczne, mobilne i niewymagaj\u0105ce prac instalacyjnych rozwi\u0105zanie do szybkiego, ekonomicznego i ekologicznego ch\u0142odzenia \u015brodowisk gastronomicznych.<\/p>\n\n<div class=\"wp-block-columns is-layout-flex wp-container-core-columns-is-layout-28f84493 wp-block-columns-is-layout-flex\">\n<div class=\"wp-block-column is-layout-flow wp-block-column-is-layout-flow\" style=\"flex-basis:66.66%\">\n<h2 class=\"wp-block-heading\">1. \u015arodowiska wra\u017cliwe na ciep\u0142o<\/h2>\n\n\n\n<ul class=\"wp-block-list\">\n<li><strong>Profesjonalne kuchnie<\/strong> emituj\u0105 ciep\u0142o w spos\u00f3b ci\u0105g\u0142y (piekarnik, plancha, frytownica, para), nawet poza okresami upa\u0142\u00f3w.<\/li>\n\n\n\n<li><a href=\"https:\/\/obera.fr\/pl\/restauracje-i-zakwaterowanie\/\">Sale restauracyjne<\/a> i przestrzenie recepcyjne, cz\u0119sto przeszklone, zamieniaj\u0105 si\u0119 w szklarnie podczas szczytowych temperatur.<\/li>\n\n\n\n<li><strong>Zadaszone lub p\u00f3\u0142otwarte tarasy<\/strong> s\u0105 bardzo nara\u017cone na dzia\u0142anie s\u0142o\u0144ca, co utrudnia ich wykorzystanie latem.<\/li>\n\n\n\n<li>Dyskomfort termiczny mo\u017ce prowadzi\u0107 do utraty klient\u00f3w i rotacji personelu.<\/li>\n<\/ul>\n\n\n\n<p><\/p>\n\n\n\n<h2 class=\"wp-block-heading\">2. Ch\u0142odzenie adiabatyczne, idealnie dostosowane do gastronomii<\/h2>\n\n\n\n<ul class=\"wp-block-list\">\n<li><strong>Ch\u0142odziarki IC<\/strong> dzia\u0142aj\u0105 na zasadzie parowania wody, naturalnie obni\u017caj\u0105c temperatur\u0119 otaczaj\u0105cego powietrza.<\/li>\n\n\n\n<li>Zapewniaj\u0105 <strong>sta\u0142e ch\u0142odzenie<\/strong>, bez cyrkulacji suchego powietrza ani recyrkulacji ciep\u0142a.<\/li>\n\n\n\n<li>Ich dzia\u0142anie jest <strong>ciche<\/strong>, bez wibracji i bez zewn\u0119trznych emisji: idealne do u\u017cytku w sali lub w pobli\u017cu klient\u00f3w.<\/li>\n\n\n\n<li>Nie wymagaj\u0105 <strong>\u017cadnej sta\u0142ej instalacji<\/strong>, co umo\u017cliwia szybkie wdro\u017cenie bez przerywania dzia\u0142alno\u015bci.<\/li>\n<\/ul>\n\n\n\n<p><\/p>\n<\/div>\n\n\n\n<div class=\"wp-block-column is-layout-flow wp-block-column-is-layout-flow\" style=\"flex-basis:33.33%\">\n<figure class=\"wp-block-image aligncenter size-large is-resized\"><img decoding=\"async\" width=\"1024\" height=\"1024\" src=\"https:\/\/obera.fr\/wp-content\/uploads\/2025\/08\/raf-restauration-1024x1024.png\" alt=\"ch&#x142;odzenie gastronomia\" class=\"wp-image-128665\" style=\"width:329px;height:auto\" srcset=\"https:\/\/obera.fr\/wp-content\/uploads\/2025\/08\/raf-restauration-1024x1024.png 1024w, https:\/\/obera.fr\/wp-content\/uploads\/2025\/08\/raf-restauration-300x300.png 300w, https:\/\/obera.fr\/wp-content\/uploads\/2025\/08\/raf-restauration-150x150.png 150w, https:\/\/obera.fr\/wp-content\/uploads\/2025\/08\/raf-restauration-768x768.png 768w, https:\/\/obera.fr\/wp-content\/uploads\/2025\/08\/raf-restauration.png 1200w\" sizes=\"(max-width: 1024px) 100vw, 1024px\" \/><\/figure>\n<\/div>\n<\/div>\n\n<h2 class=\"wp-block-heading\">3. Modele IC dostosowane do ka\u017cdej strefy lokalu<\/h2>\n\n<div class=\"wp-block-columns is-layout-flex wp-container-core-columns-is-layout-28f84493 wp-block-columns-is-layout-flex\">\n<div class=\"wp-block-column is-layout-flow wp-block-column-is-layout-flow\">\n<h3 class=\"wp-block-heading has-text-align-center\">IC 12<\/h3>\n\n\n\n<figure class=\"wp-block-image size-large\"><img decoding=\"async\" width=\"1024\" height=\"1024\" src=\"https:\/\/obera.fr\/wp-content\/uploads\/2025\/07\/ic-12-2-1024x1024.png\" alt=\"ic 12\" class=\"wp-image-124143\" srcset=\"https:\/\/obera.fr\/wp-content\/uploads\/2025\/07\/ic-12-2-1024x1024.png 1024w, https:\/\/obera.fr\/wp-content\/uploads\/2025\/07\/ic-12-2-300x300.png 300w, https:\/\/obera.fr\/wp-content\/uploads\/2025\/07\/ic-12-2-150x150.png 150w, https:\/\/obera.fr\/wp-content\/uploads\/2025\/07\/ic-12-2-768x768.png 768w, https:\/\/obera.fr\/wp-content\/uploads\/2025\/07\/ic-12-2.png 1200w\" sizes=\"(max-width: 1024px) 100vw, 1024px\" \/><\/figure>\n\n\n\n<ul class=\"wp-block-list\">\n<li>Do ma\u0142ych sal restauracyjnych, lad, ograniczonych przestrzeni kuchennych<\/li>\n\n\n\n<li>Przep\u0142yw 12 000 m\u00b3\/h<\/li>\n\n\n\n<li>\u0141atwy do przenoszenia, dyskretny, szybki w instalacji<\/li>\n<\/ul>\n\n\n\n<p><\/p>\n<\/div>\n\n\n\n<div class=\"wp-block-column is-layout-flow wp-block-column-is-layout-flow\">\n<h3 class=\"wp-block-heading has-text-align-center\">IC 22<\/h3>\n\n\n\n<figure class=\"wp-block-image size-large\"><img decoding=\"async\" width=\"1024\" height=\"1024\" src=\"https:\/\/obera.fr\/wp-content\/uploads\/2025\/07\/ic-22-2-1024x1024.png\" alt=\"ic 22\" class=\"wp-image-124296\" srcset=\"https:\/\/obera.fr\/wp-content\/uploads\/2025\/07\/ic-22-2-1024x1024.png 1024w, https:\/\/obera.fr\/wp-content\/uploads\/2025\/07\/ic-22-2-300x300.png 300w, https:\/\/obera.fr\/wp-content\/uploads\/2025\/07\/ic-22-2-150x150.png 150w, https:\/\/obera.fr\/wp-content\/uploads\/2025\/07\/ic-22-2-768x768.png 768w, https:\/\/obera.fr\/wp-content\/uploads\/2025\/07\/ic-22-2.png 1200w\" sizes=\"(max-width: 1024px) 100vw, 1024px\" \/><\/figure>\n\n\n\n<ul class=\"wp-block-list\">\n<li>Do du\u017cych otwartych kuchni, sto\u0142\u00f3wek, sal zbiorowego \u017cywienia<\/li>\n\n\n\n<li>Przep\u0142yw 22 000 m\u00b3\/h<\/li>\n\n\n\n<li>Zbiornik na wod\u0119 o du\u017cej pojemno\u015bci, zintegrowany system UV dla zapewnienia higieny<\/li>\n<\/ul>\n\n\n\n<p><\/p>\n<\/div>\n\n\n\n<div class=\"wp-block-column is-layout-flow wp-block-column-is-layout-flow\">\n<h3 class=\"wp-block-heading has-text-align-center\">IC 30<\/h3>\n\n\n\n<figure class=\"wp-block-image size-large\"><img decoding=\"async\" width=\"1024\" height=\"1024\" src=\"https:\/\/obera.fr\/wp-content\/uploads\/2025\/07\/ic-30-4-1024x1024.png\" alt=\"ic 30\" class=\"wp-image-124370\" srcset=\"https:\/\/obera.fr\/wp-content\/uploads\/2025\/07\/ic-30-4-1024x1024.png 1024w, https:\/\/obera.fr\/wp-content\/uploads\/2025\/07\/ic-30-4-300x300.png 300w, https:\/\/obera.fr\/wp-content\/uploads\/2025\/07\/ic-30-4-150x150.png 150w, https:\/\/obera.fr\/wp-content\/uploads\/2025\/07\/ic-30-4-768x768.png 768w, https:\/\/obera.fr\/wp-content\/uploads\/2025\/07\/ic-30-4.png 1200w\" sizes=\"(max-width: 1024px) 100vw, 1024px\" \/><\/figure>\n\n\n\n<ul class=\"wp-block-list\">\n<li>Du\u017ce przestrzenie eventowe <\/li>\n\n\n\n<li>Przep\u0142yw 30 000 m\u00b3\/h<\/li>\n\n\n\n<li>Odpowiedni do przestrzeni p\u00f3\u0142otwartych lub cz\u0119\u015bciowo zadaszonych<\/li>\n<\/ul>\n\n\n\n<p><\/p>\n<\/div>\n<\/div>\n\n<div class=\"wp-block-buttons is-content-justification-center is-layout-flex wp-container-core-buttons-is-layout-a89b3969 wp-block-buttons-is-layout-flex\">\n<div class=\"wp-block-button\"><a class=\"wp-block-button__link wp-element-button\" href=\"https:\/\/obera.fr\/pl\/produits\/rafraichisseurs-air\/\">Odkryj nasz\u0105 gam\u0119 IC<\/a><\/div>\n<\/div>\n\n<p><\/p>\n\n<h2 class=\"wp-block-heading\">4. Konkretne korzy\u015bci dla profesjonalist\u00f3w z bran\u017cy gastronomicznej<\/h2>\n\n<ul class=\"wp-block-list\">\n<li><strong>Natychmiastowa poprawa komfortu klienta<\/strong>, bez inwazyjnej klimatyzacji<\/li>\n\n\n\n<li><strong>Zmniejszenie zm\u0119czenia i stresu termicznego w kuchni<\/strong><\/li>\n\n\n\n<li><strong>Zwi\u0119kszenie frekwencji<\/strong> na tarasach podczas upa\u0142\u00f3w<\/li>\n\n\n\n<li><strong>Mobilne i sezonowe rozwi\u0105zanie<\/strong>, idealne na okres letni<\/li>\n\n\n\n<li><strong>Oszcz\u0119dno\u015b\u0107 energii<\/strong> w por\u00f3wnaniu z konwencjonaln\u0105 klimatyzacj\u0105<\/li>\n\n\n\n<li><strong>\u0141atwo\u015b\u0107 konserwacji<\/strong>, zgodna z wymogami higieny \u017cywno\u015bci<\/li>\n\n\n\n<li><strong>Mo\u017cliwo\u015b\u0107 wynajmu<\/strong> na okresy wysokiej aktywno\u015bci (lato, wydarzenia, festiwale)<\/li>\n<\/ul>\n\n<h2 class=\"wp-block-heading\">Wnioski<\/h2>\n\n<p>W sektorze, gdzie komfort termiczny bezpo\u015brednio wp\u0142ywa na zadowolenie klienta i wydajno\u015b\u0107 zespo\u0142u, <strong>ch\u0142odziarki IC firmy OberA<\/strong> zapewniaj\u0105 proste, wydajne i mobilne rozwi\u0105zanie. Niezale\u017cnie od tego, czy s\u0105 u\u017cywane w sali, kuchni czy na tarasie, doskonale wpisuj\u0105 si\u0119 w wymagania bran\u017cy gastronomicznej. <\/p>\n","protected":false},"excerpt":{"rendered":"<p>W kawiarniach, hotelach, restauracjach czy zak\u0142adach zbiorowego \u017cywienia, ciep\u0142o jest czynnikiem wp\u0142ywaj\u0105cym zar\u00f3wno na do\u015bwiadczenia klient\u00f3w, jak i na warunki pracy personelu.<\/p>\n","protected":false},"author":13,"featured_media":83746,"comment_status":"open","ping_status":"closed","sticky":false,"template":"","format":"standard","meta":{"_acf_changed":false,"_seopress_robots_primary_cat":"none","_seopress_titles_title":"Ch\u0142odziarki IC OberA: komfort termiczny dla kawiarni, hoteli i restauracji","_seopress_titles_desc":"Popraw komfort w sali, kuchni i na tarasie dzi\u0119ki mobilnym ch\u0142odziarkom IC firmy OberA: ekonomiczne, ekologiczne i idealne rozwi\u0105zanie dla gastronomii.","_seopress_robots_index":"","footnotes":""},"categories":[923],"tags":[434],"class_list":["post-134276","post","type-post","status-publish","format-standard","has-post-thumbnail","hentry","category-restauracje-i-zakwaterowanie","tag-chlodziarki","generate-columns","tablet-grid-50","mobile-grid-100","grid-parent","grid-50","no-featured-image-padding","resize-featured-image"],"acf":[],"_links":{"self":[{"href":"https:\/\/obera.fr\/pl\/wp-json\/wp\/v2\/posts\/134276","targetHints":{"allow":["GET"]}}],"collection":[{"href":"https:\/\/obera.fr\/pl\/wp-json\/wp\/v2\/posts"}],"about":[{"href":"https:\/\/obera.fr\/pl\/wp-json\/wp\/v2\/types\/post"}],"author":[{"embeddable":true,"href":"https:\/\/obera.fr\/pl\/wp-json\/wp\/v2\/users\/13"}],"replies":[{"embeddable":true,"href":"https:\/\/obera.fr\/pl\/wp-json\/wp\/v2\/comments?post=134276"}],"version-history":[{"count":1,"href":"https:\/\/obera.fr\/pl\/wp-json\/wp\/v2\/posts\/134276\/revisions"}],"predecessor-version":[{"id":134277,"href":"https:\/\/obera.fr\/pl\/wp-json\/wp\/v2\/posts\/134276\/revisions\/134277"}],"wp:featuredmedia":[{"embeddable":true,"href":"https:\/\/obera.fr\/pl\/wp-json\/wp\/v2\/media\/83746"}],"wp:attachment":[{"href":"https:\/\/obera.fr\/pl\/wp-json\/wp\/v2\/media?parent=134276"}],"wp:term":[{"taxonomy":"category","embeddable":true,"href":"https:\/\/obera.fr\/pl\/wp-json\/wp\/v2\/categories?post=134276"},{"taxonomy":"post_tag","embeddable":true,"href":"https:\/\/obera.fr\/pl\/wp-json\/wp\/v2\/tags?post=134276"}],"curies":[{"name":"wp","href":"https:\/\/api.w.org\/{rel}","templated":true}]}}