{"id":145693,"date":"2025-12-08T13:27:24","date_gmt":"2025-12-08T11:27:24","guid":{"rendered":"https:\/\/obera.fr\/nasza-rada\/89-francuzow-nie-docenia-zanieczyszczenia-powietrza-w-miejscu-pracy\/"},"modified":"2026-04-22T14:25:51","modified_gmt":"2026-04-22T12:25:51","slug":"89-francuzow-nie-docenia-zanieczyszczenia-powietrza-w-miejscu-pracy","status":"publish","type":"post","link":"https:\/\/obera.fr\/pl\/presse\/89-francuzow-nie-docenia-zanieczyszczenia-powietrza-w-miejscu-pracy\/","title":{"rendered":"89% Francuz\u00f3w nie docenia zanieczyszczenia powietrza w miejscu pracy"},"content":{"rendered":"\n\n<div class=\"kpis-band\">\n  <div class=\"kpis-grid\">\n    <div class=\"kpi\">\n      <span class=\"kpi-val\">89%<\/span>\n      <span class=\"kpi-label\">nie docenia zanieczyszczenia powietrza wewn\u0105trz w pracy<\/span>\n    <\/div>\n    <div class=\"kpi\">\n      <span class=\"kpi-val\">22%<\/span>\n      <span class=\"kpi-label\">tylko tyle os\u00f3b wie, \u017ce jako\u015b\u0107 powietrza to prawny obowi\u0105zek pracodawcy<\/span>\n    <\/div>\n    <div class=\"kpi\">\n      <span class=\"kpi-val\">5 601<\/span>\n      <span class=\"kpi-label\">ankietowanych os\u00f3b w sze\u015bciu g\u0142\u00f3wnych sektorach dzia\u0142alno\u015bci<\/span>\n    <\/div>\n  <\/div>\n<\/div>\n\n<div class=\"article-body\">\n\n  <!-- M\u00e9ta -->\n  <div class=\"meta-bar\">\n    <span class=\"tag-cp\">Komunikat prasowy<\/span>\n    <span class=\"meta-date\">8 grudnia 2025 \u2014 Pary\u017c<\/span>\n  <\/div>\n  <h1>89% Francuz\u00f3w nie docenia zanieczyszczenia powietrza w miejscu pracy&#8230;<\/h1>\n\n  <!-- Intro -->\n  <p><em>Co s\u0105dz\u0105 Pa\u0144stwo o jako\u015bci powietrza w miejscu pracy?<\/em> To pytanie firma <strong>OberA zada\u0142a 5 601 osobom<\/strong> z sze\u015bciu g\u0142\u00f3wnych sektor\u00f3w dzia\u0142alno\u015bci*. Badanie pokazuje, \u017ce wi\u0119kszo\u015b\u0107 pracownik\u00f3w nie docenia zanieczyszczenia powietrza wewn\u0105trz, s\u0142abo zna ryzyka dla zdrowia i w du\u017cej mierze nie jest \u015bwiadoma obowi\u0105zk\u00f3w prawnych pracodawcy. <\/p>\n\n  <!-- \u2500\u2500 SECTION 1 \u2014 Perception de la qualit\u00e9 de l'air \u2500\u2500 -->\n  <h2>Francuzi b\u0142\u0119dnie oceniaj\u0105 jako\u015b\u0107 powietrza<\/h2>\n\n  <div class=\"stat-highlight\">\n    <span class=\"big-num\">57 %<\/span>\n    <div class=\"stat-text\">\n      <strong>uwa\u017ca, \u017ce powietrze w miejscu pracy zim\u0105 jest \u201ebardzo\u201d lub \u201eraczej\u201d dobrej jako\u015bci<\/strong>\n      <p>Daleko od rzeczywisto\u015bci \u2014 wszystkie badania s\u0105 zgodne, \u017ce jako\u015b\u0107 powietrza wewn\u0105trz mo\u017ce stanowi\u0107 istotne ryzyko dla zdrowia, nawet bez zapachu i bez widocznych oznak dyskomfortu.<\/p>\n    <\/div>\n  <\/div>\n\n  <p>Mimo to niemal 1 osoba na 3 (29%) ocenia powietrze w swoim miejscu pracy jako z\u0142e, co wskazuje, \u017ce dyskomfort jest ju\u017c odczuwalny w wielu \u015brodowiskach. Co wi\u0119cej, <strong>14% deklaruje, \u017ce nigdy nie zadawa\u0142o sobie tego pytania<\/strong>, co potwierdza ogromn\u0105 rozbie\u017cno\u015b\u0107 mi\u0119dzy postrzeganiem pracownik\u00f3w a rzeczywist\u0105 skal\u0105 wyzwa\u0144 zwi\u0105zanych z jako\u015bci\u0105 powietrza w pracy. <\/p>\n\n  <div class=\"data-table-wrap\">\n    <div class=\"data-table-title\">Czy zim\u0105 powiedzieliby Pa\u0144stwo, \u017ce jako\u015b\u0107 powietrza w Pa\u0144stwa \u015brodowisku pracy jest:<\/div>\n    <table class=\"data\">\n      <thead><tr><th>Odpowied\u017a<\/th><th>Wynik<\/th><\/tr><\/thead>\n      <tbody>\n        <tr><td>Bardzo dobra<\/td><td><div class=\"pct-bar-cell\"><div class=\"pct-bar\"><div class=\"pct-bar-fill\" style=\"width:21%\"><\/div><\/div><span class=\"pct-val\">21 %<\/span><\/div><\/td><\/tr>\n        <tr><td>Raczej dobra<\/td><td><div class=\"pct-bar-cell\"><div class=\"pct-bar\"><div class=\"pct-bar-fill\" style=\"width:36%\"><\/div><\/div><span class=\"pct-val pct-top\">36 %<\/span><\/div><\/td><\/tr>\n        <tr><td>Raczej z\u0142a<\/td><td><div class=\"pct-bar-cell\"><div class=\"pct-bar\"><div class=\"pct-bar-fill\" style=\"width:23%\"><\/div><\/div><span class=\"pct-val\">23 %<\/span><\/div><\/td><\/tr>\n        <tr><td>Bardzo z\u0142a<\/td><td><div class=\"pct-bar-cell\"><div class=\"pct-bar\"><div class=\"pct-bar-fill\" style=\"width:6%\"><\/div><\/div><span class=\"pct-val\">6 %<\/span><\/div><\/td><\/tr>\n        <tr><td>Nie wiem \/ nigdy nie zadawa\u0142em(-am) sobie tego pytania<\/td><td><div class=\"pct-bar-cell\"><div class=\"pct-bar\"><div class=\"pct-bar-fill\" style=\"width:14%;background:#E5E7EB\"><\/div><\/div><span class=\"pct-val\">14 %<\/span><\/div><\/td><\/tr>\n      <\/tbody>\n    <\/table>\n  <\/div>\n\n  <!-- \u2500\u2500 SECTION 2 \u2014 Syst\u00e8mes existants \u2500\u2500 -->\n  <h2>Do czego s\u0142u\u017c\u0105 istniej\u0105ce w firmie systemy?<\/h2>\n\n  <div class=\"stat-highlight\">\n    <span class=\"big-num\">65 %<\/span>\n    <div class=\"stat-text\">\n      <strong>b\u0142\u0119dnie uwa\u017ca, \u017ce ich systemy ogrzewania, klimatyzacji lub wentylacji mechanicznej filtruj\u0105 lub oczyszczaj\u0105 powietrze<\/strong>\n      <p>Wi\u0119kszo\u015b\u0107 tych urz\u0105dze\u0144 nie jest zaprojektowana do usuwania zanieczyszcze\u0144 bez dedykowanego systemu uzdatniania.<\/p>\n    <\/div>\n  <\/div>\n\n  <p>Bardziej \u015bwiadomi, <strong>23% uwa\u017ca, \u017ce \u201etylko ogrzewaj\u0105 lub ch\u0142odz\u0105\u201d<\/strong>, a 12% przyznaje, \u017ce nie wie, jak to dzia\u0142a, co wskazuje na og\u00f3ln\u0105 niejasno\u015b\u0107 co do rzeczywistej roli tych instalacji.<\/p>\n\n  <div class=\"data-table-wrap\">\n    <div class=\"data-table-title\">Pa\u0144stwa zdaniem systemy obecne w miejscu pracy (ogrzewanie, klimatyzacja, wentylacja mechaniczna):<\/div>\n    <table class=\"data\">\n      <thead><tr><th>Odpowied\u017a<\/th><th>Wynik<\/th><\/tr><\/thead>\n      <tbody>\n        <tr><td>Oczyszczaj\u0105 powietrze i czyni\u0105 je zdrowszym<\/td><td><div class=\"pct-bar-cell\"><div class=\"pct-bar\"><div class=\"pct-bar-fill\" style=\"width:34%\"><\/div><\/div><span class=\"pct-val pct-top\">34 %<\/span><\/div><\/td><\/tr>\n        <tr><td>Troch\u0119 filtruj\u0105 powietrze, ale to nie jest ich g\u0142\u00f3wna funkcja<\/td><td><div class=\"pct-bar-cell\"><div class=\"pct-bar\"><div class=\"pct-bar-fill\" style=\"width:31%\"><\/div><\/div><span class=\"pct-val\">31 %<\/span><\/div><\/td><\/tr>\n        <tr><td>Tylko ogrzewaj\u0105 \/ ch\u0142odz\u0105 powietrze, bez jego oczyszczania<\/td><td><div class=\"pct-bar-cell\"><div class=\"pct-bar\"><div class=\"pct-bar-fill\" style=\"width:23%\"><\/div><\/div><span class=\"pct-val\">23 %<\/span><\/div><\/td><\/tr>\n        <tr><td>Nie wiem, jak to dzia\u0142a<\/td><td><div class=\"pct-bar-cell\"><div class=\"pct-bar\"><div class=\"pct-bar-fill\" style=\"width:12%;background:#E5E7EB\"><\/div><\/div><span class=\"pct-val\">12 %<\/span><\/div><\/td><\/tr>\n      <\/tbody>\n    <\/table>\n  <\/div>\n\n  <!-- \u2500\u2500 SECTION 3 \u2014 Contr\u00f4les \u2500\u2500 -->\n  <h2>Kontrole bardzo nieregularne<\/h2>\n\n  <div class=\"stats-duo\">\n    <div class=\"stat-card\">\n      <span class=\"num\"><span class=\"accent\">60%<\/span><\/span>\n      <span class=\"lbl\">nie wie, czy jako\u015b\u0107 powietrza jest mierzona w ich obiektach (29% \u201enie, nigdy\u201d + 31% \u201enigdy nie informowano\u201d)<\/span>\n    <\/div>\n    <div class=\"stat-card\">\n      <span class=\"num\"><span class=\"accent\">14%<\/span><\/span>\n      <span class=\"lbl\">tylko tyle os\u00f3b wskazuje na <strong>regularn\u0105 kontrol\u0119<\/strong> jako\u015bci powietrza<\/span>\n    <\/div>\n  <\/div>\n\n  <p>Niemal co drugi pracownik nie wie, czy jako\u015b\u0107 powietrza jest mierzona w jego obiekcie: 29% odpowiada \u201enie, nigdy\u201d, a 31% deklaruje, \u017ce nigdy nie zosta\u0142o poinformowane, \u017ce mo\u017cna to mierzy\u0107. <strong>Tylko 14% wskazuje na regularn\u0105 kontrol\u0119<\/strong>, podczas gdy pomiar CO\u2082, cz\u0105stek lub LZO jest dzi\u015b uznawany za niezb\u0119dny element zapewnienia zdrowego i produktywnego \u015brodowiska pracy.<\/p>\n\n  <div class=\"data-table-wrap\">\n    <div class=\"data-table-title\">Czy wiedz\u0105 Pa\u0144stwo, czy jako\u015b\u0107 powietrza (CO\u2082, py\u0142y drobne, dymy, LZO, py\u0142y przemys\u0142owe\u2026) jest mierzona lub kontrolowana w Pa\u0144stwa \u015brodowisku zawodowym?<\/div>\n    <table class=\"data\">\n      <thead><tr><th>Odpowied\u017a<\/th><th>Wynik<\/th><\/tr><\/thead>\n      <tbody>\n        <tr><td>Tak, regularnie<\/td><td><div class=\"pct-bar-cell\"><div class=\"pct-bar\"><div class=\"pct-bar-fill\" style=\"width:14%\"><\/div><\/div><span class=\"pct-val\">14 %<\/span><\/div><\/td><\/tr>\n        <tr><td>Tak, ale bardzo sporadycznie<\/td><td><div class=\"pct-bar-cell\"><div class=\"pct-bar\"><div class=\"pct-bar-fill\" style=\"width:26%\"><\/div><\/div><span class=\"pct-val\">26 %<\/span><\/div><\/td><\/tr>\n        <tr><td>Nie, nigdy<\/td><td><div class=\"pct-bar-cell\"><div class=\"pct-bar\"><div class=\"pct-bar-fill\" style=\"width:29%\"><\/div><\/div><span class=\"pct-val pct-top\">29 %<\/span><\/div><\/td><\/tr>\n        <tr><td>Nie wiem \/ nie wiedzia\u0142em(-am), \u017ce mo\u017cna to mierzy\u0107<\/td><td><div class=\"pct-bar-cell\"><div class=\"pct-bar\"><div class=\"pct-bar-fill\" style=\"width:31%;background:#E5E7EB\"><\/div><\/div><span class=\"pct-val\">31 %<\/span><\/div><\/td><\/tr>\n      <\/tbody>\n    <\/table>\n  <\/div>\n\n  <!-- \u2500\u2500 SECTION 4 \u2014 Priorit\u00e9 en entreprise \u2500\u2500 -->\n  <h2>Firmy ma\u0142o zaanga\u017cowane<\/h2>\n\n  <div class=\"stat-highlight\">\n    <span class=\"big-num\">12 %<\/span>\n    <div class=\"stat-text\">\n      <strong>tylko tyle os\u00f3b uwa\u017ca, \u017ce jako\u015b\u0107 powietrza wewn\u0105trz jest prawdziwym priorytetem w ich firmie<\/strong>\n      <p>37% prawie nigdy o tym nie rozmawia, a 27% w og\u00f3le nie wie, jak temat jest zarz\u0105dzany \u2014 czyli niemal 2 pracownik\u00f3w na 3 \u017cyje w niepewno\u015bci.<\/p>\n    <\/div>\n  <\/div>\n\n  <p>W wi\u0119kszo\u015bci firm jako\u015b\u0107 powietrza wewn\u0105trz pozostaje daleko w tyle za bezpiecze\u0144stwem czy ergonomi\u0105: <strong>tylko 12% Francuz\u00f3w uwa\u017ca, \u017ce to prawdziwy priorytet<\/strong>. Z kolei 37% prawie nigdy o tym nie rozmawia, a 27% w og\u00f3le nie wie, jak temat jest zarz\u0105dzany \u2014 czyli niemal 2 pracownik\u00f3w na 3 \u017cyje w niepewno\u015bci. <\/p>\n\n  <div class=\"data-table-wrap\">\n    <div class=\"data-table-title\">Pa\u0144stwa zdaniem w Pa\u0144stwa firmie jako\u015b\u0107 powietrza wewn\u0105trz zim\u0105 jest traktowana jako\u2026<\/div>\n    <table class=\"data\">\n      <thead><tr><th>Odpowied\u017a<\/th><th>Wynik<\/th><\/tr><\/thead>\n      <tbody>\n        <tr><td>Wa\u017cny priorytet, na r\u00f3wni z bezpiecze\u0144stwem lub ergonomi\u0105<\/td><td><div class=\"pct-bar-cell\"><div class=\"pct-bar\"><div class=\"pct-bar-fill\" style=\"width:12%\"><\/div><\/div><span class=\"pct-val\">12 %<\/span><\/div><\/td><\/tr>\n        <tr><td>Temat, o kt\u00f3rym czasem si\u0119 m\u00f3wi, ale bez widocznych dzia\u0142a\u0144<\/td><td><div class=\"pct-bar-cell\"><div class=\"pct-bar\"><div class=\"pct-bar-fill\" style=\"width:24%\"><\/div><\/div><span class=\"pct-val\">24 %<\/span><\/div><\/td><\/tr>\n        <tr><td>Temat, o kt\u00f3rym prawie nigdy si\u0119 nie m\u00f3wi<\/td><td><div class=\"pct-bar-cell\"><div class=\"pct-bar\"><div class=\"pct-bar-fill\" style=\"width:37%\"><\/div><\/div><span class=\"pct-val pct-top\">37 %<\/span><\/div><\/td><\/tr>\n        <tr><td>W og\u00f3le nie wiem, jak jest to zarz\u0105dzane<\/td><td><div class=\"pct-bar-cell\"><div class=\"pct-bar\"><div class=\"pct-bar-fill\" style=\"width:27%;background:#E5E7EB\"><\/div><\/div><span class=\"pct-val\">27 %<\/span><\/div><\/td><\/tr>\n      <\/tbody>\n    <\/table>\n  <\/div>\n\n  <!-- \u2500\u2500 SECTION 5 \u2014 D\u00e9finition d'un air sain \u2500\u2500 -->\n  <h2>Czym jest zdrowe powietrze?<\/h2>\n\n  <div class=\"stat-highlight\">\n    <span class=\"big-num\">64 %<\/span>\n    <div class=\"stat-text\">\n      <strong>uwa\u017ca, \u017ce potrafi oceni\u0107 jako\u015b\u0107 powietrza na podstawie prostych, subiektywnych odczu\u0107<\/strong>\n      <p>Brak zapachu, widocznego dymu lub skarg \u2014 bez \u017cadnego obiektywnego pomiaru. Tylko 25% wskazuje pomiar zanieczyszcze\u0144 jako w\u0142a\u015bciwy wska\u017anik. <\/p>\n    <\/div>\n  <\/div>\n\n  <p>Ta rozbie\u017cno\u015b\u0107 podsyca fa\u0142szywe poczucie bezpiecze\u0144stwa w wielu \u015brodowiskach pracy, podczas gdy jako\u015b\u0107 powietrza wewn\u0105trz <strong>mierzy si\u0119 precyzyjnie dzi\u0119ki czujnikom i dedykowanej diagnostyce<\/strong> i stanowi kluczowe zagadnienie zdrowia oraz efektywno\u015bci w firmie.<\/p>\n\n  <div class=\"data-table-wrap\">\n    <div class=\"data-table-title\">Aby wiedzie\u0107, czy powietrze w Pa\u0144stwa obiekcie jest zdrowe, jaki \u2014 Pa\u0144stwa zdaniem \u2014 jest najlepszy wska\u017anik?<\/div>\n    <table class=\"data\">\n      <thead><tr><th>Wska\u017anik<\/th><th>Wynik<\/th><\/tr><\/thead>\n      <tbody>\n        <tr><td>Je\u015bli nie ma nieprzyjemnego zapachu<\/td><td><div class=\"pct-bar-cell\"><div class=\"pct-bar\"><div class=\"pct-bar-fill\" style=\"width:34%\"><\/div><\/div><span class=\"pct-val pct-top\">34 %<\/span><\/div><\/td><\/tr>\n        <tr><td>Pomiar niekt\u00f3rych zanieczyszcze\u0144 (CO\u2082, LZO, cz\u0105stki itp.) odpowiednim urz\u0105dzeniem<\/td><td><div class=\"pct-bar-cell\"><div class=\"pct-bar\"><div class=\"pct-bar-fill\" style=\"width:25%\"><\/div><\/div><span class=\"pct-val\">25 %<\/span><\/div><\/td><\/tr>\n        <tr><td>Je\u015bli nie ma widocznego dymu ani kurzu<\/td><td><div class=\"pct-bar-cell\"><div class=\"pct-bar\"><div class=\"pct-bar-fill\" style=\"width:23%\"><\/div><\/div><span class=\"pct-val\">23 %<\/span><\/div><\/td><\/tr>\n        <tr><td>Nie wiem<\/td><td><div class=\"pct-bar-cell\"><div class=\"pct-bar\"><div class=\"pct-bar-fill\" style=\"width:11%;background:#E5E7EB\"><\/div><\/div><span class=\"pct-val\">11 %<\/span><\/div><\/td><\/tr>\n        <tr><td>Je\u015bli nikt nie narzeka (brak b\u00f3l\u00f3w g\u0142owy, brak dyskomfortu)<\/td><td><div class=\"pct-bar-cell\"><div class=\"pct-bar\"><div class=\"pct-bar-fill\" style=\"width:7%;background:#E5E7EB\"><\/div><\/div><span class=\"pct-val\">7 %<\/span><\/div><\/td><\/tr>\n      <\/tbody>\n    <\/table>\n  <\/div>\n\n  <!-- \u2500\u2500 SECTION 6 \u2014 Connaissance des param\u00e8tres \u2500\u2500 -->\n  <h2>Brak wiedzy na ten temat<\/h2>\n\n  <p>Bardzo niewielu Francuz\u00f3w zna parametry wykorzystywane do pomiaru jako\u015bci powietrza wewn\u0105trz. O ile temperatura (91%) i wilgotno\u015b\u0107 wzgl\u0119dna (76%) s\u0105 powszechnie rozpoznawane, o tyle <strong>tylko 64% wskazuje CO\u2082, 38% py\u0142y drobne, a zaledwie 5% zna LZO<\/strong>, mimo \u017ce te zanieczyszczenia s\u0105 kluczowe w profesjonalnej diagnostyce jako\u015bci powietrza. Niemal 1 respondent na 10 deklaruje nawet, \u017ce nie zna \u017cadnego z parametr\u00f3w pomiaru.  <\/p>\n\n  <div class=\"data-table-wrap\">\n    <div class=\"data-table-title\">Kt\u00f3re z tych parametr\u00f3w zna Pan\/Pani jako wykorzystywane do pomiaru jako\u015bci powietrza wewn\u0105trz? (mo\u017cna zaznaczy\u0107 kilka odpowiedzi)<\/div>\n    <table class=\"data\">\n      <thead><tr><th>Parametr<\/th><th>Wynik<\/th><\/tr><\/thead>\n      <tbody>\n        <tr><td>Temperatura<\/td><td><div class=\"pct-bar-cell\"><div class=\"pct-bar\"><div class=\"pct-bar-fill\" style=\"width:91%\"><\/div><\/div><span class=\"pct-val pct-top\">91 %<\/span><\/div><\/td><\/tr>\n        <tr><td>Wilgotno\u015b\u0107 wzgl\u0119dna<\/td><td><div class=\"pct-bar-cell\"><div class=\"pct-bar\"><div class=\"pct-bar-fill\" style=\"width:76%\"><\/div><\/div><span class=\"pct-val pct-top\">76 %<\/span><\/div><\/td><\/tr>\n        <tr><td>CO\u2082 (dwutlenek w\u0119gla)<\/td><td><div class=\"pct-bar-cell\"><div class=\"pct-bar\"><div class=\"pct-bar-fill\" style=\"width:64%\"><\/div><\/div><span class=\"pct-val\">64 %<\/span><\/div><\/td><\/tr>\n        <tr><td>Py\u0142y drobne (PM2,5 \/ PM10)<\/td><td><div class=\"pct-bar-cell\"><div class=\"pct-bar\"><div class=\"pct-bar-fill\" style=\"width:38%\"><\/div><\/div><span class=\"pct-val\">38 %<\/span><\/div><\/td><\/tr>\n        <tr><td>\u017badne z tych poj\u0119\u0107 nic mi nie m\u00f3wi<\/td><td><div class=\"pct-bar-cell\"><div class=\"pct-bar\"><div class=\"pct-bar-fill\" style=\"width:9%;background:#E5E7EB\"><\/div><\/div><span class=\"pct-val\">9 %<\/span><\/div><\/td><\/tr>\n        <tr><td>LZO (lotne zwi\u0105zki organiczne)<\/td><td><div class=\"pct-bar-cell\"><div class=\"pct-bar\"><div class=\"pct-bar-fill\" style=\"width:5%;background:#E5E7EB\"><\/div><\/div><span class=\"pct-val\">5 %<\/span><\/div><\/td><\/tr>\n      <\/tbody>\n    <\/table>\n  <\/div>\n\n  <!-- \u2500\u2500 SECTION 7 \u2014 Pollution sous-estim\u00e9e \u2500\u2500 -->\n  <h2>Zanieczyszczenie powietrza wewn\u0105trz jest mocno niedoceniane<\/h2>\n\n  <div class=\"stat-highlight\">\n    <span class=\"big-num\">89 %<\/span>\n    <div class=\"stat-text\">\n      <strong>nie docenia zanieczyszczenia powietrza wewn\u0105trz w \u015brodowiskach zawodowych lub nie ma poj\u0119cia o jego poziomie<\/strong>\n      <p>Tylko 11% wie, \u017ce mo\u017ce by\u0107 5\u201310 razy bardziej zanieczyszczone ni\u017c powietrze na zewn\u0105trz, co potwierdzaj\u0105 dane OQEI.<\/p>\n    <\/div>\n  <\/div>\n\n  <p>Szczeg\u00f3\u0142owo: <strong>63% uwa\u017ca, \u017ce powietrze wewn\u0105trz jest mniej, tak samo lub tylko nieco bardziej zanieczyszczone ni\u017c na zewn\u0105trz<\/strong>, a 26% nigdy nie zadawa\u0142o sobie tego pytania. Ta ogromna rozbie\u017cno\u015b\u0107 mi\u0119dzy postrzeganiem a rzeczywisto\u015bci\u0105 pokazuje, jak bardzo zanieczyszczenie powietrza wewn\u0105trz pozostaje niewidocznym ryzykiem, mimo \u017ce jest uznawane za istotny problem zdrowia publicznego i profilaktyki w firmach. <\/p>\n\n  <div class=\"data-table-wrap\">\n    <div class=\"data-table-title\">Pa\u0144stwa zdaniem powietrze wewn\u0105trz w \u015brodowiskach zawodowych jest:<\/div>\n    <table class=\"data\">\n      <thead><tr><th>Postrzegany poziom zanieczyszczenia<\/th><th>Wynik<\/th><\/tr><\/thead>\n      <tbody>\n        <tr><td>Nieco bardziej zanieczyszczone, ale nie a\u017c tak<\/td><td><div class=\"pct-bar-cell\"><div class=\"pct-bar\"><div class=\"pct-bar-fill\" style=\"width:28%\"><\/div><\/div><span class=\"pct-val pct-top\">28 %<\/span><\/div><\/td><\/tr>\n        <tr><td>Nie wiem \/ nigdy nie zadawa\u0142em(-am) sobie tego pytania<\/td><td><div class=\"pct-bar-cell\"><div class=\"pct-bar\"><div class=\"pct-bar-fill\" style=\"width:26%;background:#E5E7EB\"><\/div><\/div><span class=\"pct-val\">26 %<\/span><\/div><\/td><\/tr>\n        <tr><td>Mniej wi\u0119cej tak samo zanieczyszczone<\/td><td><div class=\"pct-bar-cell\"><div class=\"pct-bar\"><div class=\"pct-bar-fill\" style=\"width:23%\"><\/div><\/div><span class=\"pct-val\">23 %<\/span><\/div><\/td><\/tr>\n        <tr><td>Mniej zanieczyszczone ni\u017c powietrze na zewn\u0105trz<\/td><td><div class=\"pct-bar-cell\"><div class=\"pct-bar\"><div class=\"pct-bar-fill\" style=\"width:12%;background:#E5E7EB\"><\/div><\/div><span class=\"pct-val\">12 %<\/span><\/div><\/td><\/tr>\n        <tr><td><strong>5 \u00e0 10 fois plus pollu\u00e9<\/strong> (rzeczywisto\u015b\u0107)<\/td><td><div class=\"pct-bar-cell\"><div class=\"pct-bar\"><div class=\"pct-bar-fill\" style=\"width:11%\"><\/div><\/div><span class=\"pct-val pct-top\">11 %<\/span><\/div><\/td><\/tr>\n      <\/tbody>\n    <\/table>\n  <\/div>\n\n  <!-- \u2500\u2500 SECTION 8 \u2014 Obligation l\u00e9gale \u2500\u2500 -->\n  <h2>A co z przepisami?<\/h2>\n\n  <div class=\"stats-duo\">\n    <div class=\"stat-card\">\n      <span class=\"num\"><span class=\"accent\">22%<\/span><\/span>\n      <span class=\"lbl\">wie jasno, \u017ce jako\u015b\u0107 powietrza to <strong>obowi\u0105zek regulacyjny<\/strong> pracodawcy<\/span>\n    <\/div>\n    <div class=\"stat-card\">\n      <span class=\"num\"><span class=\"accent\">49%<\/span><\/span>\n      <span class=\"lbl\">nie wie o tym lub uwa\u017ca, \u017ce to nie jest obowi\u0105zek prawny<\/span>\n    <\/div>\n  <\/div>\n\n  <p>Wyniki te ujawniaj\u0105 r\u00f3wnie\u017c realne zamieszanie wok\u00f3\u0142 prawa pracy: <strong>tylko 22% respondent\u00f3w wie jasno, \u017ce utrzymanie zdrowego powietrza wewn\u0105trz jest obowi\u0105zkiem regulacyjnym pracodawcy<\/strong>. Co prawda 29% uznaje to za \u201eprawdopodobnie prawd\u0119\u201d, ale niemal 1 pracownik na 2 (49%) nie wie o tym lub uwa\u017ca, \u017ce to nie jest obowi\u0105zek. <\/p>\n\n  <div class=\"data-table-wrap\">\n    <div class=\"data-table-title\">Czy Pa\u0144stwa zdaniem utrzymanie zdrowego powietrza wewn\u0105trz jest obowi\u0105zkiem pracodawcy wynikaj\u0105cym z przepis\u00f3w?<\/div>\n    <table class=\"data\">\n      <thead><tr><th>Odpowied\u017a<\/th><th>Wynik<\/th><\/tr><\/thead>\n      <tbody>\n        <tr><td>Prawdopodobnie prawda<\/td><td><div class=\"pct-bar-cell\"><div class=\"pct-bar\"><div class=\"pct-bar-fill\" style=\"width:29%\"><\/div><\/div><span class=\"pct-val\">29 %<\/span><\/div><\/td><\/tr>\n        <tr><td>Tak, to ca\u0142kowicie prawda<\/td><td><div class=\"pct-bar-cell\"><div class=\"pct-bar\"><div class=\"pct-bar-fill\" style=\"width:22%\"><\/div><\/div><span class=\"pct-val pct-top\">22 %<\/span><\/div><\/td><\/tr>\n        <tr><td>Nie wiem, czy to prawda, czy fa\u0142sz<\/td><td><div class=\"pct-bar-cell\"><div class=\"pct-bar\"><div class=\"pct-bar-fill\" style=\"width:25%;background:#E5E7EB\"><\/div><\/div><span class=\"pct-val\">25 %<\/span><\/div><\/td><\/tr>\n        <tr><td>Prawdopodobnie fa\u0142sz, nie s\u0105dz\u0119, \u017ceby to by\u0142 obowi\u0105zek<\/td><td><div class=\"pct-bar-cell\"><div class=\"pct-bar\"><div class=\"pct-bar-fill\" style=\"width:15%;background:#E5E7EB\"><\/div><\/div><span class=\"pct-val\">15 %<\/span><\/div><\/td><\/tr>\n        <tr><td>Ca\u0142kowicie fa\u0142sz<\/td><td><div class=\"pct-bar-cell\"><div class=\"pct-bar\"><div class=\"pct-bar-fill\" style=\"width:9%;background:#E5E7EB\"><\/div><\/div><span class=\"pct-val\">9 %<\/span><\/div><\/td><\/tr>\n      <\/tbody>\n    <\/table>\n  <\/div>\n\n  <div class=\"section-divider\"><\/div>\n\n  <!-- \u2500\u2500 CITATION \u2500\u2500 -->\n  <blockquote class=\"quote-block\">\n    <p class=\"quote-text\">\u201eTo badanie uwypukla kluczow\u0105 kwesti\u0119: przepa\u015b\u0107 mi\u0119dzy tym, co rekomenduj\u0105 eksperci \u2014 ustrukturyzowany i regularny monitoring jako\u015bci powietrza wewn\u0105trz \u2014 a realiami w terenie, gdzie nadz\u00f3r pozostaje w du\u017cej mierze marginalny, a nawet niewidoczny dla pracownik\u00f3w. Tymczasem Kodeks pracy jasno nak\u0142ada na pracodawc\u0119 obowi\u0105zek zapewnienia zdrowego powietrza i zapobiegania ryzykom zwi\u0105zanym z zanieczyszczeniem wewn\u0105trz (w szczeg\u00f3lno\u015bci artyku\u0142y L4121-1 i R4222-1). Ta rozbie\u017cno\u015b\u0107 mi\u0119dzy ramami prawnymi a postrzeganiem pracownik\u00f3w pokazuje, \u017ce jako\u015b\u0107 powietrza pozostaje prawdziw\u0105 \u201ebia\u0142\u0105 plam\u0105\u201d w kulturze prewencji w firmach.\u201d<\/p>\n    <p class=\"quote-author\">\n        <span class=\"quote-author-name\">Thibaut SAMSEL<\/span>\n        <span class=\"quote-author-title\">Prezes i za\u0142o\u017cyciel OberA<\/span>\n    <\/p>\n  <\/blockquote>\n\n  <!-- \u2500\u2500 M\u00c9THODOLOGIE \u2500\u2500 -->\n  <div class=\"methodo-box\">\n    <h3>* Metodologia<\/h3>\n    <p>Badanie przeprowadzono na reprezentatywnej pr\u00f3bie <strong>5 601 os\u00f3b<\/strong> mieszkaj\u0105cych we Francji, w wieku 18 lat i wi\u0119cej. Sonda\u017c zrealizowano online w listopadzie 2025 r. za po\u015brednictwem panelu respondent\u00f3w BuzzPress (27 700 os\u00f3b ankietowanych elektronicznie e-mailem oraz na Facebooku, LinkedIn). <\/p>\n    <p>Odpowiedzi zestawiono i zwa\u017cono zgodnie z wcze\u015bniej ustalonymi kwotami, aby zapewni\u0107 reprezentatywno\u015b\u0107 pr\u00f3by, na podstawie danych administracyjnych oraz danych zebranych przez INSEE.<\/p>\n    <p><strong>Profile firm:<\/strong> Us\u0142ugi dla os\u00f3b prywatnych (28%) \u00b7 Us\u0142ugi dla firm (23%) \u00b7 Sektor publiczny\/parapubliczny (19%) \u00b7 Przemys\u0142\/produkcja (16%) \u00b7 Budownictwo\/BTP (7%) \u00b7 Transport\/logistyka (6%)<\/p>\n  <\/div>\n\n<\/div><!-- \/.article-body -->\n\n\n<h2 class=\"wp-block-heading has-text-align-left\">Napisali o nas!<\/h2>\n\n<div class=\"wp-block-columns are-vertically-aligned-center is-layout-flex wp-container-core-columns-is-layout-8bffabeb wp-block-columns-is-layout-flex\" style=\"margin-top:var(--wp--preset--spacing--30);margin-bottom:var(--wp--preset--spacing--30);padding-top:0;padding-bottom:0\">\n<div class=\"wp-block-column is-vertically-aligned-center is-layout-flow wp-block-column-is-layout-flow\">\n<figure class=\"wp-block-image size-full\"><a href=\"https:\/\/presseagence.fr\/paris-sondage-qvct-4-francais-sur-5-ignorent-comment-detecter-un-air-vraiment-sain\/\" target=\"_blank\" rel=\" noreferrer noopener\"><img decoding=\"async\" width=\"463\" height=\"153\" src=\"https:\/\/obera.fr\/wp-content\/uploads\/2026\/02\/logo_de_presse_agence.jpg\" alt=\"logo agencji prasowej\" class=\"wp-image-143848\" srcset=\"https:\/\/obera.fr\/wp-content\/uploads\/2026\/02\/logo_de_presse_agence.jpg 463w, https:\/\/obera.fr\/wp-content\/uploads\/2026\/02\/logo_de_presse_agence-300x99.jpg 300w\" sizes=\"(max-width: 463px) 100vw, 463px\" \/><\/a><figcaption class=\"wp-element-caption\"><em>AGENCJA PRASOWA<\/em><\/figcaption><\/figure>\n<\/div>\n\n\n\n<div class=\"wp-block-column is-vertically-aligned-center is-layout-flow wp-block-column-is-layout-flow\">\n<figure class=\"wp-block-image size-large\"><a href=\"https:\/\/xn--horizonviesant-okb.com\/4-francais-sur-5-ignorent-comment-detecter-un-air-vraiment-sain\/\" target=\"_blank\" rel=\" noreferrer noopener\"><img decoding=\"async\" width=\"1024\" height=\"207\" src=\"https:\/\/obera.fr\/wp-content\/uploads\/2026\/02\/loog-horizonviesante-1024x207.png\" alt=\"logo horizonviesante\" class=\"wp-image-143849\" srcset=\"https:\/\/obera.fr\/wp-content\/uploads\/2026\/02\/loog-horizonviesante-1024x207.png 1024w, https:\/\/obera.fr\/wp-content\/uploads\/2026\/02\/loog-horizonviesante-300x61.png 300w, https:\/\/obera.fr\/wp-content\/uploads\/2026\/02\/loog-horizonviesante-768x156.png 768w, https:\/\/obera.fr\/wp-content\/uploads\/2026\/02\/loog-horizonviesante.png 1229w\" sizes=\"(max-width: 1024px) 100vw, 1024px\" \/><\/a><figcaption class=\"wp-element-caption\"><em>HORIZON VIE ET SANTE<\/em><\/figcaption><\/figure>\n<\/div>\n\n\n\n<div class=\"wp-block-column is-vertically-aligned-center has-contrast-background-color has-background is-layout-constrained wp-block-column-is-layout-constrained\">\n<figure class=\"wp-block-image size-full\"><a href=\"https:\/\/www.news-eco.com\/communique\/au-travail-lair-semble-correct-mais-la-plupart-se-trompent\/\" target=\"_blank\" rel=\" noreferrer noopener\"><img decoding=\"async\" width=\"215\" height=\"42\" src=\"https:\/\/obera.fr\/wp-content\/uploads\/2026\/02\/news-eco-logo2.png\" alt=\"news eco logo2\" class=\"wp-image-143850\"\/><\/a><\/figure>\n<\/div>\n\n\n\n<div class=\"wp-block-column is-vertically-aligned-center is-layout-flow wp-block-column-is-layout-flow\">\n<figure class=\"wp-block-image size-full\"><a href=\"https:\/\/www.lyftvnews.com\/t9528-au-travail-lair-a-lair-sain-mais-89-des-francais-se-trompent#10372\" target=\"_blank\" rel=\" noreferrer noopener\"><img decoding=\"async\" width=\"900\" height=\"900\" src=\"https:\/\/obera.fr\/wp-content\/uploads\/2026\/02\/logo-lyftv.jpg\" alt=\"logo lyftv\" class=\"wp-image-143851\" srcset=\"https:\/\/obera.fr\/wp-content\/uploads\/2026\/02\/logo-lyftv.jpg 900w, https:\/\/obera.fr\/wp-content\/uploads\/2026\/02\/logo-lyftv-300x300.jpg 300w, https:\/\/obera.fr\/wp-content\/uploads\/2026\/02\/logo-lyftv-150x150.jpg 150w, https:\/\/obera.fr\/wp-content\/uploads\/2026\/02\/logo-lyftv-768x768.jpg 768w\" sizes=\"(max-width: 900px) 100vw, 900px\" \/><\/a><figcaption class=\"wp-element-caption\"><em>LYF TV NEWS<\/em><\/figcaption><\/figure>\n<\/div>\n\n\n\n<div class=\"wp-block-column is-vertically-aligned-center is-layout-flow wp-block-column-is-layout-flow\">\n<figure class=\"wp-block-image size-full\"><a href=\"https:\/\/communiques.categorynet.com\/sante\/525169-4-francais-sur-5-ignorent-comment-detecter-un-air-vraiment-s\/\" target=\"_blank\" rel=\" noreferrer noopener\"><img decoding=\"async\" width=\"201\" height=\"41\" src=\"https:\/\/obera.fr\/wp-content\/uploads\/2026\/02\/cropped-cn-1.webp\" alt=\"cropped cn 1\" class=\"wp-image-143852\"\/><\/a><figcaption class=\"wp-element-caption\"><em>CATEGORYNET<\/em><\/figcaption><\/figure>\n<\/div>\n<\/div>\n\n<div class=\"wp-block-columns are-vertically-aligned-center is-layout-flex wp-container-core-columns-is-layout-28f84493 wp-block-columns-is-layout-flex\">\n<div class=\"wp-block-column is-vertically-aligned-center is-layout-flow wp-block-column-is-layout-flow\">\n<figure class=\"wp-block-image size-full\"><a href=\"https:\/\/www.esteval.fr\/article.44169.etudes-89-pourcents-des-francais-sous-estiment-la-pollution-de-l-air-sur-leur-lieu-de-travail\" target=\"_blank\" rel=\" noreferrer noopener\"><img decoding=\"async\" width=\"200\" height=\"200\" src=\"https:\/\/obera.fr\/wp-content\/uploads\/2026\/02\/logo_esteval_200_200.jpg\" alt=\"logo esteval 200 200\" class=\"wp-image-143853\" srcset=\"https:\/\/obera.fr\/wp-content\/uploads\/2026\/02\/logo_esteval_200_200.jpg 200w, https:\/\/obera.fr\/wp-content\/uploads\/2026\/02\/logo_esteval_200_200-150x150.jpg 150w\" sizes=\"(max-width: 200px) 100vw, 200px\" \/><\/a><figcaption class=\"wp-element-caption\"><em>ESTEVAL<\/em><\/figcaption><\/figure>\n<\/div>\n\n\n\n<div class=\"wp-block-column is-vertically-aligned-center is-layout-flow wp-block-column-is-layout-flow\">\n<figure class=\"wp-block-image size-full\"><img decoding=\"async\" width=\"700\" height=\"350\" src=\"https:\/\/obera.fr\/wp-content\/uploads\/2026\/02\/therm-presse01.jpg\" alt=\"therm presse01\" class=\"wp-image-143854\" srcset=\"https:\/\/obera.fr\/wp-content\/uploads\/2026\/02\/therm-presse01.jpg 700w, https:\/\/obera.fr\/wp-content\/uploads\/2026\/02\/therm-presse01-300x150.jpg 300w\" sizes=\"(max-width: 700px) 100vw, 700px\" \/><figcaption class=\"wp-element-caption\"><em>THERMPRESSE<\/em><\/figcaption><\/figure>\n<\/div>\n\n\n\n<div class=\"wp-block-column is-vertically-aligned-center is-layout-flow wp-block-column-is-layout-flow\">\n<figure class=\"wp-block-image size-full\"><a href=\"https:\/\/terre-futur.com\/un-angle-mort-sanitaire-qui-persiste-dans-les-entreprises-francaises\/\" target=\"_blank\" rel=\" noreferrer noopener\"><img decoding=\"async\" width=\"512\" height=\"512\" src=\"https:\/\/obera.fr\/wp-content\/uploads\/2026\/02\/terrefutur_logo.jpg\" alt=\"terrefutur logo\" class=\"wp-image-143855\" srcset=\"https:\/\/obera.fr\/wp-content\/uploads\/2026\/02\/terrefutur_logo.jpg 512w, https:\/\/obera.fr\/wp-content\/uploads\/2026\/02\/terrefutur_logo-300x300.jpg 300w, https:\/\/obera.fr\/wp-content\/uploads\/2026\/02\/terrefutur_logo-150x150.jpg 150w\" sizes=\"(max-width: 512px) 100vw, 512px\" \/><\/a><figcaption class=\"wp-element-caption\"><em>TERRE FUTUR<\/em><\/figcaption><\/figure>\n<\/div>\n\n\n\n<div class=\"wp-block-column is-vertically-aligned-center is-layout-flow wp-block-column-is-layout-flow\">\n<figure class=\"wp-block-image size-full\"><a href=\"https:\/\/portaildocumentaire.inrs.fr\/blog-view\/25\/veille-qualite-de-lair-interieur\/2038\/bulletin-de-veille-qualite-de-lair-interieur-janvier-2026\" target=\"_blank\" rel=\" noreferrer noopener\"><img decoding=\"async\" width=\"366\" height=\"138\" src=\"https:\/\/obera.fr\/wp-content\/uploads\/2026\/02\/logoinrs.png\" alt=\"logoinrs\" class=\"wp-image-143856\" srcset=\"https:\/\/obera.fr\/wp-content\/uploads\/2026\/02\/logoinrs.png 366w, https:\/\/obera.fr\/wp-content\/uploads\/2026\/02\/logoinrs-300x113.png 300w\" sizes=\"(max-width: 366px) 100vw, 366px\" \/><\/a><figcaption class=\"wp-element-caption\"><em>PORTAL DOKUMENTACYJNY INRS<\/em><\/figcaption><\/figure>\n<\/div>\n<\/div>\n","protected":false},"excerpt":{"rendered":"<p>Zanieczyszczenie, kt\u00f3re mo\u017ce by\u0107 5\u201310 razy wy\u017csze ni\u017c na zewn\u0105trz. Tylko 22% pracownik\u00f3w wie, \u017ce utrzymanie zdrowego powietrza wewn\u0105trz jest obowi\u0105zkiem pracodawcy wynikaj\u0105cym z przepis\u00f3w<\/p>\n","protected":false},"author":4,"featured_media":0,"comment_status":"open","ping_status":"closed","sticky":false,"template":"","format":"standard","meta":{"_acf_changed":false,"_seopress_robots_primary_cat":"980","_seopress_titles_title":"Badanie: zanieczyszczenie powietrza w miejscach pracy","_seopress_titles_desc":"","_seopress_robots_index":"","footnotes":""},"categories":[994],"tags":[],"class_list":["post-145693","post","type-post","status-publish","format-standard","hentry","category-prasa","generate-columns","tablet-grid-50","mobile-grid-100","grid-parent","grid-50","no-featured-image-padding"],"acf":[],"_links":{"self":[{"href":"https:\/\/obera.fr\/pl\/wp-json\/wp\/v2\/posts\/145693","targetHints":{"allow":["GET"]}}],"collection":[{"href":"https:\/\/obera.fr\/pl\/wp-json\/wp\/v2\/posts"}],"about":[{"href":"https:\/\/obera.fr\/pl\/wp-json\/wp\/v2\/types\/post"}],"author":[{"embeddable":true,"href":"https:\/\/obera.fr\/pl\/wp-json\/wp\/v2\/users\/4"}],"replies":[{"embeddable":true,"href":"https:\/\/obera.fr\/pl\/wp-json\/wp\/v2\/comments?post=145693"}],"version-history":[{"count":3,"href":"https:\/\/obera.fr\/pl\/wp-json\/wp\/v2\/posts\/145693\/revisions"}],"predecessor-version":[{"id":154237,"href":"https:\/\/obera.fr\/pl\/wp-json\/wp\/v2\/posts\/145693\/revisions\/154237"}],"wp:attachment":[{"href":"https:\/\/obera.fr\/pl\/wp-json\/wp\/v2\/media?parent=145693"}],"wp:term":[{"taxonomy":"category","embeddable":true,"href":"https:\/\/obera.fr\/pl\/wp-json\/wp\/v2\/categories?post=145693"},{"taxonomy":"post_tag","embeddable":true,"href":"https:\/\/obera.fr\/pl\/wp-json\/wp\/v2\/tags?post=145693"}],"curies":[{"name":"wp","href":"https:\/\/api.w.org\/{rel}","templated":true}]}}