{"id":44205,"date":"2020-11-20T18:06:03","date_gmt":"2020-11-20T16:06:03","guid":{"rendered":"https:\/\/obera.fr\/bez-kategorii\/co-to-jest-limit-narazenia-zawodowego-oel\/"},"modified":"2025-05-07T11:08:35","modified_gmt":"2025-05-07T09:08:35","slug":"valeur-limite-exposition-professionnelle-ou-vlep","status":"publish","type":"post","link":"https:\/\/obera.fr\/pl\/nasza-rada\/valeur-limite-exposition-professionnelle-ou-vlep\/","title":{"rendered":"Co to jest limit nara\u017cenia zawodowego (OEL)?"},"content":{"rendered":"\n<p>S\u0105 to warto\u015bci referencyjne stosowane do oceny poziomu nara\u017cenia w powietrzu, kt\u00f3rym dana osoba mo\u017ce oddycha\u0107 przez okre\u015blony czas. S\u0105 one wyra\u017cone w postaci st\u0119\u017cenia w powietrzu dla danej substancji chemicznej i przez okre\u015blony czas. Uwa\u017ca si\u0119, \u017ce tylko nara\u017cenie na wy\u017csze st\u0119\u017cenia lub przez d\u0142u\u017cszy czas b\u0119dzie mia\u0142o konsekwencje zdrowotne.  <\/p>\n\n<h2 class=\"wp-block-heading\">Jak ustawiane s\u0105 TLV?<\/h2>\n\n<p>Od czasu dyrektywy 98\/24\/WE, warto\u015bci NDS s\u0105 ustalane na podstawie naukowej oceny zwi\u0105zku mi\u0119dzy skutkami zdrowotnymi substancji niebezpiecznych a poziomem nara\u017cenia zawodowego. Okres odniesienia dla ustalenia warto\u015bci NDS wynosi 8 godzin dla 8-godzinnych warto\u015bci NDS lub 15 minut dla kr\u00f3tkoterminowych warto\u015bci NDS. <\/p>\n\n<h2 class=\"wp-block-heading\">Jakie s\u0105 r\u00f3\u017cne rodzaje VLEP?<\/h2>\n\n<p>Istniej\u0105 dwa <a href=\"https:\/\/obera.fr\/pl\/nasza-rada\/reglementation-vlep-evaluation-risque-chimique-lieu-de-travail\/\" data-type=\"post\" data-id=\"6575\">rodzaje regulacyjnych warto\u015bci granicznych<\/a>:<\/p>\n\n<ul class=\"wp-block-list\">\n<li>Restrykcyjny VLEP, kt\u00f3ry nawet przy niskich poziomach ekspozycji stanowi<strong>  zagro\u017cenie dla zdrowia. Pracodawcy podlegaj\u0105 karom za nieprzestrzeganie przepis\u00f3w.   <\/strong>S\u0105 one ustanawiane dekretem Rady Stanu i w\u0142\u0105czane do kodeksu pracy.<\/li>\n\n\n\n<li><strong> Orientacyjne warto\u015bci OEL<\/strong> opieraj\u0105 si\u0119 wy\u0142\u0105cznie na badaniach medycznych, kt\u00f3re okre\u015blaj\u0105 pr\u00f3g netto, poni\u017cej kt\u00f3rego substancja nie stanowi zagro\u017cenia dla zdrowia.<\/li>\n<\/ul>\n\n<h2 class=\"wp-block-heading\">W jaki spos\u00f3b monitorowane s\u0105 TLV?<\/h2>\n\n<div class=\"wp-block-columns are-vertically-aligned-center is-layout-flex wp-container-core-columns-is-layout-28f84493 wp-block-columns-is-layout-flex\">\n<div class=\"wp-block-column is-vertically-aligned-center is-layout-flow wp-block-column-is-layout-flow\" style=\"flex-basis:33.33%\">\n<figure class=\"wp-block-image aligncenter size-medium is-resized\"><img decoding=\"async\" src=\"https:\/\/obera.fr\/wp-content\/uploads\/2020\/08\/compteur-de-particules-300x300.png\" alt=\"Licznik cz&#x105;stek sta&#x142;ych Trotec PC220 - Licznik cz&#x105;stek sta&#x142;ych\" class=\"wp-image-714\" width=\"150\" height=\"150\" srcset=\"https:\/\/obera.fr\/wp-content\/uploads\/2020\/08\/compteur-de-particules-300x300.png 300w, https:\/\/obera.fr\/wp-content\/uploads\/2020\/08\/compteur-de-particules-150x150.png 150w, https:\/\/obera.fr\/wp-content\/uploads\/2020\/08\/compteur-de-particules.png 433w\" sizes=\"(max-width: 150px) 100vw, 150px\" \/><\/figure>\n<\/div>\n\n\n\n<div class=\"wp-block-column is-vertically-aligned-center is-layout-flow wp-block-column-is-layout-flow\" style=\"flex-basis:66.66%\">\n<p>ELV s\u0105 monitorowane za pomoc\u0105 system\u00f3w analizator\u00f3w powietrza. Niezale\u017cnie od tego, czy jest to skrzynka, sonda czy analizator powietrza, urz\u0105dzenie musi znajdowa\u0107 si\u0119 w miejscu wyst\u0119powania zanieczyszcze\u0144. Te r\u00f3\u017cne urz\u0105dzenia analizuj\u0105 powietrze i okre\u015blaj\u0105 ilo\u015b\u0107 i rodzaj zanieczyszcze\u0144 obecnych w powietrzu w miejscu pracy. Wyniki kontroli powietrza s\u0105 nast\u0119pnie rejestrowane w krajowej bazie danych<strong>(baza danych SCOLA<\/strong>), co umo\u017cliwi w\u0142adzom publicznym wykorzystanie tych statystyk.   <\/p>\n<\/div>\n<\/div>\n\n<p>Wyniki pomiar\u00f3w i monitorowania atmosfery s\u0105 przekazywane lekarzowi medycyny pracy i <strong>CHSCT<\/strong>. Przyczyniaj\u0105 si\u0119 one do oceny ryzyka wynikaj\u0105cego z nara\u017cenia na czynniki chemiczne i pomagaj\u0105 okre\u015bli\u0107 odpowiednie \u015brodki zapobiegawcze. <\/p>\n\n<h3 class=\"wp-block-heading\">Kto mo\u017ce monitorowa\u0107 VLEP?<\/h3>\n\n<p>Og\u00f3lnie rzecz bior\u0105c, ka\u017cdy, kto posiada analizator powietrza, mo\u017ce sprawdzi\u0107 obecno\u015b\u0107 ELV na swoim terenie. Jednak w \u015bwietle prawa test nie b\u0119dzie mia\u0142 \u017cadnej warto\u015bci, poniewa\u017c nie jest akredytowany. Dlatego tak wa\u017cne jest korzystanie z us\u0142ug organizacji akredytowanych przez COFRAC (Comit\u00e9 Fran\u00e7ais d&#8217;Accr\u00e9ditation). Organy te, niezale\u017cne od firm, w kt\u00f3rych przeprowadzane s\u0105 kontrole techniczne, s\u0105 akredytowane do ustalania <strong>strategii pomiarowej<\/strong>, pobierania pr\u00f3bek i przeprowadzania analiz.   <\/p>\n\n<h2 class=\"wp-block-heading\">Jak zapobiega\u0107 nara\u017ceniu na niebezpieczne substancje chemiczne i CMR w miejscu pracy?<\/h2>\n\n<div class=\"wp-block-columns are-vertically-aligned-center is-layout-flex wp-container-core-columns-is-layout-28f84493 wp-block-columns-is-layout-flex\">\n<div class=\"wp-block-column is-vertically-aligned-center is-layout-flow wp-block-column-is-layout-flow\" style=\"flex-basis:25%\">\n<figure class=\"wp-block-image aligncenter size-full\"><img decoding=\"async\" width=\"150\" height=\"150\" src=\"https:\/\/obera.fr\/wp-content\/uploads\/2020\/11\/CMR.jpg\" alt=\"Karta charakterystyki - Substancja chemiczna\" class=\"wp-image-1832\"\/><\/figure>\n<\/div>\n\n\n\n<div class=\"wp-block-column is-vertically-aligned-center is-layout-flow wp-block-column-is-layout-flow\" style=\"flex-basis:75%\">\n<p>Zgodnie z dekretem i zarz\u0105dzeniami z dnia 15 grudnia 2009 r., pracodawca musi przeprowadza\u0107 ocen\u0119 ryzyka poprzez pomiar jako\u015bci powietrza co najmniej raz w roku oraz za ka\u017cdym razem, gdy wyst\u0105pi jakakolwiek zmiana mog\u0105ca wp\u0142yn\u0105\u0107 na nara\u017cenie pracownik\u00f3w.<\/p>\n<\/div>\n<\/div>\n\n<h2 class=\"wp-block-heading\">Czy zgodno\u015b\u0107 z VLEP jest obowi\u0105zkowa?<\/h2>\n\n<p>Tak, przekroczenie restrykcyjnego regulacyjnego VLEP musi skutkowa\u0107 : <\/p>\n\n<ul class=\"wp-block-list\">\n<li>W przypadku czynnika chemicznego innego ni\u017c CMR 1A lub 1B lub py\u0142u ca\u0142kowitego lub respirabilnego, natychmiastowe wdro\u017cenie <strong>\u015brodk\u00f3w ochronnych<\/strong> (artyku\u0142y R. 4412-28 i R. 4412-29),<\/li>\n\n\n\n<li>W przypadku czynnika chemicznego sklasyfikowanego jako CMR kategorii 1A lub 1B,<strong>wstrzymanie pracy<\/strong> na danych stanowiskach pracy do czasu wdro\u017cenia \u015brodk\u00f3w zapewniaj\u0105cych ochron\u0119 pracownik\u00f3w (artyku\u0142y R. 4412-77 i R. 4412-78).<\/li>\n<\/ul>\n\n<p>Je\u015bli orientacyjna warto\u015b\u0107 VLEP zostanie przekroczona, nale\u017cy przeprowadzi\u0107 now\u0105 <strong>ocen\u0119 ryzyka<\/strong> w celu okre\u015blenia odpowiednich \u015brodk\u00f3w zapobiegawczych i ochronnych.<\/p>\n\n<h2 class=\"wp-block-heading\">Co nale\u017cy zrobi\u0107, je\u015bli warto\u015bci TLV firmy zostan\u0105 przekroczone?<\/h2>\n\n<div class=\"wp-block-columns is-layout-flex wp-container-core-columns-is-layout-28f84493 wp-block-columns-is-layout-flex\">\n<div class=\"wp-block-column is-layout-flow wp-block-column-is-layout-flow\" style=\"flex-basis:33.33%\">\n<figure class=\"wp-block-image aligncenter size-full is-resized\"><img decoding=\"async\" src=\"https:\/\/obera.fr\/wp-content\/uploads\/2022\/07\/VLEP.jpg\" alt=\"vlep\" class=\"wp-image-13688\" width=\"200\" height=\"200\" srcset=\"https:\/\/obera.fr\/wp-content\/uploads\/2022\/07\/VLEP.jpg 400w, https:\/\/obera.fr\/wp-content\/uploads\/2022\/07\/VLEP-300x300.jpg 300w, https:\/\/obera.fr\/wp-content\/uploads\/2022\/07\/VLEP-150x150.jpg 150w\" sizes=\"(max-width: 200px) 100vw, 200px\" \/><\/figure>\n<\/div>\n\n\n\n<div class=\"wp-block-column is-vertically-aligned-center is-layout-flow wp-block-column-is-layout-flow\" style=\"flex-basis:75%\">\n<p>Je\u015bli VLEP, o kt\u00f3rym mowa, jest <strong>restrykcyjnym<\/strong> limitem <strong>regulacyjnym<\/strong>, natychmiastowe wdro\u017cenie \u015brodk\u00f3w zapobiegawczych dla<strong> HCA <\/strong>(niebezpiecznych czynnik\u00f3w chemicznych) i ca\u0142kowite zatrzymanie danych stanowisk pracy do czasu wprowadzenia odpowiednich \u015brodk\u00f3w i ochrony dla <strong><a href=\"https:\/\/obera.fr\/pl\/nasza-rada\/substances-cmr-risque-exposition-au-travail-quelle-reglementation-prevention\/\" data-type=\"post\" data-id=\"6581\">CMR<\/a><\/strong>.<\/p>\n\n\n\n<p>  Je\u015bli dany VLEP ma charakter <strong>orientacyjny<\/strong>, pracodawca przeprowadza ocen\u0119 ryzyka w celu okre\u015blenia odpowiednich \u015brodk\u00f3w zapobiegawczych i ochronnych.<\/p>\n<\/div>\n<\/div>\n\n<blockquote class=\"wp-block-quote is-layout-flow wp-block-quote-is-layout-flow\">\n<p>Warto r\u00f3wnie\u017c przeczyta\u0107: <a href=\"https:\/\/obera.fr\/pl\/nasza-rada\/vlep-quels-risques-cas-de-non-respect-reglementation\/\" data-type=\"post\" data-id=\"1816\">Jakie s\u0105 zagro\u017cenia zwi\u0105zane z nieprzestrzeganiem VLEP?<\/a><\/p>\n<\/blockquote>\n\n<p>Inspektor pracy lub kontroler mo\u017ce r\u00f3wnie\u017c poprosi\u0107 firm\u0119 o sprawdzenie regulacyjnego VLEP przez akredytowany organ.<\/p>\n\n<p>Akredytowana jednostka okre\u015bli swoj\u0105 strategi\u0119 pobierania pr\u00f3bek, kt\u00f3ra b\u0119dzie reprezentowa\u0107 ca\u0142y okres, w kt\u00f3rym pracownik jest nara\u017cony, w celu wdro\u017cenia dzia\u0142a\u0144 naprawczych, kt\u00f3re nast\u0119pnie b\u0119d\u0105 okresowo sprawdzane.<\/p>\n\n<p>Podczas pierwszej kampanii pomiarowej (co najmniej trzy pomiary na GEH &#8211; jednorodn\u0105 grup\u0119 nara\u017cenia), je\u015bli wszystkie wyniki s\u0105 ni\u017csze ni\u017c 10% ustalonego VLEP, ryzyko jego przekroczenia wynosi zero, a zatem nie jest obowi\u0105zkowe przeprowadzenie pozosta\u0142ych dw\u00f3ch kampanii.<\/p>\n\n<p>Je\u015bli warto\u015bci TLV zostan\u0105 przekroczone, nale\u017cy jak najszybciej podj\u0105\u0107 dzia\u0142ania naprawcze i powt\u00f3rzy\u0107 wst\u0119pn\u0105 ocen\u0119.<\/p>\n\n<p>Je\u015bli wynik pomiaru mie\u015bci si\u0119 w zakresie od 10% warto\u015bci TLV do warto\u015bci <a href=\"https:\/\/obera.fr\/pl\/nasza-rada\/vlep-cobalt-et-composes-valeurs-limites-exposition-professionnelle\/\" data-type=\"post\" data-id=\"6351\">TLV<\/a>, kampania pomiarowa jest kontynuowana. Pod koniec trzeciej kampanii pomiarowej uzyskane wyniki s\u0105 analizowane, ponownie na podstawie oblicze\u0144 statystycznych. Dzi\u0119ki temu mo\u017cliwe jest okre\u015blenie prawdopodobie\u0144stwa przekroczenia VLEP i wdro\u017cenie og\u00f3lnych zasad zapobiegania.  <\/p>\n\n<p>Pracodawcy s\u0105 zobowi\u0105zani do sporz\u0105dzenia wykazu wszystkich produkt\u00f3w chemicznych obs\u0142ugiwanych w ich obiektach, oceny ryzyka i przeszkolenia swoich pracownik\u00f3w. Musz\u0105 sformalizowa\u0107 wyniki dla ka\u017cdego operatora w formie osobistego arkusza nara\u017cenia zawieraj\u0105cego list\u0119 wszystkich pomiar\u00f3w i wynik\u00f3w. Arkusze te s\u0105 przedk\u0142adane lekarzowi zak\u0142adowemu. Przepisy te dotycz\u0105 wszystkich warsztat\u00f3w samochodowych, pralni chemicznych, stolarni, ma\u0142ych i \u015brednich przedsi\u0119biorstw, du\u017cych grup, firm sprz\u0105taj\u0105cych itp.   <\/p>\n\n<h2 class=\"wp-block-heading\">Co grozi pracodawcom, kt\u00f3rzy nie dope\u0142ni\u0105 tych obowi\u0105zk\u00f3w?<\/h2>\n\n<p>Pracodawcy ponosz\u0105 ogromn\u0105 odpowiedzialno\u015b\u0107. Ryzykuj\u0105 oni otrzymanie formalnego zawiadomienia od Inspekcji Pracy, ale przede wszystkim, w przypadku stwierdzenia choroby zawodowej, zostan\u0105 poci\u0105gni\u0119ci do odpowiedzialno\u015bci cywilnej i karnej. <\/p>\n\n<p><strong>Lista czynnik\u00f3w chemicznych z wi\u0105\u017c\u0105c\u0105 regulacyjn\u0105 dopuszczaln\u0105 warto\u015bci\u0105 nara\u017cenia zawodowego (artyku\u0142 R. 4412-149 francuskiego kodeksu pracy)  <\/strong><\/p>\n\n<div class=\"wp-block-columns is-layout-flex wp-container-core-columns-is-layout-28f84493 wp-block-columns-is-layout-flex\">\n<div class=\"wp-block-column is-layout-flow wp-block-column-is-layout-flow\">\n<p>Octan 2-butoksyetylu<\/p>\n\n\n\n<p>Octan 2-etoksyetylu<\/p>\n\n\n\n<p>Octan izopentylu<\/p>\n\n\n\n<p>Octan 2-metoksyetylu<\/p>\n\n\n\n<p>Octan 2-metoksy-1-metyloetylu<\/p>\n\n\n\n<p>Octan 1-metylobutylu<\/p>\n\n\n\n<p>Octan pentylu<\/p>\n\n\n\n<p>Octan winylu<\/p>\n\n\n\n<p>Aceton Acetonitryl<\/p>\n\n\n\n<p>Kwas cyjanowodorowy<\/p>\n\n\n\n<p>Akrylan etylu<\/p>\n\n\n\n<p>Akrylan metylu<\/p>\n\n\n\n<p>Azbest<\/p>\n\n\n\n<p>Bezwodny amoniak<\/p>\n\n\n\n<p>Azydek sodu<\/p>\n\n\n\n<p>Benzen Bisfenol A (wdychanie)<\/p>\n\n\n\n<p>Drewno<\/p>\n\n\n\n<p>Brome<\/p>\n\n\n\n<p>Bromometan (1)<\/p>\n\n\n\n<p>2-Butoksyetanol<\/p>\n\n\n\n<p>Chlor<\/p>\n\n\n\n<p>Chlorobenzen<\/p>\n\n\n\n<p>Chlorowod\u00f3r<\/p>\n\n\n\n<p>Chlorek winylu<\/p>\n\n\n\n<p><a href=\"https:\/\/obera.fr\/pl\/nasza-rada\/vlep-chrome-hexavalent-valeurs-limites-exposition-professionnelle-contraignantes\/\" data-type=\"post\" data-id=\"6418\">Sze\u015bciowarto\u015bciowy chrom i jego zwi\u0105zki w Cr (2014)<\/a><\/p>\n\n\n\n<p>Cumene<\/p>\n\n\n\n<p>Cykloheksan<\/p>\n\n\n\n<p>Cykloheksanon<\/p>\n\n\n\n<p>1,2-dichlorobenzen<\/p>\n\n\n\n<p>Dichlorometan<\/p>\n\n\n\n<p>Dietyloamina.<\/p>\n\n\n\n<p>N,N-dimetyloacetamid<\/p>\n\n\n\n<p>Trichlorometan Trietyloamina<\/p>\n\n\n\n<p>1,2,3-trimetylobenzen<\/p>\n\n\n\n<p>1,2,4-trimetylobenzen<\/p>\n<\/div>\n\n\n\n<div class=\"wp-block-column is-layout-flow wp-block-column-is-layout-flow\">\n<p>Dimetyloamina<\/p>\n\n\n\n<p>Dimetyloformamid<\/p>\n\n\n\n<p>1,4-dioksan<\/p>\n\n\n\n<p>Etanoloamina<\/p>\n\n\n\n<p>2-etoksyetanol Etyloamina.<\/p>\n\n\n\n<p>Etylobenzen<\/p>\n\n\n\n<p>Rakotw\u00f3rcze ogniotrwa\u0142e w\u0142\u00f3kna ceramiczne<\/p>\n\n\n\n<p>Fluorowod\u00f3r<\/p>\n\n\n\n<p>n-heptan<\/p>\n\n\n\n<p>2-Heptanon<\/p>\n\n\n\n<p>3-Heptanon<\/p>\n\n\n\n<p>n-heksan<\/p>\n\n\n\n<p>Fosforowod\u00f3r<\/p>\n\n\n\n<p>Izocyjanian metylu<\/p>\n\n\n\n<p>Rt\u0119\u0107 i dwuwarto\u015bciowe zwi\u0105zki nieorganiczne<\/p>\n\n\n\n<p>Metakrylan metylu<\/p>\n\n\n\n<p>Metanol<\/p>\n\n\n\n<p>2-metoksyetanol (2-metoksymetylotoksy)-propanol<\/p>\n\n\n\n<p>1-metoksy-2-propanol<\/p>\n\n\n\n<p>Keton metylowo-etylowy<\/p>\n\n\n\n<p>Keton metylowo-izobutylowy<\/p>\n\n\n\n<p>Morfolina<\/p>\n\n\n\n<p>Tlenek dietylu<\/p>\n\n\n\n<p>Eter metylo-tert-butylowy n-pentan<\/p>\n\n\n\n<p>Fenol<\/p>\n\n\n\n<p>Fosgen<\/p>\n\n\n\n<p>Fosfor (pi\u0119ciochlorek) O\u0142\u00f3w metaliczny i jego zwi\u0105zki, jako Pb<\/p>\n\n\n\n<p><a href=\"https:\/\/obera.fr\/pl\/nasza-rada\/vlep-filtration-de-poussiere-reglementation\/\" data-type=\"post\" data-id=\"6346\">Py\u0142 uwa\u017cany za niemaj\u0105cy szczeg\u00f3lnego wp\u0142ywu<\/a><\/p>\n\n\n\n<p>Krystaliczne krzemionki (patrz \u00a7 2.2.3 ED 984) krystobalit kwarc trydymit<\/p>\n\n\n\n<p>Sulfotep<\/p>\n\n\n\n<p>Siarczek w\u0119gla<\/p>\n\n\n\n<p>Siarkowod\u00f3r<\/p>\n\n\n\n<p>Tetrachloroetylen<\/p>\n\n\n\n<p>Tetrahydrofuran<\/p>\n\n\n\n<p>Toluen<\/p>\n\n\n\n<p>1,2,4-trichlorobenzen<\/p>\n<\/div>\n<\/div>\n\n<blockquote class=\"wp-block-quote is-layout-flow wp-block-quote-is-layout-flow\">\n<p>Przeczytaj tak\u017ce: <a href=\"https:\/\/obera.fr\/pl\/nasza-rada\/valeurs-limites-d-exposition-professionnelle-styrene\/\" data-type=\"post\" data-id=\"6412\">Wi\u0105\u017c\u0105ce dopuszczalne warto\u015bci nara\u017cenia zawodowego i styren<\/a><\/p>\n<\/blockquote>\n","protected":false},"excerpt":{"rendered":"<p>S\u0105 to warto\u015bci referencyjne stosowane do oceny poziomu nara\u017cenia w powietrzu, kt\u00f3rym dana osoba mo\u017ce oddycha\u0107 przez okre\u015blony czas. S\u0105 one wyra\u017cone w postaci st\u0119\u017cenia w powietrzu dla danej substancji chemicznej i przez okre\u015blony czas.   <\/p>\n","protected":false},"author":4,"featured_media":93879,"comment_status":"closed","ping_status":"closed","sticky":false,"template":"","format":"standard","meta":{"_acf_changed":false,"_seopress_robots_primary_cat":"none","_seopress_titles_title":"Co to jest dopuszczalny poziom nara\u017cenia zawodowego (OEL)?","_seopress_titles_desc":"Jest to warto\u015b\u0107 referencyjna u\u017cywana do oceny poziomu ekspozycji w powietrzu, kt\u00f3rym dana osoba mo\u017ce oddycha\u0107 przez okre\u015blony czas.","_seopress_robots_index":"","footnotes":""},"categories":[54],"tags":[128],"class_list":["post-44205","post","type-post","status-publish","format-standard","has-post-thumbnail","hentry","category-nasza-rada","tag-entete-maly","generate-columns","tablet-grid-50","mobile-grid-100","grid-parent","grid-50","no-featured-image-padding","resize-featured-image"],"acf":[],"_links":{"self":[{"href":"https:\/\/obera.fr\/pl\/wp-json\/wp\/v2\/posts\/44205","targetHints":{"allow":["GET"]}}],"collection":[{"href":"https:\/\/obera.fr\/pl\/wp-json\/wp\/v2\/posts"}],"about":[{"href":"https:\/\/obera.fr\/pl\/wp-json\/wp\/v2\/types\/post"}],"author":[{"embeddable":true,"href":"https:\/\/obera.fr\/pl\/wp-json\/wp\/v2\/users\/4"}],"replies":[{"embeddable":true,"href":"https:\/\/obera.fr\/pl\/wp-json\/wp\/v2\/comments?post=44205"}],"version-history":[{"count":3,"href":"https:\/\/obera.fr\/pl\/wp-json\/wp\/v2\/posts\/44205\/revisions"}],"predecessor-version":[{"id":99742,"href":"https:\/\/obera.fr\/pl\/wp-json\/wp\/v2\/posts\/44205\/revisions\/99742"}],"wp:featuredmedia":[{"embeddable":true,"href":"https:\/\/obera.fr\/pl\/wp-json\/wp\/v2\/media\/93879"}],"wp:attachment":[{"href":"https:\/\/obera.fr\/pl\/wp-json\/wp\/v2\/media?parent=44205"}],"wp:term":[{"taxonomy":"category","embeddable":true,"href":"https:\/\/obera.fr\/pl\/wp-json\/wp\/v2\/categories?post=44205"},{"taxonomy":"post_tag","embeddable":true,"href":"https:\/\/obera.fr\/pl\/wp-json\/wp\/v2\/tags?post=44205"}],"curies":[{"name":"wp","href":"https:\/\/api.w.org\/{rel}","templated":true}]}}