{"id":44516,"date":"2021-05-18T19:28:45","date_gmt":"2021-05-18T17:28:45","guid":{"rendered":"https:\/\/obera.fr\/bez-kategorii\/analiza-jakosci-powietrza-w-pomieszczeniach-nasze-wskazowki\/"},"modified":"2025-05-07T09:45:44","modified_gmt":"2025-05-07T07:45:44","slug":"analyse-qualite-l-air-interieur","status":"publish","type":"post","link":"https:\/\/obera.fr\/pl\/nasza-rada\/analyse-qualite-l-air-interieur\/","title":{"rendered":"Analiza jako\u015bci powietrza w pomieszczeniach: nasze porady"},"content":{"rendered":"\n<p>Wed\u0142ug WHO, zanieczyszczenie powietrza zabija prawie 50 000 os\u00f3b we Francji ka\u017cdego roku. I wbrew powszechnemu przekonaniu, powietrze wewn\u0105trz domu lub budynku przemys\u0142owego mo\u017ce by\u0107 nawet 10 razy bardziej zanieczyszczone ni\u017c powietrze na zewn\u0105trz!   <\/p>\n\n<p>Analiza <a href=\"https:\/\/obera.fr\/pl\/nasza-rada\/qualite-l-air-interieur-critere-essentiel-industrie\/\" data-type=\"URL\" data-id=\"https:\/\/obera.fr\/conseils\/qualite-l-air-interieur-critere-essentiel-industrie\/\">jako\u015bci powietrza w<\/a> miejscu pracy stanowi zatem powa\u017cne wyzwanie dla zdrowia pracownik\u00f3w.  <\/p>\n\n<p>Jakie s\u0105 \u017ar\u00f3d\u0142a zanieczyszcze\u0144 w pomieszczeniach? Czy <strong>monitorowanie jako\u015bci powietrza w pomieszczeniach<\/strong> jest obowi\u0105zkowe? Jak mierzy si\u0119 <strong>jako\u015b\u0107 powietrza w pomieszczeniach<\/strong>? Poznaj nasze porady dotycz\u0105ce zdrowego \u015brodowiska pracy, kt\u00f3re jest zgodne z przepisami.   <\/p>\n\n<h2 class=\"wp-block-heading\" id=\"quelles-sont-les-sources-de-pollution-de-l-air-interieur\">Jakie s\u0105 \u017ar\u00f3d\u0142a zanieczyszczenia powietrza w pomieszczeniach?<\/h2>\n\n<p><strong>Analiza jako\u015bci powietrza w pomieszczeniach<\/strong> zamkni\u0119tych (dom, budynek przemys\u0142owy, obiekt publiczny) opiera si\u0119 na <strong>poszukiwaniu zanieczyszcze\u0144 i pomiarze wielko\u015bci fizycznych<\/strong> (temperatura, wilgotno\u015b\u0107, ci\u015bnienie itp.).<\/p>\n\n<h3 class=\"wp-block-heading\" id=\"les-particules-et-composes-organiques-volatils-cov\">Cz\u0105stki sta\u0142e i lotne zwi\u0105zki organiczne (LZO)<\/h3>\n\n<p>Materia\u0142y budowlane, \u015brodki czyszcz\u0105ce i brak wentylacji w budynkach to \u017ar\u00f3d\u0142a zanieczyszcze\u0144 w miejscu pracy. <strong>Diagnoza jako\u015bci powietrza w pomieszczeniach (IAQ)<\/strong> opiera si\u0119 na ocenie st\u0119\u017cenia dw\u00f3ch rodzaj\u00f3w zanieczyszcze\u0144: <\/p>\n\n<ul class=\"wp-block-list\">\n<li><strong>Lotne zwi\u0105zki organiczne (LZO<\/strong> ): zapachy, opary produkt\u00f3w chemicznych, takich jak formaldehyd;<\/li>\n\n\n\n<li><strong>cz\u0105stki sta\u0142e lub ciek\u0142e<\/strong>: kurz, aerozole i zwi\u0105zki biologiczne (mikroby, ple\u015b\u0144 itp.).<\/li>\n<\/ul>\n\n<blockquote class=\"wp-block-quote is-layout-flow wp-block-quote-is-layout-flow\">\n<p>Zanieczyszczenie powietrza w pomieszczeniach stanowi <strong>zagro\u017cenie dla zdrowia pracownik\u00f3w i \u015brodowiska<\/strong>. Formaldehyd jest substancj\u0105 rakotw\u00f3rcz\u0105, a lotne zwi\u0105zki organiczne przyczyniaj\u0105 si\u0119 do efektu cieplarnianego. <\/p>\n<\/blockquote>\n\n<h3 class=\"wp-block-heading\" id=\"des-valeurs-de-temperature-et-d-humidite-excessives\">Nadmierne poziomy temperatury i wilgotno\u015bci<\/h3>\n\n<p>Analiza jako\u015bci powietrza w pomieszczeniach wymaga r\u00f3wnie\u017c <strong>pomiar\u00f3w temperatury i wilgotno\u015bci wzgl\u0119dnej<\/strong>. Nadmierne ciep\u0142o lub wilgotno\u015b\u0107 sprzyjaj\u0105 rozwojowi zanieczyszcze\u0144 biologicznych (ple\u015bni, bakterii), kt\u00f3re uszkadzaj\u0105 <strong>materia\u0142y i gotowe produkty<\/strong>. Ponadto nadmierna temperatura i wilgotno\u015b\u0107 zwi\u0119kszaj\u0105 szkodliwe dzia\u0142anie lotnych zwi\u0105zk\u00f3w organicznych i <strong>przyczyniaj\u0105 si\u0119 do pogorszenia \u015brodowiska pracy<\/strong>.  <\/p>\n\n<h2 class=\"wp-block-heading\" id=\"que-dit-la-loi-sur-la-surveillance-de-la-qualite-de-l-air-interieur\">Co prawo m\u00f3wi o monitorowaniu jako\u015bci powietrza w pomieszczeniach?<\/h2>\n\n<p>Pracodawcy maj\u0105 prawny obowi\u0105zek analizowania jako\u015bci powietrza w pomieszczeniach poprzez przestrzeganie <strong>dopuszczalnych warto\u015bci nara\u017cenia zawodowego (OEL)<\/strong> i przeprowadzanie diagnostyki jako\u015bci powietrza w pomieszczeniach. <strong><a href=\"https:\/\/obera.fr\/pl\/nasza-rada\/qai-diagnostic-qualite-de-l-air-interieur-batiments-industriels\/\" data-type=\"URL\" data-id=\"https:\/\/obera.fr\/conseils\/qai-diagnostic-qualite-de-l-air-interieur-batiments-industriels\/\">przeprowadzanie diagnostyki jako\u015bci powietrza w pomieszczeniach<\/a><\/strong>.<\/p>\n\n<h3 class=\"wp-block-heading\" id=\"valeurs-limites-d-exposition-professionnelle\">Dopuszczalne warto\u015bci nara\u017cenia zawodowego<\/h3>\n\n<p>Francuski kodeks pracy okre\u015bla dopuszczalne warto\u015bci nara\u017cenia zawodowego (OELV), kt\u00f3re odpowiadaj\u0105 <strong>maksymalnym poziomom zanieczyszcze\u0144 lub cz\u0105stek<\/strong>, na kt\u00f3re operator mo\u017ce by\u0107 nara\u017cony bez \u017cadnego wp\u0142ywu na jego zdrowie. Je\u015bli warto\u015bci OELV zostan\u0105 przekroczone, stanowisko pracy zostaje zawieszone do czasu podj\u0119cia \u015brodk\u00f3w maj\u0105cych na celu zmniejszenie nara\u017cenia pracownika. <\/p>\n\n<h3 class=\"wp-block-heading\" id=\"diagnostic-qualite-de-l-air-interieur\">Diagnostyka jako\u015bci powietrza w pomieszczeniach<\/h3>\n\n<p>W ramach ustawy &#8222;Grenelle 2&#8221; dotycz\u0105cej krajowego zaanga\u017cowania w ochron\u0119 \u015brodowiska, badanie jako\u015bci powietrza w pomieszczeniach (IAQ) jest obowi\u0105zkowe we Francji w budynkach u\u017cywanych przez dzieci (przedszkola i szko\u0142y podstawowe, o\u015brodki wypoczynkowe i szko\u0142y \u015brednie). <strong>Od stycznia 2023 r. testowanie jako\u015bci powietrza zostanie rozszerzone na wszystkie budynki og\u00f3lnodost\u0119pne (ERP)<\/strong>, tj. takie, kt\u00f3re s\u0105 otwarte dla go\u015bci innych ni\u017c pracownicy.<\/p>\n\n<h2 class=\"wp-block-heading\" id=\"comment-realiser-l-analyse-de-la-qualite-de-l-air-interieur\">Jak analizowana jest jako\u015b\u0107 powietrza w pomieszczeniach?<\/h2>\n\n<p>Jako\u015b\u0107 powietrza w pomieszczeniach jest monitorowana przy u\u017cyciu <strong>specjalnego sprz\u0119tu pomiarowego<\/strong>, zgodnie <strong>z zaleceniami specjalisty<\/strong>.<\/p>\n\n<h3 class=\"wp-block-heading\" id=\"les-appareils-de-mesure-de-la-pollution-de-l-air\">Sprz\u0119t do pomiaru zanieczyszczenia powietrza<\/h3>\n\n<p>Analiza jako\u015bci powietrza w pomieszczeniach wymaga specjalnie zaprojektowanego sprz\u0119tu do wyszukiwania zanieczyszcze\u0144 i pomiaru ich st\u0119\u017cenia w ka\u017cdym pomieszczeniu budynku. Jako <a href=\"https:\/\/obera.fr\/pl\/nasza-rada\/kompletny-przewodnik-po-przemyslowym-uzdatnianiu-powietrza\/\" data-type=\"URL\" data-id=\"https:\/\/obera.fr\/conseils\/traitement-air-industriel-guide-complet\/\">ekspert w dziedzinie przemys\u0142owego oczyszczania powietrza<\/a>, OBERA oferuje szereg <strong>licznik\u00f3w cz\u0105stek i analizator\u00f3w powietrza<\/strong>. Urz\u0105dzenia tego typu zapewniaj\u0105 ci\u0105g\u0142e monitorowanie jako\u015bci powietrza wewn\u0105trz obiektu: <\/p>\n\n<ul class=\"wp-block-list\">\n<li>wykrywanie <strong>lotnych zwi\u0105zk\u00f3w organicznych (LZO)<\/strong> i dwutlenku w\u0119gla (CO2);<\/li>\n\n\n\n<li>analiza ilo\u015bciowa i jako\u015bciowa <strong>py\u0142u i cz\u0105stek sta\u0142ych<\/strong> (PM 0,3 do PM 10);<\/li>\n\n\n\n<li>mierzy <strong>warto\u015bci temperatury i wilgotno\u015bci wzgl\u0119dnej<\/strong>.<\/li>\n<\/ul>\n\n<p><strong>Analiza danych w czasie rzeczywistym<\/strong> oznacza, \u017ce mo\u017cna szybko podj\u0105\u0107 dzia\u0142ania naprawcze (wentylacja, uzdatnianie powietrza) w celu zapewnienia zgodno\u015bci z dopuszczalnymi warto\u015bciami nara\u017cenia zawodowego.<\/p>\n\n<h3 class=\"wp-block-heading\" id=\"nos-conseils-pour-des-analyses-qai-efficaces\">Nasze porady dotycz\u0105ce skutecznych analiz IAQ<\/h3>\n\n<p>Obiekty og\u00f3lnodost\u0119pne (ERP) obj\u0119te ustaw\u0105 Grenelle 2 musz\u0105 mie\u0107 przeprowadzon\u0105 diagnostyk\u0119 jako\u015bci powietrza przez zaprzysi\u0119\u017conego specjalist\u0119. We wszystkich przypadkach zaleca si\u0119 zwr\u00f3cenie si\u0119 <strong>do specjalisty ds. jako\u015bci powietrza<\/strong>. Oferujemy us\u0142ugi <a href=\"https:\/\/obera.fr\/conseils\/mesure-de-la-qualite-de-l-air-interieur-interet-principe\/\" data-type=\"URL\" data-id=\"https:\/\/obera.fr\/conseils\/mesure-de-la-qualite-de-l-air-interieur-interet-principe\/\">pomiaru jako\u015bci powietrza w pomieszczeniach<\/a> i mo\u017cemy pom\u00f3c w skonfigurowaniu przemys\u0142owego systemu uzdatniania powietrza.  <\/p>\n\n<blockquote class=\"wp-block-quote is-layout-flow wp-block-quote-is-layout-flow\">\n<p><a href=\"https:\/\/obera.fr\/pl\/contact\/\" data-type=\"page\" data-id=\"124\">Skontaktuj si\u0119 z nami<\/a>, aby om\u00f3wi\u0107 swoje potrzeby i uzyska\u0107 porady dotycz\u0105ce<strong>analizy jako\u015bci powietrza w<\/strong> budynku.<\/p>\n<\/blockquote>\n\n<p>Przejd\u017a dalej: <a href=\"https:\/\/obera.fr\/pl\/nasza-rada\/choisir-rafraichisseur-d-air-industriel-reguler-temperature\/\" data-type=\"URL\" data-id=\"https:\/\/obera.fr\/conseils\/choisir-rafraichisseur-d-air-industriel-reguler-temperature\/\">Wyb\u00f3r przemys\u0142owej ch\u0142odnicy powietrza<\/a>.  <\/p>\n","protected":false},"excerpt":{"rendered":"<p>Jakie s\u0105 \u017ar\u00f3d\u0142a zanieczyszcze\u0144 w pomieszczeniach? Czy monitorowanie jako\u015bci powietrza w pomieszczeniach jest obowi\u0105zkowe? Jak mierzy si\u0119 jako\u015b\u0107 powietrza w pomieszczeniach? Poznaj nasze porady dotycz\u0105ce zdrowego \u015brodowiska pracy, kt\u00f3re jest zgodne z przepisami.   <\/p>\n","protected":false},"author":4,"featured_media":98432,"comment_status":"open","ping_status":"closed","sticky":false,"template":"","format":"standard","meta":{"_acf_changed":false,"_seopress_robots_primary_cat":"none","_seopress_titles_title":"Jak poprawi\u0107 jako\u015b\u0107 powietrza w domu?","_seopress_titles_desc":"Zapoznaj si\u0119 z naszymi poradami dotycz\u0105cymi zdrowego \u015brodowiska pracy, kt\u00f3re jest zgodne z przepisami, w tym z analiz\u0105 jako\u015bci powietrza w pomieszczeniach.","_seopress_robots_index":"","footnotes":""},"categories":[54],"tags":[],"class_list":["post-44516","post","type-post","status-publish","format-standard","has-post-thumbnail","hentry","category-nasza-rada","generate-columns","tablet-grid-50","mobile-grid-100","grid-parent","grid-50","no-featured-image-padding","resize-featured-image"],"acf":[],"_links":{"self":[{"href":"https:\/\/obera.fr\/pl\/wp-json\/wp\/v2\/posts\/44516","targetHints":{"allow":["GET"]}}],"collection":[{"href":"https:\/\/obera.fr\/pl\/wp-json\/wp\/v2\/posts"}],"about":[{"href":"https:\/\/obera.fr\/pl\/wp-json\/wp\/v2\/types\/post"}],"author":[{"embeddable":true,"href":"https:\/\/obera.fr\/pl\/wp-json\/wp\/v2\/users\/4"}],"replies":[{"embeddable":true,"href":"https:\/\/obera.fr\/pl\/wp-json\/wp\/v2\/comments?post=44516"}],"version-history":[{"count":5,"href":"https:\/\/obera.fr\/pl\/wp-json\/wp\/v2\/posts\/44516\/revisions"}],"predecessor-version":[{"id":98632,"href":"https:\/\/obera.fr\/pl\/wp-json\/wp\/v2\/posts\/44516\/revisions\/98632"}],"wp:featuredmedia":[{"embeddable":true,"href":"https:\/\/obera.fr\/pl\/wp-json\/wp\/v2\/media\/98432"}],"wp:attachment":[{"href":"https:\/\/obera.fr\/pl\/wp-json\/wp\/v2\/media?parent=44516"}],"wp:term":[{"taxonomy":"category","embeddable":true,"href":"https:\/\/obera.fr\/pl\/wp-json\/wp\/v2\/categories?post=44516"},{"taxonomy":"post_tag","embeddable":true,"href":"https:\/\/obera.fr\/pl\/wp-json\/wp\/v2\/tags?post=44516"}],"curies":[{"name":"wp","href":"https:\/\/api.w.org\/{rel}","templated":true}]}}