{"id":44900,"date":"2020-11-20T16:32:55","date_gmt":"2020-11-20T14:32:55","guid":{"rendered":"https:\/\/obera.fr\/bez-kategorii\/zanieczyszczenie-powietrza-czynniki-ryzyka\/"},"modified":"2025-05-07T11:03:14","modified_gmt":"2025-05-07T09:03:14","slug":"facteurs-de-risque","status":"publish","type":"post","link":"https:\/\/obera.fr\/pl\/nasza-rada\/facteurs-de-risque\/","title":{"rendered":"Zanieczyszczenie powietrza: czynniki ryzyka"},"content":{"rendered":"\n<p>Opr\u00f3cz bardzo silnego wp\u0142ywu na \u015brodowisko, o kt\u00f3rym cz\u0119sto s\u0142yszymy w mediach, zanieczyszczenie powietrza jest bardzo szkodliwe dla naszego zdrowia.<br\/>Wed\u0142ug badania przeprowadzonego przez dr Roba Beelena (Uniwersytet w Utrechcie w Holandii) i opublikowanego w czasopi\u015bmie medycznym The Lancet w 2013 r., wzrost st\u0119\u017cenia PM2,5 o 5 mikrogram\u00f3w na metr sze\u015bcienny zwi\u0119ksza \u015bmiertelno\u015b\u0107 o 7%.<\/p>\n\n<h2 class=\"wp-block-heading\" id=\"diametre-des-polluants\">\u015arednica zanieczyszcze\u0144<\/h2>\n\n<p>Powy\u017csza tabela przedstawia \u015bredni rozmiar r\u00f3\u017cnych zanieczyszcze\u0144. Im grubsza cz\u0105steczka, tym bardziej organizm mo\u017ce j\u0105 zwalczy\u0107; odwrotnie, im drobniejsza cz\u0105steczka, tym wi\u0119ksze ryzyko. <\/p>\n\n<p>Istniej\u0105 dwa rodzaje cz\u0105stek. Te o \u015brednicy wi\u0119kszej ni\u017c 10 \u00b5m, kt\u00f3re s\u0105 widoczne go\u0142ym okiem, szczeg\u00f3lnie w s\u0142oneczne dni, oraz cz\u0105stki mniejsze ni\u017c PM 10, kt\u00f3re s\u0105 niewidoczne dla oka. Te ostatnie stanowi\u0105 wi\u0119kszo\u015b\u0107 py\u0142u i s\u0105 r\u00f3wnie\u017c najbardziej niebezpieczne. Co wi\u0119cej, poniewa\u017c ich masa jest tak niska, podlegaj\u0105 one pr\u0105dom powietrza i bardzo \u0142atwo si\u0119 rozpraszaj\u0105. Wszystkie aerozole nale\u017c\u0105 do tej kategorii.    <\/p>\n\n<figure class=\"wp-block-image aligncenter size-large is-resized\"><img decoding=\"async\" src=\"https:\/\/obera.fr\/wp-content\/uploads\/2020\/11\/4-temps-de-sedimentation-1024x376.jpg\" alt=\"4 Czas sedymentacji\" class=\"wp-image-1841\" width=\"1024\" height=\"376\" srcset=\"https:\/\/obera.fr\/wp-content\/uploads\/2020\/11\/4-temps-de-sedimentation-1024x376.jpg 1024w, https:\/\/obera.fr\/wp-content\/uploads\/2020\/11\/4-temps-de-sedimentation-300x110.jpg 300w, https:\/\/obera.fr\/wp-content\/uploads\/2020\/11\/4-temps-de-sedimentation-768x282.jpg 768w, https:\/\/obera.fr\/wp-content\/uploads\/2020\/11\/4-temps-de-sedimentation-1536x564.jpg 1536w, https:\/\/obera.fr\/wp-content\/uploads\/2020\/11\/4-temps-de-sedimentation-2048x752.jpg 2048w\" sizes=\"(max-width: 1024px) 100vw, 1024px\" \/><\/figure>\n\n<h2 class=\"wp-block-heading\" id=\"la-granulometrie-des-poussieres-et-leurs-effets\">Granulometria py\u0142u i jej skutki<\/h2>\n\n<p>Powy\u017cszy diagram pokazuje poziom penetracji cz\u0105steczek do organizmu w zale\u017cno\u015bci od ich \u015brednicy. Im s\u0105 one drobniejsze, tym g\u0142\u0119biej osadzaj\u0105 si\u0119 w organizmie i tym trudniej je wydali\u0107. <\/p>\n\n<p>Naturalnie organizm mo\u017ce wykrztusza\u0107 kurz dzi\u0119ki rz\u0119skom p\u0142ucnym. Te przepychaj\u0105 cz\u0105steczki dalej do przewodu pokarmowego i eliminuj\u0105 je poprzez trawienie. Jednak niekt\u00f3re populacje s\u0105 bardziej nara\u017cone. Na przyk\u0142ad palacze maj\u0105 znacznie mniej rz\u0119sek p\u0142ucnych, wi\u0119c wydalanie cz\u0105stek zajmuje im wi\u0119cej czasu. Astmatycy s\u0105 bardziej wra\u017cliwi na zanieczyszczenie powietrza&#8230;    <\/p>\n\n<p>Jednym z najwa\u017cniejszych czynnik\u00f3w wp\u0142ywaj\u0105cych na toksyczno\u015b\u0107 cz\u0105stek jest biopersystencja: czas potrzebny organizmowi na wydalenie py\u0142u.<\/p>\n\n<p>Kolejnym czynnikiem jest PM 1. Cz\u0105steczki te s\u0105 tak drobne, \u017ce przechodz\u0105 przez p\u0119cherzyki p\u0142ucne i migruj\u0105 bezpo\u015brednio do krwiobiegu. Dotyczy to w szczeg\u00f3lno\u015bci dymu papierosowego, wirus\u00f3w, pestycyd\u00f3w itp.  <\/p>\n\n<figure class=\"wp-block-image aligncenter size-full is-resized\"><img decoding=\"async\" src=\"https:\/\/obera.fr\/wp-content\/uploads\/2020\/11\/4-fraction-poussieres.jpg\" alt=\"4 Frakcja py&#x142;u\" class=\"wp-image-1840\" width=\"500\" height=\"526\" srcset=\"https:\/\/obera.fr\/wp-content\/uploads\/2020\/11\/4-fraction-poussieres.jpg 500w, https:\/\/obera.fr\/wp-content\/uploads\/2020\/11\/4-fraction-poussieres-285x300.jpg 285w\" sizes=\"(max-width: 500px) 100vw, 500px\" \/><\/figure>\n\n<h2 class=\"wp-block-heading\" id=\"temps-de-sedimentation\">Czas sedymentacji<\/h2>\n\n<p>Wszystkie cz\u0105stki wytr\u0105caj\u0105 si\u0119. Jednak w przypadku ultradrobnych cz\u0105stek mo\u017ce min\u0105\u0107 kilka dni, zanim osi\u0105d\u0105 na ziemi. <\/p>\n\n<p>To masa i g\u0119sto\u015b\u0107 py\u0142u decyduj\u0105 o pr\u0119dko\u015bci jego osiadania. Im ni\u017csza masa, tym d\u0142u\u017cej trwa wytr\u0105canie i tym bardziej wra\u017cliwy jest on na przep\u0142yw powietrza. <\/p>\n\n<p>Teoretycznie wi\u0119c, gdyby\u015bmy chcieli poczeka\u0107, a\u017c ca\u0142y py\u0142 opadnie, musieliby\u015bmy ca\u0142kowicie przerwa\u0107 prac\u0119 na 15 dni. Poniewa\u017c prawie nigdy tak si\u0119 nie dzieje, najdrobniejsze cz\u0105steczki zawsze pozostaj\u0105 w zawiesinie i koncentruj\u0105 si\u0119. <\/p>\n\n<figure class=\"wp-block-image aligncenter size-large is-resized\"><img decoding=\"async\" src=\"https:\/\/obera.fr\/wp-content\/uploads\/2020\/11\/4-taille-de-particules-1024x844.jpg\" alt=\"4 Rozmiar cz&#x105;stek\" class=\"wp-image-1839\" width=\"1024\" height=\"844\" srcset=\"https:\/\/obera.fr\/wp-content\/uploads\/2020\/11\/4-taille-de-particules-1024x844.jpg 1024w, https:\/\/obera.fr\/wp-content\/uploads\/2020\/11\/4-taille-de-particules-300x247.jpg 300w, https:\/\/obera.fr\/wp-content\/uploads\/2020\/11\/4-taille-de-particules-768x633.jpg 768w, https:\/\/obera.fr\/wp-content\/uploads\/2020\/11\/4-taille-de-particules-1536x1266.jpg 1536w, https:\/\/obera.fr\/wp-content\/uploads\/2020\/11\/4-taille-de-particules-2048x1688.jpg 2048w\" sizes=\"(max-width: 1024px) 100vw, 1024px\" \/><\/figure>\n\n<p>Dowiedz si\u0119 <a href=\"https:\/\/obera.fr\/pl\/nasza-rada\/poussiere-solvant-industrie\/\">, czym s\u0105 py\u0142y i rozpuszczalniki w przemy\u015ble<\/a>, czytaj\u0105c nasz dedykowany artyku\u0142, a tak\u017ce <a href=\"https:\/\/obera.fr\/pl\/nasza-rada\/traitement-air-industriel-guide-complet\/\">kompletny przewodnik po przemys\u0142owym oczyszczaniu powietrza.<\/a> <\/p>\n","protected":false},"excerpt":{"rendered":"<p>Zanieczyszczenie powietrza jest bardzo szkodliwe dla naszego zdrowia. Wed\u0142ug badania przeprowadzonego przez dr Roba Beelena w Holandii w 2013 roku, wzrost st\u0119\u017cenia PM2,5 o 5 mikrogram\u00f3w na metr sze\u015bcienny zwi\u0119ksza \u015bmiertelno\u015b\u0107 o 7%. Dowiedz si\u0119 wi\u0119cej o czynnikach ryzyka zwi\u0105zanych z zanieczyszczeniem.  <\/p>\n","protected":false},"author":4,"featured_media":99245,"comment_status":"closed","ping_status":"closed","sticky":false,"template":"","format":"standard","meta":{"_acf_changed":false,"_seopress_robots_primary_cat":"none","_seopress_titles_title":"Zanieczyszczenie powietrza: czynniki ryzyka dla zdrowia","_seopress_titles_desc":"Opr\u00f3cz bardzo silnego wp\u0142ywu na \u015brodowisko, o kt\u00f3rym cz\u0119sto s\u0142yszymy w mediach, zanieczyszczenie powietrza jest bardzo szkodliwe dla naszego zdrowia.","_seopress_robots_index":"","footnotes":""},"categories":[54],"tags":[128],"class_list":["post-44900","post","type-post","status-publish","format-standard","has-post-thumbnail","hentry","category-nasza-rada","tag-entete-maly","generate-columns","tablet-grid-50","mobile-grid-100","grid-parent","grid-50","no-featured-image-padding","resize-featured-image"],"acf":[],"_links":{"self":[{"href":"https:\/\/obera.fr\/pl\/wp-json\/wp\/v2\/posts\/44900","targetHints":{"allow":["GET"]}}],"collection":[{"href":"https:\/\/obera.fr\/pl\/wp-json\/wp\/v2\/posts"}],"about":[{"href":"https:\/\/obera.fr\/pl\/wp-json\/wp\/v2\/types\/post"}],"author":[{"embeddable":true,"href":"https:\/\/obera.fr\/pl\/wp-json\/wp\/v2\/users\/4"}],"replies":[{"embeddable":true,"href":"https:\/\/obera.fr\/pl\/wp-json\/wp\/v2\/comments?post=44900"}],"version-history":[{"count":5,"href":"https:\/\/obera.fr\/pl\/wp-json\/wp\/v2\/posts\/44900\/revisions"}],"predecessor-version":[{"id":99613,"href":"https:\/\/obera.fr\/pl\/wp-json\/wp\/v2\/posts\/44900\/revisions\/99613"}],"wp:featuredmedia":[{"embeddable":true,"href":"https:\/\/obera.fr\/pl\/wp-json\/wp\/v2\/media\/99245"}],"wp:attachment":[{"href":"https:\/\/obera.fr\/pl\/wp-json\/wp\/v2\/media?parent=44900"}],"wp:term":[{"taxonomy":"category","embeddable":true,"href":"https:\/\/obera.fr\/pl\/wp-json\/wp\/v2\/categories?post=44900"},{"taxonomy":"post_tag","embeddable":true,"href":"https:\/\/obera.fr\/pl\/wp-json\/wp\/v2\/tags?post=44900"}],"curies":[{"name":"wp","href":"https:\/\/api.w.org\/{rel}","templated":true}]}}