{"id":45473,"date":"2020-11-20T16:36:00","date_gmt":"2020-11-20T14:36:00","guid":{"rendered":"https:\/\/obera.fr\/bez-kategorii\/zanieczyszczenie-powietrza-wplyw-na-zdrowie\/"},"modified":"2025-05-07T11:05:38","modified_gmt":"2025-05-07T09:05:38","slug":"pollution-air-impact-sante","status":"publish","type":"post","link":"https:\/\/obera.fr\/pl\/nasza-rada\/pollution-air-impact-sante\/","title":{"rendered":"Zanieczyszczenie powietrza: wp\u0142yw na zdrowie"},"content":{"rendered":"\n<h2 class=\"wp-block-heading\" id=\"maladies-dues-a-la-qualite-de-l-air\">Choroby spowodowane jako\u015bci\u0105 powietrza<\/h2>\n\n<p>Nigdy nie zach\u0119ca\u0142by\u015b swojego dziecka do wdychania spalin! A jednak, \u017cyj\u0105c w zanieczyszczonej atmosferze, nie\u015bwiadomie wch\u0142aniasz du\u017c\u0105 ilo\u015b\u0107 szkodliwych cz\u0105stek. <\/p>\n\n<p>Py\u0142 jest szkodliwy ze wzgl\u0119du na swoj\u0105 natur\u0119, ale tak\u017ce ze wzgl\u0119du na swoj\u0105 <a href=\"https:\/\/obera.fr\/pl\/nasza-rada\/facteurs-de-risque\/\" data-type=\"post\" data-id=\"1837\" target=\"_blank\" rel=\"noreferrer noopener\">trwa\u0142o\u015b\u0107 biologiczn\u0105<\/a>. Co wi\u0119cej, cz\u0105steczki cz\u0119sto \u0142\u0105cz\u0105 si\u0119 z zanieczyszczeniami chemicznymi. S\u0105 one uwi\u0119zione w organizmie i mog\u0105 potencjalnie przedosta\u0107 si\u0119 przez b\u0142ony \u015bluzowe p\u0119cherzyk\u00f3w p\u0142ucnych do krwiobiegu.  <\/p>\n\n<p>Py\u0142 sk\u0142ada si\u0119 z zanieczyszcze\u0144 fizycznych, chemicznych i biologicznych. Zanieczyszczenia te powoduj\u0105 choroby zwi\u0105zane z nara\u017ceniem na drobne cz\u0105stki, takie jak : <\/p>\n\n<ul class=\"wp-block-list\">\n<li>Astma<\/li>\n\n\n\n<li>Alergie<\/li>\n\n\n\n<li>B\u00f3l g\u0142owy<\/li>\n\n\n\n<li>Nudno\u015bci (szczeg\u00f3lnie w przypadku lotnych zwi\u0105zk\u00f3w organicznych)<\/li>\n\n\n\n<li>Podra\u017cnienie\/zapalenie dr\u00f3g oddechowych<\/li>\n\n\n\n<li>Zapalenie tchawicy\/oskrzeli<\/li>\n\n\n\n<li>Choroby dr\u00f3g oddechowych<\/li>\n\n\n\n<li>Zw\u0142\u00f3knienie p\u0142uc<\/li>\n\n\n\n<li>Nowotwory<\/li>\n<\/ul>\n\n<figure class=\"wp-block-image alignwide size-large\"><img decoding=\"async\" width=\"1024\" height=\"368\" src=\"https:\/\/obera.fr\/wp-content\/uploads\/2020\/11\/impact-sante-1024x368.jpg\" alt=\"Impact Sante\" class=\"wp-image-1850\" srcset=\"https:\/\/obera.fr\/wp-content\/uploads\/2020\/11\/impact-sante-1024x368.jpg 1024w, https:\/\/obera.fr\/wp-content\/uploads\/2020\/11\/impact-sante-300x108.jpg 300w, https:\/\/obera.fr\/wp-content\/uploads\/2020\/11\/impact-sante-768x276.jpg 768w, https:\/\/obera.fr\/wp-content\/uploads\/2020\/11\/impact-sante-1536x552.jpg 1536w, https:\/\/obera.fr\/wp-content\/uploads\/2020\/11\/impact-sante.jpg 1920w\" sizes=\"(max-width: 1024px) 100vw, 1024px\" \/><\/figure>\n\n<h2 class=\"wp-block-heading\" id=\"les-maladies-professionnelles-specifiques-a-une-mauvaise-qualite-de-l-air\">Choroby zawodowe zwi\u0105zane z nisk\u0105 jako\u015bci\u0105 powietrza<\/h2>\n\n<p>Niekt\u00f3re sektory dzia\u0142alno\u015bci koncentruj\u0105 okre\u015blone choroby zawodowe. Najbardziej znan\u0105 z nich jest rak p\u0142uc u pracownik\u00f3w maj\u0105cych kontakt z azbestem. <\/p>\n\n<p>Zagro\u017cenia dla organizmu zale\u017c\u0105 od cz\u0119stotliwo\u015bci nara\u017cenia, ilo\u015bci wdychanych cz\u0105stek i ich rodzaju.<\/p>\n\n<p>Og\u00f3lnie rzecz bior\u0105c, je\u015bli poziom py\u0142u PM 2,5 jest wysoki, ka\u017cdy rodzaj cz\u0105stek mo\u017ce powodowa\u0107 raka. Dlatego konieczne jest podj\u0119cie odpowiednich \u015brodk\u00f3w. <\/p>\n","protected":false},"excerpt":{"rendered":"<p>Nigdy nie zach\u0119ca\u0142by\u015b swojego dziecka do wdychania spalin! A jednak, \u017cyj\u0105c w zanieczyszczonej atmosferze, nie\u015bwiadomie wch\u0142aniasz du\u017c\u0105 ilo\u015b\u0107 szkodliwych cz\u0105stek. Jakie choroby s\u0105 spowodowane nisk\u0105 jako\u015bci\u0105 powietrza?  <\/p>\n","protected":false},"author":4,"featured_media":82033,"comment_status":"closed","ping_status":"closed","sticky":false,"template":"","format":"standard","meta":{"_acf_changed":false,"_seopress_robots_primary_cat":"none","_seopress_titles_title":"Zanieczyszczenie powietrza: wp\u0142yw na zdrowie","_seopress_titles_desc":"Py\u0142 jest szkodliwy ze wzgl\u0119du na swoj\u0105 natur\u0119, ale tak\u017ce ze wzgl\u0119du na swoj\u0105 trwa\u0142o\u015b\u0107 biologiczn\u0105. Cz\u0105steczki cz\u0119sto \u0142\u0105cz\u0105 si\u0119 z zanieczyszczeniami chemicznymi. ","_seopress_robots_index":"","footnotes":""},"categories":[54],"tags":[],"class_list":["post-45473","post","type-post","status-publish","format-standard","has-post-thumbnail","hentry","category-nasza-rada","generate-columns","tablet-grid-50","mobile-grid-100","grid-parent","grid-50","no-featured-image-padding","resize-featured-image"],"acf":[],"_links":{"self":[{"href":"https:\/\/obera.fr\/pl\/wp-json\/wp\/v2\/posts\/45473","targetHints":{"allow":["GET"]}}],"collection":[{"href":"https:\/\/obera.fr\/pl\/wp-json\/wp\/v2\/posts"}],"about":[{"href":"https:\/\/obera.fr\/pl\/wp-json\/wp\/v2\/types\/post"}],"author":[{"embeddable":true,"href":"https:\/\/obera.fr\/pl\/wp-json\/wp\/v2\/users\/4"}],"replies":[{"embeddable":true,"href":"https:\/\/obera.fr\/pl\/wp-json\/wp\/v2\/comments?post=45473"}],"version-history":[{"count":3,"href":"https:\/\/obera.fr\/pl\/wp-json\/wp\/v2\/posts\/45473\/revisions"}],"predecessor-version":[{"id":99662,"href":"https:\/\/obera.fr\/pl\/wp-json\/wp\/v2\/posts\/45473\/revisions\/99662"}],"wp:featuredmedia":[{"embeddable":true,"href":"https:\/\/obera.fr\/pl\/wp-json\/wp\/v2\/media\/82033"}],"wp:attachment":[{"href":"https:\/\/obera.fr\/pl\/wp-json\/wp\/v2\/media?parent=45473"}],"wp:term":[{"taxonomy":"category","embeddable":true,"href":"https:\/\/obera.fr\/pl\/wp-json\/wp\/v2\/categories?post=45473"},{"taxonomy":"post_tag","embeddable":true,"href":"https:\/\/obera.fr\/pl\/wp-json\/wp\/v2\/tags?post=45473"}],"curies":[{"name":"wp","href":"https:\/\/api.w.org\/{rel}","templated":true}]}}