{"id":45530,"date":"2020-11-20T16:38:52","date_gmt":"2020-11-20T14:38:52","guid":{"rendered":"https:\/\/obera.fr\/bez-kategorii\/jakosc-powietrza-zmieniajace-sie-spoleczenstwo\/"},"modified":"2025-05-07T11:04:03","modified_gmt":"2025-05-07T09:04:03","slug":"qualite-air-evolution-societe","status":"publish","type":"post","link":"https:\/\/obera.fr\/pl\/nasza-rada\/qualite-air-evolution-societe\/","title":{"rendered":"Jako\u015b\u0107 powietrza: zmiany w spo\u0142ecze\u0144stwie"},"content":{"rendered":"\n<h2 class=\"wp-block-heading\" id=\"evolution-future-de-la-reglementation\">Przysz\u0142e zmiany regulacyjne<\/h2>\n\n<p><em><strong>Zanieczyszczenie drobnymi cz\u0105steczkami coraz cz\u0119\u015bciej pojawia si\u0119 w wiadomo\u015bciach. Wiele s\u0142yszymy o zanieczyszczeniu powietrza na obszarach miejskich, o szczytach zanieczyszczenia drobnymi cz\u0105stkami&#8230; <\/strong><\/em><\/p>\n\n<p><em><strong>Obecnie normy europejskie nie nak\u0142adaj\u0105 \u017cadnych przepis\u00f3w dotycz\u0105cych ultradrobnych cz\u0105stek. Jednak skandale podwa\u017caj\u0105 ten trend.   <\/strong><\/em><\/p>\n\n<h2 class=\"wp-block-heading\" id=\"focus-sur-les-particules-les-plus-fines\">Koncentracja na najdrobniejszych cz\u0105steczkach<\/h2>\n\n<h3 class=\"wp-block-heading\" id=\"fos-sur-mer\">Fos-sur-mer<\/h3>\n\n<p>W 2017 r. w Fos-sur-mer odnotowano dwa razy wi\u0119cej infekcji p\u0142uc, nowotwor\u00f3w i chor\u00f3b serca ni\u017c gdziekolwiek indziej we Francji. Miasto znajduje si\u0119 w jednej z g\u0142\u00f3wnych stref przemys\u0142owych w Europie, kt\u00f3ra obejmuje rafinerie, magazyny ropy naftowej i ogromn\u0105 hut\u0119 stali&#8230;. <\/p>\n\n<p>Po przeanalizowaniu emisji cz\u0105stek, naukowcy stwierdzili, \u017ce wyniki mieszcz\u0105 si\u0119 w normie dla cz\u0105stek wi\u0119kszych ni\u017c PM 2,5. Wykazano jednak, \u017ce fabryki te wytwarzaj\u0105 du\u017c\u0105 liczb\u0119 cz\u0105stek PM 1, a tak\u017ce LZO i CMR, co sprawia, \u017ce ich emisje s\u0105 niezwykle toksyczne. Niestety, pomiary st\u0119\u017cenia cz\u0105stek PM 1 s\u0105 prowadzone od niedawna. Spo\u0142eczno\u015b\u0107 naukowa zgadza si\u0119, \u017ce s\u0105 one g\u0142\u00f3wn\u0105 przyczyn\u0105 ra\u017c\u0105cego wzrostu zachorowa\u0144 na tym obszarze.   <\/p>\n\n<p>Association de D\u00e9fense et de Protection du Littoral du Golf de Fos sur Mer podj\u0119\u0142o t\u0119 kwesti\u0119, aby zaproponowa\u0107 rozwi\u0105zania maj\u0105ce na celu popraw\u0119 jako\u015bci powietrza, monitorowanie emisji zanieczyszcze\u0144 atmosferycznych i podj\u0119cie dzia\u0142a\u0144 prawnych.<\/p>\n\n<h3 class=\"wp-block-heading\" id=\"les-pics-de-pollution-aux-particules-ultrafines-dans-les-villes\">Zanieczyszczenie najdrobniejszymi cz\u0105steczkami osi\u0105ga szczyt w miastach<\/h3>\n\n<p>Du\u017ce miasta we Francji i na ca\u0142ym \u015bwiecie regularnie do\u015bwiadczaj\u0105 szczyt\u00f3w zanieczyszczenia najdrobniejszymi cz\u0105steczkami. Wed\u0142ug francuskiego Ministerstwa Zdrowia ludzie powinni maksymalnie ograniczy\u0107 aktywno\u015b\u0107 fizyczn\u0105, unika\u0107 wychodzenia z domu, skonsultowa\u0107 si\u0119 z lekarzem w przypadku wyst\u0105pienia objaw\u00f3w&#8230; <\/p>\n\n<p>Jednak fabryki, warsztaty i magazyny, w kt\u00f3rych zanieczyszczenia generowane przez procesy produkcyjne i prze\u0142adunkowe nie s\u0105 (lub s\u0105 s\u0142abo) wychwytywane, powoduj\u0105 zanieczyszczenie podobne do szczyt\u00f3w w du\u017cych miastach. Teoretycznie te same zalecenia powinny mie\u0107 zastosowanie do pracownik\u00f3w, co doprowadzi\u0142oby do znacznego spadku wydajno\u015bci. <\/p>\n\n<h2 class=\"wp-block-heading\" id=\"aujourd-hui-il-y-a-peu-d-obligations-relatives-aux-particules-ultrafines-mais-qu-en-est-il-de-demain\">Obecnie istnieje niewiele obowi\u0105zk\u00f3w zwi\u0105zanych z ultradrobnymi cz\u0105steczkami, ale co b\u0119dzie jutro?<\/h2>\n\n<p>Ten rodzaj skandalu, wska\u017anik \u015bmiertelno\u015bci zwi\u0105zany z zanieczyszczeniem atmosfery, wzrost zachorowa\u0144 spowodowanych drobnymi cz\u0105steczkami itp. sk\u0142aniaj\u0105 w\u0142adze do zwi\u0119kszenia czujno\u015bci. Tak jest w przypadku naszych miast, z ograniczeniami dotycz\u0105cymi najbardziej zanieczyszczaj\u0105cych pojazd\u00f3w, \u015brodk\u00f3w zdrowotnych i spo\u0142ecznych itp. <\/p>\n\n<p>W rezultacie zaostrzono przepisy bezpiecze\u0144stwa dotycz\u0105ce drobnych cz\u0105stek. Obecnie dokonywane s\u0105 pomiary zar\u00f3wno \u015brednicy, jak i sk\u0142adu zanieczyszcze\u0144. Ponadto wzros\u0142y kary za choroby zawodowe.  <\/p>\n","protected":false},"excerpt":{"rendered":"<p>Zanieczyszczenie drobnymi cz\u0105steczkami coraz cz\u0119\u015bciej pojawia si\u0119 w wiadomo\u015bciach. Cz\u0119sto s\u0142yszymy o zanieczyszczeniu powietrza na obszarach miejskich i o szczytach zanieczyszczenia drobnymi cz\u0105steczkami&#8230; Dowiedz si\u0119, jak zmienia si\u0119 jako\u015b\u0107 powietrza w naszym spo\u0142ecze\u0144stwie. <\/p>\n","protected":false},"author":4,"featured_media":81405,"comment_status":"closed","ping_status":"closed","sticky":false,"template":"","format":"standard","meta":{"_acf_changed":false,"_seopress_robots_primary_cat":"none","_seopress_titles_title":"Jako\u015b\u0107 powietrza: zmiany w spo\u0142ecze\u0144stwie","_seopress_titles_desc":"Zanieczyszczenie drobnymi cz\u0105steczkami coraz cz\u0119\u015bciej pojawia si\u0119 w wiadomo\u015bciach. Cz\u0119sto s\u0142yszymy o zanieczyszczeniu powietrza na obszarach miejskich. ","_seopress_robots_index":"","footnotes":""},"categories":[54],"tags":[],"class_list":["post-45530","post","type-post","status-publish","format-standard","has-post-thumbnail","hentry","category-nasza-rada","generate-columns","tablet-grid-50","mobile-grid-100","grid-parent","grid-50","no-featured-image-padding","resize-featured-image"],"acf":[],"_links":{"self":[{"href":"https:\/\/obera.fr\/pl\/wp-json\/wp\/v2\/posts\/45530","targetHints":{"allow":["GET"]}}],"collection":[{"href":"https:\/\/obera.fr\/pl\/wp-json\/wp\/v2\/posts"}],"about":[{"href":"https:\/\/obera.fr\/pl\/wp-json\/wp\/v2\/types\/post"}],"author":[{"embeddable":true,"href":"https:\/\/obera.fr\/pl\/wp-json\/wp\/v2\/users\/4"}],"replies":[{"embeddable":true,"href":"https:\/\/obera.fr\/pl\/wp-json\/wp\/v2\/comments?post=45530"}],"version-history":[{"count":3,"href":"https:\/\/obera.fr\/pl\/wp-json\/wp\/v2\/posts\/45530\/revisions"}],"predecessor-version":[{"id":99632,"href":"https:\/\/obera.fr\/pl\/wp-json\/wp\/v2\/posts\/45530\/revisions\/99632"}],"wp:featuredmedia":[{"embeddable":true,"href":"https:\/\/obera.fr\/pl\/wp-json\/wp\/v2\/media\/81405"}],"wp:attachment":[{"href":"https:\/\/obera.fr\/pl\/wp-json\/wp\/v2\/media?parent=45530"}],"wp:term":[{"taxonomy":"category","embeddable":true,"href":"https:\/\/obera.fr\/pl\/wp-json\/wp\/v2\/categories?post=45530"},{"taxonomy":"post_tag","embeddable":true,"href":"https:\/\/obera.fr\/pl\/wp-json\/wp\/v2\/tags?post=45530"}],"curies":[{"name":"wp","href":"https:\/\/api.w.org\/{rel}","templated":true}]}}