{"id":46277,"date":"2020-11-20T15:54:06","date_gmt":"2020-11-20T13:54:06","guid":{"rendered":"https:\/\/obera.fr\/bez-kategorii\/zanieczyszczenie-powietrza\/"},"modified":"2025-05-07T10:15:24","modified_gmt":"2025-05-07T08:15:24","slug":"la-pollution-de-lair","status":"publish","type":"post","link":"https:\/\/obera.fr\/pl\/nasza-rada\/la-pollution-de-lair\/","title":{"rendered":"Zanieczyszczenie powietrza"},"content":{"rendered":"\n<p><strong>WHO szacuje, \u017ce w 2005 r. od 42 000 do 48 000 os\u00f3b zmar\u0142o w wyniku zanieczyszczenia powietrza we Francji (na podstawie badania przeprowadzonego przez Komisj\u0119 Europejsk\u0105), a zanieczyszczenie powietrza odpowiada za 11,6% globalnej \u015bmiertelno\u015bci.<\/strong><\/p>\n\n<h2 class=\"wp-block-heading\" id=\"a-de-quoi-parle-t-on\">A. O czym m\u00f3wimy?<\/h2>\n\n<h3 class=\"wp-block-heading\" id=\"1-qu-est-ce-qu-une-poussiere\">1. Czym jest py\u0142?<\/h3>\n\n<p>Py\u0142 jest cz\u0105stk\u0105 sta\u0142\u0105 o \u015brednicy aerodynamicznej nie wi\u0119kszej ni\u017c 100 mikrometr\u00f3w lub o pr\u0119dko\u015bci opadania nie wi\u0119kszej ni\u017c 0,25 metra na sekund\u0119 w normalnych warunkach temperaturowych: Artyku\u0142 R. 4222-3.<\/p>\n\n<h3 class=\"wp-block-heading\" id=\"2-generalite-sur-les-particules-et-mesures\">2. Og\u00f3lne informacje na temat cz\u0105stek i pomiar\u00f3w<\/h3>\n\n<p>Po pierwsze, oto kilka poj\u0119\u0107 wielko\u015bci:<br\/>1 \u00b5m (1 mikrometr) = 0,0001 cm<br\/>\u015arednica w\u0142osa wynosi od 50 do 70 \u00b5m<br\/>\u015arednica wirusa wynosi od 0,01 do 0,4 \u00b5m<br\/>W dziedzinie filtracji zawsze m\u00f3wimy o PM&#8230; Ale co to oznacza?<br\/>PM odnosi si\u0119 do cz\u0105stek w zawiesinie, kt\u00f3rych \u015brednica jest mniejsza ni\u017c wskazana liczba. S\u0105 one zawsze wyra\u017cane w \u00b5m. PM 2,5 odnosi si\u0119 do cz\u0105stek o \u015brednicy nie wi\u0119kszej ni\u017c 2,5 \u00b5m.  <\/p>\n\n<h3 class=\"wp-block-heading\" id=\"3-qu-est-ce-que-la-qualite-de-l-air\">3. Czym jest jako\u015b\u0107 powietrza?<\/h3>\n\n<p>Cz\u0119sto s\u0142yszymy o jako\u015bci powietrza i zagro\u017ceniach dla zdrowia. Ale czym jest jako\u015b\u0107 powietrza i jak mo\u017ce wp\u0142ywa\u0107 na nasze codzienne \u017cycie? <br\/>Jako\u015b\u0107 powietrza odnosi si\u0119 do ilo\u015bci drobnych cz\u0105stek PM 10 i st\u0119\u017cenia szkodliwych gaz\u00f3w w powietrzu. Zanieczyszczenia te powstaj\u0105 w spos\u00f3b naturalny, podczas proces\u00f3w produkcyjnych lub w wyniku spalania. <\/p>\n\n<p><strong>Nowe progi referencyjne WHO dla regionu paryskiego<\/strong><\/p>\n\n<p>Dane zebrane przez \u015awiatow\u0105 Organizacj\u0119 Zdrowia (WHO) pokazuj\u0105, \u017ce zanieczyszczenie powietrza ma szkodliwy wp\u0142yw na zdrowie nawet przy ni\u017cszych st\u0119\u017ceniach ni\u017c wcze\u015bniej uznawano. Aby dostosowa\u0107 si\u0119 do tego odkrycia, WHO zdecydowa\u0142a si\u0119 obni\u017cy\u0107 prawie wszystkie swoje progi referencyjne. <\/p>\n\n<figure class=\"wp-block-image aligncenter size-large is-resized\"><img decoding=\"async\" width=\"1024\" height=\"773\" src=\"https:\/\/obera.fr\/wp-content\/uploads\/2020\/11\/pollution-atmospherique-recommandations-oms-1024x773.jpg\" alt=\"zanieczyszczenie powietrza kto zaleca\" class=\"wp-image-7560\" style=\"width:755px;height:570px\" srcset=\"https:\/\/obera.fr\/wp-content\/uploads\/2020\/11\/pollution-atmospherique-recommandations-oms-1024x773.jpg 1024w, https:\/\/obera.fr\/wp-content\/uploads\/2020\/11\/pollution-atmospherique-recommandations-oms-300x226.jpg 300w, https:\/\/obera.fr\/wp-content\/uploads\/2020\/11\/pollution-atmospherique-recommandations-oms-768x580.jpg 768w, https:\/\/obera.fr\/wp-content\/uploads\/2020\/11\/pollution-atmospherique-recommandations-oms.jpg 1386w\" sizes=\"(max-width: 1024px) 100vw, 1024px\" \/><\/figure>\n\n<p>Najbardziej znacz\u0105ca zmiana mi\u0119dzy progami referencyjnymi z 2005 r. i 2021 r. dotyczy dwutlenku azotu: \u015brednia roczna zosta\u0142a zmniejszona z 40 \u00b5g\/m3 do 10 \u00b5g\/m3, a dzienne zalecenie wynosi 25 \u00b5g\/m3. Dla przypomnienia, dwutlenek azotu jest emitowany g\u0142\u00f3wnie przez ruch drogowy w regionie \u00cele-de-France, stanowi\u0105c 53% ca\u0142kowitej emisji tlenku azotu. Nale\u017cy zauwa\u017cy\u0107, \u017ce zalecenia WHO obejmuj\u0105 r\u00f3wnie\u017c dwa inne zanieczyszczenia, tlenek w\u0119gla (CO) i dwutlenek siarki (SO2), ale zawarto\u015b\u0107 CO w tych zanieczyszczeniach w regionie paryskim jest bardzo niska, a zawarto\u015b\u0107 SO2 jest praktycznie zerowa.  <\/p>\n\n<figure class=\"wp-block-image aligncenter size-full is-resized\"><img decoding=\"async\" width=\"605\" height=\"265\" src=\"https:\/\/obera.fr\/wp-content\/uploads\/2021\/11\/evolution-moyenne-annuelles-pollution.jpg\" alt=\"&#x15A;rednia roczna zmiana zanieczyszczenia\" class=\"wp-image-7561\" style=\"width:669px;height:293px\" srcset=\"https:\/\/obera.fr\/wp-content\/uploads\/2021\/11\/evolution-moyenne-annuelles-pollution.jpg 605w, https:\/\/obera.fr\/wp-content\/uploads\/2021\/11\/evolution-moyenne-annuelles-pollution-300x131.jpg 300w\" sizes=\"(max-width: 605px) 100vw, 605px\" \/><\/figure>\n\n<h2 class=\"wp-block-heading\" id=\"b-les-differents-types-de-pollution\">B. R\u00f3\u017cne rodzaje zanieczyszcze\u0144<\/h2>\n\n<h3 class=\"wp-block-heading\" id=\"1-pollution-physique\">1. Zanieczyszczenie fizyczne<\/h3>\n\n<p>Chocia\u017c py\u0142 mo\u017ce by\u0107 uci\u0105\u017cliwy w naszym codziennym \u017cyciu, nie wszystkie jego rodzaje s\u0105 szkodliwe. To, co czyni je szkodliwymi, to ich fragmentacja na bardzo drobne cz\u0105steczki. <\/p>\n\n<p>Zanieczyszczenie fizyczne to py\u0142, kt\u00f3ry, gdyby by\u0142 wi\u0119kszy, nie mia\u0142by wp\u0142ywu na nasze zdrowie.<\/p>\n\n<h3 class=\"wp-block-heading\" id=\"2-pollution-biologique\">2. Zanieczyszczenie biologiczne<\/h3>\n\n<p>Ta kategoria zanieczyszcze\u0144 obejmuje wszystkie organizmy \u017cyj\u0105ce w kurzu lub unosz\u0105ce si\u0119 w powietrzu. Nale\u017c\u0105 do nich roztocza, ple\u015bnie, zarodniki, wirusy i bakterie. <\/p>\n\n<p>S\u0105 one wysoce alergizuj\u0105ce i powoduj\u0105 podra\u017cnienia gard\u0142a i dr\u00f3g oddechowych.<\/p>\n\n<h3 class=\"wp-block-heading\" id=\"3-pollution-chimique\">3. Zanieczyszczenie chemiczne<\/h3>\n\n<h4 class=\"wp-block-heading\" id=\"a-composes-organiques-volatiles-cov\">a. Lotne zwi\u0105zki organiczne (LZO) <\/h4>\n\n<p>LZO obejmuj\u0105 szeroki zakres substancji. S\u0105 to zwi\u0105zki chemiczne wytwarzane g\u0142\u00f3wnie w wyniku rozk\u0142adu ropy naftowej poprzez spalanie, parowanie lub przetwarzanie. Znajduj\u0105 si\u0119 one r\u00f3wnie\u017c w wielu profesjonalnych, przemys\u0142owych i domowych produktach, takich jak kleje, \u017cywice, odplamiacze, rozpuszczalniki, farby, \u015brodki owadob\u00f3jcze itp. S\u0105 one cz\u0119\u015bci\u0105 naszego codziennego \u017cycia we wszystkich dziedzinach.<br\/>Ich wysoce lotny charakter oznacza, \u017ce mog\u0105 szybko si\u0119 rozprzestrzenia\u0107 i zanieczyszcza\u0107 wszystkie pomieszczenia.  <\/p>\n\n<h4 class=\"wp-block-heading\" id=\"b-benzene-toluene-ethylbenzene-xylene-btex\">b. Benzen, toluen, etylobenzen, ksylen (BTEX) <\/h4>\n\n<p>BTEX to najbardziej szkodliwa rodzina lotnych zwi\u0105zk\u00f3w organicznych. Te 4 zwi\u0105zki s\u0105 znane jako rakotw\u00f3rcze i zaburzaj\u0105ce gospodark\u0119 hormonaln\u0105. Pochodz\u0105 one wy\u0142\u0105cznie ze spalania, transformacji lub parowania ropy naftowej i wyst\u0119puj\u0105 we wszystkich ga\u0142\u0119ziach przemys\u0142u tworzyw sztucznych, przemy\u015ble petrochemicznym, stacjach paliw, odt\u0142uszczaczach, produktach ropopochodnych itp.  <\/p>\n\n<h4 class=\"wp-block-heading\" id=\"c-les-cmr-generalite\">c. CMR w uj\u0119ciu og\u00f3lnym <\/h4>\n\n<p>CMR to czynniki chemiczne, kt\u00f3re s\u0105 rakotw\u00f3rcze, mutagenne lub toksyczne dla reprodukcji. S\u0105 one najbardziej szkodliw\u0105 kategori\u0105 zanieczyszcze\u0144, ale tak\u017ce naj\u015bci\u015blej kontrolowan\u0105. <\/p>\n\n<h4 class=\"wp-block-heading\" id=\"d-le-cas-specifique-des-cmr\">d. Szczeg\u00f3lny przypadek CMR <\/h4>\n\n<p><strong>-Co to jest CMR<\/strong><\/p>\n\n<p>Termin CMR odnosi si\u0119 do produktu lub przemys\u0142owego procesu produkcyjnego, kt\u00f3ry uwalnia cz\u0105steczki rakotw\u00f3rcze, mutagenne lub toksyczne dla reprodukcji. Od czerwca 2015 r. musz\u0105 one by\u0107 opatrzone nast\u0119puj\u0105c\u0105 etykiet\u0105:<\/p>\n\n<figure class=\"wp-block-image alignright size-thumbnail\"><img decoding=\"async\" width=\"150\" height=\"150\" src=\"https:\/\/obera.fr\/wp-content\/uploads\/2020\/11\/CMR-150x150.jpg\" alt=\"CMR lub rakotw&#xF3;rcze, mutagenne i reprotoksyczne logo\" class=\"wp-image-1832\" title=\"CMR i py&#x142;\"\/><\/figure>\n\n<p>CMR to cz\u0105steczka, kt\u00f3ra spe\u0142nia jeden z poni\u017cszych opis\u00f3w:<\/p>\n\n<ul class=\"wp-block-list\">\n<li>Czynnik rakotw\u00f3rczy: niebezpieczny czynnik chemiczny w stanie czystym (azbest, py\u0142 drzewny, benzen itp.) lub w mieszaninie lub procesie, kt\u00f3ry mo\u017ce powodowa\u0107 raka lub zwi\u0119ksza\u0107 jego cz\u0119stotliwo\u015b\u0107.<\/li>\n\n\n\n<li>Substancja mutagenna lub genotoksyczna: substancja chemiczna, kt\u00f3ra wywo\u0142uje zmiany w strukturze lub liczbie chromosom\u00f3w w kom\u00f3rkach. Chromosomy to cz\u0119\u015bci j\u0105dra kom\u00f3rkowego przenosz\u0105ce DNA. Dzia\u0142anie mutagenne (lub genotoksyczne) jest pocz\u0105tkowym etapem rozwoju raka.  <\/li>\n\n\n\n<li>Toksyczny dla reprodukcji lub reprotoksyczny: produkt chemiczny (np. o\u0142\u00f3w), kt\u00f3ry mo\u017ce upo\u015bledza\u0107 p\u0142odno\u015b\u0107 u m\u0119\u017cczyzn lub kobiet lub zmienia\u0107 rozw\u00f3j nienarodzonego dziecka (spontaniczna aborcja, wady rozwojowe itp.). (\u0179r\u00f3d\u0142o INRS: \u015brodki chemiczne CMR) <\/li>\n<\/ul>\n\n<p><strong>-Czym s\u0105 produkty CMR?<\/strong><\/p>\n\n<p>Lista wszystkich produkt\u00f3w sklasyfikowanych jako CMR przez CNRS na dzie\u0144 30 czerwca 2017 r.<\/p>\n\n<p><strong>-Sk\u0105d mam wiedzie\u0107, czy u\u017cywam produkt\u00f3w CMR?<\/strong><\/p>\n\n<ul class=\"wp-block-list\">\n<li>Zgodnie z rozporz\u0105dzeniem ministerialnym z dnia 13 lipca 2006 r. ka\u017cda substancja, preparat lub proces stosowany w :<\/li>\n\n\n\n<li>Produkcja auraminy<\/li>\n\n\n\n<li>Prace zwi\u0105zane z nara\u017ceniem na wielopier\u015bcieniowe w\u0119glowodory aromatyczne obecne w sadzy, smole, paku, dymie w\u0119glowym lub pyle<\/li>\n\n\n\n<li>Prace zwi\u0105zane z nara\u017ceniem na py\u0142y, opary lub mg\u0142y powstaj\u0105ce podczas pra\u017cenia i elektrorafinacji mat niklowych<\/li>\n\n\n\n<li>Silne procesy kwasowe w produkcji alkoholu izopropylowego<\/li>\n\n\n\n<li>Praca zwi\u0105zana z nara\u017ceniem na wdychanie py\u0142u drzewnego<\/li>\n\n\n\n<li>Praca zwi\u0105zana z nara\u017ceniem na formaldehydy<\/li>\n\n\n\n<li>Personel odpowiedzialny za konserwacj\u0119 sprz\u0119tu roboczego ska\u017conego \u015brodkami CMR (art. R. 4412-73)<\/li>\n\n\n\n<li>Czynno\u015bci konserwacyjne, w przypadku kt\u00f3rych mo\u017cna przewidzie\u0107 znaczny wzrost nara\u017cenia (art. R. 4412-75)<\/li>\n<\/ul>\n\n<h4 class=\"wp-block-heading\" id=\"e-les-industries-concernees\">e. Bran\u017ce, kt\u00f3rych to dotyczy<\/h4>\n\n<p>INRS zawiera niewyczerpuj\u0105c\u0105, niehierarchiczn\u0105 list\u0119 sektor\u00f3w dzia\u0142alno\u015bci, na kt\u00f3re maj\u0105 wp\u0142yw CMR:<\/p>\n\n<ul class=\"wp-block-list\">\n<li>sektor budowlany,<\/li>\n\n\n\n<li>sektor rob\u00f3t publicznych,<\/li>\n\n\n\n<li>budownictwo kolejowe,<\/li>\n\n\n\n<li>przemys\u0142 stoczniowy,<\/li>\n\n\n\n<li>metalurgia,<\/li>\n\n\n\n<li>przemys\u0142 szklarski,<\/li>\n\n\n\n<li>przemys\u0142 metalurgiczny,<\/li>\n\n\n\n<li>przemys\u0142 chemiczny,<\/li>\n\n\n\n<li>przemys\u0142 farmaceutyczny,<\/li>\n\n\n\n<li>przemys\u0142 sk\u00f3rzany,<\/li>\n\n\n\n<li>przemys\u0142 gumowy,<\/li>\n\n\n\n<li>przemys\u0142 naftowy,<\/li>\n\n\n\n<li>przemys\u0142 drzewny,<\/li>\n\n\n\n<li>rolnictwo,<\/li>\n\n\n\n<li>laboratoria badawcze,<\/li>\n\n\n\n<li>us\u0142ugi (konserwacja, sprz\u0105tanie itp.).<\/li>\n<\/ul>\n","protected":false},"excerpt":{"rendered":"<p>WHO szacuje, \u017ce w 2005 r. od 42 000 do 48 000 os\u00f3b zmar\u0142o w wyniku zanieczyszczenia powietrza we Francji (na podstawie badania przeprowadzonego przez Komisj\u0119 Europejsk\u0105), a zanieczyszczenie to odpowiada za 11,6% globalnej \u015bmiertelno\u015bci. Czym jest py\u0142, jako\u015b\u0107 powietrza i r\u00f3\u017cne rodzaje zanieczyszczenia powietrza? <\/p>\n","protected":false},"author":4,"featured_media":99051,"comment_status":"open","ping_status":"closed","sticky":false,"template":"","format":"standard","meta":{"_acf_changed":false,"_seopress_robots_primary_cat":"none","_seopress_titles_title":"Nasza rada: wszystko, co musisz wiedzie\u0107 o zanieczyszczeniu powietrza","_seopress_titles_desc":"WHO szacuje, \u017ce w 2005 r. od 42 000 do 48 000 os\u00f3b zmar\u0142o w wyniku zanieczyszczenia powietrza we Francji, co stanowi 11,6% globalnej \u015bmiertelno\u015bci.","_seopress_robots_index":"","footnotes":""},"categories":[54],"tags":[],"class_list":["post-46277","post","type-post","status-publish","format-standard","has-post-thumbnail","hentry","category-nasza-rada","generate-columns","tablet-grid-50","mobile-grid-100","grid-parent","grid-50","no-featured-image-padding","resize-featured-image"],"acf":[],"_links":{"self":[{"href":"https:\/\/obera.fr\/pl\/wp-json\/wp\/v2\/posts\/46277","targetHints":{"allow":["GET"]}}],"collection":[{"href":"https:\/\/obera.fr\/pl\/wp-json\/wp\/v2\/posts"}],"about":[{"href":"https:\/\/obera.fr\/pl\/wp-json\/wp\/v2\/types\/post"}],"author":[{"embeddable":true,"href":"https:\/\/obera.fr\/pl\/wp-json\/wp\/v2\/users\/4"}],"replies":[{"embeddable":true,"href":"https:\/\/obera.fr\/pl\/wp-json\/wp\/v2\/comments?post=46277"}],"version-history":[{"count":3,"href":"https:\/\/obera.fr\/pl\/wp-json\/wp\/v2\/posts\/46277\/revisions"}],"predecessor-version":[{"id":99339,"href":"https:\/\/obera.fr\/pl\/wp-json\/wp\/v2\/posts\/46277\/revisions\/99339"}],"wp:featuredmedia":[{"embeddable":true,"href":"https:\/\/obera.fr\/pl\/wp-json\/wp\/v2\/media\/99051"}],"wp:attachment":[{"href":"https:\/\/obera.fr\/pl\/wp-json\/wp\/v2\/media?parent=46277"}],"wp:term":[{"taxonomy":"category","embeddable":true,"href":"https:\/\/obera.fr\/pl\/wp-json\/wp\/v2\/categories?post=46277"},{"taxonomy":"post_tag","embeddable":true,"href":"https:\/\/obera.fr\/pl\/wp-json\/wp\/v2\/tags?post=46277"}],"curies":[{"name":"wp","href":"https:\/\/api.w.org\/{rel}","templated":true}]}}