{"id":61705,"date":"2025-02-04T10:50:28","date_gmt":"2025-02-04T08:50:28","guid":{"rendered":"https:\/\/obera.fr\/nasza-rada\/interview-sacha-wehrli\/"},"modified":"2025-08-29T09:50:39","modified_gmt":"2025-08-29T07:50:39","slug":"interview-sacha-wehrli","status":"publish","type":"post","link":"https:\/\/obera.fr\/pl\/conseils\/interview-sacha-wehrli\/","title":{"rendered":"Wywiad z Sach\u0105 Wehrli: Zaanga\u017cowanie OberA w kamieniarstwo i ochron\u0119 rzemie\u015blnik\u00f3w"},"content":{"rendered":"\n<p>W ci\u0105gu ostatnich pi\u0119ciu lat OberA sta\u0142a si\u0119 <strong>kluczowym graczem w WorldSkills we Francji<\/strong>. Aby dowiedzie\u0107 si\u0119 wi\u0119cej, rozmawiali\u015bmy z Sach\u0105 Wehrli, kierownikiem sprzeda\u017cy i liderem projektu Taille de Pierre w OberA. <br\/><\/p>\n\n<figure class=\"wp-block-image aligncenter size-large is-resized\"><img decoding=\"async\" width=\"768\" height=\"1024\" src=\"https:\/\/obera.fr\/wp-content\/uploads\/2025\/02\/interview-sacha-768x1024.jpg\" alt=\"Wywiad z Sach&#x105; Wehrli\" class=\"wp-image-59741\" style=\"width:324px;height:auto\" srcset=\"https:\/\/obera.fr\/wp-content\/uploads\/2025\/02\/interview-sacha-768x1024.jpg 768w, https:\/\/obera.fr\/wp-content\/uploads\/2025\/02\/interview-sacha-225x300.jpg 225w, https:\/\/obera.fr\/wp-content\/uploads\/2025\/02\/interview-sacha-1152x1536.jpg 1152w, https:\/\/obera.fr\/wp-content\/uploads\/2025\/02\/interview-sacha-1536x2048.jpg 1536w, https:\/\/obera.fr\/wp-content\/uploads\/2025\/02\/interview-sacha-scaled.jpg 1920w\" sizes=\"(max-width: 768px) 100vw, 768px\" \/><\/figure>\n\n<div style=\"height:28px\" aria-hidden=\"true\" class=\"wp-block-spacer\"><\/div>\n\n<hr class=\"wp-block-separator has-alpha-channel-opacity\"\/>\n<div class=\"gb-container gb-container-c3b85eb7\">\n\n<p><strong>Witaj Sacha, OberA zosta\u0142a kluczowym partnerem WorldSkills France. Czy mo\u017cesz powiedzie\u0107 nam wi\u0119cej o tym zaanga\u017cowaniu? <\/strong><br\/><\/p>\n\n<\/div>\n<p><strong>Sacha Wehrli<\/strong>: Witaj! Od pi\u0119ciu lat wspieramy <strong>WorldSkills we Francji<\/strong>. Brali\u015bmy udzia\u0142 w krajowych fina\u0142ach w Bordeaux w 2022 roku, w Lyonie w 2023 roku, a rok 2024 zako\u0144czyli\u015bmy wielkim wydarzeniem, fina\u0142ami Worldskills Mondiales, kt\u00f3re odby\u0142y si\u0119 w Lyonie. Niedawno wzi\u0119li\u015bmy r\u00f3wnie\u017c udzia\u0142 w regionalnych fina\u0142ach Grand-Est w Metz pod koniec stycznia 2025 roku. Naszym celem jest dostarczanie <strong>praktycznych rozwi\u0105za\u0144 dla obecnych i przysz\u0142ych profesjonalist\u00f3w<\/strong> z bran\u017cy kamieniarskiej.    <br\/><\/p>\n\n<p><strong>Jaki sprz\u0119t oferujecie dla kamieniarzy?<\/strong><br\/><\/p>\n\n<p><strong>Sacha Wehrli<\/strong>: Opracowali\u015bmy pe\u0142n\u0105 gam\u0119 produkt\u00f3w dostosowanych do potrzeb kamieniarzy. Obejmuj\u0105 one nasz <a href=\"https:\/\/obera.fr\/pl\/produits\/depoussiereurs-industriels\/mobiles\/extracteur-poussiere-pulverulente-dustomat-16m\/\">odkurzacz przemys\u0142owy Dustomat 16<\/a>, kt\u00f3ry skutecznie wychwytuje <strong>drobne cz\u0105steczki<\/strong> powstaj\u0105ce podczas prac kamieniarskich, oraz nasz\u0105 <strong>mobiln\u0105 skrzynk\u0119 ss\u0105c\u0105 <\/strong>.   <br\/><strong>ePURbox<\/strong>, kt\u00f3ry zapewnia dodatkow\u0105 ochron\u0119 pracownikom zajmuj\u0105cym si\u0119 obr\u00f3bk\u0105 marmuru. Mo\u017cemy r\u00f3wnie\u017c wspomnie\u0107 o naszym <a href=\"https:\/\/obera.fr\/pl\/produits\/purificateurs-air\/industriel-epur\/\">oczyszczaczu ePUR050 <\/a>, kt\u00f3ry odgrywa kluczow\u0105 rol\u0119 w oczyszczaniu \u015brodowiska. Ale nasza misja nie ogranicza si\u0119 do sprz\u0119tu: odgrywamy r\u00f3wnie\u017c fundamentaln\u0105 rol\u0119 edukacyjn\u0105.  <br\/><\/p>\n\n<p><strong>Wspomnia\u0142e\u015b o roli edukacyjnej. Czy mo\u017cesz powiedzie\u0107 co\u015b wi\u0119cej? <\/strong><br\/><\/p>\n\n<p><strong>Sacha Wehrli<\/strong>: Absolutnie.<strong> Kamieniarstwo to szlachetny zaw\u00f3d<\/strong>, niemal historyczna sztuka we Francji. Od \u015bredniowiecza kamieniarze przyczyniali si\u0119 do budowy emblematycznych budynk\u00f3w, od katedr po zamki. Tej wyj\u0105tkowej wiedzy musi jednak towarzyszy\u0107 optymalna ochrona. Obecnie choroby uk\u0142adu oddechowego s\u0105 niezwykle istotn\u0105 kwesti\u0105. Na przyk\u0142ad <strong>krzemica<\/strong> jest powszechn\u0105 chorob\u0105 w\u015br\u00f3d kamieniarzy. Wa\u017cne jest, aby nowe pokolenie by\u0142o \u015bwiadome zagro\u017ce\u0144 i stosowa\u0142o odpowiednie rozwi\u0105zania.      <br\/><\/p>\n\n<p><strong>Wsp\u00f3\u0142pracujesz r\u00f3wnie\u017c z ekspertami w tej dziedzinie, takimi jak Guillaume Cahen. Czy mo\u017cesz nam opowiedzie\u0107 o tej wsp\u00f3\u0142pracy? <br\/><\/strong><\/p>\n\n<p><strong>Sacha Wehrli<\/strong>: Tak, niedawno rozpocz\u0119li\u015bmy wsp\u00f3\u0142prac\u0119 z <strong>Guillaume Cahen<\/strong>, <a href=\"https:\/\/obera.fr\/pl\/nasza-rada\/efficacite-depoussieur-purificateur-obera-temoignage-compagnons-devoir-baillargues\/\">kamieniarzem wyszkolonym przez Compagnons du Devoir<\/a>. Podziela on nasz\u0105 wizj\u0119 przekazywania know-how, kszta\u0142cenia i przede wszystkim ochrony m\u0142odych rzemie\u015blnik\u00f3w. Dzi\u0119ki swojemu do\u015bwiadczeniu mo\u017ce podnosi\u0107 \u015bwiadomo\u015b\u0107 m\u0142odych ludzi na temat znaczenia dobrych praktyk i korzystania z odpowiedniego sprz\u0119tu w celu ochrony ich zdrowia.<br\/><\/p>\n\n<p><strong>Jakie s\u0105 przysz\u0142e plany OberA dotycz\u0105ce kontynuacji tego zaanga\u017cowania?<\/strong><br\/><\/p>\n\n<p><strong>Sacha Wehrli<\/strong>: Zamierzamy nadal by\u0107 obecni na najwa\u017cniejszych wydarzeniach w bran\u017cy i nadal wprowadza\u0107 innowacje, aby <strong>oferowa\u0107 coraz skuteczniejsze rozwi\u0105zania<\/strong>. Chcemy r\u00f3wnie\u017c zintensyfikowa\u0107 nasze inicjatywy u\u015bwiadamiaj\u0105ce, szczeg\u00f3lnie we wsp\u00f3\u0142pracy ze szko\u0142ami i o\u015brodkami szkoleniowymi. Chodzi o to, aby wspiera\u0107 tych m\u0142odych ludzi przez ca\u0142y okres ich praktyki zawodowej, tak aby mogli wykonywa\u0107 ten zaw\u00f3d z pasj\u0105, ale tak\u017ce z pe\u0142nym bezpiecze\u0144stwem.  <br\/><\/p>\n\n<p><strong>Ostatnie s\u0142owo dla m\u0142odych ludzi, kt\u00f3rzy chc\u0105 zaj\u0105\u0107 si\u0119 kamieniarstwem?<\/strong><br\/><\/p>\n\n<p><strong>Sacha Wehrli<\/strong>: Kamieniarstwo to znacznie wi\u0119cej ni\u017c zaw\u00f3d: to pasja, sztuka, dziedzictwo. Ale aby uprawia\u0107 j\u0105 w spos\u00f3b zr\u00f3wnowa\u017cony, konieczne jest zapewnienie sobie ochrony. OberA jest po to, aby wspiera\u0107 to nowe pokolenie i zawsze b\u0119dziemy <strong>z nimi wsp\u00f3\u0142pracowa\u0107<\/strong>.  <br\/><\/p>\n\n<p><strong>Dzi\u0119kuj\u0119 Sacha za t\u0119 fascynuj\u0105c\u0105 wymian\u0119 zda\u0144!<\/strong><br\/><\/p>\n\n<p><strong>Sacha Wehrli<\/strong>: Dzi\u0119kujemy i cieszymy si\u0119, \u017ce zobaczymy si\u0119 na krajowych fina\u0142ach Worldskills w Marsylii w pa\u017adzierniku 2025 roku!<br\/><\/p>\n\n<hr class=\"wp-block-separator has-alpha-channel-opacity\"\/>\n\n<p class=\"has-text-align-center\"><strong>Znajd\u017a wszystkie nasze rozwi\u0105zania do ci\u0119cia kamienia na Obera.fr.<\/strong><\/p>\n","protected":false},"excerpt":{"rendered":"<p>W ci\u0105gu ostatnich pi\u0119ciu lat OberA sta\u0142a si\u0119 kluczowym graczem w WorldSkills we Francji. Aby dowiedzie\u0107 si\u0119 wi\u0119cej, rozmawiali\u015bmy z Sach\u0105 Wehrli, kierownikiem sprzeda\u017cy i liderem projektu Taille de Pierre w OberA.<\/p>\n","protected":false},"author":13,"featured_media":83128,"comment_status":"open","ping_status":"closed","sticky":false,"template":"","format":"standard","meta":{"_acf_changed":false,"_seopress_robots_primary_cat":"1","_seopress_titles_title":"Wywiad z Sach\u0105 Wehrli: Zaanga\u017cowanie OberA w kamieniarstwo","_seopress_titles_desc":"W ci\u0105gu ostatnich pi\u0119ciu lat OberA sta\u0142a si\u0119 kluczowym graczem w WorldSkills we Francji. Aby dowiedzie\u0107 si\u0119 wi\u0119cej, rozmawiali\u015bmy z Sach\u0105 Wehrli, kierownikiem sprzeda\u017cy i liderem projektu Taille de Pierre w OberA.","_seopress_robots_index":"","footnotes":""},"categories":[54],"tags":[],"class_list":["post-61705","post","type-post","status-publish","format-standard","has-post-thumbnail","hentry","category-nasza-rada","generate-columns","tablet-grid-50","mobile-grid-100","grid-parent","grid-50","no-featured-image-padding","resize-featured-image"],"acf":[],"_links":{"self":[{"href":"https:\/\/obera.fr\/pl\/wp-json\/wp\/v2\/posts\/61705","targetHints":{"allow":["GET"]}}],"collection":[{"href":"https:\/\/obera.fr\/pl\/wp-json\/wp\/v2\/posts"}],"about":[{"href":"https:\/\/obera.fr\/pl\/wp-json\/wp\/v2\/types\/post"}],"author":[{"embeddable":true,"href":"https:\/\/obera.fr\/pl\/wp-json\/wp\/v2\/users\/13"}],"replies":[{"embeddable":true,"href":"https:\/\/obera.fr\/pl\/wp-json\/wp\/v2\/comments?post=61705"}],"version-history":[{"count":6,"href":"https:\/\/obera.fr\/pl\/wp-json\/wp\/v2\/posts\/61705\/revisions"}],"predecessor-version":[{"id":127683,"href":"https:\/\/obera.fr\/pl\/wp-json\/wp\/v2\/posts\/61705\/revisions\/127683"}],"wp:featuredmedia":[{"embeddable":true,"href":"https:\/\/obera.fr\/pl\/wp-json\/wp\/v2\/media\/83128"}],"wp:attachment":[{"href":"https:\/\/obera.fr\/pl\/wp-json\/wp\/v2\/media?parent=61705"}],"wp:term":[{"taxonomy":"category","embeddable":true,"href":"https:\/\/obera.fr\/pl\/wp-json\/wp\/v2\/categories?post=61705"},{"taxonomy":"post_tag","embeddable":true,"href":"https:\/\/obera.fr\/pl\/wp-json\/wp\/v2\/tags?post=61705"}],"curies":[{"name":"wp","href":"https:\/\/api.w.org\/{rel}","templated":true}]}}