{"id":66197,"date":"2022-05-24T16:54:00","date_gmt":"2022-05-24T14:54:00","guid":{"rendered":"https:\/\/obera.fr\/nasza-rada\/qualite-air-salle-classe\/"},"modified":"2025-05-06T10:16:17","modified_gmt":"2025-05-06T08:16:17","slug":"qualite-air-salle-classe","status":"publish","type":"post","link":"https:\/\/obera.fr\/pl\/nasza-rada\/qualite-air-salle-classe\/","title":{"rendered":"Jaka jako\u015b\u0107 powietrza w klasie?"},"content":{"rendered":"\n<p><strong> Jako\u015b\u0107 powietrza w klasie<\/strong> mo\u017ce wp\u0142ywa\u0107 zar\u00f3wno na koncentracj\u0119 uczni\u00f3w, jak i na ich samopoczucie w szkole. Niekiedy jest przyczyn\u0105 b\u00f3l\u00f3w g\u0142owy lub podra\u017cnienia oczu, co sta\u0142o si\u0119 przedmiotem dekretu obowi\u0105zuj\u0105cego od 2018 r. w niekt\u00f3rych plac\u00f3wkach.   <\/p>\n\n<p>Tutaj przyjrzymy si\u0119 <strong>przepisom<\/strong> i <strong>urz\u0105dzeniom do kontroli zanieczyszcze\u0144<\/strong> w klasie.<\/p>\n\n<h2 class=\"wp-block-heading\">Jako\u015b\u0107 powietrza w klasie: przepisy<\/h2>\n\n<p>W 2013 r. Ministerstwa Zdrowia i \u015arodowiska zaj\u0119\u0142y si\u0119 kwesti\u0105 zanieczyszczenia przestrzeni publicznej. Uruchomi\u0142y one plan dzia\u0142ania do\u0142\u0105czony do Narodowego Planu Ochrony Zdrowia i \u015arodowiska.   <\/p>\n\n<h3 class=\"wp-block-heading\">Zainteresowane przedsi\u0119biorstwa<\/h3>\n\n<p>Artyku\u0142y L. 221-8 i R. 221-30 francuskiego kodeksu ochrony \u015brodowiska stanowi\u0105, \u017ce <strong>monitorowanie jako\u015bci powietrza w pomieszczeniach<\/strong> musi obejmowa\u0107 :  <\/p>\n\n<ul class=\"wp-block-list\">\n<li>Plac\u00f3wki opieki nad dzie\u0107mi w wieku poni\u017cej 6 lat, takie jak \u017c\u0142obki i przedszkola;<\/li>\n\n\n\n<li>Wszystkie szko\u0142y podstawowe i \u015brednie;<\/li>\n\n\n\n<li>O\u015brodki rekreacyjne.<\/li>\n<\/ul>\n\n<h3 class=\"wp-block-heading\">Data wdro\u017cenia<\/h3>\n\n<p>Dekret 2015-1000 z dnia 17 sierpnia 2015 r. wprowadza od stycznia <strong>monitorowanie jako\u015bci powietrza w salach lekcyjnych<\/strong>:  <\/p>\n\n<ul class=\"wp-block-list\">\n<li>2018 dla wszystkich szk\u00f3\u0142 podstawowych i przedszkoli;<\/li>\n\n\n\n<li>2020 dla o\u015brodk\u00f3w wypoczynkowych, kolegi\u00f3w i <a href=\"https:\/\/obera.fr\/conseils\/un-lycee-nous-fait-confiance\/\">lice\u00f3w<\/a>.<\/li>\n<\/ul>\n\n<p>W przypadku innych instytucji otwartych dla publiczno\u015bci, data zgodno\u015bci zosta\u0142a ustalona na 1 stycznia 2023 r.<\/p>\n\n<h2 class=\"wp-block-heading\">Jako\u015b\u0107 powietrza w szko\u0142ach: monitorowanie<\/h2>\n\n<p>Zgodnie z prawem <strong>system monitorowania jako\u015bci powietrza dla danej klasy<\/strong> sk\u0142ada si\u0119 z 2 element\u00f3w:  <\/p>\n\n<ul class=\"wp-block-list\">\n<li>Audyt system\u00f3w wentylacyjnych;<\/li>\n\n\n\n<li>Kampania pomiaru zanieczyszcze\u0144.<\/li>\n<\/ul>\n\n<p>Obejmuje to sprawdzenie, czy<strong> system cyrkulacji<\/strong> powietrza jest dost\u0119pny.<\/p>\n\n<h3 class=\"wp-block-heading\">Ocena wentylacji<\/h3>\n\n<p>Sekcja diagnostyczna ocenia uk\u0142ad wentylacji w sali lekcyjnej. W szczeg\u00f3lno\u015bci ocenia stan otwor\u00f3w wentylacyjnych w klasie. <\/p>\n\n<p>Nale\u017cy pami\u0119ta\u0107, \u017ce ocena ta mo\u017ce zosta\u0107 przeprowadzona przez dzia\u0142 techniczny zak\u0142adu.  <\/p>\n\n<h3 class=\"wp-block-heading\">Pobieranie pr\u00f3bek zanieczyszcze\u0144  <\/h3>\n\n<p>Pr\u00f3bki pobrane na miejscu mog\u0105 by\u0107 wykorzystane do dok\u0142adnego pomiaru poziomu :<\/p>\n\n<ul class=\"wp-block-list\">\n<li>Formaldehyd ;<\/li>\n\n\n\n<li>Benzen ;<\/li>\n\n\n\n<li>Perchloroetylen ;<\/li>\n\n\n\n<li>CO2 ;<\/li>\n\n\n\n<li>I tak dalej.<\/li>\n<\/ul>\n\n<p>Nast\u0119pnie przeprowadzane s\u0105 dwie serie test\u00f3w w odst\u0119pie oko\u0142o 6 miesi\u0119cy.<\/p>\n\n<h2 class=\"wp-block-heading\">Pomiar zanieczyszczenia powietrza w klasie<\/h2>\n\n<p>Instalowanie czujnik\u00f3w CO2 jest jednym ze sposob\u00f3w dok\u0142adnego monitorowania <a href=\"https:\/\/obera.fr\/conseils\/qualite-l-air-interieur-critere-essentiel-industrie\/\" data-type=\"post\" data-id=\"5884\">jako\u015bci powietrza<\/a>. OberA zapewnia wszystkim szko\u0142om <strong>urz\u0105dzenia do pomiaru jako\u015bci powietrza w klasach<\/strong>. S\u0105 one r\u00f3wnie proste w u\u017cyciu, co skuteczne.    <\/p>\n\n<h3 class=\"wp-block-heading\">Czujnik CO2<\/h3>\n\n<p>To niewielkie urz\u0105dzenie sprawdza w czasie rzeczywistym jako\u015b\u0107 powietrza w klasie, a dok\u0142adniej brak wentylacji. Czujnik <a href=\"https:\/\/obera.fr\/pl\/produits\/analyseurs-air\/capteur-co2-obcare\/\">CO2<\/a> precyzyjnie mierzy i wy\u015bwietla st\u0119\u017cenie dwutlenku w\u0119gla w ppm (cz\u0119\u015bciach na milion). Gdy ekran jest czerwony, nadszed\u0142 czas, aby przewietrzy\u0107 pomieszczenie, otwieraj\u0105c okna lub u\u017cywaj\u0105c oczyszczacza powietrza.    <\/p>\n\n<div class=\"wp-block-columns is-layout-flex wp-container-core-columns-is-layout-28f84493 wp-block-columns-is-layout-flex\">\n<div class=\"wp-block-column is-layout-flow wp-block-column-is-layout-flow\">\n<figure class=\"wp-block-image aligncenter size-medium\"><img decoding=\"async\" width=\"300\" height=\"225\" src=\"https:\/\/obera.fr\/wp-content\/uploads\/2022\/01\/Capteur-CO2-OberA-300x225.jpg\" alt=\"czujnik co2 obera\" class=\"wp-image-8381\" srcset=\"https:\/\/obera.fr\/wp-content\/uploads\/2022\/01\/Capteur-CO2-OberA-300x225.jpg 300w, https:\/\/obera.fr\/wp-content\/uploads\/2022\/01\/Capteur-CO2-OberA-1024x768.jpg 1024w, https:\/\/obera.fr\/wp-content\/uploads\/2022\/01\/Capteur-CO2-OberA-768x576.jpg 768w, https:\/\/obera.fr\/wp-content\/uploads\/2022\/01\/Capteur-CO2-OberA-1536x1152.jpg 1536w, https:\/\/obera.fr\/wp-content\/uploads\/2022\/01\/Capteur-CO2-OberA-2048x1536.jpg 2048w\" sizes=\"(max-width: 300px) 100vw, 300px\" \/><figcaption class=\"wp-element-caption\">Czujnik CO2 OBCAR<\/figcaption><\/figure>\n<\/div>\n\n\n\n<div class=\"wp-block-column is-layout-flow wp-block-column-is-layout-flow\"><\/div>\n<\/div>\n\n<h3 class=\"wp-block-heading\">Analizator powietrza<\/h3>\n\n<p>Nasz analizator powietrza zapewnia p\u0142ynne monitorowanie <strong>zanieczyszcze\u0144, kt\u00f3re mog\u0105 by\u0107 obecne w klasie<\/strong>. To dyskretne, po\u0142\u0105czone urz\u0105dzenie dok\u0142adnie analizuje st\u0119\u017cenie drobnych cz\u0105stek, lotnych zwi\u0105zk\u00f3w organicznych, temperatur\u0119, wilgotno\u015b\u0107 i poziom CO2 w klasie. Surowe dane s\u0105 nast\u0119pnie pobierane i wy\u015bwietlane na wykresie.    <\/p>\n\n<blockquote class=\"wp-block-quote is-layout-flow wp-block-quote-is-layout-flow\">\n<p>Urz\u0105dzenie to ostrzega o przekroczeniu zalecanego przez Ministerstwo Zdrowia progu 800 ppm CO2.  <\/p>\n<\/blockquote>\n\n<p>Jak wiadomo, <strong>przepisy<\/strong> wymagaj\u0105 obecnie monitorowania jako\u015bci powietrza w salach lekcyjnych. W <a href=\"https:\/\/obera.fr\/pl\/\">OberA<\/a> mamy proste urz\u0105dzenia monitoruj\u0105ce, kt\u00f3re mog\u0105 ostrzega\u0107, gdy poziom dwutlenku w\u0119gla jest zbyt wysoki. Wystarczy przewietrzy\u0107 pomieszczenie lub u\u017cy\u0107 oczyszczacza powietrza, aby powr\u00f3ci\u0107 do zdrowego \u015brodowiska. Nie wahaj si\u0119 <strong>skontaktowa\u0107 z nami, aby uzyska\u0107 wi\u0119cej informacji<\/strong>.   <\/p>\n\n<div class=\"wp-block-buttons is-horizontal is-content-justification-center is-layout-flex wp-container-core-buttons-is-layout-03627597 wp-block-buttons-is-layout-flex\">\n<div class=\"wp-block-button has-custom-width wp-block-button__width-100\"><a class=\"wp-block-button__link wp-element-button\" href=\"https:\/\/obera.fr\/pl\/skontaktuj-sie-z-nami\/\">Dowiedz si\u0119 wi\u0119cej<\/a><\/div>\n<\/div>\n","protected":false},"excerpt":{"rendered":"<p>Jako\u015b\u0107 powietrza w klasie mo\u017ce wp\u0142ywa\u0107 zar\u00f3wno na koncentracj\u0119 uczni\u00f3w, jak i na ich samopoczucie w szkole. Niekiedy jest przyczyn\u0105 b\u00f3l\u00f3w g\u0142owy lub podra\u017cnienia oczu, co sta\u0142o si\u0119 przedmiotem dekretu obowi\u0105zuj\u0105cego od 2018 r. w niekt\u00f3rych plac\u00f3wkach.   <\/p>\n","protected":false},"author":4,"featured_media":95599,"comment_status":"open","ping_status":"closed","sticky":false,"template":"","format":"standard","meta":{"_acf_changed":false,"_seopress_robots_primary_cat":"none","_seopress_titles_title":"Qualit\u00e9 de l'air salle de classe: r\u00e9glementation et dispositifs","_seopress_titles_desc":"Comment doit \u00eatre la qualit\u00e9 de l\u2019air dans une salle de classe ? OberA vous dit tout sur la r\u00e9glementation et les dispositifs de contr\u00f4le.","_seopress_robots_index":"","footnotes":""},"categories":[54],"tags":[128],"class_list":["post-66197","post","type-post","status-publish","format-standard","has-post-thumbnail","hentry","category-nasza-rada","tag-entete-maly","generate-columns","tablet-grid-50","mobile-grid-100","grid-parent","grid-50","no-featured-image-padding","resize-featured-image"],"acf":[],"_links":{"self":[{"href":"https:\/\/obera.fr\/pl\/wp-json\/wp\/v2\/posts\/66197","targetHints":{"allow":["GET"]}}],"collection":[{"href":"https:\/\/obera.fr\/pl\/wp-json\/wp\/v2\/posts"}],"about":[{"href":"https:\/\/obera.fr\/pl\/wp-json\/wp\/v2\/types\/post"}],"author":[{"embeddable":true,"href":"https:\/\/obera.fr\/pl\/wp-json\/wp\/v2\/users\/4"}],"replies":[{"embeddable":true,"href":"https:\/\/obera.fr\/pl\/wp-json\/wp\/v2\/comments?post=66197"}],"version-history":[{"count":3,"href":"https:\/\/obera.fr\/pl\/wp-json\/wp\/v2\/posts\/66197\/revisions"}],"predecessor-version":[{"id":95727,"href":"https:\/\/obera.fr\/pl\/wp-json\/wp\/v2\/posts\/66197\/revisions\/95727"}],"wp:featuredmedia":[{"embeddable":true,"href":"https:\/\/obera.fr\/pl\/wp-json\/wp\/v2\/media\/95599"}],"wp:attachment":[{"href":"https:\/\/obera.fr\/pl\/wp-json\/wp\/v2\/media?parent=66197"}],"wp:term":[{"taxonomy":"category","embeddable":true,"href":"https:\/\/obera.fr\/pl\/wp-json\/wp\/v2\/categories?post=66197"},{"taxonomy":"post_tag","embeddable":true,"href":"https:\/\/obera.fr\/pl\/wp-json\/wp\/v2\/tags?post=66197"}],"curies":[{"name":"wp","href":"https:\/\/api.w.org\/{rel}","templated":true}]}}