{"id":66483,"date":"2022-04-14T15:57:00","date_gmt":"2022-04-14T13:57:00","guid":{"rendered":"https:\/\/obera.fr\/nasza-rada\/qualite-de-lair-etablissements-de-sante\/"},"modified":"2025-05-06T10:21:02","modified_gmt":"2025-05-06T08:21:02","slug":"qualite-de-lair-etablissements-de-sante","status":"publish","type":"post","link":"https:\/\/obera.fr\/pl\/nasza-rada\/qualite-de-lair-etablissements-de-sante\/","title":{"rendered":"Koncentracja na jako\u015bci powietrza w plac\u00f3wkach opieki zdrowotnej"},"content":{"rendered":"\n<p><strong>Jako\u015b\u0107 powietrza w plac\u00f3wkach opieki zdrowotnej<\/strong> jest prawdziwym wyzwaniem. Dotyczy to bezpo\u015brednio laboratori\u00f3w farmaceutycznych, aptek, gabinet\u00f3w dentystycznych, gabinet\u00f3w lekarskich i szpitali. Zwi\u0105zki chemiczne, fizyczne i mikrobiologiczne w r\u00f3\u017cnym stopniu pogarszaj\u0105 jako\u015b\u0107 powietrza w tych miejscach.    <\/p>\n\n<p>Przyjrzyjmy si\u0119 przez chwil\u0119 temu problemowi i istniej\u0105cym rozwi\u0105zaniom.<\/p>\n\n<figure class=\"wp-block-image size-large\"><img decoding=\"async\" width=\"1024\" height=\"186\" src=\"https:\/\/obera.fr\/wp-content\/uploads\/2022\/07\/Qualite-de-lair-dans-les-etablissement-de-sante-1024x186.jpg\" alt=\"jako&#x15B;&#x107; powietrza w plac&#xF3;wkach opieki zdrowotnej\" class=\"wp-image-13759\" srcset=\"https:\/\/obera.fr\/wp-content\/uploads\/2022\/07\/Qualite-de-lair-dans-les-etablissement-de-sante-1024x186.jpg 1024w, https:\/\/obera.fr\/wp-content\/uploads\/2022\/07\/Qualite-de-lair-dans-les-etablissement-de-sante-300x55.jpg 300w, https:\/\/obera.fr\/wp-content\/uploads\/2022\/07\/Qualite-de-lair-dans-les-etablissement-de-sante-768x140.jpg 768w, https:\/\/obera.fr\/wp-content\/uploads\/2022\/07\/Qualite-de-lair-dans-les-etablissement-de-sante.jpg 1100w\" sizes=\"(max-width: 1024px) 100vw, 1024px\" \/><\/figure>\n\n<h2 class=\"wp-block-heading\">Jako\u015b\u0107 powietrza w plac\u00f3wkach opieki zdrowotnej<\/h2>\n\n<p>Gabinety lekarskie, poczekalnie, apteki i szpitale to miejsca, przez kt\u00f3re przewija si\u0119 wiele os\u00f3b i specjalist\u00f3w. Miejsca te s\u0105 cz\u0119sto niedostatecznie wyposa\u017cone w sprz\u0119t do wentylacji i uzdatniania powietrza. W rezultacie <strong>st\u0119\u017cenie zanieczyszcze\u0144 jest nienormalnie wysokie<\/strong>, co pogarsza jako\u015b\u0107 powietrza. Trzy g\u0142\u00f3wne zanieczyszczenia maj\u0105 wp\u0142yw na pacjent\u00f3w i personel.   <\/p>\n\n<h3 class=\"wp-block-heading\">Chemiczne zanieczyszczenia powietrza w plac\u00f3wkach opieki zdrowotnej<\/h3>\n\n<p>Opary rt\u0119ci, \u015brodki dezynfekuj\u0105ce i monomery s\u0105 wszechobecne w gabinetach dentystycznych. <strong>Formaldehyd, ksylen i metanol <\/strong>to zanieczyszczenia chemiczne wynikaj\u0105ce ze stosowania lek\u00f3w i \u015brodk\u00f3w dezynfekuj\u0105cych w gabinetach lekarskich.   <\/p>\n\n<p>W aptekach s\u0105 to opary alkoholu, kwasy, olejki eteryczne i chemikalia. W szpitalach wyst\u0119puje r\u00f3wnie\u017c du\u017ca liczba zanieczyszcze\u0144: podtlenek azotu, izofluran, opary anestezjologiczne, opary operacyjne, \u015brodki dezynfekuj\u0105ce\/sterylizuj\u0105ce, leki i urz\u0105dzenia zawieraj\u0105ce ftalany. <\/p>\n\n<h3 class=\"wp-block-heading\">Zanieczyszczenie cz\u0105stkami sta\u0142ymi powietrza w plac\u00f3wkach opieki zdrowotnej<\/h3>\n\n<p>Zanieczyszczenia fizyczne r\u00f3wnie\u017c pogarszaj\u0105 jako\u015b\u0107 powietrza w plac\u00f3wkach opieki zdrowotnej. Te unosz\u0105ce si\u0119 w powietrzu zanieczyszczenia s\u0105 produktami materia\u0142\u00f3w stosowanych podczas leczenia. W gabinetach stomatologicznych materia\u0142y te obejmuj\u0105 <strong>cz\u0105stki metalu, porcelany i ceramiki<\/strong>. Zanieczyszczenia cz\u0105stkami sta\u0142ymi w szpitalach pochodz\u0105 z tynk\u00f3w, protez \u017cywicznych i py\u0142u sodowo-wapniowego.     <\/p>\n\n<blockquote class=\"wp-block-quote is-layout-flow wp-block-quote-is-layout-flow\">\n<p>We wszystkich plac\u00f3wkach opieki zdrowotnej zanieczyszczenie cz\u0105stkami sta\u0142ymi jest r\u00f3wnie\u017c no\u015bnikiem biologicznego ska\u017cenia powietrza.<\/p>\n<\/blockquote>\n\n<h3 class=\"wp-block-heading\">Biologiczne zanieczyszczenia powietrza w plac\u00f3wkach opieki zdrowotnej<\/h3>\n\n<p>We wszystkich plac\u00f3wkach opieki zdrowotnej zanieczyszczenia mikrobiologiczne s\u0105 obecne w \u015brodowisku opieki i sektorach interwencyjnych (szpitale). Na przyk\u0142ad ryzyko zanieczyszczenia krzy\u017cowego jest bardzo wysokie w poczekalniach i gabinetach lekarskich. Wirusy, bakterie, ple\u015bnie i mikroorganizmy unosz\u0105ce si\u0119 w powietrzu pogarszaj\u0105 jako\u015b\u0107 powietrza w plac\u00f3wkach opieki zdrowotnej.    <\/p>\n\n<p>Wi\u0105\u017ce si\u0119 z nimi <strong>wysokie ryzyko chor\u00f3b szpitalnych<\/strong>. E. coli lub Staphylococcus (bakterie) i Cladosporium (ple\u015bnie) s\u0105 bardzo powszechne. <\/p>\n\n<h2 class=\"wp-block-heading\">Rozwi\u0105zania poprawiaj\u0105ce jako\u015b\u0107 powietrza w plac\u00f3wkach opieki zdrowotnej<\/h2>\n\n<p>Poprawa jako\u015bci powietrza w plac\u00f3wkach opieki zdrowotnej zmniejsza ryzyko zaka\u017ce\u0144 szpitalnych. Pomaga r\u00f3wnie\u017c chroni\u0107 recepcj\u0119, personel medyczny i paramedyczny, a tak\u017ce pacjent\u00f3w. Opr\u00f3cz \u015brodk\u00f3w zapobiegawczych i centrali wentylacyjnej (AHU), coraz powszechniejsza staje si\u0119<strong>instalacja profesjonalnych mobilnych oczyszczaczy powietrza <\/strong>. Istniej\u0105 trzy g\u0142\u00f3wne typy urz\u0105dze\u0144.   <\/p>\n\n<h3 class=\"wp-block-heading\">Profesjonalne oczyszczacze powietrza<\/h3>\n\n<figure class=\"wp-block-image aligncenter size-full is-resized\"><img decoding=\"async\" src=\"https:\/\/obera.fr\/wp-content\/uploads\/2022\/07\/Sans-titre-2022-07-20T143644.918.png\" alt=\"Gama oczyszczaczy powietrza oberA\" class=\"wp-image-13637\" width=\"475\" height=\"75\" srcset=\"https:\/\/obera.fr\/wp-content\/uploads\/2022\/07\/Sans-titre-2022-07-20T143644.918.png 950w, https:\/\/obera.fr\/wp-content\/uploads\/2022\/07\/Sans-titre-2022-07-20T143644.918-300x47.png 300w, https:\/\/obera.fr\/wp-content\/uploads\/2022\/07\/Sans-titre-2022-07-20T143644.918-768x121.png 768w\" sizes=\"(max-width: 475px) 100vw, 475px\" \/><\/figure>\n\n<p>Poprawa jako\u015bci powietrza w plac\u00f3wkach opieki zdrowotnej jest mo\u017cliwa dzi\u0119ki tym wszechstronnym urz\u0105dzeniom. Niezale\u017cnie od tego, czy znajduj\u0105 si\u0119 w pomieszczeniu, czy u \u017ar\u00f3d\u0142a, wychwytuj\u0105 <strong>kurz, drobne cz\u0105steczki oraz zanieczyszczenia chemiczne i biologiczne<\/strong>. Niekt\u00f3re oczyszczacze powietrza z <a href=\"https:\/\/obera.fr\/pl\/nasza-rada\/filtre-hepa-et-purificateur-d-air\/\" data-type=\"post\" data-id=\"13449\">wysoce precyzyjnymi filtrami<\/a> zwalczaj\u0105 wirusy i bakterie.  <\/p>\n\n<div class=\"wp-block-buttons is-content-justification-center is-layout-flex wp-container-core-buttons-is-layout-a89b3969 wp-block-buttons-is-layout-flex\">\n<div class=\"wp-block-button\"><a class=\"wp-block-button__link wp-element-button\" href=\"https:\/\/obera.fr\/pl\/produits\/purificateurs-air\/\">Zobacz nasz\u0105 ofert\u0119 oczyszczaczy powietrza<\/a><\/div>\n<\/div>\n\n<h3 class=\"wp-block-heading\">Niszczyciele zanieczyszcze\u0144 chemicznych i zapach\u00f3w<\/h3>\n\n<figure class=\"wp-block-image aligncenter size-full is-resized\"><img decoding=\"async\" src=\"https:\/\/obera.fr\/wp-content\/uploads\/2022\/04\/Sans-titre-2022-07-20T142914.378.png\" alt=\"Niszczyciele zapach&#xF3;w oberA\" class=\"wp-image-13634\" width=\"475\" height=\"75\" srcset=\"https:\/\/obera.fr\/wp-content\/uploads\/2022\/04\/Sans-titre-2022-07-20T142914.378.png 950w, https:\/\/obera.fr\/wp-content\/uploads\/2022\/04\/Sans-titre-2022-07-20T142914.378-300x47.png 300w, https:\/\/obera.fr\/wp-content\/uploads\/2022\/04\/Sans-titre-2022-07-20T142914.378-768x121.png 768w\" sizes=\"(max-width: 475px) 100vw, 475px\" \/><\/figure>\n\n<p>Ten profesjonalny sprz\u0119t jest przeznaczony g\u0142\u00f3wnie do usuwania zanieczyszcze\u0144 gazowych. Eliminuj\u0105 r\u00f3wnie\u017c zanieczyszczenia py\u0142owe, chemiczne, <strong>zapachy i lotne zwi\u0105zki organiczne<\/strong>. Mo\u017cliwo\u015b\u0107 wyboru \u017ar\u00f3d\u0142a lub jednostki uzdatniania powietrza otoczenia u\u0142atwia integracj\u0119 z ka\u017cdym rodzajem plac\u00f3wki opieki zdrowotnej.  <\/p>\n\n<div class=\"wp-block-buttons is-content-justification-center is-layout-flex wp-container-core-buttons-is-layout-a89b3969 wp-block-buttons-is-layout-flex\">\n<div class=\"wp-block-button\"><a class=\"wp-block-button__link wp-element-button\" href=\"https:\/\/obera.fr\/pl\/produits\/traitement-cov\/\">Nasze niszczyciele zapach\u00f3w (LZO)<\/a><\/div>\n<\/div>\n\n<h3 class=\"wp-block-heading\">Profesjonalne odpylacze mobilne<\/h3>\n\n<figure class=\"wp-block-image aligncenter size-full is-resized\"><img decoding=\"async\" src=\"https:\/\/obera.fr\/wp-content\/uploads\/2022\/04\/Sans-titre-2022-07-20T144120.821.png\" alt=\"Gama odpylaczy oberA\" class=\"wp-image-13641\" width=\"475\" height=\"75\" srcset=\"https:\/\/obera.fr\/wp-content\/uploads\/2022\/04\/Sans-titre-2022-07-20T144120.821.png 950w, https:\/\/obera.fr\/wp-content\/uploads\/2022\/04\/Sans-titre-2022-07-20T144120.821-300x47.png 300w, https:\/\/obera.fr\/wp-content\/uploads\/2022\/04\/Sans-titre-2022-07-20T144120.821-768x121.png 768w\" sizes=\"(max-width: 475px) 100vw, 475px\" \/><\/figure>\n\n<p>Urz\u0105dzenia te wykorzystuj\u0105 ramiona ss\u0105ce do wychwytywania py\u0142u powstaj\u0105cego w wyniku stosowania<strong> produkt\u00f3w medycznych i szpitalnych <\/strong>(plastry, protezy). Usuwaj\u0105 r\u00f3wnie\u017c cz\u0105steczki ceramiki i metalu z powietrza w gabinetach stomatologicznych. <\/p>\n\n<div class=\"wp-block-buttons is-content-justification-center is-layout-flex wp-container-core-buttons-is-layout-a89b3969 wp-block-buttons-is-layout-flex\">\n<div class=\"wp-block-button\"><a class=\"wp-block-button__link wp-element-button\" href=\"https:\/\/obera.fr\/pl\/produits\/depoussiereurs-industriels\/mobiles\/\">Wszystkie nasze produkty do kontroli zapylenia<\/a><\/div>\n<\/div>\n\n<p><a href=\"https:\/\/obera.fr\/conseils\/qualite-l-air-interieur-critere-essentiel-industrie\/\" data-type=\"post\" data-id=\"5884\">Aby dowiedzie\u0107 si\u0119 wi\u0119cej o jako\u015bci powietrza w pomieszczeniach, przeczytaj inne nasze artyku\u0142y<\/a>.<\/p>\n","protected":false},"excerpt":{"rendered":"<p>Jako\u015b\u0107 powietrza w plac\u00f3wkach opieki zdrowotnej jest prawdziwym wyzwaniem. Dotyczy to bezpo\u015brednio laboratori\u00f3w farmaceutycznych, aptek, gabinet\u00f3w dentystycznych, gabinet\u00f3w lekarskich i szpitali. Zwi\u0105zki chemiczne, fizyczne i mikrobiologiczne w r\u00f3\u017cnym stopniu pogarszaj\u0105 jako\u015b\u0107 powietrza w tych miejscach. Przyjrzyjmy si\u0119 temu problemowi i istniej\u0105cym rozwi\u0105zaniom.   <\/p>\n","protected":false},"author":4,"featured_media":95846,"comment_status":"open","ping_status":"closed","sticky":false,"template":"","format":"standard","meta":{"_acf_changed":false,"_seopress_robots_primary_cat":"none","_seopress_titles_title":"La qualit\u00e9 de l\u2019air au sein des \u00e9tablissements de sant\u00e9","_seopress_titles_desc":"Am\u00e9liorer la qualit\u00e9 de l\u2019air des \u00e9tablissements de sant\u00e9 est de plus en plus d'actualit\u00e9. Mais qu'est-ce qui d\u00e9grade la qualit\u00e9 de l'air ?","_seopress_robots_index":"","footnotes":""},"categories":[54],"tags":[128],"class_list":["post-66483","post","type-post","status-publish","format-standard","has-post-thumbnail","hentry","category-nasza-rada","tag-entete-maly","generate-columns","tablet-grid-50","mobile-grid-100","grid-parent","grid-50","no-featured-image-padding","resize-featured-image"],"acf":[],"_links":{"self":[{"href":"https:\/\/obera.fr\/pl\/wp-json\/wp\/v2\/posts\/66483","targetHints":{"allow":["GET"]}}],"collection":[{"href":"https:\/\/obera.fr\/pl\/wp-json\/wp\/v2\/posts"}],"about":[{"href":"https:\/\/obera.fr\/pl\/wp-json\/wp\/v2\/types\/post"}],"author":[{"embeddable":true,"href":"https:\/\/obera.fr\/pl\/wp-json\/wp\/v2\/users\/4"}],"replies":[{"embeddable":true,"href":"https:\/\/obera.fr\/pl\/wp-json\/wp\/v2\/comments?post=66483"}],"version-history":[{"count":4,"href":"https:\/\/obera.fr\/pl\/wp-json\/wp\/v2\/posts\/66483\/revisions"}],"predecessor-version":[{"id":95868,"href":"https:\/\/obera.fr\/pl\/wp-json\/wp\/v2\/posts\/66483\/revisions\/95868"}],"wp:featuredmedia":[{"embeddable":true,"href":"https:\/\/obera.fr\/pl\/wp-json\/wp\/v2\/media\/95846"}],"wp:attachment":[{"href":"https:\/\/obera.fr\/pl\/wp-json\/wp\/v2\/media?parent=66483"}],"wp:term":[{"taxonomy":"category","embeddable":true,"href":"https:\/\/obera.fr\/pl\/wp-json\/wp\/v2\/categories?post=66483"},{"taxonomy":"post_tag","embeddable":true,"href":"https:\/\/obera.fr\/pl\/wp-json\/wp\/v2\/tags?post=66483"}],"curies":[{"name":"wp","href":"https:\/\/api.w.org\/{rel}","templated":true}]}}