{"id":86382,"date":"2023-01-25T10:26:15","date_gmt":"2023-01-25T08:26:15","guid":{"rendered":"https:\/\/obera.fr\/nasza-rada\/obera-se-devoile-sur-bfm-alsace\/"},"modified":"2025-04-23T09:17:58","modified_gmt":"2025-04-23T07:17:58","slug":"obera-se-devoile-sur-bfm-alsace","status":"publish","type":"post","link":"https:\/\/obera.fr\/pl\/nasza-rada\/obera-se-devoile-sur-bfm-alsace\/","title":{"rendered":"OberA ujawnia si\u0119 na BFM Alsace"},"content":{"rendered":"\n<h2 class=\"wp-block-heading\">Wideo z wywiadu przeprowadzonego przez BFM Alsace<\/h2>\n\n<p>W celu zwr\u00f3cenia uwagi na podmioty przemys\u0142owe z Alzacji, BFM Alsace nakr\u0119ci\u0142o wywiad za po\u015brednictwem CCI, aby promowa\u0107 nasz\u0105 dzia\u0142alno\u015b\u0107 i genez\u0119 OberA.<\/p>\n\n<figure class=\"wp-block-video aligncenter\"><video height=\"1080\" style=\"aspect-ratio: 1920 \/ 1080;\" width=\"1920\" controls=\"\" src=\"https:\/\/obera.fr\/wp-content\/uploads\/2023\/01\/bfm-tv-x-obera_nzuvdkgl.mp4\"><\/video><\/figure>\n\n<h3 class=\"wp-block-heading\"><strong>Geneza OberA<\/strong><\/h3>\n\n<p>Jak wyja\u015bni\u0142a osoba odpowiedzialna, pan Samsel, OberA wyposa\u017ca bran\u017ce w celu ochrony zdrowia swoich pracownik\u00f3w, odpowiadaj\u0105c na rzeczywist\u0105 potrzeb\u0119 lub ograniczenie zwi\u0105zane z dopuszczalnymi warto\u015bciami nara\u017cenia zawodowego w miejscu pracy.  <\/p>\n\n<h3 class=\"wp-block-heading\"><strong>Zawody OberA<\/strong><\/h3>\n\n<p>W wywiadzie mo\u017cemy zobaczy\u0107 3 g\u0142\u00f3wne obszary dzia\u0142alno\u015bci OberA. Pierwszym z nich jest oczyszczanie powietrza za pomoc\u0105 oczyszczaczy powietrza. Drugim jest usuwanie py\u0142u, z odpylaczami przemys\u0142owymi przeznaczonymi do ekstrakcji bezpo\u015brednio u \u017ar\u00f3d\u0142a. Najnowszym osi\u0105gni\u0119ciem jest ch\u0142odzenie powietrza przemys\u0142owego za pomoc\u0105 ch\u0142odnic adiabatycznych, w celu ch\u0142odzenia przemys\u0142u w spos\u00f3b ekologiczny i ekonomiczny (do 10 razy ta\u0144szy ni\u017c klimatyzacja).   <\/p>\n\n<div class=\"wp-block-columns is-layout-flex wp-container-core-columns-is-layout-28f84493 wp-block-columns-is-layout-flex\">\n<div class=\"wp-block-column is-layout-flow wp-block-column-is-layout-flow\">\n<div class=\"wp-block-buttons is-layout-flex wp-block-buttons-is-layout-flex\">\n<div class=\"wp-block-button aligncenter\"><a class=\"wp-block-button__link wp-element-button\" href=\"https:\/\/obera.fr\/produits\/purificateurs-air\/\">Nasze oczyszczacze powietrza<\/a><\/div>\n<\/div>\n<\/div>\n\n\n\n<div class=\"wp-block-column is-layout-flow wp-block-column-is-layout-flow\">\n<div class=\"wp-block-buttons is-layout-flex wp-block-buttons-is-layout-flex\">\n<div class=\"wp-block-button aligncenter\"><a class=\"wp-block-button__link wp-element-button\" href=\"https:\/\/obera.fr\/produits\/depoussiereurs-industriels\/\">Nasze odpylacze<\/a><\/div>\n<\/div>\n<\/div>\n\n\n\n<div class=\"wp-block-column is-layout-flow wp-block-column-is-layout-flow\">\n<div class=\"wp-block-buttons is-layout-flex wp-block-buttons-is-layout-flex\">\n<div class=\"wp-block-button aligncenter\"><a class=\"wp-block-button__link wp-element-button\" href=\"https:\/\/obera.fr\/produits\/rafraichisseurs-air\/\">NASZE ch\u0142odziarki<\/a><\/div>\n<\/div>\n<\/div>\n<\/div>\n","protected":false},"excerpt":{"rendered":"<p>OberA udzieli\u0142o wywiadu BFM Alsace na temat inicjatywy CCI maj\u0105cej na celu promowanie sektora przemys\u0142owego w Alzacji. Dowiedz si\u0119 wi\u0119cej o pocz\u0105tkach OberA i r\u00f3\u017cnych zaanga\u017cowanych zawodach. <\/p>\n","protected":false},"author":4,"featured_media":85740,"comment_status":"open","ping_status":"closed","sticky":false,"template":"","format":"standard","meta":{"_acf_changed":false,"_seopress_robots_primary_cat":"none","_seopress_titles_title":"OberA ujawnia si\u0119 na BFM Alsace","_seopress_titles_desc":"OberA udzieli\u0142 wywiadu BFM Alsace na temat inicjatywy CCI maj\u0105cej na celu promowanie sektora przemys\u0142owego w Alzacji.","_seopress_robots_index":"","footnotes":""},"categories":[54],"tags":[128],"class_list":["post-86382","post","type-post","status-publish","format-standard","has-post-thumbnail","hentry","category-nasza-rada","tag-entete-maly","generate-columns","tablet-grid-50","mobile-grid-100","grid-parent","grid-50","no-featured-image-padding","resize-featured-image"],"acf":[],"_links":{"self":[{"href":"https:\/\/obera.fr\/pl\/wp-json\/wp\/v2\/posts\/86382","targetHints":{"allow":["GET"]}}],"collection":[{"href":"https:\/\/obera.fr\/pl\/wp-json\/wp\/v2\/posts"}],"about":[{"href":"https:\/\/obera.fr\/pl\/wp-json\/wp\/v2\/types\/post"}],"author":[{"embeddable":true,"href":"https:\/\/obera.fr\/pl\/wp-json\/wp\/v2\/users\/4"}],"replies":[{"embeddable":true,"href":"https:\/\/obera.fr\/pl\/wp-json\/wp\/v2\/comments?post=86382"}],"version-history":[{"count":2,"href":"https:\/\/obera.fr\/pl\/wp-json\/wp\/v2\/posts\/86382\/revisions"}],"predecessor-version":[{"id":86393,"href":"https:\/\/obera.fr\/pl\/wp-json\/wp\/v2\/posts\/86382\/revisions\/86393"}],"wp:featuredmedia":[{"embeddable":true,"href":"https:\/\/obera.fr\/pl\/wp-json\/wp\/v2\/media\/85740"}],"wp:attachment":[{"href":"https:\/\/obera.fr\/pl\/wp-json\/wp\/v2\/media?parent=86382"}],"wp:term":[{"taxonomy":"category","embeddable":true,"href":"https:\/\/obera.fr\/pl\/wp-json\/wp\/v2\/categories?post=86382"},{"taxonomy":"post_tag","embeddable":true,"href":"https:\/\/obera.fr\/pl\/wp-json\/wp\/v2\/tags?post=86382"}],"curies":[{"name":"wp","href":"https:\/\/api.w.org\/{rel}","templated":true}]}}