{"id":86546,"date":"2022-07-29T16:36:45","date_gmt":"2022-07-29T14:36:45","guid":{"rendered":"https:\/\/obera.fr\/nasza-rada\/rafraichissement-conteneurs-maritimes\/"},"modified":"2025-04-23T09:19:34","modified_gmt":"2025-04-23T07:19:34","slug":"rafraichissement-conteneurs-maritimes","status":"publish","type":"post","link":"https:\/\/obera.fr\/pl\/nasza-rada\/rafraichissement-conteneurs-maritimes\/","title":{"rendered":"Studium przypadku : Problemy z ciep\u0142em podczas roz\u0142adunku kontener\u00f3w morskich"},"content":{"rendered":"\n<p>Problem z temperatur\u0105 w kontenerach morskich. W kontenerach by\u0142o ponad 50 stopni Celsjusza, co zmusza\u0142o firm\u0119 do czekania \u015brednio ponad 1 godzin\u0119 z otwartymi drzwiami w celu uregulowania temperatury i rozpocz\u0119cia roz\u0142adunku. W tym przypadku dusz\u0105cy upa\u0142 stanowi\u0142 prawdziw\u0105 strat\u0119 czasu dla firmy, ale tak\u017ce ryzyko dla operator\u00f3w.  <\/p>\n\n<figure class=\"wp-block-image aligncenter size-large is-resized\"><img decoding=\"async\" src=\"https:\/\/obera.fr\/wp-content\/uploads\/2022\/07\/Rafraihisseurs-adiabatique-conteneurs-maritimes-1024x465.jpg\" alt=\"Ch&#x142;odnice adiabatyczne do kontener&#xF3;w morskich\" class=\"wp-image-13892\" width=\"768\" height=\"349\" srcset=\"https:\/\/obera.fr\/wp-content\/uploads\/2022\/07\/Rafraihisseurs-adiabatique-conteneurs-maritimes-1024x465.jpg 1024w, https:\/\/obera.fr\/wp-content\/uploads\/2022\/07\/Rafraihisseurs-adiabatique-conteneurs-maritimes-300x136.jpg 300w, https:\/\/obera.fr\/wp-content\/uploads\/2022\/07\/Rafraihisseurs-adiabatique-conteneurs-maritimes-768x349.jpg 768w, https:\/\/obera.fr\/wp-content\/uploads\/2022\/07\/Rafraihisseurs-adiabatique-conteneurs-maritimes.jpg 1100w\" sizes=\"(max-width: 768px) 100vw, 768px\" \/><\/figure>\n\n<h2 class=\"wp-block-heading\"><strong>Adiabatyczne ch\u0142odnice powietrza: proste, szybkie i skuteczne rozwi\u0105zanie!<\/strong><\/h2>\n\n<p>OberA zaproponowa\u0142a wtedy swoje skuteczne rozwi\u0105zanie w postaci adiabatycznych ch\u0142odnic powietrza. To proste, szybkie i skuteczne rozwi\u0105zanie pozwoli\u0142o firmie nadrobi\u0107 stracony czas, nap\u0119dzaj\u0105c powietrze o temperaturze 22 stopni i osi\u0105gaj\u0105c temperatur\u0119 otoczenia 32 stopni. Operatorzy mog\u0105 teraz roz\u0142adowywa\u0107 kontenery szybciej i w lepszych warunkach. <\/p>\n\n<h2 class=\"wp-block-heading\"><strong>Jeste\u015bmy zachwyceni!<\/strong><\/h2>\n\n<p>Zar\u00f3wno pracownicy, jak i firma s\u0105 bardzo zadowoleni z zainstalowanego systemu ch\u0142odzenia powietrzem. Dobre samopoczucie pracownik\u00f3w i produktywno\u015b\u0107 firmy zosta\u0142y poprawione przy ni\u017cszych kosztach. <\/p>\n\n<h2 class=\"wp-block-heading\"><strong>Pytania zadane przez firm\u0119<\/strong><\/h2>\n\n<h3 class=\"wp-block-heading\">Jak to dzia\u0142a?<\/h3>\n\n<div class=\"wp-block-columns is-layout-flex wp-container-core-columns-is-layout-28f84493 wp-block-columns-is-layout-flex\">\n<div class=\"wp-block-column is-layout-flow wp-block-column-is-layout-flow\" style=\"flex-basis:33.33%\">\n<figure class=\"wp-block-image size-full\"><img decoding=\"async\" width=\"900\" height=\"500\" src=\"https:\/\/obera.fr\/wp-content\/uploads\/2022\/07\/Fonctionnement-rafraichisseurs-adiabatique1.jpg\" alt=\"Dzia&#x142;anie ch&#x142;odnicy adiabatycznej\" class=\"wp-image-13887\" srcset=\"https:\/\/obera.fr\/wp-content\/uploads\/2022\/07\/Fonctionnement-rafraichisseurs-adiabatique1.jpg 900w, https:\/\/obera.fr\/wp-content\/uploads\/2022\/07\/Fonctionnement-rafraichisseurs-adiabatique1-300x167.jpg 300w, https:\/\/obera.fr\/wp-content\/uploads\/2022\/07\/Fonctionnement-rafraichisseurs-adiabatique1-768x427.jpg 768w\" sizes=\"(max-width: 900px) 100vw, 900px\" \/><\/figure>\n<\/div>\n\n\n\n<div class=\"wp-block-column is-vertically-aligned-center is-layout-flow wp-block-column-is-layout-flow\" style=\"flex-basis:66.66%\">\n<p>Zasada ch\u0142odzenia adiabatycznego polega po prostu na wykorzystaniu si\u0142y parowania wody do wychwytywania kalorii obecnych w powietrzu, a tym samym obni\u017cenia temperatury wylotowej powietrza z ch\u0142odnicy. Powietrze jest ch\u0142odzone naturalnie, przechodz\u0105c przez wype\u0142niony wod\u0105 panel o strukturze plastra miodu. <\/p>\n<\/div>\n<\/div>\n\n<h3 class=\"wp-block-heading\">W praktyce, ile stopni traci si\u0119 dzi\u0119ki od\u015bwie\u017caczom powietrza?<\/h3>\n\n<p>Przy prawid\u0142owym doborze jednostki EcoClim mog\u0105 osi\u0105gn\u0105\u0107 \u015bredni przyrost od 10 do 12 stopni mi\u0119dzy powietrzem otoczenia a powietrzem opuszczaj\u0105cym jednostki. Warto\u015b\u0107 ta mo\u017ce by\u0107 wy\u017csza w przypadku bardziej ekstremalnych upa\u0142\u00f3w. <\/p>\n\n<figure class=\"wp-block-image aligncenter size-full is-resized\"><img decoding=\"async\" src=\"https:\/\/obera.fr\/wp-content\/uploads\/2022\/07\/image-768x347-1.jpg\" alt=\"Ch&#x142;odnice adiabatyczne ze wzrostem temperatury\" class=\"wp-image-13906\" width=\"576\" height=\"260\" srcset=\"https:\/\/obera.fr\/wp-content\/uploads\/2022\/07\/image-768x347-1.jpg 768w, https:\/\/obera.fr\/wp-content\/uploads\/2022\/07\/image-768x347-1-300x136.jpg 300w\" sizes=\"(max-width: 576px) 100vw, 576px\" \/><\/figure>\n\n<h3 class=\"wp-block-heading\">Jak\u0105 powierzchni\u0119 mo\u017cna ch\u0142odzi\u0107? Czy musz\u0119 wyposa\u017cy\u0107 ca\u0142\u0105 przestrze\u0144? <\/h3>\n\n<p>Powierzchnie, kt\u00f3re jeste\u015bmy w stanie sch\u0142odzi\u0107 za pomoc\u0105 naszej gamy adiabatycznych ch\u0142odnic powietrza, wahaj\u0105 si\u0119 od 80 do 150 m\u00b2 w przypadku EcoClim 12 do powierzchni do 400 m\u00b2 w przypadku EcoClim30.<\/p>\n\n<p>Istnieje kilka mo\u017cliwych lokalizacji:<\/p>\n\n<ul class=\"wp-block-list\">\n<li>Od\u015bwie\u017c ca\u0142\u0105 stref\u0119, mno\u017c\u0105c liczb\u0119 urz\u0105dze\u0144<\/li>\n\n\n\n<li>Tworzenie wysp ch\u0142odu dla sta\u0142ych stacji roboczych<\/li>\n\n\n\n<li>Od\u015bwie\u017canie kontener\u00f3w i innych zamkni\u0119tych przestrzeni<\/li>\n<\/ul>\n\n<figure class=\"wp-block-image aligncenter size-full is-resized\"><img decoding=\"async\" src=\"https:\/\/obera.fr\/wp-content\/uploads\/2022\/07\/Rafraichisseurs-dair-superficie.jpg\" alt=\"powierzchniowe od&#x15B;wie&#x17C;acze powietrza\" class=\"wp-image-13901\" width=\"750\" height=\"225\" srcset=\"https:\/\/obera.fr\/wp-content\/uploads\/2022\/07\/Rafraichisseurs-dair-superficie.jpg 1000w, https:\/\/obera.fr\/wp-content\/uploads\/2022\/07\/Rafraichisseurs-dair-superficie-300x90.jpg 300w, https:\/\/obera.fr\/wp-content\/uploads\/2022\/07\/Rafraichisseurs-dair-superficie-768x230.jpg 768w\" sizes=\"(max-width: 750px) 100vw, 750px\" \/><\/figure>\n\n<h3 class=\"wp-block-heading\">A co z kurzem?<\/h3>\n\n<p>Mieszaj\u0105c powietrze, urz\u0105dzenia EcoClim mog\u0105 zawiesza\u0107 py\u0142, gdy s\u0105 w\u0142\u0105czone. Bior\u0105c pod uwag\u0119 bardzo wysokie nat\u0119\u017cenie przep\u0142ywu powietrza, kurz ten jest szybko usuwany poprzez pod\u0105\u017canie za strumieniem powietrza i po kilku sekundach nie b\u0119dzie go ju\u017c w strumieniu. Dzi\u0119ki panelowi o strukturze plastra miodu, kt\u00f3ry dzia\u0142a jak filtr gruboziarnisty, urz\u0105dzenie nie wznieca kurzu, a jedynie zawiesza ju\u017c obecny. Aby temu zapobiec, zainstalowali\u015bmy podk\u0142adki filcowe przed urz\u0105dzeniem, aby zapobiec przedostawaniu si\u0119 ju\u017c obecnego py\u0142u.     <\/p>\n\n<h3 class=\"wp-block-heading\">Czy istnieje ryzyko dla mojego zdrowia?<\/h3>\n\n<p>Gdy u\u017cywana jest woda, pojawia si\u0119 pytanie o mo\u017cliwy rozw\u00f3j bakterii w urz\u0105dzeniach.<\/p>\n\n<p>Aby zwalczy\u0107 ten problem, wyposa\u017cyli\u015bmy wszystkie nasze urz\u0105dzenia w lampy UVC, kt\u00f3re trwale dezynfekuj\u0105 wod\u0119 i zapobiegaj\u0105 rozwojowi drobnoustroj\u00f3w, bakterii i grzyb\u00f3w.<\/p>\n\n<p>Zimne okresy spowodowane przez system klimatyzacji nie stanowi\u0105 problemu podczas korzystania z EcoClim z kilku powod\u00f3w:<\/p>\n\n<ul class=\"wp-block-list\">\n<li>Temperatura nie spadnie poni\u017cej 20\/21 stopni.<\/li>\n\n\n\n<li>Urz\u0105dzenia te nie wysuszaj\u0105 powietrza<\/li>\n<\/ul>\n\n<h3 class=\"wp-block-heading\">Jaki jest cykl konserwacji? Jakie produkty s\u0105 u\u017cywane? <\/h3>\n\n<p>Urz\u0105dzenia EcoClims musz\u0105 by\u0107 serwisowane przed przechowywaniem w nast\u0119puj\u0105cy spos\u00f3b:<\/p>\n\n<ul class=\"wp-block-list\">\n<li>Opr\u00f3\u017cnianie zbiornika wody<\/li>\n\n\n\n<li>Suszy\u0107 panele o strukturze plastra miodu, w\u0142\u0105czaj\u0105c funkcj\u0119 wentylacji na 2 do 3 godzin.<\/li>\n\n\n\n<li>Aby unikn\u0105\u0107 uszkodzenia p\u0142yty celulozowej, nale\u017cy u\u017cywa\u0107 oferowanego przez nas \u015brodka czyszcz\u0105cego na bazie probiotyk\u00f3w.<\/li>\n<\/ul>\n\n<h3 class=\"wp-block-heading\">Czy s\u0105 jakie\u015b materia\u0142y eksploatacyjne, kt\u00f3re wymagaj\u0105 wymiany?<\/h3>\n\n<p>Je\u015bli konserwacja jest przeprowadzana prawid\u0142owo (panele celulozowe wysuszone, zbiornik opr\u00f3\u017cniony), nie ma potrzeby wymiany materia\u0142\u00f3w eksploatacyjnych.<\/p>\n\n<h3 class=\"wp-block-heading\">Jaka jest autonomia adiabatycznych ch\u0142odnic powietrza oberA?<\/h3>\n\n<p>W zale\u017cno\u015bci od temperatury i wilgotno\u015bci, urz\u0105dzenia z pe\u0142nym zbiornikiem mog\u0105 pracowa\u0107 od 5 do 8 godzin. Mog\u0105 by\u0107 r\u00f3wnie\u017c pod\u0142\u0105czone bezpo\u015brednio do sieci wodoci\u0105gowej, z p\u0142ywakiem zainstalowanym w urz\u0105dzeniu w celu regulacji poziomu. <\/p>\n\n<h3 class=\"wp-block-heading\">Jakie \u015brodki ostro\u017cno\u015bci nale\u017cy podj\u0105\u0107 podczas ich przenoszenia?<\/h3>\n\n<p>ecoCLIM to mobilne urz\u0105dzenia, kt\u00f3re wymagaj\u0105 podj\u0119cia kilku \u015brodk\u00f3w ostro\u017cno\u015bci po nape\u0142nieniu wod\u0105. \u015arodek ci\u0119\u017cko\u015bci jednostek jest do\u015b\u0107 nisko, gdy s\u0105 one pe\u0142ne, co ogranicza ryzyko ich przewr\u00f3cenia. Gdy s\u0105 puste, nale\u017cy zachowa\u0107 wi\u0119ksz\u0105 ostro\u017cno\u015b\u0107, poniewa\u017c wentylator jest najci\u0119\u017csz\u0105 cz\u0119\u015bci\u0105 i to po tej stronie nale\u017cy go trzyma\u0107. Staraj si\u0119 u\u017cywa\u0107 go jak najcz\u0119\u015bciej na p\u0142askich powierzchniach.  <\/p>\n\n<h3 class=\"wp-block-heading\">W jakiej odleg\u0142o\u015bci od operator\u00f3w nale\u017cy umie\u015bci\u0107 adiabatyczn\u0105 ch\u0142odnic\u0119 powietrza?<\/h3>\n\n<p>Modele ecoCLIM 12 i 22 s\u0105 wyposa\u017cone w regulowane \u0142opatki, kt\u00f3re umo\u017cliwiaj\u0105 optymalne zarz\u0105dzanie przep\u0142ywem powietrza i kierowanie go w stron\u0119 pod\u0142ogi lub sufitu. Operatorzy zazwyczaj umieszczaj\u0105 urz\u0105dzenia w pobli\u017cu miejsca pracy. W przeciwie\u0144stwie do zwyk\u0142ego wentylatora, urz\u0105dzenia te ch\u0142odz\u0105 powietrze z otoczenia, dzi\u0119ki czemu mo\u017cna poczu\u0107 \u015bwie\u017co\u015b\u0107 nawet wtedy, gdy nie jest si\u0119 w strumieniu powietrza.  <\/p>\n\n<h3 class=\"wp-block-heading\">Czy wyst\u0119puj\u0105 przeszkody w przep\u0142ywie powietrza przez urz\u0105dzenie? Czy stanowi to problem?<\/h3>\n\n<p>Urz\u0105dzenia dzia\u0142aj\u0105 najlepiej na otwartych przestrzeniach, ale powietrze zawsze znajdzie drog\u0119, nawet je\u015bli na drodze znajduj\u0105 si\u0119 przeszkody. Mog\u0105 by\u0107 u\u017cywane na przyk\u0142ad do ch\u0142odzenia maszyn i personelu znajduj\u0105cego si\u0119 za nimi. <\/p>\n\n<p>Je\u015bli masz dodatkowe pytania, zapoznaj si\u0119 z naszym <a href=\"https:\/\/obera.fr\/pl\/nasza-rada\/faq-adiabatyczne-chlodnice-powietrza\/\">FAQ dotycz\u0105cym adiabatycznych ch\u0142odnic<\/a> powietrza.<\/p>\n","protected":false},"excerpt":{"rendered":"<p>Czy chcia\u0142by\u015b poprawi\u0107 warunki pracy swoich pracownik\u00f3w i unikn\u0105\u0107 problem\u00f3w zwi\u0105zanych z wysok\u0105 temperatur\u0105 podczas roz\u0142adunku kontener\u00f3w morskich? Przeczytaj nasze studium przypadku o tym, jak rozwi\u0105zali\u015bmy ten problem za pomoc\u0105 naszych adiabatycznych ch\u0142odnic powietrza ecoCLIM.   <\/p>\n","protected":false},"author":4,"featured_media":86031,"comment_status":"closed","ping_status":"closed","sticky":false,"template":"","format":"standard","meta":{"_acf_changed":false,"_seopress_robots_primary_cat":"none","_seopress_titles_title":"Studium przypadku ciep\u0142a podczas roz\u0142adunku kontener\u00f3w morskich","_seopress_titles_desc":"Dowiedz si\u0119, jak rozwi\u0105zali\u015bmy problem ciep\u0142a podczas roz\u0142adunku kontener\u00f3w morskich.","_seopress_robots_index":"","footnotes":""},"categories":[54],"tags":[128],"class_list":["post-86546","post","type-post","status-publish","format-standard","has-post-thumbnail","hentry","category-nasza-rada","tag-entete-maly","generate-columns","tablet-grid-50","mobile-grid-100","grid-parent","grid-50","no-featured-image-padding","resize-featured-image"],"acf":[],"_links":{"self":[{"href":"https:\/\/obera.fr\/pl\/wp-json\/wp\/v2\/posts\/86546","targetHints":{"allow":["GET"]}}],"collection":[{"href":"https:\/\/obera.fr\/pl\/wp-json\/wp\/v2\/posts"}],"about":[{"href":"https:\/\/obera.fr\/pl\/wp-json\/wp\/v2\/types\/post"}],"author":[{"embeddable":true,"href":"https:\/\/obera.fr\/pl\/wp-json\/wp\/v2\/users\/4"}],"replies":[{"embeddable":true,"href":"https:\/\/obera.fr\/pl\/wp-json\/wp\/v2\/comments?post=86546"}],"version-history":[{"count":1,"href":"https:\/\/obera.fr\/pl\/wp-json\/wp\/v2\/posts\/86546\/revisions"}],"predecessor-version":[{"id":86576,"href":"https:\/\/obera.fr\/pl\/wp-json\/wp\/v2\/posts\/86546\/revisions\/86576"}],"wp:featuredmedia":[{"embeddable":true,"href":"https:\/\/obera.fr\/pl\/wp-json\/wp\/v2\/media\/86031"}],"wp:attachment":[{"href":"https:\/\/obera.fr\/pl\/wp-json\/wp\/v2\/media?parent=86546"}],"wp:term":[{"taxonomy":"category","embeddable":true,"href":"https:\/\/obera.fr\/pl\/wp-json\/wp\/v2\/categories?post=86546"},{"taxonomy":"post_tag","embeddable":true,"href":"https:\/\/obera.fr\/pl\/wp-json\/wp\/v2\/tags?post=86546"}],"curies":[{"name":"wp","href":"https:\/\/api.w.org\/{rel}","templated":true}]}}