{"id":96142,"date":"2021-11-12T20:06:49","date_gmt":"2021-11-12T18:06:49","guid":{"rendered":"https:\/\/obera.fr\/nasza-rada\/rafraichisseur-air-salle-sport\/"},"modified":"2025-05-06T10:37:24","modified_gmt":"2025-05-06T08:37:24","slug":"rafraichisseur-air-salle-sport","status":"publish","type":"post","link":"https:\/\/obera.fr\/pl\/nasza-rada\/rafraichisseur-air-salle-sport\/","title":{"rendered":"OberA wyposa\u017ca hal\u0119 sportow\u0105 w wyparn\u0105 ch\u0142odnic\u0119 powietrza"},"content":{"rendered":"\n<h2 class=\"wp-block-heading\">Zmniejszenie ciep\u0142a<\/h2>\n\n<div class=\"wp-block-columns is-layout-flex wp-container-core-columns-is-layout-28f84493 wp-block-columns-is-layout-flex\">\n<div class=\"wp-block-column is-layout-flow wp-block-column-is-layout-flow\">\n<figure class=\"wp-block-image size-full is-resized\"><img decoding=\"async\" width=\"556\" height=\"417\" src=\"https:\/\/obera.fr\/wp-content\/uploads\/2021\/11\/Image4.png\" alt=\"Ch&#x142;odnica adiabatyczna do hali sportowej\" class=\"wp-image-7536\" srcset=\"https:\/\/obera.fr\/wp-content\/uploads\/2021\/11\/Image4.png 556w, https:\/\/obera.fr\/wp-content\/uploads\/2021\/11\/Image4-300x225.png 300w\" sizes=\"(max-width: 556px) 100vw, 556px\" \/><\/figure>\n<\/div>\n\n\n\n<div class=\"wp-block-column is-vertically-aligned-center is-layout-flow wp-block-column-is-layout-flow\" style=\"flex-basis:600px\">\n<p class=\"has-text-align-left\">OberA wyposa\u017cy\u0142a hal\u0119 sportow\u0105 w spa Eug\u00e9nie-les-bains w adiabatyczn\u0105 ch\u0142odnic\u0119 powietrza EcoCLIM 22.  <\/p>\n\n\n\n<p class=\"has-text-align-left\">Znajduj\u0105ca si\u0119 bezpo\u015brednio pod dachem obiektu hala sportowa by\u0142a bardzo gor\u0105ca, osi\u0105gaj\u0105c temperatur\u0119 do 30 stopni. Dzi\u0119ki zainstalowaniu naszego systemu EcoCLIM22 temperatura zosta\u0142a obni\u017cona o ponad 5 stopni.   <\/p>\n\n\n\n<p class=\"has-text-align-left\"><a href=\"https:\/\/obera.fr\/pl\/nasza-rada\/ou-utiliser-rafraichissement-evaporation\/\">Remont daje si\u0119 odczu\u0107 i jest bardzo doceniany przez klient\u00f3w<\/a>, kt\u00f3rzy mog\u0105 teraz korzysta\u0107 z si\u0142owni w lepszych warunkach.<\/p>\n\n\n\n<div class=\"wp-block-buttons is-horizontal is-content-justification-center is-layout-flex wp-container-core-buttons-is-layout-03627597 wp-block-buttons-is-layout-flex\">\n<div class=\"wp-block-button\"><a class=\"wp-block-button__link wp-element-button\" href=\"https:\/\/obera.fr\/conseils\/qualite-l-air-interieur-critere-essentiel-industrie\/\">Przeczytaj przewodnik po jako\u015bci powietrza w pomieszczeniach<\/a><\/div>\n<\/div>\n<\/div>\n<\/div>\n\n<h3 class=\"wp-block-heading\"><strong>Czy ch\u0142odziarki wyparne zwi\u0119kszaj\u0105 ryzyko infekcji wirusowych i bakteryjnych?<\/strong><\/h3>\n\n<div class=\"wp-block-columns is-layout-flex wp-container-core-columns-is-layout-28f84493 wp-block-columns-is-layout-flex\">\n<div class=\"wp-block-column is-layout-flow wp-block-column-is-layout-flow\" style=\"flex-basis:50%\">\n<p>Wr\u0119cz przeciwnie! To pytanie jest cz\u0119sto zadawane, poniewa\u017c opiera si\u0119 na fa\u0142szywym za\u0142o\u017ceniu, \u017ce adiabatyczne od\u015bwie\u017cacze powietrza prowadz\u0105 do niewielkiego wzrostu wilgotno\u015bci i wzrostu zagro\u017ce\u0144 wirusowych, bakteryjnych i grzybiczych. Nasze adiabatyczne od\u015bwie\u017cacze powietrza s\u0105 wyposa\u017cone w filtry wst\u0119pne i lamp\u0119 UV, kt\u00f3ra <strong>oczyszcza powietrze, eliminuj\u0105c cz\u0105steczki<\/strong> sprzyjaj\u0105ce przemieszczaniu si\u0119 wirus\u00f3w i bakterii.  <\/p>\n<\/div>\n\n\n\n<div class=\"wp-block-column is-layout-flow wp-block-column-is-layout-flow\" style=\"flex-basis:50%\">\n<figure class=\"wp-block-embed is-type-video is-provider-youtube wp-block-embed-youtube wp-embed-aspect-16-9 wp-has-aspect-ratio\"><div class=\"wp-block-embed__wrapper\">\n<iframe title=\"Rafraichisseur d&#039;air - Gamme IC - OberA\" width=\"1200\" height=\"675\" src=\"https:\/\/www.youtube.com\/embed\/NG-Ssy2oM70?feature=oembed\" frameborder=\"0\" allow=\"accelerometer; autoplay; clipboard-write; encrypted-media; gyroscope; picture-in-picture; web-share\" referrerpolicy=\"strict-origin-when-cross-origin\" allowfullscreen><\/iframe>\n<\/div><\/figure>\n<\/div>\n<\/div>\n\n<h3 class=\"wp-block-heading\"><strong>Czy przep\u0142yw powietrza nie jest zbyt silny dla klient\u00f3w si\u0142owni?<\/strong><\/h3>\n\n<p>Podobnie jak w przypadku poprzedniego pytania dotycz\u0105cego d\u017awi\u0119ku, na si\u0142owni niekt\u00f3rzy klienci mog\u0105 by\u0107 wra\u017cliwi na <a href=\"https:\/\/obera.fr\/pl\/nasza-rada\/choisir-rafraichisseur-d-air-industriel-reguler-temperature\/\">przep\u0142yw powietrza generowany przez ch\u0142odnic\u0119 powietrza<\/a>. Aby z\u0142agodzi\u0107 ten problem, mo\u017cemy po prostu <strong>przesun\u0105\u0107 nasze urz\u0105dzenia dalej<\/strong>, je\u015bli pozwala na to powierzchnia pomieszczenia, lub <strong>zmniejszy\u0107 pr\u0119dko\u015b\u0107 przep\u0142ywu powietrza za pomoc\u0105 regulatora<\/strong> zamontowanego we wszystkich urz\u0105dzeniach z naszej gamy od\u015bwie\u017caczy powietrza. <\/p>\n\n<h3 class=\"wp-block-heading\"><strong>Czy pocenie si\u0119 i zimno nie sprawi\u0105, \u017ce b\u0119d\u0119 chory?<\/strong><\/h3>\n\n<p>Nasze <a href=\"https:\/\/obera.fr\/conseils\/rafraichissement-air-evaporation-production-automobile\/\">adiabatyczne od\u015bwie\u017cacze<\/a> powietrza nie <strong>dzia\u0142aj\u0105 jak system klimatyzacji, kt\u00f3ry wysusza powietrze<\/strong>, aby uzyska\u0107 spadek temperatury. To w\u0142a\u015bnie ten proces wysusza b\u0142ony \u015bluzowe nosa i zatok, powoduj\u0105c nie\u017cyt nosa (katar) i b\u00f3l zatok.  <\/p>\n\n<p>Nasze od\u015bwie\u017cacze powietrza <strong>dzia\u0142aj\u0105 na zasadzie parowania wody<\/strong>, kt\u00f3ra zu\u017cywa kalorie obecne w powietrzu, a tym samym generuje spadek temperatury <strong>bez powodowania zimna<\/strong>.<\/p>\n\n<div class=\"wp-block-buttons is-content-justification-center is-layout-flex wp-container-core-buttons-is-layout-a89b3969 wp-block-buttons-is-layout-flex\">\n<div class=\"wp-block-button\"><a class=\"wp-block-button__link wp-element-button\" href=\"https:\/\/obera.fr\/pl\/nasza-rada\/faq-adiabatyczne-chlodnice-powietrza\/\">Odkryj nasze FAQ dotycz\u0105ce adiabatycznych od\u015bwie\u017caczy powietrza OberA<\/a><\/div>\n<\/div>\n\n<h2 class=\"wp-block-heading\">Skontaktuj si\u0119 z nami<\/h2>\n\n<p>W przypadku podobnego projektu lub innych pyta\u0144, prosimy o kontakt. Przedstawiciel handlowy skontaktuje si\u0119 z Tob\u0105, aby pom\u00f3c Ci rozwi\u0105za\u0107 problemy zwi\u0105zane z wentylacj\u0105.   <\/p>\n","protected":false},"excerpt":{"rendered":"<p>OberA wyposa\u017cy\u0142a hal\u0119 sportow\u0105 w spa Eug\u00e9nie-les-bains w adiabatyczn\u0105 ch\u0142odnic\u0119 powietrza EcoCLIM 22. Wdro\u017cenie naszego programu EcoCLIM22 zaowocowa\u0142o obni\u017ceniem temperatury o ponad 5 stopni.  <\/p>\n","protected":false},"author":4,"featured_media":96094,"comment_status":"closed","ping_status":"closed","sticky":false,"template":"","format":"standard","meta":{"_acf_changed":false,"_seopress_robots_primary_cat":"none","_seopress_titles_title":"Hala sportowa wyposa\u017cona w wyparn\u0105 ch\u0142odnic\u0119 powietrza","_seopress_titles_desc":"OberA wyposa\u017cy\u0142a hal\u0119 sportow\u0105 w spa Eug\u00e9nie-les-bains w adiabatyczn\u0105 ch\u0142odnic\u0119 powietrza. Oto zalety tej instalacji. ","_seopress_robots_index":"","footnotes":""},"categories":[54],"tags":[128],"class_list":["post-96142","post","type-post","status-publish","format-standard","has-post-thumbnail","hentry","category-nasza-rada","tag-entete-maly","generate-columns","tablet-grid-50","mobile-grid-100","grid-parent","grid-50","no-featured-image-padding","resize-featured-image"],"acf":[],"_links":{"self":[{"href":"https:\/\/obera.fr\/pl\/wp-json\/wp\/v2\/posts\/96142","targetHints":{"allow":["GET"]}}],"collection":[{"href":"https:\/\/obera.fr\/pl\/wp-json\/wp\/v2\/posts"}],"about":[{"href":"https:\/\/obera.fr\/pl\/wp-json\/wp\/v2\/types\/post"}],"author":[{"embeddable":true,"href":"https:\/\/obera.fr\/pl\/wp-json\/wp\/v2\/users\/4"}],"replies":[{"embeddable":true,"href":"https:\/\/obera.fr\/pl\/wp-json\/wp\/v2\/comments?post=96142"}],"version-history":[{"count":1,"href":"https:\/\/obera.fr\/pl\/wp-json\/wp\/v2\/posts\/96142\/revisions"}],"predecessor-version":[{"id":96146,"href":"https:\/\/obera.fr\/pl\/wp-json\/wp\/v2\/posts\/96142\/revisions\/96146"}],"wp:featuredmedia":[{"embeddable":true,"href":"https:\/\/obera.fr\/pl\/wp-json\/wp\/v2\/media\/96094"}],"wp:attachment":[{"href":"https:\/\/obera.fr\/pl\/wp-json\/wp\/v2\/media?parent=96142"}],"wp:term":[{"taxonomy":"category","embeddable":true,"href":"https:\/\/obera.fr\/pl\/wp-json\/wp\/v2\/categories?post=96142"},{"taxonomy":"post_tag","embeddable":true,"href":"https:\/\/obera.fr\/pl\/wp-json\/wp\/v2\/tags?post=96142"}],"curies":[{"name":"wp","href":"https:\/\/api.w.org\/{rel}","templated":true}]}}