{"id":97947,"date":"2021-09-03T09:00:29","date_gmt":"2021-09-03T07:00:29","guid":{"rendered":"https:\/\/obera.fr\/nasza-rada\/mesure-capteur-co2-lutter-contre-transmission-virus-covid-19\/"},"modified":"2025-05-07T09:11:19","modified_gmt":"2025-05-07T07:11:19","slug":"mesure-capteur-co2-lutter-contre-transmission-virus-covid-19","status":"publish","type":"post","link":"https:\/\/obera.fr\/pl\/nasza-rada\/mesure-capteur-co2-lutter-contre-transmission-virus-covid-19\/","title":{"rendered":"W jaki spos\u00f3b pomiar CO2 z czujnika mo\u017ce skutecznie przeciwdzia\u0142a\u0107 przenoszeniu wirusa?"},"content":{"rendered":"\n<h2 class=\"wp-block-heading\">Jakie rozwi\u0105zania istniej\u0105 do pomiaru CO2?<\/h2>\n\n<div class=\"wp-block-columns are-vertically-aligned-center is-layout-flex wp-container-core-columns-is-layout-28f84493 wp-block-columns-is-layout-flex\">\n<div class=\"wp-block-column is-vertically-aligned-center is-layout-flow wp-block-column-is-layout-flow\" style=\"flex-basis:33.33%\">\n<figure class=\"wp-block-image aligncenter size-full is-resized\"><img decoding=\"async\" width=\"600\" height=\"500\" src=\"https:\/\/obera.fr\/wp-content\/uploads\/2022\/07\/CAPTEUR-CO2.jpg\" alt=\"czujnik CO2\" class=\"wp-image-13714\" style=\"width:337px;height:281px\" srcset=\"https:\/\/obera.fr\/wp-content\/uploads\/2022\/07\/CAPTEUR-CO2.jpg 600w, https:\/\/obera.fr\/wp-content\/uploads\/2022\/07\/CAPTEUR-CO2-300x250.jpg 300w\" sizes=\"(max-width: 600px) 100vw, 600px\" \/><\/figure>\n<\/div>\n\n\n\n<div class=\"wp-block-column is-vertically-aligned-center is-layout-flow wp-block-column-is-layout-flow\" style=\"flex-basis:66.66%\">\n<p><\/p><p>Istnieje coraz wi\u0119cej dowod\u00f3w na to, \u017ce wysoki poziom dwutlenku w\u0119gla zwi\u0119ksza ryzyko infekcji przenoszonych drog\u0105 powietrzn\u0105. Dwutlenek w\u0119gla jest wytwarzany przez wydychane powietrze os\u00f3b przebywaj\u0105cych w zamkni\u0119tych pomieszczeniach. Ka\u017cda osoba przebywaj\u0105ca w budynku wdycha oko\u0142o o\u015bmiu litr\u00f3w powietrza na minut\u0119: powietrza, kt\u00f3re by\u0142o w bliskim kontakcie z tkank\u0105 p\u0142ucn\u0105. Opr\u00f3cz CO2, w st\u0119\u017ceniu oko\u0142o 40 000 ppm (&#8222;cz\u0119\u015bci na milion&#8221;), wydychane powietrze zawiera r\u00f3wnie\u017c drobne kropelki cieczy (aerozole), kt\u00f3re ze wzgl\u0119du na sw\u00f3j rozmiar mog\u0105 unosi\u0107 si\u0119 w powietrzu. Kropelki te zawieraj\u0105 r\u00f3wnie\u017c cz\u0105steczki wirus\u00f3w obecne w p\u0142ucach. Czujniki CO2 mog\u0105 zmniejszy\u0107 ryzyko infekcji.     <\/p>Il est suppos\u00e9 que la vitesse de descente des a\u00e9rosols est g\u00e9n\u00e9ralement de quelques m\u00e8tres par heure. La diminution des virus biologiques a une demi-vie d\u2019environ trois heures dans des conditions de laboratoire. C\u2019est-\u00e0-dire que l\u2019air ambiant reste pollu\u00e9 pendant une longue p\u00e9riode.\n<\/div>\n<\/div>\n\n<p>Je\u015bli zdrowa osoba wdycha te zanieczyszczone kropelki, a liczba zawartych w nich cz\u0105stek wirusa przekracza minimaln\u0105 dawk\u0119 infekcji, choroba jest przenoszona. Poniewa\u017c bezpo\u015bredni pomiar obci\u0105\u017cenia wirusem jest trudny, bezobs\u0142ugowe czujniki s\u0105 idealnym sposobem monitorowania st\u0119\u017cenia CO2, a tym samym zapobiegania gromadzeniu si\u0119 zu\u017cytego powietrza. <\/p>\n\n<div class=\"wp-block-buttons is-horizontal is-content-justification-center is-layout-flex wp-container-core-buttons-is-layout-03627597 wp-block-buttons-is-layout-flex\">\n<div class=\"wp-block-button\"><a class=\"wp-block-button__link wp-element-button\" href=\"https:\/\/obera.fr\/pl\/nasza-rada\/comparer-prix-achat-purificateurs-air-anti-virus-covid-19\/\">Jak wybra\u0107 detektor CO2?<\/a><\/div>\n<\/div>\n\n<h2 class=\"wp-block-heading\">Zawarto\u015b\u0107 CO2 jako wska\u017anik ryzyka transmisji COVID-19<\/h2>\n\n<div class=\"wp-block-columns are-vertically-aligned-center is-layout-flex wp-container-core-columns-is-layout-28f84493 wp-block-columns-is-layout-flex\">\n<div class=\"wp-block-column is-vertically-aligned-center is-layout-flow wp-block-column-is-layout-flow\" style=\"flex-basis:33.33%\">\n<figure class=\"wp-block-image size-full is-resized\"><img decoding=\"async\" width=\"600\" height=\"500\" src=\"https:\/\/obera.fr\/wp-content\/uploads\/2022\/07\/TENEUR-CO2.jpg\" alt=\"zawarto&#x15B;&#x107; co2\" class=\"wp-image-13720\" style=\"width:300px;height:250px\" srcset=\"https:\/\/obera.fr\/wp-content\/uploads\/2022\/07\/TENEUR-CO2.jpg 600w, https:\/\/obera.fr\/wp-content\/uploads\/2022\/07\/TENEUR-CO2-300x250.jpg 300w\" sizes=\"(max-width: 600px) 100vw, 600px\" \/><\/figure>\n<\/div>\n\n\n\n<div class=\"wp-block-column is-vertically-aligned-center is-layout-flow wp-block-column-is-layout-flow\" style=\"flex-basis:66.66%\">\n<p>Transmisja drog\u0105 powietrzn\u0105 wydaje si\u0119 by\u0107 g\u0142\u00f3wnym czynnikiem w rozprzestrzenianiu si\u0119 wirusa. W zwi\u0105zku z tym <a href=\"https:\/\/obera.fr\/pl\/nasza-rada\/purifier-air-contre-covid-locaux-entreprise-tertiaires\/\" data-type=\"URL\" data-id=\"https:\/\/obera.fr\/conseils\/purifier-air-contre-covid-locaux-entreprise-tertiaires\/\">poziomy CO2 w pomieszczeniach mog\u0105 by\u0107 wykorzystywane jako wska\u017anik ryzyka przenoszenia COVID-19<\/a>. <\/p>\n\n\n\n<p>&#8222;Poniewa\u017c koronawirus przenosi si\u0119 drog\u0105 powietrzn\u0105, wy\u017cszy poziom CO2 w pomieszczeniu prawdopodobnie oznacza wy\u017csze ryzyko przeniesienia wirusa, je\u015bli w \u015brodku znajduje si\u0119 zara\u017cona osoba&#8221;, pisze profesor Shelly Miller, czo\u0142owy naukowiec zajmuj\u0105cy si\u0119 aerozolami w The Conversation.&#8221; M\u00f3wi\u0105c pro\u015bciej, im wi\u0119cej \u015bwie\u017cego powietrza, tym lepsza jako\u015b\u0107 powietrza. Wprowadzenie tego powietrza zmniejsza obci\u0105\u017cenie zaka\u017ane, niezale\u017cnie od tego, czy jest to wirus, czy inne rzeczy, i zmniejsza nara\u017cenie os\u00f3b przebywaj\u0105cych w budynku&#8221;.<\/p>\n<\/div>\n<\/div>\n\n<p>Badanie przeprowadzone w 2019 r. dotycz\u0105ce wybuchu gru\u017alicy na Uniwersytecie w Tajpej (Tajwan) dostarcza szczeg\u00f3\u0142owych dowod\u00f3w. Wiele pomieszcze\u0144 by\u0142o s\u0142abo wentylowanych i osi\u0105ga\u0142o poziomy CO2 przekraczaj\u0105ce 3000 ppm. Gdy in\u017cynierowie obni\u017cyli te warto\u015bci do mniej ni\u017c 600 ppm, epidemia zosta\u0142a powstrzymana.  <\/p>\n\n<h3 class=\"wp-block-heading\">Jaka jest w\u0142a\u015bciwa zawarto\u015b\u0107 CO2 dla bezpiecznego \u015brodowiska?<\/h3>\n\n<div class=\"wp-block-columns is-layout-flex wp-container-core-columns-is-layout-28f84493 wp-block-columns-is-layout-flex\">\n<div class=\"wp-block-column is-layout-flow wp-block-column-is-layout-flow\" style=\"flex-basis:66.66%\">\n<figure class=\"wp-block-image aligncenter size-full is-resized\"><img decoding=\"async\" width=\"753\" height=\"429\" src=\"https:\/\/obera.fr\/wp-content\/uploads\/2021\/09\/evolution-concentrations-co2-depuis-1700.jpg\" alt=\"Trendy st&#x119;&#x17C;enia CO2 od 1700 r. wraz z prognozami do 2100 r.\" class=\"wp-image-6766\" style=\"width:566px;height:322px\" srcset=\"https:\/\/obera.fr\/wp-content\/uploads\/2021\/09\/evolution-concentrations-co2-depuis-1700.jpg 753w, https:\/\/obera.fr\/wp-content\/uploads\/2021\/09\/evolution-concentrations-co2-depuis-1700-300x171.jpg 300w\" sizes=\"(max-width: 753px) 100vw, 753px\" \/><figcaption class=\"wp-element-caption\">Trendy st\u0119\u017cenia CO2 od 1700 r. wraz z prognozami do 2100 r.<\/figcaption><\/figure>\n<\/div>\n\n\n\n<div class=\"wp-block-column is-layout-flow wp-block-column-is-layout-flow\" style=\"flex-basis:45%\">\n<p>Aby poda\u0107 warto\u015b\u0107 por\u00f3wnawcz\u0105, powietrze na zewn\u0105trz w <sup>XXI<\/sup> wieku zawiera oko\u0142o 0,04% CO2, czyli 415 ppm (cz\u0119\u015bci na milion). Naukowcy proponuj\u0105 orientacyjn\u0105 warto\u015b\u0107 1000 ppm dla wykorzystania CO2 jako wska\u017anika VOCID-19 w salach lekcyjnych. Twierdz\u0105 oni, \u017ce kluczowa jest transmisja na poziomie przestrzeni. Ilo\u015b\u0107 wirusa w powietrzu mo\u017ce wzrosn\u0105\u0107, prowadz\u0105c do zwi\u0119kszonej ekspozycji. Je\u015bli przebywasz w s\u0142abo wentylowanym pomieszczeniu przez d\u0142ugi czas, nara\u017casz si\u0119 na do\u015b\u0107 wysokie ryzyko, nawet je\u015bli przebywasz w pewnej odleg\u0142o\u015bci, poniewa\u017c powietrze si\u0119 porusza.    <\/p>\n\n\n\n<p>Pomiary CO2 w pomieszczeniach s\u0105 \u0142atwe do zainstalowania za pomoc\u0105 niedrogich czujnik\u00f3w do monitorowania na du\u017c\u0105 skal\u0119 ryzyka przenoszenia <a href=\"https:\/\/obera.fr\/pl\/nasza-rada\/purificateurs-air-efficaces-coronavirus\/\" data-type=\"post\" data-id=\"2074\">Covid-19<\/a> i innych chor\u00f3b uk\u0142adu oddechowego przez aerozol w pomieszczeniach. Niemniej jednak przydatne wydaje si\u0119 ustalenie r\u00f3\u017cnych warto\u015bci referencyjnych C02 dla r\u00f3\u017cnych przypadk\u00f3w. <\/p>\n<\/div>\n<\/div>\n\n<p>Wykazano, \u017ce w zale\u017cno\u015bci od \u015brodowiska i rodzaju aktywno\u015bci ryzyko zaka\u017cenia jest bardzo zr\u00f3\u017cnicowane. Czynniki takie jak liczba os\u00f3b zaka\u017conych w danym regionie i \u015brodki takie jak noszenie masek lub oczyszczanie powietrza mog\u0105 zmniejszy\u0107 obci\u0105\u017cenie wirusem w otaczaj\u0105cym powietrzu bez zmniejszania sta\u0142ego CO2. Ponadto czynno\u015bci takie jak m\u00f3wienie, \u015bpiewanie i krzyczenie zwi\u0119kszaj\u0105 emisj\u0119 wirus\u00f3w znacznie bardziej ni\u017c st\u0119\u017cenie CO2. Wentylacja i dostarczanie \u015bwie\u017cego powietrza zmniejsza zar\u00f3wno poziom CO2, jak i obci\u0105\u017cenie wirusami. Nie dotyczy to na przyk\u0142ad recyrkulacji powietrza lub oczyszczania powietrza, kt\u00f3re zmniejszaj\u0105 obci\u0105\u017cenie wirusami, ale nie maj\u0105 wp\u0142ywu na poziom CO2.    <\/p>\n\n<h3 class=\"wp-block-heading\">Zawarto\u015b\u0107 CO2 i wska\u017anik hermetyczno\u015bci<\/h3>\n\n<p>Je\u015bli znajdujemy si\u0119 w pomieszczeniu z kilkoma osobami, pomiar poziomu CO2 zapewnia dobre wskazanie procentu wdychanego przez nas powietrza, kt\u00f3re zosta\u0142o ju\u017c wdychane przez inne osoby. Na przyk\u0142ad zmierzone st\u0119\u017cenie CO2 wynosz\u0105ce oko\u0142o 1200 ppm oznacza, \u017ce prawie 2% otaczaj\u0105cego powietrza wesz\u0142o ju\u017c w kontakt z p\u0142ucami. Tak wi\u0119c jeden na ka\u017cde 50 oddech\u00f3w sk\u0142ada si\u0119 z powietrza, kt\u00f3re zosta\u0142o ju\u017c wydychane. Nie jest jednak mo\u017cliwe bezpo\u015brednie okre\u015blenie konkretnego ryzyka zaka\u017cenia COVID-19. Zale\u017cy to od r\u00f3\u017cnych czynnik\u00f3w, kt\u00f3re wci\u0105\u017c s\u0105 przedmiotem intensywnych bada\u0144. Niemniej jednak pomiar CO2 jest pragmatycznym i op\u0142acalnym rozwi\u0105zaniem do szacowania bie\u017c\u0105cego ryzyka potencjalnie zaka\u017anych aerozoli.     <\/p>\n\n<h3 class=\"wp-block-heading\">Strategie zmniejszania ryzyka infekcji[DB2].  <\/h3>\n\n<div class=\"wp-block-columns are-vertically-aligned-center is-layout-flex wp-container-core-columns-is-layout-28f84493 wp-block-columns-is-layout-flex\">\n<div class=\"wp-block-column is-vertically-aligned-center is-layout-flow wp-block-column-is-layout-flow\" style=\"flex-basis:39.66%\">\n<figure class=\"wp-block-image aligncenter size-full is-resized\"><img decoding=\"async\" width=\"600\" height=\"500\" src=\"https:\/\/obera.fr\/wp-content\/uploads\/2022\/07\/DIMINUTION-DU-CO2-1.jpg\" alt=\"redukcja CO2\" class=\"wp-image-13724\" style=\"width:317px;height:264px\" srcset=\"https:\/\/obera.fr\/wp-content\/uploads\/2022\/07\/DIMINUTION-DU-CO2-1.jpg 600w, https:\/\/obera.fr\/wp-content\/uploads\/2022\/07\/DIMINUTION-DU-CO2-1-300x250.jpg 300w\" sizes=\"(max-width: 600px) 100vw, 600px\" \/><\/figure>\n<\/div>\n\n\n\n<div class=\"wp-block-column is-vertically-aligned-center is-layout-flow wp-block-column-is-layout-flow\" style=\"flex-basis:80%\">\n<p>St\u0119\u017cenie CO2 &lt;1000 ppm jest higieniczne. St\u0119\u017cenie mi\u0119dzy 1000 a 2000 ppm jest uwa\u017cane za pow\u00f3d do niepokoju. Powy\u017cej tego poziomu st\u0119\u017cenie jest niedopuszczalne. CO2 jest r\u00f3wnie\u017c wa\u017cnym punktem odniesienia dla zapobiegania infekcjom w przedszkolach.   <\/p>\n\n\n\n<p><\/p><p>Na przyk\u0142ad w Niemczech grupa robocza &#8222;Wentylacja&#8221; UBA (Federalnego Urz\u0119du ds. \u015arodowiska) zaleca stosowanie sygnalizacji \u015bwietlnej wskazuj\u0105cej st\u0119\u017cenie C02. DGVU idzie jeszcze dalej, opowiadaj\u0105c si\u0119 za docelow\u0105 warto\u015bci\u0105 700 ppm w salach lekcyjnych podczas fazy pandemii. <\/p>A\u00e9rer ne signifie pas seulement un \u00e9change d\u2019air, mais aussi une perte de chaleur en hiver. Une strat\u00e9gie durable devrait \u00e9galement tenir compte de cet effet. L\u00e0 o\u00f9 il n\u2019y a pas de climatisation moderne avec \u00e9changeur de chaleur, seule la surveillance du CO2 et une ventilation manuelle orient\u00e9e sur la demande ou r\u00e9guli\u00e8re aident.\n<\/div>\n<\/div>\n\n<p>REHVA, Stowarzyszenie Europejskich Stowarzysze\u0144 Ogrzewnictwa, Wentylacji i Klimatyzacji, wzywa do instalacji monitor\u00f3w CO2 z lampkami ostrzegawczymi w salach lekcyjnych, &#8222;szczeg\u00f3lnie w szko\u0142ach, w kt\u00f3rych wentylacja okienna zale\u017cy od okien i\/lub kratek&#8221;.<\/p>\n\n<blockquote class=\"wp-block-quote is-layout-flow wp-block-quote-is-layout-flow\">\n<p>Przeczytaj tak\u017ce: <a href=\"https:\/\/obera.fr\/pl\/nasza-rada\/purificateurs-d-air-contre-covid-19-creches-maternelles-ecoles-colleges-lycees\/\" data-type=\"post\" data-id=\"6301\">Nasze oczyszczacze powietrza skutecznie zwalczaj\u0105 Covid-19 w \u017c\u0142obkach, przedszkolach, szko\u0142ach i na uczelniach<\/a>.<\/p>\n<\/blockquote>\n\n<h3 class=\"wp-block-heading\">Instalacja czujnik\u00f3w CO2<\/h3>\n\n<p>Aby spe\u0142ni\u0107 te wymagania, niezawodne czujniki CO2 musz\u0105 dawa\u0107 wyniki i by\u0107 \u0142atwe do zainstalowania tam, gdzie s\u0105 potrzebne. W idealnym przypadku s\u0105 one po\u0142\u0105czone, na przyk\u0142ad w celu zapobiegania alarmom, gdy st\u0119\u017cenie CO2 przekracza progi &#8222;sygnalizacji \u015bwietlnej&#8221; i wysy\u0142ania tej wiadomo\u015bci do sieci zarz\u0105dzania budynkiem lub bezprzewodowo do smartfon\u00f3w. Do tych cel\u00f3w idealnie nadaj\u0105 si\u0119 czujniki bezobs\u0142ugowe. Rozwi\u0105zania te umo\u017cliwiaj\u0105 ci\u0105g\u0142e monitorowanie st\u0119\u017cenia CO2 w otaczaj\u0105cym powietrzu, bez potrzeby jakiejkolwiek specjalnej instalacji lub okablowania.   <\/p>\n\n<figure class=\"wp-block-image aligncenter size-full\"><img decoding=\"async\" width=\"783\" height=\"451\" src=\"https:\/\/obera.fr\/wp-content\/uploads\/2021\/09\/mesure-CO2-et-ventilation.jpg\" alt=\"Pomiar CO2 i wentylacja\" class=\"wp-image-6765\" srcset=\"https:\/\/obera.fr\/wp-content\/uploads\/2021\/09\/mesure-CO2-et-ventilation.jpg 783w, https:\/\/obera.fr\/wp-content\/uploads\/2021\/09\/mesure-CO2-et-ventilation-300x173.jpg 300w, https:\/\/obera.fr\/wp-content\/uploads\/2021\/09\/mesure-CO2-et-ventilation-768x442.jpg 768w\" sizes=\"(max-width: 783px) 100vw, 783px\" \/><\/figure>\n\n<h3 class=\"wp-block-heading\">\u0179r\u00f3d\u0142a<\/h3>\n\n<ul class=\"wp-block-list\">\n<li><a href=\"https:\/\/www.umwelt-campus.de\/forschung\/projekte\/iot-werkstatt\/ideen-zur-corona-krise\" data-type=\"URL\" data-id=\"https:\/\/www.umwelt-campus.de\/forschung\/projekte\/iot-werkstatt\/ideen-zur-corona-krise\" target=\"_blank\" rel=\"noreferrer noopener\">Zapobieganie COVID-19: pomiar CO2 i wentylacja zgodnie z wymaganiami<\/a><\/li>\n<\/ul>\n\n<h2 class=\"wp-block-heading\">Czy istnieje zwi\u0105zek mi\u0119dzy CO2 a przenoszeniem wirusa COVID-19 (co m\u00f3wi\u0105 na ten temat badania naukowe)?<\/h2>\n\n<p>Ka\u017cda osoba wydycha oko\u0142o 8 do 10 litr\u00f3w powietrza na minut\u0119, kt\u00f3re ma intensywny kontakt z tkank\u0105 p\u0142ucn\u0105. Opr\u00f3cz CO2 (4% = 40 000 ppm), wydychane powietrze zawiera r\u00f3wnie\u017c drobne kropelki (aerozole), kt\u00f3re ze wzgl\u0119du na sw\u00f3j rozmiar mog\u0105 d\u0142ugo unosi\u0107 si\u0119 w powietrzu. Je\u015bli dana osoba jest zara\u017cona wirusem, kropelki te b\u0119d\u0105 r\u00f3wnie\u017c zawiera\u0107 cz\u0105steczki wirusa. Aerozole opadaj\u0105 z pr\u0119dko\u015bci\u0105 kilku metr\u00f3w na godzin\u0119, a redukcja biologicznej aktywno\u015bci infekcji wirusowej wynosi oko\u0142o 2,7 godziny, wi\u0119c powietrze w otoczeniu pozostaje zanieczyszczone przez d\u0142u\u017cszy czas. Je\u015bli zdrowa osoba wdycha te zanieczyszczone kropelki, a liczba zawartych w nich cz\u0105stek wirusa przekracza minimaln\u0105 dawk\u0119 zaka\u017an\u0105, choroba jest przenoszona. Ponad 200 naukowc\u00f3w wezwa\u0142o niedawno WHO do powa\u017cniejszego potraktowania przenoszenia SARS-CoV-2 drog\u0105 powietrzn\u0105 (Morawska &amp; Milton, 2020).     <\/p>\n\n<h2 class=\"wp-block-heading\">Gdzie najlepiej umie\u015bci\u0107 czujnik CO2?<\/h2>\n\n<p>Aby jak najlepiej wykorzysta\u0107 czujnik CO2, wa\u017cne jest, aby umie\u015bci\u0107 go na wysoko\u015bci twarzy w pomieszczeniu, najlepiej na wysoko\u015bci od 1 do 2 metr\u00f3w. Nie nale\u017cy jednak umieszcza\u0107 czujnika CO2 w pobli\u017cu osoby (na przyk\u0142ad obok biurka), poniewa\u017c mo\u017ce to zniekszta\u0142ci\u0107 wyniki, poniewa\u017c osoba oddychaj\u0105ca automatycznie wygeneruje CO2 w pobli\u017cu czujnika. Nale\u017cy r\u00f3wnie\u017c uwa\u017ca\u0107, aby nie umieszcza\u0107 czujnika CO2 w pobli\u017cu okna, drzwi lub otworu wentylacyjnego.    <\/p>\n","protected":false},"excerpt":{"rendered":"<p>Czy istnieje zwi\u0105zek mi\u0119dzy CO2 a przenoszeniem wirusa COVID-19? Wszystkie odpowiedzi na pytania dotycz\u0105ce czujnik\u00f3w CO2 w naszym przewodniku. <\/p>\n","protected":false},"author":4,"featured_media":97898,"comment_status":"closed","ping_status":"closed","sticky":false,"template":"","format":"standard","meta":{"_acf_changed":false,"_seopress_robots_primary_cat":"none","_seopress_titles_title":"W jaki spos\u00f3b czujnik CO2 mo\u017ce pom\u00f3c w walce z wirusami?","_seopress_titles_desc":"Czy istnieje zwi\u0105zek mi\u0119dzy CO2 a przenoszeniem wirusa COVID-19? Wszystkie odpowiedzi na pytania dotycz\u0105ce czujnik\u00f3w CO2 w naszym przewodniku. ","_seopress_robots_index":"","footnotes":""},"categories":[54],"tags":[128],"class_list":["post-97947","post","type-post","status-publish","format-standard","has-post-thumbnail","hentry","category-nasza-rada","tag-entete-maly","generate-columns","tablet-grid-50","mobile-grid-100","grid-parent","grid-50","no-featured-image-padding","resize-featured-image"],"acf":[],"_links":{"self":[{"href":"https:\/\/obera.fr\/pl\/wp-json\/wp\/v2\/posts\/97947","targetHints":{"allow":["GET"]}}],"collection":[{"href":"https:\/\/obera.fr\/pl\/wp-json\/wp\/v2\/posts"}],"about":[{"href":"https:\/\/obera.fr\/pl\/wp-json\/wp\/v2\/types\/post"}],"author":[{"embeddable":true,"href":"https:\/\/obera.fr\/pl\/wp-json\/wp\/v2\/users\/4"}],"replies":[{"embeddable":true,"href":"https:\/\/obera.fr\/pl\/wp-json\/wp\/v2\/comments?post=97947"}],"version-history":[{"count":1,"href":"https:\/\/obera.fr\/pl\/wp-json\/wp\/v2\/posts\/97947\/revisions"}],"predecessor-version":[{"id":97949,"href":"https:\/\/obera.fr\/pl\/wp-json\/wp\/v2\/posts\/97947\/revisions\/97949"}],"wp:featuredmedia":[{"embeddable":true,"href":"https:\/\/obera.fr\/pl\/wp-json\/wp\/v2\/media\/97898"}],"wp:attachment":[{"href":"https:\/\/obera.fr\/pl\/wp-json\/wp\/v2\/media?parent=97947"}],"wp:term":[{"taxonomy":"category","embeddable":true,"href":"https:\/\/obera.fr\/pl\/wp-json\/wp\/v2\/categories?post=97947"},{"taxonomy":"post_tag","embeddable":true,"href":"https:\/\/obera.fr\/pl\/wp-json\/wp\/v2\/tags?post=97947"}],"curies":[{"name":"wp","href":"https:\/\/api.w.org\/{rel}","templated":true}]}}