{"id":103729,"date":"2025-05-23T10:03:14","date_gmt":"2025-05-23T08:03:14","guid":{"rendered":"https:\/\/obera.fr\/nosso-conselho\/depoussiereur-taille-pierre\/"},"modified":"2025-07-16T11:21:35","modified_gmt":"2025-07-16T09:21:35","slug":"depoussiereur-taille-pierre","status":"publish","type":"post","link":"https:\/\/obera.fr\/pt-pt\/corte-de-pedra\/depoussiereur-taille-pierre\/","title":{"rendered":"Coletor de p\u00f3 para oficinas de corte de pedra"},"content":{"rendered":"\n<p>Nas oficinas de pedreiro e de m\u00e1rmore, a <strong>produ\u00e7\u00e3o de p\u00f3 fino \u00e9 inevit\u00e1vel<\/strong>. Estas part\u00edculas podem afetar a sa\u00fade dos trabalhadores e a durabilidade do equipamento. Para garantir um ambiente de trabalho saud\u00e1vel e em conformidade com as normas, \u00e9 essencial instalar colectores de p\u00f3 industriais adequados. OberA, a refer\u00eancia para os profissionais da pedra, explica-te como funcionam estes equipamentos<strong> e quais os modelos<\/strong> mais adequados. <\/p>\n\n<h2 class=\"wp-block-heading\">Corte de pedra e trabalho em m\u00e1rmore: porqu\u00ea comprar um coletor de p\u00f3 industrial?<\/h2>\n\n<h3 class=\"wp-block-heading\">Poeiras de pedreiro: as quest\u00f5es em jogo<\/h3>\n\n<p>O p\u00f3 gerado durante o <strong>corte de pedra cont\u00e9m frequentemente s\u00edlica cristalina.<\/strong> A inala\u00e7\u00e3o prolongada destas part\u00edculas pode causar doen\u00e7as respirat\u00f3rias graves, como a silicose. Al\u00e9m disso, estas poeiras abrasivas podem acumular-se nas m\u00e1quinas, provocando um desgaste prematuro e avarias frequentes. Outras part\u00edculas finas podem tamb\u00e9m ser emitidas: carbonatos de c\u00e1lcio do m\u00e1rmore e do calc\u00e1rio, alumina e \u00f3xidos met\u00e1licos presentes na ard\u00f3sia e no basalto. Mas n\u00e3o s\u00e3o apenas <strong>as part\u00edculas finas<\/strong>, os micro-detritos e os fumos provenientes das opera\u00e7\u00f5es de montagem e polimento da pedra tamb\u00e9m est\u00e3o presentes nas oficinas.   <\/p>\n\n<blockquote class=\"wp-block-quote is-layout-flow wp-block-quote-is-layout-flow\">\n<p><em>\u00c9 bom saberes: Para al\u00e9m dos riscos para a sa\u00fade, os regulamentos imp\u00f5em limites rigorosos \u00e0 exposi\u00e7\u00e3o ao p\u00f3. Um ambiente de trabalho limpo reduz o risco de acidentes e melhora o bem-estar dos trabalhadores. Para proteger a empresa contra poss\u00edveis san\u00e7\u00f5es, \u00e9 essencial escolher equipamento que garanta a qualidade do ar nas oficinas e nos locais de trabalho.  <\/em><\/p>\n<\/blockquote>\n\n<h3 class=\"wp-block-heading\">As vantagens dos colectores de p\u00f3 para o corte de pedra<\/h3>\n\n<div class=\"wp-block-columns is-layout-flex wp-container-core-columns-is-layout-28f84493 wp-block-columns-is-layout-flex\">\n<div class=\"wp-block-column is-layout-flow wp-block-column-is-layout-flow\" style=\"flex-basis:66.66%\">\n<p><strong>Os colectores de poeiras industriais <\/strong>s\u00e3o concebidos para captar e tratar eficazmente poluentes como poeiras, fumos, aparas, n\u00e9voa de \u00f3leo e odores.  <\/p>\n\n\n\n<p>As suas vantagens incluem<\/p>\n\n\n\n<ul class=\"wp-block-list\">\n<li>Reduzir as poeiras em suspens\u00e3o nas oficinas<em>: <\/em><a href=\"https:\/\/obera.fr\/pt-pt\/produits\/depoussiereurs-industriels\/\"> os colectores de poeiras industriais<\/a> captam eficazmente as part\u00edculas finas na fonte, impedindo-as de se dispersarem no ar ambiente.  <\/li>\n\n\n\n<li><strong>Melhorar as condi\u00e7\u00f5es de trabalho <\/strong>e proteger a sa\u00fade dos operadores:<em> <\/em>Uma melhor qualidade do ar promove o conforto dos trabalhadores e reduz as aus\u00eancias devido a problemas de sa\u00fade. O resultado \u00e9 uma maior produtividade e um ambiente de trabalho positivo. <\/li>\n\n\n\n<li>Protege <strong>as ferramentas e o equipamento<\/strong> da acumula\u00e7\u00e3o de poeiras abrasivas: ao eliminar as poeiras na fonte, os colectores de poeiras prolongam a vida \u00fatil das m\u00e1quinas e reduzem os custos de manuten\u00e7\u00e3o. O equipamento funciona a n\u00edveis \u00f3ptimos, assegurando uma produ\u00e7\u00e3o cont\u00ednua e eficiente. <\/li>\n<\/ul>\n<\/div>\n\n\n\n<div class=\"wp-block-column is-layout-flow wp-block-column-is-layout-flow\" style=\"flex-basis:33.33%\">\n<figure class=\"wp-block-image aligncenter size-large\"><img decoding=\"async\" width=\"1024\" height=\"767\" src=\"https:\/\/obera.fr\/wp-content\/uploads\/2025\/05\/image10-1024x767.jpg\" alt=\"imagem10\" class=\"wp-image-120923\" srcset=\"https:\/\/obera.fr\/wp-content\/uploads\/2025\/05\/image10-1024x767.jpg 1024w, https:\/\/obera.fr\/wp-content\/uploads\/2025\/05\/image10-300x225.jpg 300w, https:\/\/obera.fr\/wp-content\/uploads\/2025\/05\/image10-768x576.jpg 768w, https:\/\/obera.fr\/wp-content\/uploads\/2025\/05\/image10-1536x1151.jpg 1536w, https:\/\/obera.fr\/wp-content\/uploads\/2025\/05\/image10.jpg 1720w\" sizes=\"(max-width: 1024px) 100vw, 1024px\" \/><\/figure>\n<\/div>\n<\/div>\n\n<h2 class=\"wp-block-heading\">Funcionamento dos colectores de p\u00f3 para o corte de pedra<\/h2>\n\n<p>Os colectores de p\u00f3 concebidos para utiliza\u00e7\u00e3o industrial utilizam <strong>diferentes sistemas de filtragem<\/strong>, consoante a natureza e a dimens\u00e3o do poluente. Os filtros de cartucho, por exemplo, s\u00e3o utilizados para captar as part\u00edculas finas. Estes filtros est\u00e3o equipados com sistemas de desobstru\u00e7\u00e3o autom\u00e1tica para garantir <strong>uma efici\u00eancia constante do equipamento<\/strong>. Na OberA, oferecemos dois tipos de colectores de p\u00f3:   <\/p>\n\n<ul class=\"wp-block-list\">\n<li>Extra\u00e7\u00e3o centralizada, que recolhe o p\u00f3 de v\u00e1rios postos de trabalho em simult\u00e2neo, optimizando o processo de despoeiramento.<\/li>\n\n\n\n<li>Extra\u00e7\u00e3o m\u00f3vel, para que os operadores possam deslocar facilmente o coletor de poeiras e fazer a extra\u00e7\u00e3o na fonte, de um posto de trabalho para outro.<\/li>\n<\/ul>\n\n<p>Algumas instala\u00e7\u00f5es combinam cabinas de trabalho com <strong>sistemas de extra\u00e7\u00e3o integrados<\/strong>. Esta configura\u00e7\u00e3o confina as poeiras na fonte, impedindo-as de se espalharem pela oficina. Proporciona uma prote\u00e7\u00e3o adicional aos operadores e mant\u00e9m o ambiente de trabalho limpo.  <\/p>\n\n<h2 class=\"wp-block-heading\">Como escolher o coletor de p\u00f3 certo para pedreiros?<\/h2>\n\n<div class=\"wp-block-columns is-layout-flex wp-container-core-columns-is-layout-28f84493 wp-block-columns-is-layout-flex\">\n<div class=\"wp-block-column is-layout-flow wp-block-column-is-layout-flow\" style=\"flex-basis:33.33%\">\n<figure class=\"wp-block-image aligncenter size-large is-resized\"><img decoding=\"async\" width=\"1024\" height=\"1024\" src=\"https:\/\/obera.fr\/wp-content\/uploads\/2025\/03\/conseil-raf-1024x1024.png\" alt=\"Verifica\" class=\"wp-image-77456\" style=\"width:304px;height:auto\" srcset=\"https:\/\/obera.fr\/wp-content\/uploads\/2025\/03\/conseil-raf-1024x1024.png 1024w, https:\/\/obera.fr\/wp-content\/uploads\/2025\/03\/conseil-raf-300x300.png 300w, https:\/\/obera.fr\/wp-content\/uploads\/2025\/03\/conseil-raf-150x150.png 150w, https:\/\/obera.fr\/wp-content\/uploads\/2025\/03\/conseil-raf-768x768.png 768w, https:\/\/obera.fr\/wp-content\/uploads\/2025\/03\/conseil-raf.png 1200w\" sizes=\"(max-width: 1024px) 100vw, 1024px\" \/><\/figure>\n<\/div>\n\n\n\n<div class=\"wp-block-column is-layout-flow wp-block-column-is-layout-flow\" style=\"flex-basis:66.66%\">\n<h3 class=\"wp-block-heading\">Avalia os volumes de poeira gerados pelas opera\u00e7\u00f5es de produ\u00e7\u00e3o<\/h3>\n\n\n\n<p>\u00c9 crucial selecionar um <strong>coletor de poeiras capaz de lidar com o volume de<\/strong> poeiras produzido durante as opera\u00e7\u00f5es de corte, montagem e polimento. Uma capacidade insuficiente pode levar \u00e0 inefici\u00eancia do sistema e ao aumento dos riscos para a sa\u00fade. Para identificar com precis\u00e3o a natureza e o <strong>volume das poeiras emitidas<\/strong>, os nossos t\u00e9cnicos efectuam uma an\u00e1lise aprofundada para sugerir o sistema de despoeiramento mais adequado.  <\/p>\n\n\n\n<blockquote class=\"wp-block-quote is-layout-flow wp-block-quote-is-layout-flow\">\n<p><em>Dica OberA: \u00e9 essencial escolher um coletor de p\u00f3 com uma capacidade de aspira\u00e7\u00e3o compat\u00edvel com o volume de p\u00f3 que geras. A   <\/em><strong><em>equipamento subdimensionado  <\/em><\/strong><em>ser\u00e1 menos eficiente. Por outro lado, um coletor de p\u00f3 sobredimensionado representar\u00e1 custos desnecessariamente elevados para a tua empresa. <\/em><\/p>\n<\/blockquote>\n<\/div>\n<\/div>\n\n<div class=\"wp-block-columns is-layout-flex wp-container-core-columns-is-layout-28f84493 wp-block-columns-is-layout-flex\">\n<div class=\"wp-block-column is-layout-flow wp-block-column-is-layout-flow\" style=\"flex-basis:33.33%\">\n<figure class=\"wp-block-image aligncenter size-large is-resized\"><img decoding=\"async\" width=\"1024\" height=\"1024\" src=\"https:\/\/obera.fr\/wp-content\/uploads\/2025\/03\/conseil-raf-1024x1024.png\" alt=\"Verifica\" class=\"wp-image-77456\" style=\"width:304px;height:auto\" srcset=\"https:\/\/obera.fr\/wp-content\/uploads\/2025\/03\/conseil-raf-1024x1024.png 1024w, https:\/\/obera.fr\/wp-content\/uploads\/2025\/03\/conseil-raf-300x300.png 300w, https:\/\/obera.fr\/wp-content\/uploads\/2025\/03\/conseil-raf-150x150.png 150w, https:\/\/obera.fr\/wp-content\/uploads\/2025\/03\/conseil-raf-768x768.png 768w, https:\/\/obera.fr\/wp-content\/uploads\/2025\/03\/conseil-raf.png 1200w\" sizes=\"(max-width: 1024px) 100vw, 1024px\" \/><\/figure>\n<\/div>\n\n\n\n<div class=\"wp-block-column is-layout-flow wp-block-column-is-layout-flow\" style=\"flex-basis:66.66%\">\n<h3 class=\"wp-block-heading\">Verifica se o sistema de v\u00e1cuo \u00e9 compat\u00edvel com o teu equipamento<\/h3>\n\n\n\n<p>O coletor de p\u00f3 deve integrar-se harmoniosamente no equipamento existente. Uma compatibilidade \u00f3ptima garante a <strong>m\u00e1xima efici\u00eancia do sistema de recolha de poeiras<\/strong>, devendo ser verificados os seguintes pontos: <\/p>\n\n\n\n<ul class=\"wp-block-list\">\n<li>Compatibilidade com os teus<strong> cub\u00edculos de trabalho<\/strong>, para que possas ligar o coletor de p\u00f3 diretamente aos cub\u00edculos sem perder o v\u00e1cuo ou desorganizar o sistema de filtragem;  <\/li>\n\n\n\n<li>A possibilidade de ligar o coletor de p\u00f3, m\u00f3vel ou centralizado, ao seu <strong>equipamento de grandes dimens\u00f5es, como serras de ponte<\/strong>, debitadeiras, m\u00e1quinas de polir e fresadoras CNC;<\/li>\n\n\n\n<li>O coletor de p\u00f3 pode tratar p\u00f3 ligeiramente h\u00famido para se adaptar aos teus sistemas de humidifica\u00e7\u00e3o.<\/li>\n<\/ul>\n<\/div>\n<\/div>\n\n<div class=\"wp-block-columns is-layout-flex wp-container-core-columns-is-layout-28f84493 wp-block-columns-is-layout-flex\">\n<div class=\"wp-block-column is-layout-flow wp-block-column-is-layout-flow\" style=\"flex-basis:33.33%\">\n<figure class=\"wp-block-image aligncenter size-large is-resized\"><img decoding=\"async\" width=\"1024\" height=\"1024\" src=\"https:\/\/obera.fr\/wp-content\/uploads\/2025\/03\/conseil-raf-1024x1024.png\" alt=\"Verifica\" class=\"wp-image-77456\" style=\"width:304px;height:auto\" srcset=\"https:\/\/obera.fr\/wp-content\/uploads\/2025\/03\/conseil-raf-1024x1024.png 1024w, https:\/\/obera.fr\/wp-content\/uploads\/2025\/03\/conseil-raf-300x300.png 300w, https:\/\/obera.fr\/wp-content\/uploads\/2025\/03\/conseil-raf-150x150.png 150w, https:\/\/obera.fr\/wp-content\/uploads\/2025\/03\/conseil-raf-768x768.png 768w, https:\/\/obera.fr\/wp-content\/uploads\/2025\/03\/conseil-raf.png 1200w\" sizes=\"(max-width: 1024px) 100vw, 1024px\" \/><\/figure>\n<\/div>\n\n\n\n<div class=\"wp-block-column is-layout-flow wp-block-column-is-layout-flow\" style=\"flex-basis:66.66%\">\n<h3 class=\"wp-block-heading\">Opta por colectores de p\u00f3 modulares  <\/h3>\n\n\n\n<p>Alguns colectores de p\u00f3 oferecem op\u00e7\u00f5es e<strong> sistemas de filtragem personalizados<\/strong>, como \u00e9 o caso dos colectores de p\u00f3 OberA. Em pormenor:   <\/p>\n\n\n\n<ul class=\"wp-block-list\">\n<li>Alguns equipamentos possuem um sistema de limpeza autom\u00e1tica para facilitar a manuten\u00e7\u00e3o, evitar a satura\u00e7\u00e3o do filtro e reduzir o tempo de inatividade.  <\/li>\n\n\n\n<li>Alguns dos nossos modelos permitem a adi\u00e7\u00e3o de filtros espec\u00edficos, como os filtros HEPA para part\u00edculas ultrafinas.<\/li>\n<\/ul>\n\n\n\n<p>Um coletor de p\u00f3 bem adaptado ao equipamento existente <strong>melhora a qualidade do ar,<\/strong> a longevidade da m\u00e1quina e o conforto do operador. Na OberA, as solu\u00e7\u00f5es de recolha de poeiras s\u00e3o concebidas para serem facilmente integradas nos v\u00e1rios sistemas de produ\u00e7\u00e3o das <strong>oficinas de corte de pedra<\/strong>. Como <a href=\"https:\/\/obera.fr\/pt-pt\/conseils\/interview-sacha-wehrli\/\">Sacha Wehrli<\/a>, a tua refer\u00eancia para o projeto Stone Cutting na OberA, salienta:<em> &#8220;Um bom coletor de poeiras faz mais do que filtrar o ar, transforma o ambiente de trabalho para o tornar mais saud\u00e1vel e eficiente.<\/em>  <\/p>\n<\/div>\n<\/div>\n\n<p><\/p>\n\n<h3 class=\"wp-block-heading\">Colectores de p\u00f3: a gama OberA para pedreiros<\/h3>\n\n<figure class=\"wp-block-table\"><table class=\"has-fixed-layout\"><tbody><tr><td><strong>Carater\u00edsticas<\/strong><\/td><td><br\/><strong>DUSTOMAT 16M<br\/><\/strong><br\/><\/td><td><br\/><strong>Unidades m\u00f3veis de aspira\u00e7\u00e3o<br\/><\/strong><br\/><\/td><\/tr><tr><td><strong>Mobilidade<\/strong><\/td><td>Concebida para uma grande mobilidade, facilitando a sua desloca\u00e7\u00e3o na oficina.<\/td><td>S\u00e3o tamb\u00e9m m\u00f3veis, para responder \u00e0 necessidade de flexibilidade na oficina ou em estaleiros de constru\u00e7\u00e3o.<\/td><\/tr><tr><td><strong>Tipos de poluentes tratados<\/strong><\/td><td>Especialmente concebido para a extra\u00e7\u00e3o de poeiras em p\u00f3, incluindo poeiras minerais (pedra, grafite, bet\u00e3o), pl\u00e1sticas e met\u00e1licas.<\/td><td>Adequado para uma gama de poluentes, incluindo poeiras, fumos e outras part\u00edculas finas.<\/td><\/tr><tr><td><strong>Tecnologia de filtragem<\/strong><\/td><td>Equipado com cartuchos de filtro eficazes para separar as part\u00edculas finas, com op\u00e7\u00e3o de limpeza manual ou autom\u00e1tica.<\/td><td>Sistemas de filtragem de alto desempenho para capturar eficazmente os poluentes, com filtros adaptados a necessidades espec\u00edficas.<\/td><\/tr><tr><td><strong>Acess\u00f3rios dispon\u00edveis<\/strong><\/td><td>Oferece uma vasta gama de acess\u00f3rios para responder \u00e0s necessidades dos industriais, tais como cabinas de extra\u00e7\u00e3o, mesas de aspira\u00e7\u00e3o, etc.<\/td><td>Oferece uma gama de acess\u00f3rios para se adequar a v\u00e1rias aplica\u00e7\u00f5es industriais, aumentando a versatilidade do dispositivo.<\/td><\/tr><tr><td><strong>Aplica\u00e7\u00f5es recomendadas<\/strong><\/td><td>Ideal para as ind\u00fastrias que manipulam poeiras em p\u00f3, nomeadamente nos sectores da pedra, dos pl\u00e1sticos e dos metais.<\/td><td>Adequado para uma variedade de ind\u00fastrias que requerem extra\u00e7\u00e3o m\u00f3vel de diferentes tipos de poluentes.<\/td><\/tr><\/tbody><\/table><\/figure>\n\n<h2 class=\"wp-block-heading\">OberA: um parceiro para os profissionais da lapida\u00e7\u00e3o e do corte de m\u00e1rmore<\/h2>\n\n<p>A OberA est\u00e1 empenhada em fornecer solu\u00e7\u00f5es <strong>de despoeiramento adaptadas \u00e0s necessidades das oficinas de pedreiro e m\u00e1rmore<\/strong>. Para al\u00e9m de oferecer uma gama de equipamentos dedicados aos pedreiros, a OberA apoia a WorldSkills desde 2020 e est\u00e1 empenhada em sensibilizar os artes\u00e3os para os riscos envolvidos na profiss\u00e3o. &#8221; <em>Inici\u00e1mos recentemente uma parceria com Guillaume Cahen <\/em>, <a href=\"https:\/\/obera.fr\/pt-pt\/nosso-conselho\/efficacite-depoussieur-purificateur-obera-temoignage-compagnons-devoir-baillargues\/\"><em>um pedreiro formado pelos Compagnons du Devoir<\/em><\/a>  <em>. Partilha a nossa vis\u00e3o de transmitir este saber-fazer, educar e, sobretudo, proteger os jovens artes\u00e3os.  <\/em>&#8220;Sacha Wehrli, diretor de vendas e <strong>respons\u00e1vel pelo projeto Taille de Pierre na OberA<\/strong>.  <\/p>\n\n<p>Para garantir um ambiente de trabalho seguro e em conformidade com as normas em vigor, a OberA pode<strong>ajudar-te a escolher o melhor sistema de despoeiramento<\/strong>.<\/p>\n","protected":false},"excerpt":{"rendered":"<p>Nas oficinas de pedreiro e de m\u00e1rmore, a produ\u00e7\u00e3o de p\u00f3 fino \u00e9 inevit\u00e1vel. Estas part\u00edculas podem afetar a sa\u00fade dos trabalhadores e a durabilidade do equipamento.<\/p>\n","protected":false},"author":13,"featured_media":114323,"comment_status":"open","ping_status":"closed","sticky":false,"template":"","format":"standard","meta":{"_acf_changed":false,"_seopress_robots_primary_cat":"none","_seopress_titles_title":"Como \u00e9 que escolho um coletor de p\u00f3 para o corte de pedra?","_seopress_titles_desc":"Escolhe um coletor de p\u00f3 eficaz para o corte de pedra: compatibilidade com as cabinas, filtragem de part\u00edculas finas e manuten\u00e7\u00e3o simplificada. Os nossos conselhos e produtos adequados.","_seopress_robots_index":"","footnotes":""},"categories":[651],"tags":[497],"class_list":["post-103729","post","type-post","status-publish","format-standard","has-post-thumbnail","hentry","category-corte-de-pedra","tag-colectores-de-po","generate-columns","tablet-grid-50","mobile-grid-100","grid-parent","grid-50","no-featured-image-padding","resize-featured-image"],"acf":[],"_links":{"self":[{"href":"https:\/\/obera.fr\/pt-pt\/wp-json\/wp\/v2\/posts\/103729","targetHints":{"allow":["GET"]}}],"collection":[{"href":"https:\/\/obera.fr\/pt-pt\/wp-json\/wp\/v2\/posts"}],"about":[{"href":"https:\/\/obera.fr\/pt-pt\/wp-json\/wp\/v2\/types\/post"}],"author":[{"embeddable":true,"href":"https:\/\/obera.fr\/pt-pt\/wp-json\/wp\/v2\/users\/13"}],"replies":[{"embeddable":true,"href":"https:\/\/obera.fr\/pt-pt\/wp-json\/wp\/v2\/comments?post=103729"}],"version-history":[{"count":6,"href":"https:\/\/obera.fr\/pt-pt\/wp-json\/wp\/v2\/posts\/103729\/revisions"}],"predecessor-version":[{"id":123151,"href":"https:\/\/obera.fr\/pt-pt\/wp-json\/wp\/v2\/posts\/103729\/revisions\/123151"}],"wp:featuredmedia":[{"embeddable":true,"href":"https:\/\/obera.fr\/pt-pt\/wp-json\/wp\/v2\/media\/114323"}],"wp:attachment":[{"href":"https:\/\/obera.fr\/pt-pt\/wp-json\/wp\/v2\/media?parent=103729"}],"wp:term":[{"taxonomy":"category","embeddable":true,"href":"https:\/\/obera.fr\/pt-pt\/wp-json\/wp\/v2\/categories?post=103729"},{"taxonomy":"post_tag","embeddable":true,"href":"https:\/\/obera.fr\/pt-pt\/wp-json\/wp\/v2\/tags?post=103729"}],"curies":[{"name":"wp","href":"https:\/\/api.w.org\/{rel}","templated":true}]}}