{"id":103888,"date":"2025-05-25T10:14:09","date_gmt":"2025-05-25T08:14:09","guid":{"rendered":"https:\/\/obera.fr\/nosso-conselho\/depoussiereur-plastique\/"},"modified":"2025-07-16T11:30:16","modified_gmt":"2025-07-16T09:30:16","slug":"depoussiereur-plastique","status":"publish","type":"post","link":"https:\/\/obera.fr\/pt-pt\/plasticos-processamento-de-plasticos-materiais-compositos\/depoussiereur-plastique\/","title":{"rendered":"Coletor de p\u00f3 para a ind\u00fastria de pl\u00e1sticos"},"content":{"rendered":"\n<p>O fabrico de produtos de pl\u00e1stico exp\u00f5e <strong>os operadores a subst\u00e2ncias qu\u00edmicas<\/strong> e <strong>a<\/strong> poeiras nocivas. Para limitar estes riscos, s\u00e3o indispens\u00e1veis solu\u00e7\u00f5es de tratamento do ar, nomeadamente a utiliza\u00e7\u00e3o de <a href=\"https:\/\/obera.fr\/pt-pt\/produits\/depoussiereurs-industriels\/\">colectores de poeiras industriais<\/a>. Concentra-te na OberA, especialista no tratamento do ar. <\/p>\n\n<h2 class=\"wp-block-heading\">Porqu\u00ea utilizar um coletor de p\u00f3 na ind\u00fastria dos pl\u00e1sticos?<\/h2>\n\n<div class=\"wp-block-columns is-layout-flex wp-container-core-columns-is-layout-28f84493 wp-block-columns-is-layout-flex\">\n<div class=\"wp-block-column is-layout-flow wp-block-column-is-layout-flow\" style=\"flex-basis:33.33%\">\n<figure class=\"wp-block-image aligncenter size-large is-resized\"><img decoding=\"async\" width=\"1024\" height=\"1024\" src=\"https:\/\/obera.fr\/wp-content\/uploads\/2025\/05\/polluants-nocifs-1024x1024.png\" alt=\"poluentes nocivos\" class=\"wp-image-121106\" style=\"width:208px;height:auto\" srcset=\"https:\/\/obera.fr\/wp-content\/uploads\/2025\/05\/polluants-nocifs-1024x1024.png 1024w, https:\/\/obera.fr\/wp-content\/uploads\/2025\/05\/polluants-nocifs-300x300.png 300w, https:\/\/obera.fr\/wp-content\/uploads\/2025\/05\/polluants-nocifs-150x150.png 150w, https:\/\/obera.fr\/wp-content\/uploads\/2025\/05\/polluants-nocifs-768x768.png 768w, https:\/\/obera.fr\/wp-content\/uploads\/2025\/05\/polluants-nocifs.png 1200w\" sizes=\"(max-width: 1024px) 100vw, 1024px\" \/><\/figure>\n<\/div>\n\n\n\n<div class=\"wp-block-column is-layout-flow wp-block-column-is-layout-flow\" style=\"flex-basis:66.66%\">\n<h3 class=\"wp-block-heading\">Os efeitos nocivos dos poluentes no fabrico de produtos de pl\u00e1stico<\/h3>\n\n\n\n<p>Durante os processos <strong>de transforma\u00e7\u00e3o dos pl\u00e1sticos<\/strong>, v\u00e1rias opera\u00e7\u00f5es geram emiss\u00f5es de poeiras, part\u00edculas ultrafinas, gases, fumos e <a href=\"https:\/\/obera.fr\/pt-pt\/nosso-conselho\/emissions-cov-different-secteur\/\">compostos qu\u00edmicos vol\u00e1teis (COV<\/a>) em todas as fases da produ\u00e7\u00e3o: tritura\u00e7\u00e3o, lixagem, extrus\u00e3o, corte de gr\u00e2nulos, processos t\u00e9rmicos, tratamentos pl\u00e1sticos, etc. Estes poluentes podem <strong>causar problemas respirat\u00f3rios<\/strong> aos operadores e, a longo prazo, conduzir a doen\u00e7as profissionais graves.<\/p>\n<\/div>\n<\/div>\n\n<div class=\"wp-block-columns is-layout-flex wp-container-core-columns-is-layout-28f84493 wp-block-columns-is-layout-flex\">\n<div class=\"wp-block-column is-layout-flow wp-block-column-is-layout-flow\" style=\"flex-basis:33.33%\">\n<figure class=\"wp-block-image aligncenter size-large is-resized\"><img decoding=\"async\" width=\"1024\" height=\"1024\" src=\"https:\/\/obera.fr\/wp-content\/uploads\/2025\/05\/sante-et-securite-au-travail-1024x1024.png\" alt=\"sa&#xFA;de e seguran&#xE7;a no trabalho\" class=\"wp-image-121130\" style=\"width:247px;height:auto\" srcset=\"https:\/\/obera.fr\/wp-content\/uploads\/2025\/05\/sante-et-securite-au-travail-1024x1024.png 1024w, https:\/\/obera.fr\/wp-content\/uploads\/2025\/05\/sante-et-securite-au-travail-300x300.png 300w, https:\/\/obera.fr\/wp-content\/uploads\/2025\/05\/sante-et-securite-au-travail-150x150.png 150w, https:\/\/obera.fr\/wp-content\/uploads\/2025\/05\/sante-et-securite-au-travail-768x768.png 768w, https:\/\/obera.fr\/wp-content\/uploads\/2025\/05\/sante-et-securite-au-travail.png 1200w\" sizes=\"(max-width: 1024px) 100vw, 1024px\" \/><\/figure>\n<\/div>\n\n\n\n<div class=\"wp-block-column is-layout-flow wp-block-column-is-layout-flow\" style=\"flex-basis:66.66%\">\n<h3 class=\"wp-block-heading\">Riscos associados ao p\u00f3 de pl\u00e1stico: sa\u00fade, seguran\u00e7a e impacto no equipamento<\/h3>\n\n\n\n<p>Para al\u00e9m de terem um impacto na sa\u00fade dos operadores, as poeiras de pl\u00e1stico apresentam riscos de seguran\u00e7a nas oficinas. <strong>A acumula\u00e7\u00e3o excessiva destas part\u00edculas<\/strong> pode aumentar o risco de inc\u00eandio ou explos\u00e3o, especialmente se a poeira for inflam\u00e1vel. Al\u00e9m disso, os dep\u00f3sitos de poeiras no equipamento podem provocar avarias, reduzir a efici\u00eancia e aumentar os custos de manuten\u00e7\u00e3o. A qualidade do ar \u00e9, portanto, crucial para <strong>garantir a seguran\u00e7a das equipas<\/strong> e a vida \u00fatil das m\u00e1quinas.   <\/p>\n<\/div>\n<\/div>\n\n<div class=\"wp-block-columns is-layout-flex wp-container-core-columns-is-layout-28f84493 wp-block-columns-is-layout-flex\">\n<div class=\"wp-block-column is-layout-flow wp-block-column-is-layout-flow\" style=\"flex-basis:33.33%\">\n<figure class=\"wp-block-image aligncenter size-large is-resized\"><img decoding=\"async\" width=\"1024\" height=\"1024\" src=\"https:\/\/obera.fr\/wp-content\/uploads\/2025\/05\/impact-environnemental-1024x1024.png\" alt=\"impacto ambiental\" class=\"wp-image-121153\" style=\"width:167px;height:auto\" srcset=\"https:\/\/obera.fr\/wp-content\/uploads\/2025\/05\/impact-environnemental-1024x1024.png 1024w, https:\/\/obera.fr\/wp-content\/uploads\/2025\/05\/impact-environnemental-300x300.png 300w, https:\/\/obera.fr\/wp-content\/uploads\/2025\/05\/impact-environnemental-150x150.png 150w, https:\/\/obera.fr\/wp-content\/uploads\/2025\/05\/impact-environnemental-768x768.png 768w, https:\/\/obera.fr\/wp-content\/uploads\/2025\/05\/impact-environnemental.png 1200w\" sizes=\"(max-width: 1024px) 100vw, 1024px\" \/><\/figure>\n<\/div>\n\n\n\n<div class=\"wp-block-column is-layout-flow wp-block-column-is-layout-flow\" style=\"flex-basis:66.66%\">\n<h3 class=\"wp-block-heading\">Quest\u00f5es ambientais e cumprimento das normas industriais<\/h3>\n\n\n\n<p>A ind\u00fastria dos pl\u00e1sticos est\u00e1 sujeita a uma<strong> regulamenta\u00e7\u00e3o rigorosa em mat\u00e9ria de emiss\u00f5es poluentes<\/strong>. As empresas devem cumprir as normas ambientais para limitar o seu impacto ecol\u00f3gico. A utiliza\u00e7\u00e3o de colectores de p\u00f3 de alto desempenho capta e filtra as part\u00edculas antes de serem libertadas para a atmosfera, ajudando a<strong> reduzir o impacto no ambiente.<\/strong>   <\/p>\n<\/div>\n<\/div>\n\n<p><\/p>\n\n<h3 class=\"wp-block-heading\">As vantagens dos colectores de p\u00f3 na ind\u00fastria de pl\u00e1sticos<\/h3>\n\n<ul class=\"wp-block-list\">\n<li><strong>Gest\u00e3o eficaz de part\u00edculas e poeiras finas<\/strong>, garantindo um ar mais limpo nas \u00e1reas de produ\u00e7\u00e3o;<\/li>\n\n\n\n<li>Condi\u00e7\u00f5es de trabalho mais saud\u00e1veis para os operadores, aumentando o seu conforto e produtividade;<\/li>\n\n\n\n<li><strong>Menos dias de baixa<\/strong> devido a doen\u00e7as profissionais;<\/li>\n\n\n\n<li>Aumenta a vida \u00fatil do equipamento e melhora a qualidade dos produtos fabricados, eliminando a acumula\u00e7\u00e3o nociva;<\/li>\n\n\n\n<li>Reduz os custos de manuten\u00e7\u00e3o e de inatividade.  <\/li>\n<\/ul>\n\n<h2 class=\"wp-block-heading\">Colectores de p\u00f3 industriais: sistemas e op\u00e7\u00f5es para utiliza\u00e7\u00e3o na ind\u00fastria de pl\u00e1sticos<\/h2>\n\n<h3 class=\"wp-block-heading\">As diferentes tecnologias de filtragem  <\/h3>\n\n<p>V\u00e1rias tecnologias de filtragem s\u00e3o adequadas para a ind\u00fastria de pl\u00e1sticos:<\/p>\n\n<ul class=\"wp-block-list\">\n<li><strong>Os filtros de cartucho<\/strong> s\u00e3o altamente eficientes na filtragem do ar carregado de poeiras finas;<\/li>\n\n\n\n<li><strong> Os sistemas m\u00f3veis<\/strong>, como os colectores de p\u00f3 compactos, s\u00e3o ideais para esta\u00e7\u00f5es de trabalho individuais ou \u00e1reas que requerem maior flexibilidade;  <\/li>\n\n\n\n<li>As <strong>unidades centrais de extra\u00e7\u00e3o<\/strong> asseguram a extra\u00e7\u00e3o cont\u00ednua dos equipamentos de produ\u00e7\u00e3o, garantindo uma filtragem \u00f3ptima do ar em toda a oficina.<\/li>\n<\/ul>\n\n<h3 class=\"wp-block-heading\">Solu\u00e7\u00f5es de limpeza  <\/h3>\n\n<p>Para manter a efici\u00eancia dos filtros, os<strong> sistemas de limpeza<\/strong> est\u00e3o integrados nos colectores de p\u00f3. A limpeza autom\u00e1tica utilizando um jato de ar comprimido limpa os filtros sem interromper o processo, maximizando a sua vida \u00fatil e reduzindo os requisitos de manuten\u00e7\u00e3o. Esta carater\u00edstica assegura um desempenho constante do <strong>sistema de recolha de poeiras<\/strong>, mesmo em condi\u00e7\u00f5es de utiliza\u00e7\u00e3o intensiva. De notar que todos os equipamentos OberA est\u00e3o equipados com um sistema de desobstru\u00e7\u00e3o autom\u00e1tico ou manual, consoante o coletor de p\u00f3.   <\/p>\n\n<h3 class=\"wp-block-heading\">Colectores de p\u00f3 que utilizam a for\u00e7a centr\u00edfuga<\/h3>\n\n<div class=\"wp-block-columns is-layout-flex wp-container-core-columns-is-layout-28f84493 wp-block-columns-is-layout-flex\">\n<div class=\"wp-block-column is-layout-flow wp-block-column-is-layout-flow\" style=\"flex-basis:66.66%\">\n<p><strong>Os colectores de p\u00f3 cicl\u00f3nicos<\/strong> utilizam a for\u00e7a centr\u00edfuga para separar as part\u00edculas s\u00f3lidas do ar. O ar carregado de poeiras \u00e9 aspirado para uma c\u00e2mara cil\u00edndrica onde \u00e9 colocado em rota\u00e7\u00e3o. Sob o efeito da for\u00e7a centr\u00edfuga, as part\u00edculas mais pesadas s\u00e3o atiradas contra as paredes e caem num coletor, enquanto o ar purificado \u00e9 evacuado. Este m\u00e9todo \u00e9 particularmente eficaz para <strong>poeiras grossas<\/strong> e aplica\u00e7\u00f5es que requerem uma pr\u00e9-separa\u00e7\u00e3o das part\u00edculas antes de uma filtragem mais fina.   <\/p>\n\n\n\n<p><em>A ponta OberA: ideal para part\u00edculas grossas e abrasivas emitidas no<\/em><strong><em> fabrico de produtos de pl\u00e1stico<\/em><\/strong><em>Os ciclones funcionam como colectores prim\u00e1rios de poeiras. Para cumprir os regulamentos relativos \u00e0 polui\u00e7\u00e3o atmosf\u00e9rica e proteger as tuas equipas a longo prazo, aconselhamos-te a escolher sistemas capazes de filtrar poeiras finas e grossas, bem como COV. A maioria dos nossos    <\/em><a href=\"https:\/\/obera.fr\/pt-pt\/produits\/depoussiereurs-industriels\/fixes\/\"><em>colectores de p\u00f3 fixos<\/em><\/a><strong><em> <\/em><\/strong><em>e<\/em><strong><em> as unidades m\u00f3veis s\u00e3o vers\u00e1teis<\/em><\/strong><em>N\u00f3s orientamos-te para a escolha mais adequada, em fun\u00e7\u00e3o da superf\u00edcie da tua oficina e do volume de poluentes emitidos pelos teus processos industriais.<\/em><\/p>\n<\/div>\n\n\n\n<div class=\"wp-block-column is-layout-flow wp-block-column-is-layout-flow\" style=\"flex-basis:33.33%\">\n<figure class=\"wp-block-image aligncenter size-large is-resized\"><img decoding=\"async\" width=\"1024\" height=\"1024\" src=\"https:\/\/obera.fr\/wp-content\/uploads\/2025\/05\/force-centrifuge-1024x1024.png\" alt=\"for&#xE7;a centr&#xED;fuga\" class=\"wp-image-121176\" style=\"width:259px;height:auto\" srcset=\"https:\/\/obera.fr\/wp-content\/uploads\/2025\/05\/force-centrifuge-1024x1024.png 1024w, https:\/\/obera.fr\/wp-content\/uploads\/2025\/05\/force-centrifuge-300x300.png 300w, https:\/\/obera.fr\/wp-content\/uploads\/2025\/05\/force-centrifuge-150x150.png 150w, https:\/\/obera.fr\/wp-content\/uploads\/2025\/05\/force-centrifuge-768x768.png 768w, https:\/\/obera.fr\/wp-content\/uploads\/2025\/05\/force-centrifuge.png 1200w\" sizes=\"(max-width: 1024px) 100vw, 1024px\" \/><\/figure>\n<\/div>\n<\/div>\n\n<h2 class=\"wp-block-heading\">Sistemas de despoeiramento industrial para a ind\u00fastria de pl\u00e1sticos: o nosso conselho<\/h2>\n\n<h3 class=\"wp-block-heading\">Compatibilidade com processos espec\u00edficos: inje\u00e7\u00e3o de pl\u00e1stico, extrus\u00e3o, etc.<\/h3>\n\n<p>Processos como a<strong> moldagem por inje\u00e7\u00e3o de pl\u00e1stico ou a extrus\u00e3o<\/strong> geram v\u00e1rios tipos e quantidades de poeiras. \u00c9 fundamental escolher um coletor de poeiras compat\u00edvel com as especificidades do teu processo de produ\u00e7\u00e3o. Alguns equipamentos s\u00e3o especificamente concebidos para lidar com as poeiras finas geradas durante a extrus\u00e3o, enquanto outros s\u00e3o adaptados \u00e0s <strong>part\u00edculas mais grosseiras produzidas <\/strong>durante a moldagem por inje\u00e7\u00e3o. Uma avalia\u00e7\u00e3o minuciosa dos seus processos garantir\u00e1 que o sistema de recolha de poeiras seja otimamente eficaz.   <\/p>\n\n<h3 class=\"wp-block-heading\">Compara\u00e7\u00e3o de sistemas de filtragem  <\/h3>\n\n<p>A escolha do sistema de filtragem \u00e9 crucial para garantir a captura \u00f3ptima de part\u00edculas na ind\u00fastria de pl\u00e1sticos. <strong>Os filtros de cartucho s\u00e3o conhecidos pela sua elevada efici\u00eancia<\/strong>, particularmente na filtragem de ar com poeiras finas. S\u00e3o frequentemente utilizados em aplica\u00e7\u00f5es que requerem uma filtragem precisa e uma manuten\u00e7\u00e3o reduzida.    <\/p>\n\n<p>Os filtros de mangas, por outro lado, s\u00e3o adequados para tratar grandes volumes de ar contendo part\u00edculas mais grossas. Oferecem uma<strong> grande superf\u00edcie de filtragem<\/strong> e s\u00e3o particularmente eficazes em ambientes com elevadas concentra\u00e7\u00f5es de poeiras. A sua constru\u00e7\u00e3o robusta garante uma longa vida \u00fatil e um desempenho consistente, mesmo em condi\u00e7\u00f5es de funcionamento intensivo.  <\/p>\n\n<p>\u00c9 essencial avaliar as carater\u00edsticas espec\u00edficas de cada processo de produ\u00e7\u00e3o para selecionar o<strong> sistema de filtragem mais adequado<\/strong>. Uma an\u00e1lise aprofundada dos tipos de poluentes gerados, da sua concentra\u00e7\u00e3o e dos constrangimentos da oficina ajudar\u00e1 a determinar a solu\u00e7\u00e3o mais eficaz. <\/p>\n\n<p><em>\u00c9 bom saber: alguns dos nossos colectores de p\u00f3 industriais podem ser personalizados. Em fun\u00e7\u00e3o dos poluentes produzidos na sua oficina e do seu volume, podemos incluir v\u00e1rias fases de filtragem capazes de <\/em><strong><em>  trata as poeiras finas<\/em><\/strong><em>Dispomos de uma vasta gama de produtos para responder a todas as tuas necessidades, desde poeiras grosseiras at\u00e9 Covs e fumos. N\u00e3o hesites em pedir conselhos aos nossos t\u00e9cnicos sobre as tuas necessidades espec\u00edficas. <\/em><\/p>\n\n<h3 class=\"wp-block-heading\">Recolha de poeiras centralizada ou m\u00f3vel?<\/h3>\n\n<p>A escolha entre um<strong> sistema de recolha de poeiras centralizado <\/strong>ou m\u00f3vel depende das necessidades espec\u00edficas da tua produ\u00e7\u00e3o:<\/p>\n\n<ul class=\"wp-block-list\">\n<li><strong> Os sistemas centralizados<\/strong> s\u00e3o ideais para instala\u00e7\u00f5es de grande dimens\u00e3o onde v\u00e1rios postos de trabalho geram poeiras em simult\u00e2neo. Estes sistemas est\u00e3o frequentemente integrados de forma permanente e s\u00e3o concebidos para gerir grandes volumes de ar e de part\u00edculas. <\/li>\n\n\n\n<li><a href=\"https:\/\/obera.fr\/pt-pt\/produits\/depoussiereurs-industriels\/mobiles\/\">Os colectores de p\u00f3 m\u00f3veis<\/a> oferecem uma maior flexibilidade, o que \u00e9 particularmente vantajoso em oficinas onde as fontes de p\u00f3 s\u00e3o dispersas ou tempor\u00e1rias. Por exemplo, o Dustomat \u00e9 capaz de tratar tanto poeiras como aparas de madeira, pl\u00e1stico e metal. Esta mobilidade significa que o coletor de p\u00f3 pode ser posicionado o mais pr\u00f3ximo poss\u00edvel da fonte de polui\u00e7\u00e3o, optimizando a efici\u00eancia de aspira\u00e7\u00e3o e facilitando a limpeza das \u00e1reas de produ\u00e7\u00e3o.  <\/li>\n<\/ul>\n\n<p>Quer opte por um sistema centralizado ou m\u00f3vel, \u00e9 crucial selecionar <strong>um equipamento que corresponda \u00e0s especificidades da sua produ\u00e7\u00e3o<\/strong>. As solu\u00e7\u00f5es propostas pela OberA, como o Dustomat, oferecem um desempenho \u00f3timo para responder aos desafios da despoeiramento no sector da transforma\u00e7\u00e3o de pl\u00e1sticos. <\/p>\n\n<p><\/p>\n","protected":false},"excerpt":{"rendered":"<p>O fabrico de produtos de pl\u00e1stico exp\u00f5e os operadores a subst\u00e2ncias qu\u00edmicas e a poeiras nocivas.<\/p>\n","protected":false},"author":13,"featured_media":120905,"comment_status":"open","ping_status":"closed","sticky":false,"template":"","format":"standard","meta":{"_acf_changed":false,"_seopress_robots_primary_cat":"none","_seopress_titles_title":"Coletor de p\u00f3 para a ind\u00fastria de pl\u00e1sticos: o nosso conselho","_seopress_titles_desc":"Protege os teus operadores e optimiza a tua produ\u00e7\u00e3o de pl\u00e1sticos com um coletor de poeiras eficiente: gest\u00e3o de poeiras, conformidade industrial e solu\u00e7\u00f5es OberA.","_seopress_robots_index":"","footnotes":""},"categories":[712],"tags":[497],"class_list":["post-103888","post","type-post","status-publish","format-standard","has-post-thumbnail","hentry","category-plasticos-processamento-de-plasticos-materiais-compositos","tag-colectores-de-po","generate-columns","tablet-grid-50","mobile-grid-100","grid-parent","grid-50","no-featured-image-padding","resize-featured-image"],"acf":[],"_links":{"self":[{"href":"https:\/\/obera.fr\/pt-pt\/wp-json\/wp\/v2\/posts\/103888","targetHints":{"allow":["GET"]}}],"collection":[{"href":"https:\/\/obera.fr\/pt-pt\/wp-json\/wp\/v2\/posts"}],"about":[{"href":"https:\/\/obera.fr\/pt-pt\/wp-json\/wp\/v2\/types\/post"}],"author":[{"embeddable":true,"href":"https:\/\/obera.fr\/pt-pt\/wp-json\/wp\/v2\/users\/13"}],"replies":[{"embeddable":true,"href":"https:\/\/obera.fr\/pt-pt\/wp-json\/wp\/v2\/comments?post=103888"}],"version-history":[{"count":5,"href":"https:\/\/obera.fr\/pt-pt\/wp-json\/wp\/v2\/posts\/103888\/revisions"}],"predecessor-version":[{"id":123312,"href":"https:\/\/obera.fr\/pt-pt\/wp-json\/wp\/v2\/posts\/103888\/revisions\/123312"}],"wp:featuredmedia":[{"embeddable":true,"href":"https:\/\/obera.fr\/pt-pt\/wp-json\/wp\/v2\/media\/120905"}],"wp:attachment":[{"href":"https:\/\/obera.fr\/pt-pt\/wp-json\/wp\/v2\/media?parent=103888"}],"wp:term":[{"taxonomy":"category","embeddable":true,"href":"https:\/\/obera.fr\/pt-pt\/wp-json\/wp\/v2\/categories?post=103888"},{"taxonomy":"post_tag","embeddable":true,"href":"https:\/\/obera.fr\/pt-pt\/wp-json\/wp\/v2\/tags?post=103888"}],"curies":[{"name":"wp","href":"https:\/\/api.w.org\/{rel}","templated":true}]}}