{"id":105382,"date":"2025-05-29T15:05:29","date_gmt":"2025-05-29T13:05:29","guid":{"rendered":"https:\/\/obera.fr\/nosso-conselho\/purificateur-textile\/"},"modified":"2025-07-16T11:32:36","modified_gmt":"2025-07-16T09:32:36","slug":"purificateur-textile","status":"publish","type":"post","link":"https:\/\/obera.fr\/pt-pt\/texteis\/purificateur-textile\/","title":{"rendered":"Purificadores de ar para a ind\u00fastria t\u00eaxtil"},"content":{"rendered":"\n<p>No sector t\u00eaxtil, <strong>as part\u00edculas finas<\/strong>, o p\u00f3 e os odores podem n\u00e3o s\u00f3 prejudicar a sa\u00fade dos trabalhadores, mas tamb\u00e9m afetar a qualidade dos produtos acabados. A OberA, especialista em solu\u00e7\u00f5es de tratamento do ar, oferece <a href=\"https:\/\/obera.fr\/pt-pt\/produits\/purificateurs-air\/\">purificadores de ar industriais<\/a> adaptados \u00e0s necessidades das oficinas, armaz\u00e9ns e <strong>lojas do sector t\u00eaxtil<\/strong>. <\/p>\n\n<h2 class=\"wp-block-heading\">Porque \u00e9 que a purifica\u00e7\u00e3o do ar \u00e9 crucial na ind\u00fastria t\u00eaxtil?<\/h2>\n\n<h3 class=\"wp-block-heading\">Part\u00edculas e odores t\u00eaxteis: um grande desafio para a qualidade do ar<\/h3>\n\n<div class=\"wp-block-columns is-layout-flex wp-container-core-columns-is-layout-28f84493 wp-block-columns-is-layout-flex\">\n<div class=\"wp-block-column is-layout-flow wp-block-column-is-layout-flow\" style=\"flex-basis:66.66%\">\n<p><strong> Os processos de fabrico <\/strong>e manuseamento de t\u00eaxteis libertam uma variedade de part\u00edculas e fumos. Estes contaminantes podem acumular-se no ar das oficinas e das \u00e1reas de armazenamento, criando um <strong>ambiente potencialmente nocivo <\/strong>para os trabalhadores e comprometendo a qualidade dos tecidos. Estes incluem:  <\/p>\n\n\n\n<ul class=\"wp-block-list\">\n<li><strong>As part\u00edculas finas de fibras t\u00eaxteis<\/strong>, libertadas durante as opera\u00e7\u00f5es de corte, tecelagem ou acabamento, podem ser inaladas pelos trabalhadores e causar irrita\u00e7\u00e3o respirat\u00f3ria.  <\/li>\n\n\n\n<li><strong>Os produtos qu\u00edmicos utilizados para tratar os tecidos<\/strong>, tais como corantes, resinas e retardadores de chama, emitem compostos org\u00e2nicos vol\u00e1teis (COV) que degradam o ar da divis\u00e3o e podem causar dores de cabe\u00e7a ou alergias.  <\/li>\n\n\n\n<li><strong>Os odores dos t\u00eaxteis<\/strong>, colas ou solventes s\u00e3o libertados para o ambiente, tornando o ar pesado e desagrad\u00e1vel.  <\/li>\n<\/ul>\n\n\n\n<p>Por fim, a humidade presente em certos locais <strong>de armazenamento favorece a prolifera\u00e7\u00e3o de bolores e bact\u00e9rias<\/strong>, que prejudicam tanto os tecidos como a sa\u00fade dos trabalhadores.<\/p>\n<\/div>\n\n\n\n<div class=\"wp-block-column is-layout-flow wp-block-column-is-layout-flow\" style=\"flex-basis:33.33%\">\n<figure class=\"wp-block-image aligncenter size-large is-resized\"><img decoding=\"async\" width=\"1024\" height=\"1024\" src=\"https:\/\/obera.fr\/wp-content\/uploads\/2025\/05\/polluants-nocifs-1024x1024.png\" alt=\"poluentes nocivos\" class=\"wp-image-121106\" style=\"width:253px;height:auto\" srcset=\"https:\/\/obera.fr\/wp-content\/uploads\/2025\/05\/polluants-nocifs-1024x1024.png 1024w, https:\/\/obera.fr\/wp-content\/uploads\/2025\/05\/polluants-nocifs-300x300.png 300w, https:\/\/obera.fr\/wp-content\/uploads\/2025\/05\/polluants-nocifs-150x150.png 150w, https:\/\/obera.fr\/wp-content\/uploads\/2025\/05\/polluants-nocifs-768x768.png 768w, https:\/\/obera.fr\/wp-content\/uploads\/2025\/05\/polluants-nocifs.png 1200w\" sizes=\"(max-width: 1024px) 100vw, 1024px\" \/><\/figure>\n<\/div>\n<\/div>\n\n<h3 class=\"wp-block-heading\">Polui\u00e7\u00e3o atmosf\u00e9rica na oficina: quais s\u00e3o os riscos para os teus trabalhadores e para os teus t\u00eaxteis?<\/h3>\n\n<p>A m\u00e1 qualidade do ar pode levar a <strong>problemas de sa\u00fade<\/strong> para os empregados, como irrita\u00e7\u00e3o respirat\u00f3ria e alergias. Al\u00e9m disso, as part\u00edculas transportadas pelo ar podem depositar-se nos t\u00eaxteis, afectando a sua limpeza e aspeto. Os odores persistentes podem tamb\u00e9m <strong>impregnar os produtos<\/strong>.  <\/p>\n\n<p>Por todas estas raz\u00f5es, os purificadores de ar s\u00e3o uma <strong>solu\u00e7\u00e3o essencial para melhorar a qualidade do ar<\/strong> e o bem-estar no local de trabalho. Para as lojas, tamb\u00e9m contribuem para a experi\u00eancia do cliente, criando um espa\u00e7o agrad\u00e1vel e garantindo a qualidade dos t\u00eaxteis. <\/p>\n\n<h2 class=\"wp-block-heading\">Quais s\u00e3o os benef\u00edcios dos purificadores de ar?<\/h2>\n\n<div class=\"wp-block-columns is-layout-flex wp-container-core-columns-is-layout-28f84493 wp-block-columns-is-layout-flex\">\n<div class=\"wp-block-column is-layout-flow wp-block-column-is-layout-flow\" style=\"flex-basis:33.33%\">\n<figure class=\"wp-block-image aligncenter size-large is-resized\"><img decoding=\"async\" width=\"1024\" height=\"1024\" src=\"https:\/\/obera.fr\/wp-content\/uploads\/2025\/05\/securite-1024x1024.png\" alt=\"seguran&#xE7;a\" class=\"wp-image-121315\" style=\"width:282px;height:auto\" srcset=\"https:\/\/obera.fr\/wp-content\/uploads\/2025\/05\/securite-1024x1024.png 1024w, https:\/\/obera.fr\/wp-content\/uploads\/2025\/05\/securite-300x300.png 300w, https:\/\/obera.fr\/wp-content\/uploads\/2025\/05\/securite-150x150.png 150w, https:\/\/obera.fr\/wp-content\/uploads\/2025\/05\/securite-768x768.png 768w, https:\/\/obera.fr\/wp-content\/uploads\/2025\/05\/securite.png 1200w\" sizes=\"(max-width: 1024px) 100vw, 1024px\" \/><\/figure>\n<\/div>\n\n\n\n<div class=\"wp-block-column is-layout-flow wp-block-column-is-layout-flow\" style=\"flex-basis:66.66%\">\n<ul class=\"wp-block-list\">\n<li><strong> Ar mais saud\u00e1vel para os seus empregados e para os seus t\u00eaxteis<\/strong>: ao eliminar eficazmente as part\u00edculas finas e os contaminantes, os purificadores de ar ajudam a criar um ambiente de trabalho mais saud\u00e1vel, reduzindo os riscos para a sa\u00fade dos empregados e melhorando o seu conforto.<\/li>\n\n\n\n<li>Diz adeus<strong> <\/strong>aos<strong> odores desagrad\u00e1veis nas tuas oficinas e armaz\u00e9ns<\/strong>: sistemas de filtragem avan\u00e7ados, como os equipados com carv\u00e3o ativado, s\u00e3o particularmente eficazes na absor\u00e7\u00e3o e neutraliza\u00e7\u00e3o de odores persistentes, mantendo os t\u00eaxteis frescos.<\/li>\n\n\n\n<li><strong>Protege os teus t\u00eaxteis de bolores e bact\u00e9rias <\/strong>: ao manter uma qualidade de ar ideal, os purificadores de ar ajudam a evitar a humidade excessiva e a forma\u00e7\u00e3o de bolores, protegendo os t\u00eaxteis armazenados e prolongando a sua vida \u00fatil.<\/li>\n<\/ul>\n<\/div>\n<\/div>\n\n<h2 class=\"wp-block-heading\">Como \u00e9 que os purificadores de ar funcionam no sector t\u00eaxtil?<\/h2>\n\n<h3 class=\"wp-block-heading\">Tecnologia de filtragem avan\u00e7ada para um ar continuamente purificado<\/h3>\n\n<p><strong>Os purificadores de ar industriais da OberA <\/strong>utilizam sistemas de filtragem avan\u00e7ados para tratar eficazmente os poluentes espec\u00edficos da ind\u00fastria t\u00eaxtil. Por exemplo, o modelo ePUR aspira o ar polu\u00eddo a partir da parte superior da unidade, passa-o atrav\u00e9s de<strong> v\u00e1rias camadas de filtragem<\/strong> e, em seguida, descarrega o ar purificado a partir da parte inferior, criando um movimento de purifica\u00e7\u00e3o natural. <\/p>\n\n<h3 class=\"wp-block-heading\">Purificador de ar vs solu\u00e7\u00f5es de desodoriza\u00e7\u00e3o: qual \u00e9 a melhor op\u00e7\u00e3o?<\/h3>\n\n<p>Ao contr\u00e1rio dos <strong>ambientadores e desinfectantes<\/strong>, que mascaram temporariamente os odores ou eliminam os agentes patog\u00e9nicos nas superf\u00edcies, os purificadores de ar tratam continuamente o ar, capturando part\u00edculas e neutralizando os odores na fonte. Esta abordagem proactiva assegura uma qualidade de ar consistente e reduz a necessidade de <strong>produtos qu\u00edmicos adicionais<\/strong>. <\/p>\n\n<h2 class=\"wp-block-heading\">Como escolher o purificador de ar ideal para a tua empresa?<\/h2>\n\n<div class=\"wp-block-columns is-layout-flex wp-container-core-columns-is-layout-28f84493 wp-block-columns-is-layout-flex\">\n<div class=\"wp-block-column is-layout-flow wp-block-column-is-layout-flow\" style=\"flex-basis:33.33%\">\n<figure class=\"wp-block-image aligncenter size-large is-resized\"><img decoding=\"async\" width=\"1024\" height=\"1024\" src=\"https:\/\/obera.fr\/wp-content\/uploads\/2025\/01\/image-choix-1024x1024.jpg\" alt=\"escolha da imagem\" class=\"wp-image-57754\" style=\"width:145px;height:auto\" srcset=\"https:\/\/obera.fr\/wp-content\/uploads\/2025\/01\/image-choix-1024x1024.jpg 1024w, https:\/\/obera.fr\/wp-content\/uploads\/2025\/01\/image-choix-300x300.jpg 300w, https:\/\/obera.fr\/wp-content\/uploads\/2025\/01\/image-choix-150x150.jpg 150w, https:\/\/obera.fr\/wp-content\/uploads\/2025\/01\/image-choix-768x768.jpg 768w, https:\/\/obera.fr\/wp-content\/uploads\/2025\/01\/image-choix-400x400.jpg 400w, https:\/\/obera.fr\/wp-content\/uploads\/2025\/01\/image-choix-600x600.jpg 600w, https:\/\/obera.fr\/wp-content\/uploads\/2025\/01\/image-choix.jpg 1200w\" sizes=\"(max-width: 1024px) 100vw, 1024px\" \/><\/figure>\n<\/div>\n\n\n\n<div class=\"wp-block-column is-layout-flow wp-block-column-is-layout-flow\" style=\"flex-basis:66.66%\">\n<h3 class=\"wp-block-heading\">Um purificador adaptado \u00e0 dimens\u00e3o das tuas instala\u00e7\u00f5es<\/h3>\n\n\n\n<p>\u00c9 essencial escolher um <strong>purificador de ar<\/strong> capaz de tratar eficazmente o volume de ar do teu espa\u00e7o. A OberA oferece solu\u00e7\u00f5es para \u00e1reas que v\u00e3o de 20 m2 (escrit\u00f3rios individuais) a mais de 1.000 m\u00b2 (grandes armaz\u00e9ns), garantindo uma cobertura \u00f3ptima para cada ambiente. <\/p>\n<\/div>\n<\/div>\n\n<div class=\"wp-block-columns is-layout-flex wp-container-core-columns-is-layout-28f84493 wp-block-columns-is-layout-flex\">\n<div class=\"wp-block-column is-layout-flow wp-block-column-is-layout-flow\" style=\"flex-basis:33.33%\">\n<figure class=\"wp-block-image aligncenter size-large is-resized\"><img decoding=\"async\" width=\"1024\" height=\"1024\" src=\"https:\/\/obera.fr\/wp-content\/uploads\/2025\/01\/image-choix-1024x1024.jpg\" alt=\"escolha da imagem\" class=\"wp-image-57754\" style=\"width:145px;height:auto\" srcset=\"https:\/\/obera.fr\/wp-content\/uploads\/2025\/01\/image-choix-1024x1024.jpg 1024w, https:\/\/obera.fr\/wp-content\/uploads\/2025\/01\/image-choix-300x300.jpg 300w, https:\/\/obera.fr\/wp-content\/uploads\/2025\/01\/image-choix-150x150.jpg 150w, https:\/\/obera.fr\/wp-content\/uploads\/2025\/01\/image-choix-768x768.jpg 768w, https:\/\/obera.fr\/wp-content\/uploads\/2025\/01\/image-choix-400x400.jpg 400w, https:\/\/obera.fr\/wp-content\/uploads\/2025\/01\/image-choix-600x600.jpg 600w, https:\/\/obera.fr\/wp-content\/uploads\/2025\/01\/image-choix.jpg 1200w\" sizes=\"(max-width: 1024px) 100vw, 1024px\" \/><\/figure>\n<\/div>\n\n\n\n<div class=\"wp-block-column is-layout-flow wp-block-column-is-layout-flow\" style=\"flex-basis:66.66%\">\n<h3 class=\"wp-block-heading\">Combina o teu purificador com desinfectantes e desodorizantes eficazes<\/h3>\n\n\n\n<p>Alguns purificadores de ar podem ser utilizados em <strong>conjunto com desinfectantes ou desodorizantes <\/strong>para aumentar a efic\u00e1cia do tratamento do ar. \u00c9 importante verificar se o equipamento \u00e9 compat\u00edvel para garantir uma sinergia \u00f3ptima. <\/p>\n<\/div>\n<\/div>\n\n<div class=\"wp-block-columns is-layout-flex wp-container-core-columns-is-layout-28f84493 wp-block-columns-is-layout-flex\">\n<div class=\"wp-block-column is-layout-flow wp-block-column-is-layout-flow\" style=\"flex-basis:33.33%\">\n<figure class=\"wp-block-image aligncenter size-large is-resized\"><img decoding=\"async\" width=\"1024\" height=\"1024\" src=\"https:\/\/obera.fr\/wp-content\/uploads\/2025\/01\/image-choix-1024x1024.jpg\" alt=\"escolha da imagem\" class=\"wp-image-57754\" style=\"width:145px;height:auto\" srcset=\"https:\/\/obera.fr\/wp-content\/uploads\/2025\/01\/image-choix-1024x1024.jpg 1024w, https:\/\/obera.fr\/wp-content\/uploads\/2025\/01\/image-choix-300x300.jpg 300w, https:\/\/obera.fr\/wp-content\/uploads\/2025\/01\/image-choix-150x150.jpg 150w, https:\/\/obera.fr\/wp-content\/uploads\/2025\/01\/image-choix-768x768.jpg 768w, https:\/\/obera.fr\/wp-content\/uploads\/2025\/01\/image-choix-400x400.jpg 400w, https:\/\/obera.fr\/wp-content\/uploads\/2025\/01\/image-choix-600x600.jpg 600w, https:\/\/obera.fr\/wp-content\/uploads\/2025\/01\/image-choix.jpg 1200w\" sizes=\"(max-width: 1024px) 100vw, 1024px\" \/><\/figure>\n<\/div>\n\n\n\n<div class=\"wp-block-column is-layout-flow wp-block-column-is-layout-flow\" style=\"flex-basis:66.66%\">\n<h3 class=\"wp-block-heading\">Um sistema de filtragem adaptado \u00e0s tuas necessidades espec\u00edficas<\/h3>\n\n\n\n<p><strong>Os requisitos de filtragem podem variar consoante os processos <\/strong>e os materiais utilizados. A OberA oferece uma gama de filtros adaptados aos diferentes tipos de poluentes encontrados na ind\u00fastria t\u00eaxtil, permitindo a personaliza\u00e7\u00e3o de acordo com os requisitos espec\u00edficos. <\/p>\n\n\n\n<p><em>As vantagens OberA: alguns dos nossos <\/em><strong><em>purificadores de ar est\u00e3o equipados com sistemas de filtragem <\/em><\/strong> <em>unidades polivalentes que podem combinar v\u00e1rios filtros. Filtro HEPA, filtro de carv\u00e3o ativado, filtro classe H14&#8230; Em fun\u00e7\u00e3o das suas necessidades, podemos personalizar o equipamento para tratar eficazmente os COV, os odores, os solventes, etc. <\/em><\/p>\n<\/div>\n<\/div>\n\n<p><\/p>\n\n<h3 class=\"wp-block-heading\">A gama de purificadores de ar OberA e a sua efic\u00e1cia contra os poluentes t\u00eaxteis<\/h3>\n\n<h3 class=\"wp-block-heading\">Uma solu\u00e7\u00e3o para cada necessidade<\/h3>\n\n<p>A OberA oferece <strong>v\u00e1rias gamas de purificadores de ar<\/strong> adaptadas \u00e0s diferentes exig\u00eancias dos ambientes t\u00eaxteis. Quer se trate de uma oficina de produ\u00e7\u00e3o, de um armaz\u00e9m ou de um ponto de venda, existe um modelo concebido para responder \u00e0s suas necessidades espec\u00edficas. Segue-se um breve<strong> resumo das solu\u00e7\u00f5es recomendadas<\/strong> para o sector t\u00eaxtil:  <\/p>\n\n<figure class=\"wp-block-table\"><table class=\"has-fixed-layout\"><tbody><tr><td><strong>Modelo<\/strong><\/td><td><strong>Descri\u00e7\u00e3o<\/strong><\/td><td><strong>Aplica\u00e7\u00f5es<\/strong><\/td><\/tr><tr><td><a href=\"https:\/\/obera.fr\/pt-pt\/produits\/purificateurs-air\/purificateur-rafraichisseur-epur150-fresh\/\"><strong>EPUR150 FRESCO<\/strong><\/a><\/td><td>Purificador que combina tratamento de part\u00edculas finas e arrefecimento evaporativo.<\/td><td>F\u00e1bricas, armaz\u00e9ns, espa\u00e7os entre 70 m\u00b2 e 250 m\u00b2.<\/td><\/tr><tr><td><a href=\"https:\/\/obera.fr\/pt-pt\/produits\/purificateurs-air\/filtower\/\"><strong>TORRE DE FILTRO<\/strong><\/a><\/td><td>Purificador potente para lidar com poeiras, fumos e n\u00e9voas de \u00f3leo.<\/td><td>Grandes superf\u00edcies industriais, oficinas de produ\u00e7\u00e3o.<\/td><\/tr><tr><td><a href=\"https:\/\/obera.fr\/pt-pt\/produits\/purificateurs-air\/epur-b01-purificador-de-ar-para-poeiras-ecoprime\/\"><strong>EPUR B01 EcoPrime<\/strong><\/a><\/td><td>Purificador discreto com filtragem HEPA e de carbono para lidar com poeiras finas, COVs, v\u00edrus e bact\u00e9rias.<\/td><td>Escrit\u00f3rios, pequenos espa\u00e7os abertos, entre 20 m\u00b2 e 60 m\u00b2.<\/td><\/tr><tr><td><a href=\"https:\/\/obera.fr\/pt-pt\/produits\/purificateurs-air\/professionnel-epur-ca\/\"><strong>EPUR CA<\/strong><\/a><\/td><td>Purificador dedicado \u00e0 elimina\u00e7\u00e3o de odores com filtros de carv\u00e3o ativado.<\/td><td>Espa\u00e7os de mais de 1.000 m\u00b2, armaz\u00e9ns, superlojas.<\/td><\/tr><\/tbody><\/table><\/figure>\n\n<h2 class=\"wp-block-heading\">Quais s\u00e3o as solu\u00e7\u00f5es complementares aos purificadores de ar?<\/h2>\n\n<h3 class=\"wp-block-heading\">Desodorizantes de t\u00eaxteis  <\/h3>\n\n<p>Como complemento aos purificadores de ar, a utiliza\u00e7\u00e3o de <strong>desodorizantes t\u00eaxteis <\/strong>pode ajudar a manter os produtos agradavelmente frescos. Estes produtos multiusos actuam como desinfectantes e produtos de limpeza, oferecendo uma<strong> solu\u00e7\u00e3o completa para o cuidado dos t\u00eaxteis<\/strong>. <\/p>\n\n<h3 class=\"wp-block-heading\">Quais s\u00e3o as melhores solu\u00e7\u00f5es: eucalipto, lix\u00edvia e alternativas naturais?<\/h3>\n\n<p><strong>Os ambientadores \u00e0 base de eucalipto<\/strong> s\u00e3o apreciados pela sua fragr\u00e2ncia fresca e pelas suas propriedades antibacterianas naturais. Do mesmo modo, as solu\u00e7\u00f5es \u00e0 base de lix\u00edvia oferecem uma desinfe\u00e7\u00e3o eficaz. Existem tamb\u00e9m op\u00e7\u00f5es naturais e amigas do ambiente para responder \u00e0s crescentes preocupa\u00e7\u00f5es ecol\u00f3gicas.  <\/p>\n\n<h3 class=\"wp-block-heading\">Opta por solu\u00e7\u00f5es ecol\u00f3gicas e econ\u00f3micas<\/h3>\n\n<p>Para as <strong>empresas preocupadas com o seu impacto ambiental<\/strong>, \u00e9 poss\u00edvel escolher desodorizantes e produtos de limpeza dispon\u00edveis em embalagens econ\u00f3micas e com r\u00f3tulos ecol\u00f3gicos, que garantem uma utiliza\u00e7\u00e3o respons\u00e1vel dos <strong>produtos qu\u00edmicos<\/strong>.<br\/><em>A palavra do especialista: ao integrar purificadores de ar de elevado desempenho <\/em><strong><em>purificadores de ar<\/em><\/strong><em>  e adoptando solu\u00e7\u00f5es complementares adequadas, pode garantir um ambiente de trabalho saud\u00e1vel e agrad\u00e1vel para os seus empregados, preservando a qualidade e a integridade dos seus t\u00eaxteis. A OberA est\u00e1 \u00e0 tua disposi\u00e7\u00e3o para te apoiar nas seguintes \u00e1reas   <\/em><strong><em>escolher o equipamento mais adequado<\/em><\/strong><em> para as tuas necessidades espec\u00edficas.<\/em><\/p>\n","protected":false},"excerpt":{"rendered":"<p>No sector t\u00eaxtil, as part\u00edculas finas, as poeiras e os odores podem n\u00e3o s\u00f3 prejudicar a sa\u00fade dos trabalhadores, mas tamb\u00e9m afetar a qualidade dos produtos acabados.<\/p>\n","protected":false},"author":13,"featured_media":113856,"comment_status":"open","ping_status":"closed","sticky":false,"template":"","format":"standard","meta":{"_acf_changed":false,"_seopress_robots_primary_cat":"none","_seopress_titles_title":"Purificadores de ar para a ind\u00fastria t\u00eaxtil","_seopress_titles_desc":"Descobre os purificadores de ar OberA, adequados para oficinas, armaz\u00e9ns e lojas de t\u00eaxteis. Protege os seus empregados e preserva a qualidade dos seus t\u00eaxteis com solu\u00e7\u00f5es de filtragem avan\u00e7adas para eliminar poeiras finas, odores e poluentes. ","_seopress_robots_index":"","footnotes":""},"categories":[735],"tags":[551],"class_list":["post-105382","post","type-post","status-publish","format-standard","has-post-thumbnail","hentry","category-texteis","tag-purificadores","generate-columns","tablet-grid-50","mobile-grid-100","grid-parent","grid-50","no-featured-image-padding","resize-featured-image"],"acf":[],"_links":{"self":[{"href":"https:\/\/obera.fr\/pt-pt\/wp-json\/wp\/v2\/posts\/105382","targetHints":{"allow":["GET"]}}],"collection":[{"href":"https:\/\/obera.fr\/pt-pt\/wp-json\/wp\/v2\/posts"}],"about":[{"href":"https:\/\/obera.fr\/pt-pt\/wp-json\/wp\/v2\/types\/post"}],"author":[{"embeddable":true,"href":"https:\/\/obera.fr\/pt-pt\/wp-json\/wp\/v2\/users\/13"}],"replies":[{"embeddable":true,"href":"https:\/\/obera.fr\/pt-pt\/wp-json\/wp\/v2\/comments?post=105382"}],"version-history":[{"count":4,"href":"https:\/\/obera.fr\/pt-pt\/wp-json\/wp\/v2\/posts\/105382\/revisions"}],"predecessor-version":[{"id":123351,"href":"https:\/\/obera.fr\/pt-pt\/wp-json\/wp\/v2\/posts\/105382\/revisions\/123351"}],"wp:featuredmedia":[{"embeddable":true,"href":"https:\/\/obera.fr\/pt-pt\/wp-json\/wp\/v2\/media\/113856"}],"wp:attachment":[{"href":"https:\/\/obera.fr\/pt-pt\/wp-json\/wp\/v2\/media?parent=105382"}],"wp:term":[{"taxonomy":"category","embeddable":true,"href":"https:\/\/obera.fr\/pt-pt\/wp-json\/wp\/v2\/categories?post=105382"},{"taxonomy":"post_tag","embeddable":true,"href":"https:\/\/obera.fr\/pt-pt\/wp-json\/wp\/v2\/tags?post=105382"}],"curies":[{"name":"wp","href":"https:\/\/api.w.org\/{rel}","templated":true}]}}