{"id":105585,"date":"2025-06-02T10:04:00","date_gmt":"2025-06-02T08:04:00","guid":{"rendered":"https:\/\/obera.fr\/nosso-conselho\/bien-choisir-masque-poussiere\/"},"modified":"2025-06-16T15:02:12","modified_gmt":"2025-06-16T13:02:12","slug":"bien-choisir-masque-poussiere","status":"publish","type":"post","link":"https:\/\/obera.fr\/pt-pt\/nosso-conselho\/bien-choisir-masque-poussiere\/","title":{"rendered":"Escolher a m\u00e1scara certa n\u00e3o \u00e9 suficiente: porque \u00e9 que a captura de poeiras na fonte \u00e9 essencial"},"content":{"rendered":"\n<p>As poeiras finas s\u00e3o omnipresentes no sector da constru\u00e7\u00e3o, da pedra e da ind\u00fastria. Embora o uso de uma m\u00e1scara de prote\u00e7\u00e3o se tenha tornado um reflexo em muitas empresas, n\u00e3o \u00e9 suficiente para garantir uma prote\u00e7\u00e3o completa. Na <strong>OberA<\/strong>, defendemos uma abordagem global da preven\u00e7\u00e3o: <strong>atuar na fonte para neutralizar o perigo antes que ele se propague<\/strong>.    <\/p>\n\n<h2 class=\"wp-block-heading\">M\u00e1scaras: uma barreira, n\u00e3o a \u00fanica solu\u00e7\u00e3o  <\/h2>\n\n<p>Um respirador \u00e9 uma pe\u00e7a essencial do equipamento pessoal, especialmente se for bem escolhido, bem colocado e bem mantido. Mas mesmo os modelos mais eficazes t\u00eam os seus limites:   <\/p>\n\n<ul class=\"wp-block-list\">\n<li>Protege <strong>apenas o utilizador<\/strong>.  <\/li>\n\n\n\n<li>Tornam-se <strong>ineficazes se forem usados de forma incorrecta <\/strong>(barba, ajuste, humidade). &#8211; <strong>N\u00e3o suprimem a poeira no ambiente <\/strong>de trabalho. Por outras palavras, a m\u00e1scara \u00e9 a <strong>\u00faltima linha de defesa<\/strong>, n\u00e3o a primeira.    <\/li>\n<\/ul>\n\n<h2 class=\"wp-block-heading\">Capturar na fonte: a melhor estrat\u00e9gia de preven\u00e7\u00e3o  <\/h2>\n\n<p>A captura na fonte consiste em aspirar ou conter as poeiras no <strong>preciso momento em que s\u00e3o geradas<\/strong>. \u00c9 uma abordagem de senso comum, mas que ainda \u00e9 frequentemente negligenciada. No entanto, tem muitas vantagens:    <\/p>\n\n<ul class=\"wp-block-list\">\n<li><strong>Redu\u00e7\u00e3o imediata da concentra\u00e7\u00e3o de poeiras no ar ambiente<\/strong>.  <\/li>\n\n\n\n<li><strong>Maior prote\u00e7\u00e3o colectiva <\/strong>: todo o pessoal beneficia de um ar mais limpo, mesmo aqueles que n\u00e3o est\u00e3o diretamente expostos.  <\/li>\n\n\n\n<li><strong>Preserva o equipamento <\/strong>(m\u00e1quinas, sensores, filtros, sistemas de ventila\u00e7\u00e3o). &#8211; <strong>Melhoria da limpeza dos postos de trabalho<\/strong>, o que se traduz numa melhoria da produtividade e da imagem. <strong>Na OberA, a captura na origem \u00e9 a nossa especialidade <\/strong>  <\/li>\n<\/ul>\n\n<p>A nossa equipa concebe e instala <strong>sistemas de extra\u00e7\u00e3o adaptados a cada posto de trabalho <\/strong>: bra\u00e7os de extra\u00e7\u00e3o, mesas de extra\u00e7\u00e3o, caixas de extra\u00e7\u00e3o integradas, cabinas confinadas, etc. Tamb\u00e9m realizamos auditorias para identificar os pontos cr\u00edticos e propor solu\u00e7\u00f5es t\u00e9cnicas <strong>fi\u00e1veis, sustent\u00e1veis e ergon\u00f3micas<\/strong>.   <\/p>\n\n<p>Mas para al\u00e9m dos aspectos t\u00e9cnicos, \u00e9 o nosso <strong>conhecimento profundo dos of\u00edcios manuais e industriais <\/strong>que faz a diferen\u00e7a. Sabemos que uma solu\u00e7\u00e3o eficaz \u00e9 aquela que \u00e9 <strong>pr\u00e1tica, aceite e utilizada no terreno<\/strong>.   <\/p>\n\n<h2 class=\"wp-block-heading\"><strong>A preven\u00e7\u00e3o \u00e9 uma cadeia: todos os elos contam  <\/strong><\/h2>\n\n<p>M\u00e1scaras, ventila\u00e7\u00e3o, capta\u00e7\u00e3o, limpeza&#8230; A prote\u00e7\u00e3o contra as poeiras finas baseia-se numa estrat\u00e9gia global. Mas se h\u00e1 <strong>uma prioridade<\/strong>, \u00e9 a <strong>recolha na fonte<\/strong>. Menos poeiras emitidas = menos poeiras para respirar.  <\/p>\n\n<p><strong>A OberA <\/strong>apoia-te nesta transi\u00e7\u00e3o essencial, com uma \u00fanica ambi\u00e7\u00e3o: garantir que os teus empregados trabalham num ambiente mais seguro, mais limpo e mais sereno.<\/p>\n\n<p>\u00a0<\/p>\n\n<p>Precisas de um diagn\u00f3stico ou de uma solu\u00e7\u00e3o adaptada \u00e0s tuas necessidades?  <\/p>\n\n<p><strong>Contactar OberA: preven\u00e7\u00e3o concebida para profissionais, concebida a pensar neles.<\/strong><\/p>\n\n<p><\/p>\n","protected":false},"excerpt":{"rendered":"<p>As poeiras finas s\u00e3o omnipresentes no sector da constru\u00e7\u00e3o, da pedra e da ind\u00fastria. Embora o uso de uma m\u00e1scara de prote\u00e7\u00e3o se tenha tornado um reflexo em muitas empresas, n\u00e3o \u00e9 suficiente, por si s\u00f3, para garantir uma prote\u00e7\u00e3o completa. <\/p>\n","protected":false},"author":13,"featured_media":112326,"comment_status":"open","ping_status":"closed","sticky":false,"template":"","format":"standard","meta":{"_acf_changed":false,"_seopress_robots_primary_cat":"none","_seopress_titles_title":"Capter la poussi\u00e8re \u00e0 la source : une pr\u00e9vention essentielle \u2013 OberA","_seopress_titles_desc":"Le masque ne suffit pas : capter la poussi\u00e8re \u00e0 la source prot\u00e8ge mieux vos \u00e9quipes. D\u00e9couvrez notre approche globale de la pr\u00e9vention avec OberA.","_seopress_robots_index":"","footnotes":""},"categories":[55],"tags":[],"class_list":["post-105585","post","type-post","status-publish","format-standard","has-post-thumbnail","hentry","category-nosso-conselho","generate-columns","tablet-grid-50","mobile-grid-100","grid-parent","grid-50","no-featured-image-padding","resize-featured-image"],"acf":[],"_links":{"self":[{"href":"https:\/\/obera.fr\/pt-pt\/wp-json\/wp\/v2\/posts\/105585","targetHints":{"allow":["GET"]}}],"collection":[{"href":"https:\/\/obera.fr\/pt-pt\/wp-json\/wp\/v2\/posts"}],"about":[{"href":"https:\/\/obera.fr\/pt-pt\/wp-json\/wp\/v2\/types\/post"}],"author":[{"embeddable":true,"href":"https:\/\/obera.fr\/pt-pt\/wp-json\/wp\/v2\/users\/13"}],"replies":[{"embeddable":true,"href":"https:\/\/obera.fr\/pt-pt\/wp-json\/wp\/v2\/comments?post=105585"}],"version-history":[{"count":1,"href":"https:\/\/obera.fr\/pt-pt\/wp-json\/wp\/v2\/posts\/105585\/revisions"}],"predecessor-version":[{"id":105591,"href":"https:\/\/obera.fr\/pt-pt\/wp-json\/wp\/v2\/posts\/105585\/revisions\/105591"}],"wp:featuredmedia":[{"embeddable":true,"href":"https:\/\/obera.fr\/pt-pt\/wp-json\/wp\/v2\/media\/112326"}],"wp:attachment":[{"href":"https:\/\/obera.fr\/pt-pt\/wp-json\/wp\/v2\/media?parent=105585"}],"wp:term":[{"taxonomy":"category","embeddable":true,"href":"https:\/\/obera.fr\/pt-pt\/wp-json\/wp\/v2\/categories?post=105585"},{"taxonomy":"post_tag","embeddable":true,"href":"https:\/\/obera.fr\/pt-pt\/wp-json\/wp\/v2\/tags?post=105585"}],"curies":[{"name":"wp","href":"https:\/\/api.w.org\/{rel}","templated":true}]}}