{"id":108466,"date":"2025-06-03T15:30:44","date_gmt":"2025-06-03T13:30:44","guid":{"rendered":"https:\/\/obera.fr\/nosso-conselho\/rafraichisseur-atelier-usinage\/"},"modified":"2025-07-16T11:27:49","modified_gmt":"2025-07-16T09:27:49","slug":"rafraichisseur-atelier-usinage","status":"publish","type":"post","link":"https:\/\/obera.fr\/pt-pt\/maquinacao-torneamento-de-barras-e-tratamento-de-superficies\/rafraichisseur-atelier-usinage\/","title":{"rendered":"Oficina mec\u00e2nica: refrigeradores de ar para ambientes industriais exigentes"},"content":{"rendered":"\n<p>Em <strong>ambientes industriais<\/strong> como as oficinas mec\u00e2nicas, o controlo da temperatura \u00e9 essencial para garantir o desempenho dos equipamentos e o bem-estar dos trabalhadores. A OberA, especialista no tratamento do ar industrial, oferece solu\u00e7\u00f5es para <strong> <\/strong><a href=\"https:\/\/obera.fr\/pt-pt\/produits\/rafraichisseurs-air\/\">sistemas de arrefecimento adaptados \u00e0s necessidades espec\u00edficas<\/a> destes ambientes exigentes.<\/p>\n\n<h2 class=\"wp-block-heading\">Problemas t\u00e9rmicos nas oficinas mec\u00e2nicas<\/h2>\n\n<p>Os processos de maquinagem geram uma grande quantidade de calor, principalmente devido \u00e0 :  <\/p>\n\n<ul class=\"wp-block-list\">\n<li>Trabalha com m\u00e1quinas-ferramentas;  <\/li>\n\n\n\n<li>Atrito entre pe\u00e7as ;  <\/li>\n\n\n\n<li>A utiliza\u00e7\u00e3o de g\u00e1s e de outras fontes de calor.  <\/li>\n<\/ul>\n\n<p>Esta acumula\u00e7\u00e3o de calor pode provocar<strong> o sobreaquecimento do equipamento<\/strong>, reduzindo a sua efici\u00eancia e vida \u00fatil. Acima de tudo, as temperaturas elevadas afectam a concentra\u00e7\u00e3o e a seguran\u00e7a dos trabalhadores, aumentando o risco de acidentes e reduzindo a produtividade. <\/p>\n\n<p>Para controlar o ambiente t\u00e9rmico nas suas oficinas de produ\u00e7\u00e3o e maquina\u00e7\u00e3o, a OberA oferece-lhe<strong> solu\u00e7\u00f5es inovadoras de arrefecimento do ar<\/strong> especialmente concebidas para estes ambientes exigentes. Equipamentos concebidos para baixar as temperaturas de forma eficaz e natural.   <\/p>\n\n<h2 class=\"wp-block-heading\">Funcionamento de refrigeradores de ar evaporativos para maquinagem<\/h2>\n\n<h3 class=\"wp-block-heading\">Como funcionam os refrigeradores de ar<\/h3>\n\n<div class=\"wp-block-columns is-layout-flex wp-container-core-columns-is-layout-28f84493 wp-block-columns-is-layout-flex\">\n<div class=\"wp-block-column is-layout-flow wp-block-column-is-layout-flow\" style=\"flex-basis:66.66%\">\n<p>O arrefecimento adiab\u00e1tico baseia-se num princ\u00edpio simples: a<a href=\"https:\/\/obera.fr\/pt-pt\/produits\/rafraichisseurs-air\/rafraichisseurs-par-evaporation-ic\/\">evapora\u00e7\u00e3o da \u00e1gua<\/a>. O ar quente \u00e9 aspirado e passa atrav\u00e9s de pain\u00e9is humidificados, onde \u00e9 arrefecido antes de ser libertado para o ambiente. Este sistema utiliza a \u00e1gua como fluido de arrefecimento, sem recurso a gases refrigerantes, o que o torna simultaneamente ecol\u00f3gico e econ\u00f3mico.  <\/p>\n\n\n\n<p>Os refrigeradores de ar industriais existem em dois tipos:<\/p>\n\n\n\n<ul class=\"wp-block-list\">\n<li>M\u00f3veis: f\u00e1ceis de deslocar, proporcionam <strong>um arrefecimento direcionado e flex\u00edvel<\/strong>, ideal para requisitos pontuais ou configura\u00e7\u00f5es vari\u00e1veis.<\/li>\n\n\n\n<li>Fixas: instaladas de forma permanente, proporcionam um arrefecimento constante em grandes \u00e1reas.<\/li>\n<\/ul>\n<\/div>\n\n\n\n<div class=\"wp-block-column is-layout-flow wp-block-column-is-layout-flow\" style=\"flex-basis:33.33%\">\n<figure class=\"wp-block-image aligncenter size-full is-resized\"><img decoding=\"async\" width=\"1000\" height=\"1000\" src=\"https:\/\/obera.fr\/wp-content\/uploads\/2022\/03\/Rafraichisseur-dair-par-evaporation.jpg\" alt=\"refrigerador de ar evaporativo\" class=\"wp-image-13253\" style=\"width:238px;height:auto\" srcset=\"https:\/\/obera.fr\/wp-content\/uploads\/2022\/03\/Rafraichisseur-dair-par-evaporation.jpg 1000w, https:\/\/obera.fr\/wp-content\/uploads\/2022\/03\/Rafraichisseur-dair-par-evaporation-300x300.jpg 300w, https:\/\/obera.fr\/wp-content\/uploads\/2022\/03\/Rafraichisseur-dair-par-evaporation-150x150.jpg 150w, https:\/\/obera.fr\/wp-content\/uploads\/2022\/03\/Rafraichisseur-dair-par-evaporation-768x768.jpg 768w\" sizes=\"(max-width: 1000px) 100vw, 1000px\" \/><\/figure>\n<\/div>\n<\/div>\n\n<h3 class=\"wp-block-heading\">Refrigeradores de ar m\u00f3veis: a solu\u00e7\u00e3o OberA flex\u00edvel e de elevado desempenho<\/h3>\n\n<p>Na OberA, fizemos a escolha estrat\u00e9gica de oferecer apenas <strong>refrigeradores m\u00f3veis para oficinas industriais<\/strong>, porque esta flexibilidade \u00e9 um trunfo importante em ambientes de produ\u00e7\u00e3o din\u00e2micos.<\/p>\n\n<p><em>A opini\u00e3o do especialista: gra\u00e7as \u00e0 sua mobilidade, os nossos refrigeradores IC podem ser rapidamente deslocados para as \u00e1reas mais quentes da sua oficina, permitindo-lhe<\/em><strong><em> direcionar o arrefecimento com precis\u00e3o<\/em><\/strong><em>. Isto evita a necessidade de instala\u00e7\u00f5es fixas dispendiosas e inflex\u00edveis, assegurando simultaneamente um conforto \u00f3timo e um funcionamento eficiente.<\/em><br\/><\/p>\n\n<h2 class=\"wp-block-heading\">As vantagens dos refrigeradores de ar na maquinagem<\/h2>\n\n<div class=\"wp-block-columns is-layout-flex wp-container-core-columns-is-layout-28f84493 wp-block-columns-is-layout-flex\">\n<div class=\"wp-block-column is-layout-flow wp-block-column-is-layout-flow\" style=\"flex-basis:66.66%\">\n<h3 class=\"wp-block-heading\">Arrefecimento direcionado nas \u00e1reas de trabalho<\/h3>\n\n\n\n<p>Os refrigeradores de ar m\u00f3veis podem reduzir significativamente <strong>a temperatura ambiente<\/strong>, melhorando o conforto dos trabalhadores e o desempenho das m\u00e1quinas.<\/p>\n\n\n\n<h3 class=\"wp-block-heading\">Poupan\u00e7a substancial de energia sem comprometer a pot\u00eancia<\/h3>\n\n\n\n<p>Ao contr\u00e1rio dos <a href=\"https:\/\/obera.fr\/pt-pt\/nosso-conselho\/differences-entre-rafraichisseur-climatiseur\/\">sistemas de ar condicionado tradicionais<\/a>, os refrigeradores adiab\u00e1ticos consomem menos energia (at\u00e9 80% de poupan\u00e7a de energia), reduzindo os custos de funcionamento.<\/p>\n\n\n\n<h3 class=\"wp-block-heading\">Um ambiente de trabalho melhorado para maior seguran\u00e7a e produtividade<\/h3>\n\n\n\n<p>Um ambiente de trabalho mais fresco ajuda os trabalhadores a concentrarem-se, reduzindo o risco de erros e acidentes.<\/p>\n<\/div>\n\n\n\n<div class=\"wp-block-column is-layout-flow wp-block-column-is-layout-flow\" style=\"flex-basis:33.33%\">\n<figure class=\"wp-block-image aligncenter size-large is-resized\"><img decoding=\"async\" width=\"1024\" height=\"1024\" src=\"https:\/\/obera.fr\/wp-content\/uploads\/2025\/05\/securite-1024x1024.png\" alt=\"seguran&#xE7;a\" class=\"wp-image-121315\" style=\"width:296px;height:auto\" srcset=\"https:\/\/obera.fr\/wp-content\/uploads\/2025\/05\/securite-1024x1024.png 1024w, https:\/\/obera.fr\/wp-content\/uploads\/2025\/05\/securite-300x300.png 300w, https:\/\/obera.fr\/wp-content\/uploads\/2025\/05\/securite-150x150.png 150w, https:\/\/obera.fr\/wp-content\/uploads\/2025\/05\/securite-768x768.png 768w, https:\/\/obera.fr\/wp-content\/uploads\/2025\/05\/securite.png 1200w\" sizes=\"(max-width: 1024px) 100vw, 1024px\" \/><\/figure>\n<\/div>\n<\/div>\n\n<h3 class=\"wp-block-heading\">Como \u00e9 que escolhes o teu ambientador m\u00f3vel OberA? Crit\u00e9rios chave <\/h3>\n\n<p>Ao escolher um refrigerador de ar, h\u00e1 uma s\u00e9rie de crit\u00e9rios a considerar:<\/p>\n\n<ul class=\"wp-block-list\">\n<li><strong>Capacidade do reservat\u00f3rio e autonomia<\/strong>: uma grande capacidade garante uma autonomia alargada, reduzindo a necessidade de reabastecimento. A gama IC OberA oferece refrigeradores com reservat\u00f3rios generosos que proporcionam v\u00e1rias horas de autonomia ininterrupta, reduzindo a necessidade de manuten\u00e7\u00e3o. <\/li>\n\n\n\n<li>O caudal de <strong>ar certo<\/strong>: o caudal de ar deve corresponder \u00e0 \u00e1rea da superf\u00edcie a arrefecer para uma efici\u00eancia \u00f3ptima. Cada modelo OberA est\u00e1 calibrado para um volume de ar \u00f3timo, garantindo uma cobertura uniforme de grandes \u00e1reas. <\/li>\n\n\n\n<li><strong>Robustez e resist\u00eancia<\/strong>: o equipamento deve ser concebido para uma utiliza\u00e7\u00e3o industrial intensiva, utilizando materiais dur\u00e1veis e resistentes. Fabricados com materiais resistentes, os nossos <strong>refrigeradores IC <\/strong>suportam uma utiliza\u00e7\u00e3o intensiva na oficina, com uma manuten\u00e7\u00e3o r\u00e1pida e f\u00e1cil. <br\/><\/li>\n<\/ul>\n\n<h2 class=\"wp-block-heading\">Produtos e solu\u00e7\u00f5es personalizados<\/h2>\n\n<p>A OberA oferece uma <strong>gama de purificadores de ar industriais m\u00f3veis<\/strong> fabricados em Fran\u00e7a, adequados para oficinas mec\u00e2nicas:<\/p>\n\n<figure class=\"wp-block-table\"><table class=\"has-fixed-layout\"><tbody><tr><td><strong>Modelo<\/strong><\/td><td><strong>\u00c1rea coberta (m\u00b2)<\/strong><\/td><td><strong>Caudal de ar (m\u00b3\/h)<\/strong><\/td><td><strong>Capacidade do dep\u00f3sito (L)<\/strong><\/td><td><strong>Consumo de \u00e1gua (L\/h)<\/strong><\/td><\/tr><tr><td><strong>IC12<\/strong><\/td><td>80 &#8211; 150<\/td><td>12 000<\/td><td>70<\/td><td>8 \u00e0 10<\/td><\/tr><tr><td><strong>IC22<\/strong><\/td><td>150 &#8211; 250<\/td><td>22 000<\/td><td>130<\/td><td>10 \u00e0 15<\/td><\/tr><tr><td><strong>IC30<\/strong><\/td><td>250 &#8211; 400<\/td><td>30 000<\/td><td>280<\/td><td>20 \u00e0 30<\/td><\/tr><\/tbody><\/table><\/figure>\n\n<h3 class=\"wp-block-heading\">PureFlow: inova\u00e7\u00e3o da OberA para um ar mais limpo e equipamentos mais sustent\u00e1veis<\/h3>\n\n<div class=\"wp-block-columns is-layout-flex wp-container-core-columns-is-layout-28f84493 wp-block-columns-is-layout-flex\">\n<div class=\"wp-block-column is-layout-flow wp-block-column-is-layout-flow\" style=\"flex-basis:66.66%\">\n<p>A OberA desenvolveu o PureFlow, uma tecnologia patenteada <strong>de pr\u00e9-filtragem que melhora significativamente o desempenho e a durabilidade<\/strong> dos seus ambientadores m\u00f3veis.<\/p>\n\n\n\n<p>Ao contr\u00e1rio dos sistemas padr\u00e3o, as unidades equipadas com PureFlow incorporam filtros de alto desempenho e uma l\u00e2mpada UV para <strong>purificar o ar<\/strong> e proporcionar uma maior prote\u00e7\u00e3o contra os contaminantes.<a href=\"https:\/\/obera.fr\/pt-pt\/nosso-conselho\/instalacao-refrigerador-de-ar\/?utm_source=chatgpt.com\"> <\/a>Esta inova\u00e7\u00e3o n\u00e3o s\u00f3 garante um ar mais saud\u00e1vel para os operadores, como tamb\u00e9m um <strong>equipamento mais duradouro<\/strong>, reduzindo as necessidades de manuten\u00e7\u00e3o e os custos associados.<\/p>\n<\/div>\n\n\n\n<div class=\"wp-block-column is-layout-flow wp-block-column-is-layout-flow\" style=\"flex-basis:33.33%\">\n<figure class=\"wp-block-image aligncenter size-large is-resized\"><img decoding=\"async\" width=\"1024\" height=\"1024\" src=\"https:\/\/obera.fr\/wp-content\/uploads\/2025\/06\/ic-pureflow-1024x1024.png\" alt=\"ic pureflow\" class=\"wp-image-112651\" style=\"width:272px;height:auto\" srcset=\"https:\/\/obera.fr\/wp-content\/uploads\/2025\/06\/ic-pureflow-1024x1024.png 1024w, https:\/\/obera.fr\/wp-content\/uploads\/2025\/06\/ic-pureflow-300x300.png 300w, https:\/\/obera.fr\/wp-content\/uploads\/2025\/06\/ic-pureflow-150x150.png 150w, https:\/\/obera.fr\/wp-content\/uploads\/2025\/06\/ic-pureflow-768x768.png 768w, https:\/\/obera.fr\/wp-content\/uploads\/2025\/06\/ic-pureflow.png 1200w\" sizes=\"(max-width: 1024px) 100vw, 1024px\" \/><\/figure>\n<\/div>\n<\/div>\n","protected":false},"excerpt":{"rendered":"<p>Em ambientes industriais como as oficinas mec\u00e2nicas, o controlo da temperatura \u00e9 essencial para garantir o desempenho dos equipamentos e o bem-estar dos trabalhadores.<\/p>\n","protected":false},"author":13,"featured_media":114020,"comment_status":"open","ping_status":"closed","sticky":false,"template":"","format":"standard","meta":{"_acf_changed":false,"_seopress_robots_primary_cat":"none","_seopress_titles_title":"Oficinas mec\u00e2nicas: refrigeradores de ar industriais","_seopress_titles_desc":"Optimiza as suas condi\u00e7\u00f5es de trabalho com os refrigeradores de ar m\u00f3veis OberA. Fluxo potente, reservat\u00f3rio grande e arrefecimento evaporativo para proteger o seu equipamento e os seus trabalhadores. ","_seopress_robots_index":"","footnotes":""},"categories":[679],"tags":[426],"class_list":["post-108466","post","type-post","status-publish","format-standard","has-post-thumbnail","hentry","category-maquinacao-torneamento-de-barras-e-tratamento-de-superficies","tag-refrigeradores","generate-columns","tablet-grid-50","mobile-grid-100","grid-parent","grid-50","no-featured-image-padding","resize-featured-image"],"acf":[],"_links":{"self":[{"href":"https:\/\/obera.fr\/pt-pt\/wp-json\/wp\/v2\/posts\/108466","targetHints":{"allow":["GET"]}}],"collection":[{"href":"https:\/\/obera.fr\/pt-pt\/wp-json\/wp\/v2\/posts"}],"about":[{"href":"https:\/\/obera.fr\/pt-pt\/wp-json\/wp\/v2\/types\/post"}],"author":[{"embeddable":true,"href":"https:\/\/obera.fr\/pt-pt\/wp-json\/wp\/v2\/users\/13"}],"replies":[{"embeddable":true,"href":"https:\/\/obera.fr\/pt-pt\/wp-json\/wp\/v2\/comments?post=108466"}],"version-history":[{"count":6,"href":"https:\/\/obera.fr\/pt-pt\/wp-json\/wp\/v2\/posts\/108466\/revisions"}],"predecessor-version":[{"id":123244,"href":"https:\/\/obera.fr\/pt-pt\/wp-json\/wp\/v2\/posts\/108466\/revisions\/123244"}],"wp:featuredmedia":[{"embeddable":true,"href":"https:\/\/obera.fr\/pt-pt\/wp-json\/wp\/v2\/media\/114020"}],"wp:attachment":[{"href":"https:\/\/obera.fr\/pt-pt\/wp-json\/wp\/v2\/media?parent=108466"}],"wp:term":[{"taxonomy":"category","embeddable":true,"href":"https:\/\/obera.fr\/pt-pt\/wp-json\/wp\/v2\/categories?post=108466"},{"taxonomy":"post_tag","embeddable":true,"href":"https:\/\/obera.fr\/pt-pt\/wp-json\/wp\/v2\/tags?post=108466"}],"curies":[{"name":"wp","href":"https:\/\/api.w.org\/{rel}","templated":true}]}}