{"id":109339,"date":"2025-06-12T10:23:50","date_gmt":"2025-06-12T08:23:50","guid":{"rendered":"https:\/\/obera.fr\/nosso-conselho\/local-compresseur-surchauffe\/"},"modified":"2025-06-16T14:50:52","modified_gmt":"2025-06-16T12:50:52","slug":"local-compresseur-surchauffe","status":"publish","type":"post","link":"https:\/\/obera.fr\/pt-pt\/nosso-conselho\/local-compresseur-surchauffe\/","title":{"rendered":"Sala de compressores sobreaquecida: como \u00e9 que as solu\u00e7\u00f5es da OberA salvaram a produ\u00e7\u00e3o?"},"content":{"rendered":"\n<h2 class=\"wp-block-heading\">A descoberta: uma sala de compressores de 100 m\u00b2 que n\u00e3o pode ser utilizada em tempo quente<\/h2>\n\n<p>Com o ver\u00e3o \u00e0 porta, um cliente industrial contactou-nos com urg\u00eancia. A sua sala de compressores <strong>de 100 m\u00b2<\/strong> transformava-se num forno assim que a temperatura exterior ultrapassava os 30\u00b0C. Por conseguinte, <strong>os compressores<\/strong> desligavam-se devido ao calor ambiente, o que provocava uma paragem total da produ\u00e7\u00e3o.  <\/p>\n\n<p>Este \u00e9 um caso t\u00edpico: na ind\u00fastria, as salas t\u00e9cnicas s\u00e3o frequentemente mal ventiladas, sem ar condicionado dedicado. No entanto, albergam equipamentos cr\u00edticos que libertam uma enorme quantidade de calor. <\/p>\n\n<p><\/p>\n\n<div class=\"wp-block-columns is-layout-flex wp-container-core-columns-is-layout-28f84493 wp-block-columns-is-layout-flex\">\n<div class=\"wp-block-column is-layout-flow wp-block-column-is-layout-flow\">\n<figure class=\"wp-block-image aligncenter size-full is-resized\"><img decoding=\"async\" width=\"1000\" height=\"1000\" src=\"https:\/\/obera.fr\/wp-content\/uploads\/2025\/06\/panneau-indication-local-compresseur.webp\" alt=\"sinal de sala de compressores\" class=\"wp-image-109536\" style=\"width:364px;height:auto\" srcset=\"https:\/\/obera.fr\/wp-content\/uploads\/2025\/06\/panneau-indication-local-compresseur.webp 1000w, https:\/\/obera.fr\/wp-content\/uploads\/2025\/06\/panneau-indication-local-compresseur-300x300.webp 300w, https:\/\/obera.fr\/wp-content\/uploads\/2025\/06\/panneau-indication-local-compresseur-150x150.webp 150w, https:\/\/obera.fr\/wp-content\/uploads\/2025\/06\/panneau-indication-local-compresseur-768x768.webp 768w\" sizes=\"(max-width: 1000px) 100vw, 1000px\" \/><\/figure>\n<\/div>\n\n\n\n<div class=\"wp-block-column is-layout-flow wp-block-column-is-layout-flow\">\n<figure class=\"wp-block-image aligncenter size-large is-resized\"><img decoding=\"async\" width=\"683\" height=\"1024\" src=\"https:\/\/obera.fr\/wp-content\/uploads\/2025\/06\/chatgpt-image-12-juin-2025-12_16_27-683x1024.png\" alt=\"Sala de compressores\" class=\"wp-image-109513\" style=\"width:376px;height:auto\" srcset=\"https:\/\/obera.fr\/wp-content\/uploads\/2025\/06\/chatgpt-image-12-juin-2025-12_16_27-683x1024.png 683w, https:\/\/obera.fr\/wp-content\/uploads\/2025\/06\/chatgpt-image-12-juin-2025-12_16_27-200x300.png 200w, https:\/\/obera.fr\/wp-content\/uploads\/2025\/06\/chatgpt-image-12-juin-2025-12_16_27-768x1152.png 768w, https:\/\/obera.fr\/wp-content\/uploads\/2025\/06\/chatgpt-image-12-juin-2025-12_16_27.png 1024w\" sizes=\"(max-width: 683px) 100vw, 683px\" \/><\/figure>\n<\/div>\n<\/div>\n<div class=\"gb-container gb-container-9290c18d\">\n\n<h2 class=\"wp-block-heading\">A resposta da OberA: Os nossos refrigeradores adiab\u00e1ticos m\u00f3veis IC.<\/h2>\n\n\n\n<p>Para restabelecer rapidamente uma temperatura controlada, recomend\u00e1mos o aluguer de um refrigerador IC 22, o <strong>refrigerador adiab\u00e1tico m\u00f3vel patenteado OberA<\/strong>, <strong>fabricado em Fran\u00e7a<\/strong> e especificamente concebido para ambientes industriais.<\/p>\n\n<\/div>\n<div class=\"wp-block-columns is-layout-flex wp-container-core-columns-is-layout-28f84493 wp-block-columns-is-layout-flex\">\n<div class=\"wp-block-column is-layout-flow wp-block-column-is-layout-flow\" style=\"flex-basis:50%\">\n<div class=\"wp-block-buttons is-layout-flex wp-block-buttons-is-layout-flex\">\n<div class=\"wp-block-button\"><a class=\"wp-block-button__link has-text-align-center wp-element-button\" href=\"https:\/\/obera.fr\/location-appareil-industriel\/\">V\u00ea as nossas ofertas de aluguer de ambientadores  <\/a><\/div>\n<\/div>\n<\/div>\n<\/div>\n\n<p><\/p>\n\n<p><\/p>\n\n<div class=\"wp-block-columns is-layout-flex wp-container-core-columns-is-layout-28f84493 wp-block-columns-is-layout-flex\">\n<div class=\"wp-block-column is-layout-flow wp-block-column-is-layout-flow\" style=\"flex-basis:50%\">\n<h2 class=\"wp-block-heading\">Porque \u00e9 que o IC22 \u00e9 ideal para uma sala de compressores?<\/h2>\n\n\n\n<ul class=\"wp-block-list\">\n<li> <strong>Efici\u00eancia de arrefecimento de 22 kW<\/strong><\/li>\n\n\n\n<li><strong>Fluxo de ar de 4.500 m\u00b3\/h<\/strong> para agitar o ar estagnado<\/li>\n\n\n\n<li><strong>Instala\u00e7\u00e3o sem trabalho<\/strong>: Plug &amp; Play, pronto a utilizar em apenas alguns minutos<\/li>\n\n\n\n<li>Possibilidade de <strong>arrefecimento local<\/strong> \u00e0 volta dos compressores<\/li>\n\n\n\n<li><strong>Funcionamento 100% a ar &#8211; sem refrigerante<\/strong><\/li>\n<\/ul>\n\n\n\n<p>Ao contr\u00e1rio do ar condicionado convencional, um <a href=\"https:\/\/obera.fr\/conseils\/le-principe-de-fonctionnement-du-refroidissement-adiabatique-air-eau-evaporation\/\">refrigerador adiab\u00e1tico funciona atrav\u00e9s da evapora\u00e7\u00e3o da \u00e1gua<\/a>, tornando-o :<\/p>\n\n\n\n<ul class=\"wp-block-list\">\n<li>Mais econ\u00f3mico na utiliza\u00e7\u00e3o<\/li>\n\n\n\n<li>Mais amigo do ambiente<\/li>\n\n\n\n<li>Mais robusto em condi\u00e7\u00f5es industriais<\/li>\n<\/ul>\n<\/div>\n\n\n\n<div class=\"wp-block-column is-layout-flow wp-block-column-is-layout-flow\" style=\"flex-basis:50%\">\n<h2 class=\"wp-block-heading\">Resultado: Temperatura restabelecida, compressores reiniciados<\/h2>\n\n\n\n<p>O IC 22 foi entregue e instalado em menos de 48 horas.<\/p>\n\n\n\n<p>Temperatura ambiente reduzida para menos de 30\u00b0C<br\/>Sem paragem do compressor desde a instala\u00e7\u00e3o<br\/>Rein\u00edcio da produ\u00e7\u00e3o sem modifica\u00e7\u00e3o da sala<\/p>\n\n\n\n<p><\/p>\n\n\n\n<h2 class=\"wp-block-heading\">Porque n\u00e3o deves negligenciar as tuas salas de compress\u00e3o?<\/h2>\n\n\n\n<ul class=\"wp-block-list\">\n<li>Trata-se de <strong>zonas com uma carga t\u00e9rmica elevada<\/strong>.<\/li>\n\n\n\n<li>A ventila\u00e7\u00e3o convencional \u00e9 <strong>insuficiente no ver\u00e3o<\/strong>.<\/li>\n\n\n\n<li>Uma paragem do compressor significa <strong>uma paragem de produ\u00e7\u00e3o<\/strong> &#8211; e, por conseguinte, um custo.<\/li>\n<\/ul>\n<\/div>\n<\/div>\n\n<figure class=\"wp-block-image aligncenter size-large is-resized\"><img decoding=\"async\" width=\"788\" height=\"1024\" src=\"https:\/\/obera.fr\/wp-content\/uploads\/2025\/05\/ic22-made-in-france-1-788x1024.png\" alt=\"ic22 made in france\" class=\"wp-image-103987\" style=\"width:350px;height:auto\" srcset=\"https:\/\/obera.fr\/wp-content\/uploads\/2025\/05\/ic22-made-in-france-1-788x1024.png 788w, https:\/\/obera.fr\/wp-content\/uploads\/2025\/05\/ic22-made-in-france-1-231x300.png 231w, https:\/\/obera.fr\/wp-content\/uploads\/2025\/05\/ic22-made-in-france-1-768x998.png 768w, https:\/\/obera.fr\/wp-content\/uploads\/2025\/05\/ic22-made-in-france-1.png 1000w\" sizes=\"(max-width: 788px) 100vw, 788px\" \/><figcaption class=\"wp-element-caption\"><strong>Modelo IC 22<\/strong><\/figcaption><\/figure>\n\n<h2 class=\"wp-block-heading\">OberA: Solu\u00e7\u00f5es pr\u00e1ticas para a ind\u00fastria<\/h2>\n\n<p>O nosso IC22 \u00e9 uma solu\u00e7\u00e3o <strong>100% m\u00f3vel, 100% industrial<\/strong>, concebida e fabricada em Fran\u00e7a para responder aos constrangimentos reais das suas instala\u00e7\u00f5es.<\/p>\n\n<h3 class=\"wp-block-heading\">Tens problemas de sobreaquecimento numa sala de compressores?<\/h3>\n\n<p>Contacta-nos: as nossas equipas podem intervir rapidamente, em qualquer ponto de Fran\u00e7a. Com OberA, mant\u00e9m o controlo do seu equipamento &#8211; mesmo abaixo dos 40\u00b0C. <\/p>\n\n<div class=\"wp-block-buttons is-content-justification-center is-layout-flex wp-container-core-buttons-is-layout-a89b3969 wp-block-buttons-is-layout-flex\">\n<div class=\"wp-block-button\"><a class=\"wp-block-button__link has-text-align-center wp-element-button\" href=\"https:\/\/obera.fr\/pt-pt\/contact\/\">Contacta-nos<\/a><\/div>\n<\/div>\n\n<p><\/p>\n","protected":false},"excerpt":{"rendered":"<p>Com o ver\u00e3o \u00e0 porta, um cliente industrial contactou-nos com urg\u00eancia. A sua sala de compressores de 100 m\u00b2 transformou-se num forno assim que a temperatura exterior subiu acima dos 30\u00b0C. <\/p>\n","protected":false},"author":13,"featured_media":112212,"comment_status":"open","ping_status":"closed","sticky":false,"template":"","format":"standard","meta":{"_acf_changed":false,"_seopress_robots_primary_cat":"none","_seopress_titles_title":"Local compresseur surchauff\u00e9 : solution mobile OberA IC22 efficace","_seopress_titles_desc":"Local \u00e0 40\u00b0C ? L\u2019IC22 OberA, rafra\u00eechisseur adiabatique mobile, baisse la temp\u00e9rature en 48h sans travaux. Production relanc\u00e9e, z\u00e9ro arr\u00eat de compresseur.","_seopress_robots_index":"","footnotes":""},"categories":[55],"tags":[],"class_list":["post-109339","post","type-post","status-publish","format-standard","has-post-thumbnail","hentry","category-nosso-conselho","generate-columns","tablet-grid-50","mobile-grid-100","grid-parent","grid-50","no-featured-image-padding","resize-featured-image"],"acf":[],"_links":{"self":[{"href":"https:\/\/obera.fr\/pt-pt\/wp-json\/wp\/v2\/posts\/109339","targetHints":{"allow":["GET"]}}],"collection":[{"href":"https:\/\/obera.fr\/pt-pt\/wp-json\/wp\/v2\/posts"}],"about":[{"href":"https:\/\/obera.fr\/pt-pt\/wp-json\/wp\/v2\/types\/post"}],"author":[{"embeddable":true,"href":"https:\/\/obera.fr\/pt-pt\/wp-json\/wp\/v2\/users\/13"}],"replies":[{"embeddable":true,"href":"https:\/\/obera.fr\/pt-pt\/wp-json\/wp\/v2\/comments?post=109339"}],"version-history":[{"count":17,"href":"https:\/\/obera.fr\/pt-pt\/wp-json\/wp\/v2\/posts\/109339\/revisions"}],"predecessor-version":[{"id":110515,"href":"https:\/\/obera.fr\/pt-pt\/wp-json\/wp\/v2\/posts\/109339\/revisions\/110515"}],"wp:featuredmedia":[{"embeddable":true,"href":"https:\/\/obera.fr\/pt-pt\/wp-json\/wp\/v2\/media\/112212"}],"wp:attachment":[{"href":"https:\/\/obera.fr\/pt-pt\/wp-json\/wp\/v2\/media?parent=109339"}],"wp:term":[{"taxonomy":"category","embeddable":true,"href":"https:\/\/obera.fr\/pt-pt\/wp-json\/wp\/v2\/categories?post=109339"},{"taxonomy":"post_tag","embeddable":true,"href":"https:\/\/obera.fr\/pt-pt\/wp-json\/wp\/v2\/tags?post=109339"}],"curies":[{"name":"wp","href":"https:\/\/api.w.org\/{rel}","templated":true}]}}