{"id":113048,"date":"2025-06-18T12:57:38","date_gmt":"2025-06-18T10:57:38","guid":{"rendered":"https:\/\/obera.fr\/nosso-conselho\/rafraichisseur-aeronautique\/"},"modified":"2025-07-16T10:48:41","modified_gmt":"2025-07-16T08:48:41","slug":"rafraichisseur-aeronautique","status":"publish","type":"post","link":"https:\/\/obera.fr\/pt-pt\/aeroespacial-pt-pt\/rafraichisseur-aeronautique\/","title":{"rendered":"Refrigeradores de ar dedicados \u00e0s necessidades do sector aeron\u00e1utico"},"content":{"rendered":"\n<p>No sector da aeron\u00e1utica, os hangares e as oficinas s\u00e3o frequentemente confrontados com grandes desafios t\u00e9rmicos, sobretudo durante os meses de ver\u00e3o. <strong>As temperaturas elevadas<\/strong> podem afetar o desempenho dos t\u00e9cnicos, a qualidade dos materiais sens\u00edveis e o correto funcionamento dos equipamentos. A OberA oferece <a href=\"https:\/\/obera.fr\/pt-pt\/nosso-conselho\/solucao-refroidissement-efficacite-energetique\/\">solu\u00e7\u00f5es m\u00f3veis de arrefecimento adiab\u00e1tico<\/a> concebidas para satisfazer as <strong>exig\u00eancias espec\u00edficas deste sector<\/strong>. <\/p>\n\n<h2 class=\"wp-block-heading\">Porqu\u00ea optar por um refrigerador de ar na ind\u00fastria aeron\u00e1utica?<\/h2>\n\n<figure class=\"wp-block-image alignright size-large is-resized\"><img decoding=\"async\" width=\"1024\" height=\"667\" src=\"https:\/\/obera.fr\/wp-content\/uploads\/2025\/06\/embarquement-avion-1024x667.jpg\" alt=\"Vista frontal do avi&#xE3;o\" class=\"wp-image-113091\" style=\"width:359px;height:auto\" srcset=\"https:\/\/obera.fr\/wp-content\/uploads\/2025\/06\/embarquement-avion-1024x667.jpg 1024w, https:\/\/obera.fr\/wp-content\/uploads\/2025\/06\/embarquement-avion-300x196.jpg 300w, https:\/\/obera.fr\/wp-content\/uploads\/2025\/06\/embarquement-avion-768x500.jpg 768w, https:\/\/obera.fr\/wp-content\/uploads\/2025\/06\/embarquement-avion-1536x1001.jpg 1536w, https:\/\/obera.fr\/wp-content\/uploads\/2025\/06\/embarquement-avion-2048x1335.jpg 2048w\" sizes=\"(max-width: 1024px) 100vw, 1024px\" \/><\/figure>\n\n<h3 class=\"wp-block-heading\">Desafios t\u00e9rmicos em hangares e oficinas de aeronaves<\/h3>\n\n<p>As infra-estruturas aeron\u00e1uticas, como hangares, <strong>oficinas de manuten\u00e7\u00e3o<\/strong> e zonas de montagem, caracterizam-se frequentemente por volumes muito grandes, tectos altos e um isolamento t\u00e9rmico limitado ou inexistente.  <\/p>\n\n<p>A exposi\u00e7\u00e3o prolongada ao sol transforma rapidamente estes espa\u00e7os em verdadeiras \u201cc\u00e2maras de aquecimento\u201d. No ver\u00e3o, n\u00e3o \u00e9 raro que <strong>se verifiquem temperaturas<\/strong> superiores a 35\u00b0C nos interiores, o que tem v\u00e1rias consequ\u00eancias negativas:   <\/p>\n\n<p><strong>Os sistemas de ar condicionado tradicionais<\/strong>, que s\u00e3o caros e consomem muita energia, s\u00e3o muitas vezes inadequados para estes ambientes abertos, onde as portas s\u00e3o frequentemente deixadas abertas para a entrada e sa\u00edda de aeronaves. Isto torna-os praticamente ineficazes. <\/p>\n\n<h3 class=\"wp-block-heading\">Impacto das temperaturas nos equipamentos, materiais e t\u00e9cnicos<\/h3>\n\n<p>O calor excessivo pode provocar :<\/p>\n\n<ul class=\"wp-block-list\">\n<li><strong>Danos em materiais sens\u00edveis<\/strong>: alguns comp\u00f3sitos, ligas e adesivos t\u00e9cnicos utilizados na constru\u00e7\u00e3o e manuten\u00e7\u00e3o de aeronaves perdem as suas propriedades mec\u00e2nicas sob o efeito do calor. Isto pode comprometer a qualidade das montagens e exigir um retrabalho dispendioso; <\/li>\n\n\n\n<li><strong>Avarias em equipamentos de precis\u00e3o<\/strong>: os instrumentos de medi\u00e7\u00e3o ou os bancos de ensaio podem ter as suas toler\u00e2ncias perturbadas, reduzindo a fiabilidade do controlo de qualidade;<\/li>\n\n\n\n<li><strong>Diminui\u00e7\u00e3o significativa da produtividade humana<\/strong>: acima dos 28\u00b0C, verifica-se uma diminui\u00e7\u00e3o da concentra\u00e7\u00e3o, um aumento da fadiga e um maior risco de mal-estar dos operadores. Isto traduz-se por uma diminui\u00e7\u00e3o do ritmo de trabalho, um aumento dos erros t\u00e9cnicos e um maior absentismo; <\/li>\n\n\n\n<li><strong>Aumento do risco de incidentes<\/strong>: em ambientes onde o rigor e a seguran\u00e7a s\u00e3o essenciais, qualquer diminui\u00e7\u00e3o da vigil\u00e2ncia devido ao calor pode ter consequ\u00eancias graves.<\/li>\n<\/ul>\n\n<h3 class=\"wp-block-heading\">Refrigeradores adiab\u00e1ticos: uma solu\u00e7\u00e3o adequada e econ\u00f3mica<\/h3>\n\n<figure class=\"wp-block-image alignleft size-large is-resized\"><img decoding=\"async\" width=\"1024\" height=\"856\" src=\"https:\/\/obera.fr\/wp-content\/uploads\/2024\/11\/gamme-ic-1-1024x856.png\" alt=\"gama ic\" class=\"wp-image-49129\" style=\"width:253px;height:auto\" srcset=\"https:\/\/obera.fr\/wp-content\/uploads\/2024\/11\/gamme-ic-1-1024x856.png 1024w, https:\/\/obera.fr\/wp-content\/uploads\/2024\/11\/gamme-ic-1-300x251.png 300w, https:\/\/obera.fr\/wp-content\/uploads\/2024\/11\/gamme-ic-1-768x642.png 768w, https:\/\/obera.fr\/wp-content\/uploads\/2024\/11\/gamme-ic-1.png 1200w\" sizes=\"(max-width: 1024px) 100vw, 1024px\" \/><\/figure>\n\n<p>Face a estes desafios, <a href=\"https:\/\/obera.fr\/pt-pt\/produits\/rafraichisseurs-air\/\">os refrigeradores de ar adiab\u00e1ticos m\u00f3veis<\/a><strong> <\/strong>oferecidos pela OberA s\u00e3o a alternativa ideal. Ao utilizarem o princ\u00edpio natural da evapora\u00e7\u00e3o da \u00e1gua para arrefecer o ar, reduzem eficazmente a temperatura ambiente, mesmo em espa\u00e7os muito abertos. <\/p>\n\n<p>Ao contr\u00e1rio dos sistemas de ar condicionado fechados, os refrigeradores funcionam com a porta aberta, sem perda de efici\u00eancia e com <strong>um consumo de energia<\/strong> at\u00e9 5 vezes inferior.<\/p>\n\n<blockquote class=\"wp-block-quote is-layout-flow wp-block-quote-is-layout-flow\">\n<p><em>A palavra do especialista: ao contr\u00e1rio dos sistemas de ar condicionado convencionais, os nossos <\/em><strong><em>s\u00e3o compat\u00edveis com espa\u00e7os abertos<\/em><\/strong><em>. Melhor ainda: a entrada de ar quente novo permite melhorar o desempenho do aparelho, transformando-o em ar frio (3 a 12\u00b0C mais frio do que a temperatura do ar exterior).<\/em><\/p>\n<\/blockquote>\n\n<h2 class=\"wp-block-heading\">Como funcionam os refrigeradores de ar em ambientes industriais<\/h2>\n\n<h3 class=\"wp-block-heading\">Princ\u00edpio do arrefecimento por evapora\u00e7\u00e3o (adiab\u00e1tico)<\/h3>\n\n<p>O <strong>sistema adiab\u00e1tico<\/strong> utiliza a evapora\u00e7\u00e3o da \u00e1gua para baixar naturalmente a temperatura do ar. O ar quente \u00e9 aspirado atrav\u00e9s de pain\u00e9is humidificados, provocando a evapora\u00e7\u00e3o da \u00e1gua e arrefecendo o ar fornecido. Este processo natural \u00e9 eficiente, econ\u00f3mico e amigo do ambiente, sem a <strong>utiliza\u00e7\u00e3o de gases refrigerantes<\/strong>.  <\/p>\n\n<h3 class=\"wp-block-heading\">Compara\u00e7\u00e3o entre sistemas fixos e m\u00f3veis adaptados \u00e0 ind\u00fastria aeron\u00e1utica<\/h3>\n\n<p>A escolha entre um <strong>refrigerador de ar m\u00f3vel ou fixo<\/strong> depende muito da configura\u00e7\u00e3o das tuas instala\u00e7\u00f5es, das tuas restri\u00e7\u00f5es de utiliza\u00e7\u00e3o e do n\u00edvel de flexibilidade necess\u00e1rio. A OberA oferece solu\u00e7\u00f5es baseadas na tecnologia adiab\u00e1tica para garantir um arrefecimento de alto desempenho e econ\u00f3mico sem a necessidade de um sistema <strong>de ar condicionado tradicional<\/strong>: sistemas m\u00f3veis. Flex\u00edveis e f\u00e1ceis de deslocar, permitem um arrefecimento direcionado para as necessidades espec\u00edficas das zonas de trabalho.  <\/p>\n\n<blockquote class=\"wp-block-quote is-layout-flow wp-block-quote-is-layout-flow\">\n<p><em>Conselho da OberA: para um grande hangar de manuten\u00e7\u00e3o com zonas de atividade fixas, um sistema fixo \u00e9 o ideal. Por outro lado, para oficinas modulares ou necessidades sazonais, o sistema   <\/em><strong><em>refrigerador m\u00f3vel<\/em><\/strong><em>  oferece uma resposta r\u00e1pida, eficiente e econ\u00f3mica. De facto, a maioria dos nossos clientes do sector aeroespacial combina as duas abordagens. <\/em><br\/><\/p>\n<\/blockquote>\n\n<figure class=\"wp-block-image alignright size-large is-resized\"><img decoding=\"async\" width=\"1024\" height=\"1024\" src=\"https:\/\/obera.fr\/wp-content\/uploads\/2025\/06\/21-1-1024x1024.png\" alt=\"OberUm ambientador que arrefece um hangar com pessoas a trabalhar num avi&#xE3;o\" class=\"wp-image-113114\" style=\"width:343px;height:auto\" srcset=\"https:\/\/obera.fr\/wp-content\/uploads\/2025\/06\/21-1-1024x1024.png 1024w, https:\/\/obera.fr\/wp-content\/uploads\/2025\/06\/21-1-300x300.png 300w, https:\/\/obera.fr\/wp-content\/uploads\/2025\/06\/21-1-150x150.png 150w, https:\/\/obera.fr\/wp-content\/uploads\/2025\/06\/21-1-768x768.png 768w, https:\/\/obera.fr\/wp-content\/uploads\/2025\/06\/21-1.png 1200w\" sizes=\"(max-width: 1024px) 100vw, 1024px\" \/><\/figure>\n\n<h2 class=\"wp-block-heading\">Vantagens dos refrigeradores de ar para a ind\u00fastria aeron\u00e1utica<\/h2>\n\n<ul class=\"wp-block-list\">\n<li>Arrefecimento eficiente para grandes espa\u00e7os abertos: <strong>os refrigeradores da gama IC OberA<\/strong> oferecem caudais de ar at\u00e9 30.000 m\u00b3\/h, permitindo o arrefecimento eficiente de superf\u00edcies at\u00e9 400 m\u00b2;<\/li>\n\n\n\n<li>Melhoria <strong>das condi\u00e7\u00f5es de trabalho das equipas t\u00e9cnicas<\/strong>: ao manterem uma temperatura ambiente confort\u00e1vel, estes sistemas reduzem o stress t\u00e9rmico, melhoram a concentra\u00e7\u00e3o dos t\u00e9cnicos e aumentam a produtividade global;<\/li>\n\n\n\n<li><strong>Custos de energia mais baixos do que os sistemas de ar condicionado<\/strong> tradicionais: os refrigeradores adiab\u00e1ticos consomem at\u00e9 menos 80% de energia do que os sistemas de ar condicionado tradicionais, proporcionando poupan\u00e7as substanciais nos custos de funcionamento.<\/li>\n<\/ul>\n\n<h2 class=\"wp-block-heading\">Aeron\u00e1utica: os nossos conselhos para escolher o refrigerador de ar certo<\/h2>\n\n<p>Escolher o <strong>arrefecedor adiab\u00e1tico<\/strong> adequado envolve mais do que comparar taxas de caudal de ar e pre\u00e7os. Num sector t\u00e3o exigente como a aeron\u00e1utica, em que as condi\u00e7\u00f5es de trabalho, a configura\u00e7\u00e3o do espa\u00e7o e as restri\u00e7\u00f5es t\u00e9cnicas variam de um local para outro, \u00e9 essencial selecionar o equipamento certo. <\/p>\n\n<p>Os nossos t\u00e9cnicos da OberA, especializados em <strong>ambientes industriais complexos<\/strong>, acompanham-no na avalia\u00e7\u00e3o das suas necessidades e prop\u00f5em-lhe a solu\u00e7\u00e3o mais eficaz, sustent\u00e1vel e econ\u00f3mica. Eis os crit\u00e9rios essenciais que t\u00eam sistematicamente em conta durante um diagn\u00f3stico no local: <\/p>\n\n<ul class=\"wp-block-list\">\n<li><strong>Pot\u00eancia e capacidade de caudal de ar: <\/strong>quanto maior for o volume a tratar, maior ser\u00e1 o caudal de ar (expresso em m\u00b3\/h) necess\u00e1rio. Por exemplo, um hangar de 1.000 m\u00b2 com uma altura de 10 m requer um refrigerador profissional capaz de misturar v\u00e1rias dezenas de milhares de m\u00b3\/h. <\/li>\n\n\n\n<li><strong>Mobilidade e flexibilidade: <\/strong>se as suas oficinas mudarem ou se certas \u00e1reas precisarem de ser arrefecidas de tempos a tempos (zona de pintura, inspe\u00e7\u00e3o final, etc.), um modelo <strong>m\u00f3vel<\/strong> com rod\u00edzios refor\u00e7ados pode responder eficazmente \u00e0s suas necessidades operacionais sem interromper a produ\u00e7\u00e3o.<\/li>\n\n\n\n<li><strong>Robustez e durabilidade: <\/strong>num ambiente sujeito a poeiras, produtos qu\u00edmicos ou choques mec\u00e2nicos, escolhe um produto profissional concebido com uma estrutura refor\u00e7ada, motores protegidos e ventila\u00e7\u00e3o adaptada \u00e0s condi\u00e7\u00f5es adversas.<\/li>\n\n\n\n<li><strong>Tipo de alimenta\u00e7\u00e3o de \u00e1gua<\/strong>: alguns modelos t\u00eam um reservat\u00f3rio incorporado, enquanto outros podem ser ligados diretamente \u00e0 rede el\u00e9ctrica. Este crit\u00e9rio tem um impacto na autonomia de funcionamento e na frequ\u00eancia de manuten\u00e7\u00e3o. <\/li>\n\n\n\n<li><strong>F\u00e1cil manuten\u00e7\u00e3o:<\/strong>o acesso r\u00e1pido aos filtros, \u00e0 bomba e ao reservat\u00f3rio de \u00e1gua garante uma manuten\u00e7\u00e3o f\u00e1cil, essencial para garantir uma refrigera\u00e7\u00e3o constante e higi\u00e9nica, especialmente quando utilizada de forma intensiva.<\/li>\n<\/ul>\n\n<blockquote class=\"wp-block-quote is-layout-flow wp-block-quote-is-layout-flow\">\n<p><em>\u00c9 bom saber: todos os refrigeradores OberA s\u00e3o concebidos para <\/em><strong><em>operar em ambientes industriais exigentes<\/em><\/strong><em>. A gama IC \u00e9 particularmente popular na ind\u00fastria aeroespacial pela sua fiabilidade, pot\u00eancia e facilidade de utiliza\u00e7\u00e3o, mesmo em modo m\u00f3vel.<\/em><\/p>\n<\/blockquote>\n\n<h2 class=\"wp-block-heading\">Solu\u00e7\u00f5es adaptadas \u00e0 ind\u00fastria aeroespacial<\/h2>\n\n<h3 class=\"wp-block-heading\">Gama OberA de refrigeradores profissionais<\/h3>\n\n<p>A OberA oferece uma <strong>gama completa de refrigeradores de ar<\/strong> adaptados \u00e0s necessidades espec\u00edficas da ind\u00fastria aeron\u00e1utica.<\/p>\n\n<figure class=\"wp-block-table\"><table class=\"has-fixed-layout\"><tbody><tr><td>Modelo<\/td><td>Caudal de ar (m\u00b3\/h)<\/td><td>\u00c1rea coberta (m\u00b2)<\/td><td>Pot\u00eancia (W)<\/td><td>Capacidade do dep\u00f3sito (L)<\/td><\/tr><tr><td>IC 12<\/td><td>12 000<\/td><td>150<\/td><td>440<\/td><td>70<\/td><\/tr><tr><td>IC 22<\/td><td>22 000<\/td><td>250<\/td><td>640<\/td><td>130<\/td><\/tr><tr><td>IC 30<\/td><td>30 000<\/td><td>400<\/td><td>850<\/td><td>280<\/td><\/tr><\/tbody><\/table><\/figure>\n\n<h3 class=\"wp-block-heading\">Servi\u00e7os adicionais<\/h3>\n\n<ul class=\"wp-block-list\">\n<li><strong>Instala\u00e7\u00e3o e manuten\u00e7\u00e3o<\/strong>: A OberA oferece servi\u00e7os completos para a instala\u00e7\u00e3o e manuten\u00e7\u00e3o dos seus equipamentos, garantindo um desempenho \u00f3timo.<\/li>\n<\/ul>\n\n<p><strong>Op\u00e7\u00f5es de aluguer ou compra<\/strong>: flexibilidade no modo de aquisi\u00e7\u00e3o para se adaptar \u00e0s necessidades e or\u00e7amentos das empresas.<\/p>\n","protected":false},"excerpt":{"rendered":"<p>No sector da aeron\u00e1utica, os hangares e as oficinas s\u00e3o frequentemente confrontados com grandes desafios t\u00e9rmicos, sobretudo durante os meses de ver\u00e3o.  <\/p>\n","protected":false},"author":13,"featured_media":113649,"comment_status":"open","ping_status":"closed","sticky":false,"template":"","format":"standard","meta":{"_acf_changed":false,"_seopress_robots_primary_cat":"none","_seopress_titles_title":"Aeron\u00e1utica: refrigeradores de ar adiab\u00e1ticos","_seopress_titles_desc":"Melhora o conforto das tuas oficinas aeron\u00e1uticas com as geleiras OberA. Arrefecimento adiab\u00e1tico econ\u00f3mico e de elevado desempenho.","_seopress_robots_index":"","footnotes":""},"categories":[431],"tags":[426],"class_list":["post-113048","post","type-post","status-publish","format-standard","has-post-thumbnail","hentry","category-aeroespacial-pt-pt","tag-refrigeradores","generate-columns","tablet-grid-50","mobile-grid-100","grid-parent","grid-50","no-featured-image-padding","resize-featured-image"],"acf":[],"_links":{"self":[{"href":"https:\/\/obera.fr\/pt-pt\/wp-json\/wp\/v2\/posts\/113048","targetHints":{"allow":["GET"]}}],"collection":[{"href":"https:\/\/obera.fr\/pt-pt\/wp-json\/wp\/v2\/posts"}],"about":[{"href":"https:\/\/obera.fr\/pt-pt\/wp-json\/wp\/v2\/types\/post"}],"author":[{"embeddable":true,"href":"https:\/\/obera.fr\/pt-pt\/wp-json\/wp\/v2\/users\/13"}],"replies":[{"embeddable":true,"href":"https:\/\/obera.fr\/pt-pt\/wp-json\/wp\/v2\/comments?post=113048"}],"version-history":[{"count":2,"href":"https:\/\/obera.fr\/pt-pt\/wp-json\/wp\/v2\/posts\/113048\/revisions"}],"predecessor-version":[{"id":113146,"href":"https:\/\/obera.fr\/pt-pt\/wp-json\/wp\/v2\/posts\/113048\/revisions\/113146"}],"wp:featuredmedia":[{"embeddable":true,"href":"https:\/\/obera.fr\/pt-pt\/wp-json\/wp\/v2\/media\/113649"}],"wp:attachment":[{"href":"https:\/\/obera.fr\/pt-pt\/wp-json\/wp\/v2\/media?parent=113048"}],"wp:term":[{"taxonomy":"category","embeddable":true,"href":"https:\/\/obera.fr\/pt-pt\/wp-json\/wp\/v2\/categories?post=113048"},{"taxonomy":"post_tag","embeddable":true,"href":"https:\/\/obera.fr\/pt-pt\/wp-json\/wp\/v2\/tags?post=113048"}],"curies":[{"name":"wp","href":"https:\/\/api.w.org\/{rel}","templated":true}]}}