{"id":114858,"date":"2025-06-23T14:29:46","date_gmt":"2025-06-23T12:29:46","guid":{"rendered":"https:\/\/obera.fr\/nosso-conselho\/jeunes-tailleurs-refusent-ateliers-poussiereux\/"},"modified":"2025-07-08T14:05:29","modified_gmt":"2025-07-08T12:05:29","slug":"jeunes-tailleurs-refusent-ateliers-poussiereux","status":"publish","type":"post","link":"https:\/\/obera.fr\/pt-pt\/nosso-conselho\/jeunes-tailleurs-refusent-ateliers-poussiereux\/","title":{"rendered":"Jovens alfaiates rejeitam oficinas empoeiradas: uma mudan\u00e7a geracional?"},"content":{"rendered":"\n<p>Tradicionalmente associados a trabalhos <strong>manuais por vezes considerados austeros<\/strong>, os ateliers de alfaiataria e de costura t\u00eam, desde h\u00e1 muito tempo, uma imagem presa ao passado: p\u00f3, pouca luz, longas horas de trabalho repetitivo. Mas esta imagem est\u00e1 a mudar. Uma nova gera\u00e7\u00e3o de jovens alfaiates &#8211; apaixonados, ambiciosos e ligados &#8211; exige condi\u00e7\u00f5es de trabalho<strong> modernas<\/strong>, criativas e gratificantes.    <\/p>\n\n<h2 class=\"wp-block-heading\">Uma nova gera\u00e7\u00e3o a agitar as coisas  <\/h2>\n\n<p>J\u00e1 l\u00e1 v\u00e3o os dias das oficinas escuras e envelhecidas.<strong>Os jovens talentos<\/strong> querem espa\u00e7os luminosos e ergon\u00f3micos, concebidos para a cria\u00e7\u00e3o, mas tamb\u00e9m para o interc\u00e2mbio e a aprendizagem. N\u00e3o querem apenas \u201cfazer\u201d, querem \u201ccompreender\u201d, \u201cinovar\u201d e \u201cexprimir-se\u201d.    <\/p>\n\n<p>Esta mudan\u00e7a <strong>n\u00e3o afecta apenas o ambiente de trabalho<\/strong>, mas tamb\u00e9m a forma como a profiss\u00e3o \u00e9 vista. Para muitos jovens, ser alfaiate j\u00e1 n\u00e3o significa apenas reproduzir uma habilidade antiga, mas tamb\u00e9m evolu\u00ed-la, adaptando-a \u00e0s exig\u00eancias contempor\u00e2neas &#8211; seja em termos de sustentabilidade, estilo ou tecnologia.   <\/p>\n\n<h2 class=\"wp-block-heading\">OberA, um parceiro para as novas gera\u00e7\u00f5es  <\/h2>\n\n<p>Na <strong>OberA<\/strong>, h\u00e1 muito que compreendemos a import\u00e2ncia desta transforma\u00e7\u00e3o. \u00c9 por isso que estamos ativamente envolvidos com jovens artes\u00e3os e artes\u00e3s, ajudando-os a desenvolver as suas compet\u00eancias, promovendo a sua criatividade e apoiando as suas ambi\u00e7\u00f5es.   <\/p>\n\n<p>H\u00e1 v\u00e1rios anos que nos orgulhamos <strong>de ser parceiros da WorldSkills, tanto a n\u00edvel nacional como internacional<\/strong>. Este compromisso reflecte o nosso desejo de apoiar a excel\u00eancia, a transmiss\u00e3o e a inova\u00e7\u00e3o nos of\u00edcios artesanais, particularmente nos t\u00eaxteis e no vestu\u00e1rio.   <\/p>\n\n<p>A WorldSkills \u00e9 mais do que uma simples competi\u00e7\u00e3o: \u00e9 uma montra global das compet\u00eancias dos jovens, um catalisador da sua paix\u00e3o e um trampolim para o reconhecimento profissional. Ao apoiar estes jovens em todas as fases &#8211; desde a prepara\u00e7\u00e3o at\u00e9 \u00e0 competi\u00e7\u00e3o internacional &#8211; <strong>a OberA est\u00e1 a destacar os novos rostos da profiss\u00e3o de alfaiate<\/strong>, aqueles que est\u00e3o hoje a inventar as oficinas do futuro.   <\/p>\n\n<h2 class=\"wp-block-heading\">Rumo a um futuro cosido \u00e0 m\u00e3o  <\/h2>\n\n<p>Esta mudan\u00e7a de gera\u00e7\u00f5es \u00e9 uma oportunidade fant\u00e1stica para restaurar o prest\u00edgio da profiss\u00e3o de alfaiate. Desde que, naturalmente, acompanhemos esta transi\u00e7\u00e3o, apoiemos o desejo de aprender de uma forma diferente e construamos pontes entre a tradi\u00e7\u00e3o e a modernidade.   <\/p>\n\n<p>Na OberA, acreditamos nesta nova gera\u00e7\u00e3o. E orgulhamo-nos de fazer parte do seu percurso. <\/p>\n","protected":false},"excerpt":{"rendered":"<p>Tradicionalmente associados a trabalhos manuais por vezes considerados austeros, os ateliers de alfaiataria e de costura t\u00eam, desde h\u00e1 muito, uma imagem presa ao passado: p\u00f3, pouca luz, longas horas de trabalho repetitivo. Mas essa imagem est\u00e1 a mudar. <\/p>\n","protected":false},"author":13,"featured_media":120490,"comment_status":"open","ping_status":"closed","sticky":false,"template":"","format":"standard","meta":{"_acf_changed":false,"_seopress_robots_primary_cat":"none","_seopress_titles_title":"Les jeunes tailleurs r\u00e9inventent l\u2019atelier : vers un m\u00e9tier modernis\u00e9","_seopress_titles_desc":"Nouvelle g\u00e9n\u00e9ration, nouveaux ateliers : les jeunes tailleurs modernisent le m\u00e9tier avec cr\u00e9ativit\u00e9, innovation et exigence. OberA les accompagne.","_seopress_robots_index":"","footnotes":""},"categories":[55],"tags":[],"class_list":["post-114858","post","type-post","status-publish","format-standard","has-post-thumbnail","hentry","category-nosso-conselho","generate-columns","tablet-grid-50","mobile-grid-100","grid-parent","grid-50","no-featured-image-padding","resize-featured-image"],"acf":[],"_links":{"self":[{"href":"https:\/\/obera.fr\/pt-pt\/wp-json\/wp\/v2\/posts\/114858","targetHints":{"allow":["GET"]}}],"collection":[{"href":"https:\/\/obera.fr\/pt-pt\/wp-json\/wp\/v2\/posts"}],"about":[{"href":"https:\/\/obera.fr\/pt-pt\/wp-json\/wp\/v2\/types\/post"}],"author":[{"embeddable":true,"href":"https:\/\/obera.fr\/pt-pt\/wp-json\/wp\/v2\/users\/13"}],"replies":[{"embeddable":true,"href":"https:\/\/obera.fr\/pt-pt\/wp-json\/wp\/v2\/comments?post=114858"}],"version-history":[{"count":1,"href":"https:\/\/obera.fr\/pt-pt\/wp-json\/wp\/v2\/posts\/114858\/revisions"}],"predecessor-version":[{"id":114860,"href":"https:\/\/obera.fr\/pt-pt\/wp-json\/wp\/v2\/posts\/114858\/revisions\/114860"}],"wp:featuredmedia":[{"embeddable":true,"href":"https:\/\/obera.fr\/pt-pt\/wp-json\/wp\/v2\/media\/120490"}],"wp:attachment":[{"href":"https:\/\/obera.fr\/pt-pt\/wp-json\/wp\/v2\/media?parent=114858"}],"wp:term":[{"taxonomy":"category","embeddable":true,"href":"https:\/\/obera.fr\/pt-pt\/wp-json\/wp\/v2\/categories?post=114858"},{"taxonomy":"post_tag","embeddable":true,"href":"https:\/\/obera.fr\/pt-pt\/wp-json\/wp\/v2\/tags?post=114858"}],"curies":[{"name":"wp","href":"https:\/\/api.w.org\/{rel}","templated":true}]}}