{"id":114984,"date":"2025-06-24T12:08:40","date_gmt":"2025-06-24T10:08:40","guid":{"rendered":"https:\/\/obera.fr\/nosso-conselho\/rafraichisseur-mobiles-adiabatiques-evenements-ephemeres\/"},"modified":"2025-07-16T10:48:46","modified_gmt":"2025-07-16T08:48:46","slug":"rafraichisseur-mobiles-adiabatiques-evenements-ephemeres","status":"publish","type":"post","link":"https:\/\/obera.fr\/pt-pt\/artes-entretenimento-e-lazer\/rafraichisseur-mobiles-adiabatiques-evenements-ephemeres\/","title":{"rendered":"Refrigeradores adiab\u00e1ticos m\u00f3veis: A solu\u00e7\u00e3o francesa para os teus eventos ef\u00e9meros"},"content":{"rendered":"\n<p>No mundo atual dos <strong>eventos tempor\u00e1rios<\/strong>, como festivais, eventos desportivos, mercados itinerantes, feiras comerciais e restaurantes tempor\u00e1rios, \u00e9 essencial garantir o conforto t\u00e9rmico dos participantes. Os nossos <a href=\"https:\/\/obera.fr\/pt-pt\/produits\/rafraichisseurs-air\/\">refrigeradores adiab\u00e1ticos m\u00f3veis<\/a>, concebidos e fabricados em Fran\u00e7a, oferecem uma solu\u00e7\u00e3o ecol\u00f3gica e eficiente que se adapta perfeitamente a estas estruturas tempor\u00e1rias.  <\/p>\n\n<div class=\"wp-block-columns is-layout-flex wp-container-core-columns-is-layout-28f84493 wp-block-columns-is-layout-flex\">\n<div class=\"wp-block-column is-layout-flow wp-block-column-is-layout-flow\" style=\"flex-basis:50%\">\n<h2 class=\"wp-block-heading\">Compreender o arrefecimento adiab\u00e1tico  <\/h2>\n\n\n\n<p>O <strong>princ\u00edpio do arrefecimento adiab\u00e1tico<\/strong> baseia-se num fen\u00f3meno natural: a evapora\u00e7\u00e3o da \u00e1gua. O ar quente e seco \u00e9 aspirado, passa atrav\u00e9s de meios humidificados e depois \u00e9 arrefecido, sem a utiliza\u00e7\u00e3o de gases refrigerantes nocivos. Este processo consome at\u00e9 10 vezes menos energia do que o <a href=\"https:\/\/obera.fr\/pt-pt\/nosso-conselho\/rafraichissement-adiabatique-confort-thermique-naturel\/\">ar condicionado tradicional<\/a>, ao mesmo tempo que melhora a qualidade do ar interior.    <\/p>\n\n\n\n<h2 class=\"wp-block-heading\">Uma solu\u00e7\u00e3o ideal para estruturas tempor\u00e1rias  <\/h2>\n\n\n\n<p>As nossas<strong> geleiras<\/strong> s\u00e3o especialmente concebidas para se adaptarem a ambientes como :  <\/p>\n\n\n\n<ul class=\"wp-block-list\">\n<li>Arbors, marquises, barnums e stands para festas e mercados.  <\/li>\n\n\n\n<li>Enfermarias m\u00f3veis ou postos de primeiros socorros em eventos desportivos ou culturais.<\/li>\n\n\n\n<li>Restaurantes ef\u00e9meros, cami\u00f5es de comida e bancas de bebidas ao ar livre.  <\/li>\n<\/ul>\n\n\n\n<p>A sua mobilidade, gra\u00e7as aos rod\u00edzios robustos, facilita a sua desloca\u00e7\u00e3o entre diferentes \u00e1reas, assegurando uma varredura constante onde \u00e9 necess\u00e1rio.  <\/p>\n<\/div>\n\n\n\n<div class=\"wp-block-column is-layout-flow wp-block-column-is-layout-flow\" style=\"flex-basis:50%\">\n<p><\/p>\n\n\n\n<p><\/p>\n\n\n\n<p><\/p>\n\n\n\n<p><\/p>\n\n\n\n<p><\/p>\n\n\n\n<figure class=\"wp-block-image size-large\"><img decoding=\"async\" width=\"1024\" height=\"576\" src=\"https:\/\/obera.fr\/wp-content\/uploads\/2025\/06\/img-20250622-wa0000-1024x576.jpg\" alt=\"Enfermaria tempor&#xE1;ria da RAF OberA\" class=\"wp-image-117728\" srcset=\"https:\/\/obera.fr\/wp-content\/uploads\/2025\/06\/img-20250622-wa0000-1024x576.jpg 1024w, https:\/\/obera.fr\/wp-content\/uploads\/2025\/06\/img-20250622-wa0000-300x169.jpg 300w, https:\/\/obera.fr\/wp-content\/uploads\/2025\/06\/img-20250622-wa0000-768x432.jpg 768w, https:\/\/obera.fr\/wp-content\/uploads\/2025\/06\/img-20250622-wa0000-1536x864.jpg 1536w, https:\/\/obera.fr\/wp-content\/uploads\/2025\/06\/img-20250622-wa0000.jpg 1600w\" sizes=\"(max-width: 1024px) 100vw, 1024px\" \/><\/figure>\n<\/div>\n<\/div>\n\n<p><\/p>\n\n<p><\/p>\n\n<p><\/p>\n<div class=\"gb-container gb-container-025760be alignwide\">\n<div class=\"gb-container gb-container-9f708c38\"><\/div>\n<\/div><div class=\"gb-container gb-container-fc410df5\">\n\n<figure class=\"wp-block-gallery has-nested-images columns-default is-cropped wp-block-gallery-1 is-layout-flex wp-block-gallery-is-layout-flex\">\n<figure class=\"wp-block-image size-large\"><img decoding=\"async\" width=\"1024\" height=\"766\" data-id=\"117665\" src=\"https:\/\/obera.fr\/wp-content\/uploads\/2025\/06\/img_20250629_142849-1024x766.jpg\" alt=\"RAF OberA debaixo de &#xE1;rvores\" class=\"wp-image-117665\" srcset=\"https:\/\/obera.fr\/wp-content\/uploads\/2025\/06\/img_20250629_142849-1024x766.jpg 1024w, https:\/\/obera.fr\/wp-content\/uploads\/2025\/06\/img_20250629_142849-300x224.jpg 300w, https:\/\/obera.fr\/wp-content\/uploads\/2025\/06\/img_20250629_142849-768x574.jpg 768w, https:\/\/obera.fr\/wp-content\/uploads\/2025\/06\/img_20250629_142849-1536x1149.jpg 1536w, https:\/\/obera.fr\/wp-content\/uploads\/2025\/06\/img_20250629_142849-2048x1532.jpg 2048w\" sizes=\"(max-width: 1024px) 100vw, 1024px\" \/><\/figure>\n\n\n\n<figure class=\"wp-block-image size-large\"><img decoding=\"async\" width=\"1024\" height=\"766\" data-id=\"117607\" src=\"https:\/\/obera.fr\/wp-content\/uploads\/2025\/06\/img_20250629_145330-1024x766.jpg\" alt=\"RAF OberA evento ef&#xE9;mero ao ar livre\" class=\"wp-image-117607\" srcset=\"https:\/\/obera.fr\/wp-content\/uploads\/2025\/06\/img_20250629_145330-1024x766.jpg 1024w, https:\/\/obera.fr\/wp-content\/uploads\/2025\/06\/img_20250629_145330-300x224.jpg 300w, https:\/\/obera.fr\/wp-content\/uploads\/2025\/06\/img_20250629_145330-768x574.jpg 768w, https:\/\/obera.fr\/wp-content\/uploads\/2025\/06\/img_20250629_145330-1536x1149.jpg 1536w, https:\/\/obera.fr\/wp-content\/uploads\/2025\/06\/img_20250629_145330-2048x1532.jpg 2048w\" sizes=\"(max-width: 1024px) 100vw, 1024px\" \/><\/figure>\n<\/figure>\n\n<\/div>\n<div class=\"wp-block-columns is-layout-flex wp-container-core-columns-is-layout-28f84493 wp-block-columns-is-layout-flex\">\n<div class=\"wp-block-column is-layout-flow wp-block-column-is-layout-flow\" style=\"flex-basis:66.66%\">\n<p><\/p>\n\n\n\n<p><\/p>\n\n\n\n<h2 class=\"wp-block-heading\">Fabricado em Fran\u00e7a com uma garantia de 5 anos  <\/h2>\n\n\n\n<p>Apoiar a ind\u00fastria local est\u00e1 no centro da nossa abordagem. As nossas<strong> geleiras s\u00e3o inteiramente fabricadas em Fran\u00e7a<\/strong>, o que garante uma qualidade superior e uma capacidade de resposta \u00f3ptima em caso de necessidade. Al\u00e9m disso, oferecemos uma garantia de 5 anos, que atesta a durabilidade e a fiabilidade dos nossos produtos.    <\/p>\n\n\n\n<p><\/p>\n\n\n\n<h2 class=\"wp-block-heading\">Ecologia e economia: uma dupla vencedora  <\/h2>\n\n\n\n<p>Al\u00e9m de serem energeticamente eficientes, as nossas unidades n\u00e3o utilizam refrigerantes, reduzindo o seu impacto ambiental. Al\u00e9m disso, s\u00e3o econ\u00f3micos, com um <strong>consumo<\/strong> m\u00ednimo <strong>de \u00e1gua<\/strong> e eletricidade, o que os torna ideais para eventos pontuais ou estruturas sem acesso a instala\u00e7\u00f5es el\u00e9ctricas potentes.   <\/p>\n\n\n\n<p><\/p>\n\n\n\n<h2 class=\"wp-block-heading\">Especifica\u00e7\u00f5es t\u00e9cnicas  <\/h2>\n\n\n\n<ul class=\"wp-block-list\">\n<li><strong>Caudal de ar<\/strong>: At\u00e9 30.000 m\u00b3\/h, adequado para \u00e1reas at\u00e9 400 m\u00b2.  <\/li>\n\n\n\n<li><strong>Dep\u00f3sito de \u00e1gua <\/strong>: Grande capacidade para uma autonomia alargada.  <\/li>\n\n\n\n<li><strong>N\u00edveis de ventila\u00e7\u00e3o<\/strong>: V\u00e1rias velocidades para um conforto personalizado.  <\/li>\n\n\n\n<li><strong>N\u00edvel de ru\u00eddo<\/strong>: Silencioso, ideal para ambientes que exigem uma atmosfera calma.<\/li>\n\n\n\n<li><strong>Carater\u00edsticas adicionais<\/strong>: com a pr\u00e9-filtragem patenteada Pureflow, as nossas geleiras fornecem ar fresco e saud\u00e1vel, ideal para eventos com areia ou p\u00f3 de corredores, por exemplo.  <\/li>\n\n\n\n<li><\/li>\n<\/ul>\n<\/div>\n\n\n\n<div class=\"wp-block-column is-layout-flow wp-block-column-is-layout-flow\" style=\"flex-basis:33.33%\">\n<figure class=\"wp-block-gallery has-nested-images columns-default is-cropped wp-block-gallery-2 is-layout-flex wp-block-gallery-is-layout-flex\"><\/figure>\n\n\n\n<figure class=\"wp-block-image size-large\"><img decoding=\"async\" width=\"1024\" height=\"1024\" src=\"https:\/\/obera.fr\/wp-content\/uploads\/2025\/06\/5-2-1024x1024.png\" alt=\"Barraca de bebidas da RAF OberA  \" class=\"wp-image-115951\" srcset=\"https:\/\/obera.fr\/wp-content\/uploads\/2025\/06\/5-2-1024x1024.png 1024w, https:\/\/obera.fr\/wp-content\/uploads\/2025\/06\/5-2-300x300.png 300w, https:\/\/obera.fr\/wp-content\/uploads\/2025\/06\/5-2-150x150.png 150w, https:\/\/obera.fr\/wp-content\/uploads\/2025\/06\/5-2-768x768.png 768w, https:\/\/obera.fr\/wp-content\/uploads\/2025\/06\/5-2.png 1200w\" sizes=\"(max-width: 1024px) 100vw, 1024px\" \/><\/figure>\n<\/div>\n<\/div>\n\n<h2 class=\"wp-block-heading\">F\u00e1cil de instalar e utilizar  <\/h2>\n\n<p>N\u00e3o necessita de <a href=\"https:\/\/obera.fr\/pt-pt\/nosso-conselho\/le-principe-de-fonctionnement-du-refroidissement-adiabatique-air-eau-evaporation\/\">uma instala\u00e7\u00e3o complexa ou de tubos de drenagem<\/a>. Basta encher o dep\u00f3sito de \u00e1gua, ligar o aparelho e coloc\u00e1-lo no local pretendido. O seu design intuitivo permite uma montagem r\u00e1pida, essencial para eventos de dura\u00e7\u00e3o limitada.    <\/p>\n\n<p><\/p>\n\n<p><\/p>\n\n<h2 class=\"wp-block-heading\">Contacta-nos  <\/h2>\n\n<p>Est\u00e1s pronto para trazer uma <strong>lufada de ar fresco aos teus eventos<\/strong>? Os nossos especialistas est\u00e3o \u00e0 tua disposi\u00e7\u00e3o para te aconselhar sobre o modelo que melhor se adapta \u00e0s tuas necessidades. N\u00e3o hesites em contactar-nos para um or\u00e7amento personalizado ou se tiveres mais alguma d\u00favida.  <\/p>\n\n<p><\/p>\n\n<p><\/p>\n\n<figure class=\"wp-block-gallery has-nested-images columns-default is-cropped wp-block-gallery-3 is-layout-flex wp-block-gallery-is-layout-flex\">\n<figure class=\"wp-block-image size-large\"><img decoding=\"async\" width=\"768\" height=\"1024\" data-id=\"115880\" src=\"https:\/\/obera.fr\/wp-content\/uploads\/2025\/06\/2-2-768x1024.png\" alt=\"Enfermaria m&#xF3;vel da RAF OberA\" class=\"wp-image-115880\" srcset=\"https:\/\/obera.fr\/wp-content\/uploads\/2025\/06\/2-2-768x1024.png 768w, https:\/\/obera.fr\/wp-content\/uploads\/2025\/06\/2-2-225x300.png 225w, https:\/\/obera.fr\/wp-content\/uploads\/2025\/06\/2-2.png 900w\" sizes=\"(max-width: 768px) 100vw, 768px\" \/><\/figure>\n\n\n\n<figure class=\"wp-block-image size-large\"><img decoding=\"async\" width=\"768\" height=\"1024\" data-id=\"115856\" src=\"https:\/\/obera.fr\/wp-content\/uploads\/2025\/06\/1-2-768x1024.png\" alt=\"RAF OberA Tonnelle\" class=\"wp-image-115856\" srcset=\"https:\/\/obera.fr\/wp-content\/uploads\/2025\/06\/1-2-768x1024.png 768w, https:\/\/obera.fr\/wp-content\/uploads\/2025\/06\/1-2-225x300.png 225w, https:\/\/obera.fr\/wp-content\/uploads\/2025\/06\/1-2.png 900w\" sizes=\"(max-width: 768px) 100vw, 768px\" \/><\/figure>\n\n\n\n<figure class=\"wp-block-image size-large\"><img decoding=\"async\" width=\"1024\" height=\"1024\" data-id=\"115903\" src=\"https:\/\/obera.fr\/wp-content\/uploads\/2025\/06\/3-2-1024x1024.png\" alt=\"Cami&#xE3;o de comida RAF OberA\" class=\"wp-image-115903\" srcset=\"https:\/\/obera.fr\/wp-content\/uploads\/2025\/06\/3-2-1024x1024.png 1024w, https:\/\/obera.fr\/wp-content\/uploads\/2025\/06\/3-2-300x300.png 300w, https:\/\/obera.fr\/wp-content\/uploads\/2025\/06\/3-2-150x150.png 150w, https:\/\/obera.fr\/wp-content\/uploads\/2025\/06\/3-2-768x768.png 768w, https:\/\/obera.fr\/wp-content\/uploads\/2025\/06\/3-2.png 1200w\" sizes=\"(max-width: 1024px) 100vw, 1024px\" \/><\/figure>\n<\/figure>\n","protected":false},"excerpt":{"rendered":"<p>No clima atual, em que os eventos tempor\u00e1rios, como festivais, eventos desportivos, mercados itinerantes, feiras comerciais e restaurantes de curta dura\u00e7\u00e3o, est\u00e3o a aumentar, \u00e9 essencial garantir o conforto t\u00e9rmico dos participantes.<\/p>\n","protected":false},"author":13,"featured_media":120419,"comment_status":"open","ping_status":"closed","sticky":false,"template":"","format":"standard","meta":{"_acf_changed":false,"_seopress_robots_primary_cat":"none","_seopress_titles_title":"Arrefecedoras m\u00f3veis francesas para eventos ef\u00e9meros","_seopress_titles_desc":"Refrigeradores adiab\u00e1ticos m\u00f3veis fabricados em Fran\u00e7a, ecol\u00f3gicos e econ\u00f3micos, ideais para eventos ef\u00e9meros como festivais ou mercados.","_seopress_robots_index":"","footnotes":""},"categories":[438],"tags":[426],"class_list":["post-114984","post","type-post","status-publish","format-standard","has-post-thumbnail","hentry","category-artes-entretenimento-e-lazer","tag-refrigeradores","generate-columns","tablet-grid-50","mobile-grid-100","grid-parent","grid-50","no-featured-image-padding","resize-featured-image"],"acf":[],"_links":{"self":[{"href":"https:\/\/obera.fr\/pt-pt\/wp-json\/wp\/v2\/posts\/114984","targetHints":{"allow":["GET"]}}],"collection":[{"href":"https:\/\/obera.fr\/pt-pt\/wp-json\/wp\/v2\/posts"}],"about":[{"href":"https:\/\/obera.fr\/pt-pt\/wp-json\/wp\/v2\/types\/post"}],"author":[{"embeddable":true,"href":"https:\/\/obera.fr\/pt-pt\/wp-json\/wp\/v2\/users\/13"}],"replies":[{"embeddable":true,"href":"https:\/\/obera.fr\/pt-pt\/wp-json\/wp\/v2\/comments?post=114984"}],"version-history":[{"count":25,"href":"https:\/\/obera.fr\/pt-pt\/wp-json\/wp\/v2\/posts\/114984\/revisions"}],"predecessor-version":[{"id":122583,"href":"https:\/\/obera.fr\/pt-pt\/wp-json\/wp\/v2\/posts\/114984\/revisions\/122583"}],"wp:featuredmedia":[{"embeddable":true,"href":"https:\/\/obera.fr\/pt-pt\/wp-json\/wp\/v2\/media\/120419"}],"wp:attachment":[{"href":"https:\/\/obera.fr\/pt-pt\/wp-json\/wp\/v2\/media?parent=114984"}],"wp:term":[{"taxonomy":"category","embeddable":true,"href":"https:\/\/obera.fr\/pt-pt\/wp-json\/wp\/v2\/categories?post=114984"},{"taxonomy":"post_tag","embeddable":true,"href":"https:\/\/obera.fr\/pt-pt\/wp-json\/wp\/v2\/tags?post=114984"}],"curies":[{"name":"wp","href":"https:\/\/api.w.org\/{rel}","templated":true}]}}