{"id":120627,"date":"2025-06-30T10:00:00","date_gmt":"2025-06-30T08:00:00","guid":{"rendered":"https:\/\/obera.fr\/nosso-conselho\/temoignages-tailleurs-pierre\/"},"modified":"2025-07-08T14:33:34","modified_gmt":"2025-07-08T12:33:34","slug":"temoignages-tailleurs-pierre","status":"publish","type":"post","link":"https:\/\/obera.fr\/pt-pt\/nosso-conselho\/temoignages-tailleurs-pierre\/","title":{"rendered":"&#8220;J\u00e1 n\u00e3o pod\u00edamos ver o sol na oficina&#8221;: testemunhos de pedreiros confrontados com poeiras e silicose"},"content":{"rendered":"\n<p>Nas oficinas de corte de pedra, o p\u00f3 faz parte da decora\u00e7\u00e3o. Mas o que ontem parecia inofensivo \u00e9 agora reconhecido como um <strong>grande risco para a sa\u00fade<\/strong>. Entrevist\u00e1mos v\u00e1rios pedreiros em diferentes fases das suas carreiras. Contam-nos as suas experi\u00eancias, as suas preocupa\u00e7\u00f5es&#8230; e as solu\u00e7\u00f5es que puseram em pr\u00e1tica para se protegerem.     <\/p>\n\n<h2 class=\"wp-block-heading\">Pierre, 58 anos &#8211; 35 anos de profiss\u00e3o  <\/h2>\n\n<p><em>&#8220;Na altura, n\u00e3o se falava de silicose. Era normal tossir.  <\/em><\/p>\n\n<p>&#8220;Comecei a trabalhar como pedreiro aos 20 anos. Trabalh\u00e1vamos com nuvens de p\u00f3. Nessa altura, n\u00e3o t\u00ednhamos m\u00e1scaras nem ventila\u00e7\u00e3o. Pensava que era normal acabar o dia com a garganta a arder. Agora tenho uma fibrose incipiente. O meu m\u00e9dico disse-me que era silicose. Se eu soubesse&#8230;&#8221;  <\/p>\n\n<h2 class=\"wp-block-heading\">Lina, 32 anos &#8211; Pedreiro de profiss\u00e3o  <\/h2>\n\n<p><em>&#8220;Depressa percebi que o p\u00f3 n\u00e3o era apenas sujo. Era perigoso&#8221;.  <\/em><\/p>\n\n<p>&#8220;Quando entrei para a profiss\u00e3o, fiquei chocado ao ver algumas oficinas sem qualquer extra\u00e7\u00e3o de ar. Felizmente, onde trabalho, temos purificadores OberA e unidades m\u00f3veis de extra\u00e7\u00e3o. Isso muda tudo: o ar \u00e9 respir\u00e1vel e estamos menos cansados. Trabalhamos melhor, com mais serenidade.  <\/p>\n\n<h2 class=\"wp-block-heading\">Julien, 41 anos &#8211; Diretor de oficina  <\/h2>\n\n<p><em>&#8220;Investir num bom sistema significa proteger a tua equipa.&#8221;  <\/em><\/p>\n\n<p>&#8220;Dirijo uma oficina com cerca de dez alfaiates. O p\u00f3 de s\u00edlica \u00e9 o nosso inimigo silencioso. Desde que instal\u00e1mos um sistema de despoeiramento OberA, o feedback tem sido un\u00e2nime: menos tosse, menos p\u00f3 por todo o lado, melhor ambiente de trabalho. \u00c9 um investimento que faz sentido em termos humanos e que tamb\u00e9m cumpre os requisitos regulamentares.  <\/p>\n\n<h3 class=\"wp-block-heading\">O que dizem estes testemunhos  <\/h3>\n\n<ul class=\"wp-block-list\">\n<li>Alguns artes\u00e3os experientes s\u00f3 recentemente tomaram consci\u00eancia deste facto.  <\/li>\n\n\n\n<li>As gera\u00e7\u00f5es mais jovens est\u00e3o mais bem informadas, mas procuram oficinas que invistam na sua sa\u00fade.  <\/li>\n\n\n\n<li>As solu\u00e7\u00f5es t\u00e9cnicas existem: s\u00e3o <strong>investimentos preventivos indispens\u00e1veis<\/strong>, n\u00e3o s\u00e3o gadgets.  <\/li>\n<\/ul>\n\n<h2 class=\"wp-block-heading\">Ferramentas para respirares mais facilmente e trabalhares melhor<\/h2>\n\n<p>A OberA apoia as oficinas na sua transi\u00e7\u00e3o para um ambiente mais saud\u00e1vel com solu\u00e7\u00f5es \u00e0 medida:  <\/p>\n\n<ul class=\"wp-block-list\">\n<li><strong>Caixas m\u00f3veis <\/strong>: ideais para pequenas estruturas ou opera\u00e7\u00f5es pontuais.  <\/li>\n\n\n\n<li><strong>Colectores de p\u00f3 fixos <\/strong>: para um tratamento centralizado e de alto rendimento.  <\/li>\n\n\n\n<li><strong>Purificadores de ar <\/strong>: para purifica\u00e7\u00e3o cont\u00ednua do ar.  <\/li>\n<\/ul>\n\n<p><strong>Porque nenhum trabalho vale a pena para perderes a tua sa\u00fade.  <\/strong><\/p>\n\n<p><strong>OberA<\/strong>, um parceiro para os pedreiros.<\/p>\n","protected":false},"excerpt":{"rendered":"<p>Nas oficinas de corte de pedra, o p\u00f3 faz parte da decora\u00e7\u00e3o. Mas o que ontem parecia inofensivo \u00e9 agora reconhecido como um grande risco para a sa\u00fade.   <\/p>\n","protected":false},"author":13,"featured_media":120531,"comment_status":"open","ping_status":"closed","sticky":false,"template":"","format":"standard","meta":{"_acf_changed":false,"_seopress_robots_primary_cat":"none","_seopress_titles_title":"Pedreiros: tomar medidas contra a poeira e a silicose","_seopress_titles_desc":"Silicose, fadiga, tosse: os pedreiros falam. A OberA oferece solu\u00e7\u00f5es para oficinas mais saud\u00e1veis e seguras. ","_seopress_robots_index":"","footnotes":""},"categories":[55],"tags":[],"class_list":["post-120627","post","type-post","status-publish","format-standard","has-post-thumbnail","hentry","category-nosso-conselho","generate-columns","tablet-grid-50","mobile-grid-100","grid-parent","grid-50","no-featured-image-padding","resize-featured-image"],"acf":[],"_links":{"self":[{"href":"https:\/\/obera.fr\/pt-pt\/wp-json\/wp\/v2\/posts\/120627","targetHints":{"allow":["GET"]}}],"collection":[{"href":"https:\/\/obera.fr\/pt-pt\/wp-json\/wp\/v2\/posts"}],"about":[{"href":"https:\/\/obera.fr\/pt-pt\/wp-json\/wp\/v2\/types\/post"}],"author":[{"embeddable":true,"href":"https:\/\/obera.fr\/pt-pt\/wp-json\/wp\/v2\/users\/13"}],"replies":[{"embeddable":true,"href":"https:\/\/obera.fr\/pt-pt\/wp-json\/wp\/v2\/comments?post=120627"}],"version-history":[{"count":1,"href":"https:\/\/obera.fr\/pt-pt\/wp-json\/wp\/v2\/posts\/120627\/revisions"}],"predecessor-version":[{"id":120630,"href":"https:\/\/obera.fr\/pt-pt\/wp-json\/wp\/v2\/posts\/120627\/revisions\/120630"}],"wp:featuredmedia":[{"embeddable":true,"href":"https:\/\/obera.fr\/pt-pt\/wp-json\/wp\/v2\/media\/120531"}],"wp:attachment":[{"href":"https:\/\/obera.fr\/pt-pt\/wp-json\/wp\/v2\/media?parent=120627"}],"wp:term":[{"taxonomy":"category","embeddable":true,"href":"https:\/\/obera.fr\/pt-pt\/wp-json\/wp\/v2\/categories?post=120627"},{"taxonomy":"post_tag","embeddable":true,"href":"https:\/\/obera.fr\/pt-pt\/wp-json\/wp\/v2\/tags?post=120627"}],"curies":[{"name":"wp","href":"https:\/\/api.w.org\/{rel}","templated":true}]}}