{"id":120818,"date":"2025-07-08T15:06:08","date_gmt":"2025-07-08T13:06:08","guid":{"rendered":"https:\/\/obera.fr\/nosso-conselho\/chaleur-parking-enjeu-urbain\/"},"modified":"2025-07-10T09:23:15","modified_gmt":"2025-07-10T07:23:15","slug":"chaleur-parking-enjeu-urbain","status":"publish","type":"post","link":"https:\/\/obera.fr\/pt-pt\/nosso-conselho\/chaleur-parking-enjeu-urbain\/","title":{"rendered":"Calor nos parques de estacionamento: um desafio urbano subestimado"},"content":{"rendered":"\n<p><strong>Os parques de estacionamento subterr\u00e2neos<\/strong> s\u00e3o pontos quentes urbanos bem conhecidos: mal ventilados, muito minerais, fechados.<br\/>No entanto, estes espa\u00e7os raramente s\u00e3o tidos em conta nos <strong>planos de adapta\u00e7\u00e3o \u00e0s altera\u00e7\u00f5es clim\u00e1ticas<\/strong>, apesar de se encontrarem no cora\u00e7\u00e3o das nossas cidades, muito movimentados e frequentemente mais quentes do que o exterior.<\/p>\n\n<h2 class=\"wp-block-heading\">Fornos urbanos invis\u00edveis<\/h2>\n\n<p>Concebidos para armazenar ve\u00edculos, <strong>os parques de estacionamento subterr\u00e2neos s\u00e3o frequentemente fechados<\/strong>, minerais, pouco ventilados e rodeados de bet\u00e3o. Resultado: assim que come\u00e7a a fazer calor no exterior, estes espa\u00e7os tornam-se verdadeiras armadilhas de calor.<strong> As temperaturas podem facilmente ultrapassar os 40\u00b0C<\/strong> durante as vagas de calor, e ainda mais nas profundezas.  <br\/><br\/>As consequ\u00eancias s\u00e3o muitas:<\/p>\n\n<ul class=\"wp-block-list\">\n<li><strong>Grande inc\u00f3modo para os utentes<\/strong>, nomeadamente para os idosos e as fam\u00edlias.<\/li>\n\n\n\n<li><strong>Riscos para a sa\u00fade dos trabalhadores<\/strong> da manuten\u00e7\u00e3o e do pessoal do estaleiro.<\/li>\n\n\n\n<li><strong>Desgaste prematuro do<\/strong> equipamento t\u00e9cnico sens\u00edvel ao calor.<\/li>\n\n\n\n<li><strong>M\u00e1 imagem do servi\u00e7o p\u00fablico<\/strong>, considerado antiquado ou negligenciado.<\/li>\n<\/ul>\n\n<p>E este problema s\u00f3 tende a agravar-se com o aumento previsto das temperaturas em<br\/>os pr\u00f3ximos anos.<\/p>\n\n<h2 class=\"wp-block-heading\">Existem solu\u00e7\u00f5es: SEMEPA em Aix-en-Provence<\/h2>\n\n<p>Em Aix-en-Provence, a SEMEPA decidiu mudar de dire\u00e7\u00e3o. Constatando o desconforto crescente nos seus parques de estacionamento no centro da cidade, implantou em 2025 uma <strong>solu\u00e7\u00e3o inovadora<\/strong> no parque de estacionamento de Rotonde: 12 <a href=\"https:\/\/obera.fr\/pt-pt\/produits\/rafraichisseurs-air\/\">refrigeradores adiab\u00e1ticos<\/a> XXL instalados nas passagens subterr\u00e2neas.<br\/>O princ\u00edpio? A<strong>evapora\u00e7\u00e3o natural da \u00e1gua<\/strong>, sem ar condicionado, sem fluidos poluentes, sem ru\u00eddo.<br\/>Resultado: at\u00e9 -4\u00b0C \u00e0 volta de cada unidade e uma sensa\u00e7\u00e3o de ar fresco.  <br\/><br\/>L\u00ea o relat\u00f3rio completo sobre esta solu\u00e7\u00e3o inovadora: <a href=\"https:\/\/www.francebleu.fr\/infos\/transports\/des-ventilateurs-xxl-dans-le-plus-grand-parking-d-aix-en-provence-5428694\"><em>https:\/\/www.francebleu.fr\/infos\/transports\/des-ventilateurs-xxl-dans-le-plus-grand-parking-d-aix-en-provence-5428694<\/em><\/a><\/p>\n\n<div class=\"wp-block-columns is-layout-flex wp-container-core-columns-is-layout-28f84493 wp-block-columns-is-layout-flex\">\n<div class=\"wp-block-column is-layout-flow wp-block-column-is-layout-flow\">\n<figure class=\"wp-block-image aligncenter size-large is-resized\"><img decoding=\"async\" width=\"819\" height=\"1024\" src=\"https:\/\/obera.fr\/wp-content\/uploads\/2025\/07\/image-ici-819x1024.jpg\" alt=\"Aquecimento do parque de estacionamento\" class=\"wp-image-120729\" style=\"width:457px;height:auto\" srcset=\"https:\/\/obera.fr\/wp-content\/uploads\/2025\/07\/image-ici-819x1024.jpg 819w, https:\/\/obera.fr\/wp-content\/uploads\/2025\/07\/image-ici-240x300.jpg 240w, https:\/\/obera.fr\/wp-content\/uploads\/2025\/07\/image-ici-768x960.jpg 768w, https:\/\/obera.fr\/wp-content\/uploads\/2025\/07\/image-ici.jpg 1080w\" sizes=\"(max-width: 819px) 100vw, 819px\" \/><\/figure>\n<\/div>\n\n\n\n<div class=\"wp-block-column is-layout-flow wp-block-column-is-layout-flow\">\n<figure class=\"wp-block-image aligncenter size-large is-resized\"><img decoding=\"async\" width=\"728\" height=\"1024\" src=\"https:\/\/obera.fr\/wp-content\/uploads\/2025\/07\/image-ici-affiche-728x1024.jpg\" alt=\"Aquecimento nos parques de estacionamento\" class=\"wp-image-120752\" style=\"width:426px;height:auto\" srcset=\"https:\/\/obera.fr\/wp-content\/uploads\/2025\/07\/image-ici-affiche-728x1024.jpg 728w, https:\/\/obera.fr\/wp-content\/uploads\/2025\/07\/image-ici-affiche-213x300.jpg 213w, https:\/\/obera.fr\/wp-content\/uploads\/2025\/07\/image-ici-affiche-768x1081.jpg 768w, https:\/\/obera.fr\/wp-content\/uploads\/2025\/07\/image-ici-affiche-1092x1536.jpg 1092w, https:\/\/obera.fr\/wp-content\/uploads\/2025\/07\/image-ici-affiche.jpg 1280w\" sizes=\"(max-width: 728px) 100vw, 728px\" \/><\/figure>\n<\/div>\n<\/div>\n\n<h2 class=\"wp-block-heading\">Os nossos purificadores de ar adaptam-se aos parques de estacionamento urbanos<\/h2>\n\n<p>A tecnologia de arrefecimento adiab\u00e1tico da OberA \u00e9 perfeitamente adequada para parques de estacionamento subterr\u00e2neos, onde o calor, o ar estagnado e a fraca ventila\u00e7\u00e3o representam verdadeiros desafios.<br\/><br\/>Robustos, silenciosos e sem refrigerante, <a href=\"https:\/\/obera.fr\/pt-pt\/nosso-conselho\/rafraichissement-adiabatique-confort-thermique-naturel\/\">os nossos refrigeradores proporcionam um arrefecimento natural<\/a> e econ\u00f3mico, mantendo uma boa qualidade do ar. F\u00e1ceis de instalar (fachada, telhado ou m\u00f3vel) e simples de manter, fornecem at\u00e9 30 000 m\u00b3\/h de caudal de ar para um conforto \u00f3timo no cora\u00e7\u00e3o da cidade. <br\/><br\/>Para saber mais sobre os nossos produtos e trabalhar connosco para<strong> renovar os seus espa\u00e7os<\/strong>, contacta as nossas equipas. Podemos ajudar-te a escolher o equipamento mais adequado \u00e0s tuas necessidades e objectivos. <\/p>\n\n<div style=\"height:40px\" aria-hidden=\"true\" class=\"wp-block-spacer\"><\/div>\n\n<div class=\"wp-block-buttons is-content-justification-center is-layout-flex wp-container-core-buttons-is-layout-a89b3969 wp-block-buttons-is-layout-flex\">\n<div class=\"wp-block-button\"><a class=\"wp-block-button__link wp-element-button\" href=\"https:\/\/obera.fr\/pt-pt\/contact\/\">Contacta-nos<\/a><\/div>\n\n\n\n<div class=\"wp-block-button\"><a class=\"wp-block-button__link has-text-align-center wp-element-button\" href=\"https:\/\/obera.fr\/pt-pt\/location-appareil-industriel\/\">Aluga o nosso equipamento<\/a><\/div>\n<\/div>\n","protected":false},"excerpt":{"rendered":"<p>Os parques de estacionamento subterr\u00e2neos s\u00e3o locais urbanos bem conhecidos: pouco ventilados, muito minerais e fechados.<\/p>\n","protected":false},"author":13,"featured_media":120874,"comment_status":"open","ping_status":"closed","sticky":false,"template":"","format":"standard","meta":{"_acf_changed":false,"_seopress_robots_primary_cat":"none","_seopress_titles_title":"Parkings souterrains : rafra\u00eechir naturellement face aux fortes chaleurs","_seopress_titles_desc":"OberA propose une solution adiabatique pour rafra\u00eechir les parkings urbains : -4\u00b0C sans clim, sans bruit, sans fluide nocif. Exemple \u00e0 Aix-en-Provence.","_seopress_robots_index":"","footnotes":""},"categories":[55],"tags":[],"class_list":["post-120818","post","type-post","status-publish","format-standard","has-post-thumbnail","hentry","category-nosso-conselho","generate-columns","tablet-grid-50","mobile-grid-100","grid-parent","grid-50","no-featured-image-padding","resize-featured-image"],"acf":[],"_links":{"self":[{"href":"https:\/\/obera.fr\/pt-pt\/wp-json\/wp\/v2\/posts\/120818","targetHints":{"allow":["GET"]}}],"collection":[{"href":"https:\/\/obera.fr\/pt-pt\/wp-json\/wp\/v2\/posts"}],"about":[{"href":"https:\/\/obera.fr\/pt-pt\/wp-json\/wp\/v2\/types\/post"}],"author":[{"embeddable":true,"href":"https:\/\/obera.fr\/pt-pt\/wp-json\/wp\/v2\/users\/13"}],"replies":[{"embeddable":true,"href":"https:\/\/obera.fr\/pt-pt\/wp-json\/wp\/v2\/comments?post=120818"}],"version-history":[{"count":1,"href":"https:\/\/obera.fr\/pt-pt\/wp-json\/wp\/v2\/posts\/120818\/revisions"}],"predecessor-version":[{"id":120820,"href":"https:\/\/obera.fr\/pt-pt\/wp-json\/wp\/v2\/posts\/120818\/revisions\/120820"}],"wp:featuredmedia":[{"embeddable":true,"href":"https:\/\/obera.fr\/pt-pt\/wp-json\/wp\/v2\/media\/120874"}],"wp:attachment":[{"href":"https:\/\/obera.fr\/pt-pt\/wp-json\/wp\/v2\/media?parent=120818"}],"wp:term":[{"taxonomy":"category","embeddable":true,"href":"https:\/\/obera.fr\/pt-pt\/wp-json\/wp\/v2\/categories?post=120818"},{"taxonomy":"post_tag","embeddable":true,"href":"https:\/\/obera.fr\/pt-pt\/wp-json\/wp\/v2\/tags?post=120818"}],"curies":[{"name":"wp","href":"https:\/\/api.w.org\/{rel}","templated":true}]}}