{"id":133680,"date":"2025-09-25T11:00:00","date_gmt":"2025-09-25T09:00:00","guid":{"rendered":"https:\/\/obera.fr\/nosso-conselho\/arrefecimento-movel-para-eventos-desportivos-a-solucao-ic-da-obera-eficiente-e-imediata\/"},"modified":"2025-11-21T10:31:39","modified_gmt":"2025-11-21T08:31:39","slug":"arrefecimento-movel-para-eventos-desportivos-a-solucao-ic-da-obera-eficiente-e-imediata","status":"publish","type":"post","link":"https:\/\/obera.fr\/pt-pt\/desporto\/arrefecimento-movel-para-eventos-desportivos-a-solucao-ic-da-obera-eficiente-e-imediata\/","title":{"rendered":"Arrefecimento m\u00f3vel para eventos desportivos: a solu\u00e7\u00e3o IC da OberA, eficiente e imediata"},"content":{"rendered":"\n<h2 class=\"wp-block-heading\">Introdu\u00e7\u00e3o<\/h2>\n\n<p>Quer se trate de competi\u00e7\u00f5es ao ar livre, torneios indoor, estruturas tempor\u00e1rias ou eventos de grande dimens\u00e3o, os eventos desportivos est\u00e3o fortemente expostos \u00e0s varia\u00e7\u00f5es clim\u00e1ticas. O calor pode rapidamente comprometer a seguran\u00e7a dos participantes, a log\u00edstica, o conforto do p\u00fablico e a fluidez da organiza\u00e7\u00e3o.<br\/>Para responder a estes desafios, os <a href=\"https:\/\/obera.fr\/pt-pt\/produits\/rafraichisseurs-air\/rafraichisseurs-par-evaporation-ic\/\">refrescos por evapora\u00e7\u00e3o da gama IC,<\/a> concebidos pela <strong>OberA<\/strong>, oferecem uma solu\u00e7\u00e3o m\u00f3vel, silenciosa e econ\u00f3mica, perfeitamente adaptada a todos os formatos de eventos desportivos.<\/p>\n\n<h2 class=\"wp-block-heading\">1. O impacto do calor nas competi\u00e7\u00f5es desportivas<\/h2>\n\n<div class=\"wp-block-columns is-layout-flex wp-container-core-columns-is-layout-28f84493 wp-block-columns-is-layout-flex\">\n<div class=\"wp-block-column is-layout-flow wp-block-column-is-layout-flow\" style=\"flex-basis:66.66%\">\n<ul class=\"wp-block-list\">\n<li>Os atletas sofrem uma carga t\u00e9rmica intensa, especialmente no ver\u00e3o, o que pode prejudicar o seu desempenho ou gerar riscos fisiol\u00f3gicos (c\u00e3ibras, golpes de calor).<\/li>\n\n\n\n<li>A equipa m\u00e9dica, os \u00e1rbitros, os volunt\u00e1rios ou os t\u00e9cnicos interv\u00eam frequentemente em \u00e1reas n\u00e3o climatizadas ou pouco ventiladas.<\/li>\n\n\n\n<li>O p\u00fablico instalado em bancadas ou sob estruturas tempor\u00e1rias est\u00e1 exposto a uma forte radia\u00e7\u00e3o solar.<\/li>\n\n\n\n<li>As <a href=\"https:\/\/obera.fr\/pt-pt\/transporte-e-armazenagem-logistica\/\">zonas de log\u00edstica<\/a> (PC de corrida, zonas de imprensa, stands, catering) raramente est\u00e3o equipadas para enfrentar o calor.<\/li>\n<\/ul>\n<\/div>\n\n\n\n<div class=\"wp-block-column is-layout-flow wp-block-column-is-layout-flow\" style=\"flex-basis:33.33%\">\n<figure class=\"wp-block-image aligncenter size-large is-resized\"><img decoding=\"async\" width=\"1024\" height=\"1024\" src=\"https:\/\/obera.fr\/wp-content\/uploads\/2025\/08\/2-1024x1024.png\" alt=\"2\" class=\"wp-image-128448\" style=\"width:206px;height:auto\" srcset=\"https:\/\/obera.fr\/wp-content\/uploads\/2025\/08\/2-1024x1024.png 1024w, https:\/\/obera.fr\/wp-content\/uploads\/2025\/08\/2-300x300.png 300w, https:\/\/obera.fr\/wp-content\/uploads\/2025\/08\/2-150x150.png 150w, https:\/\/obera.fr\/wp-content\/uploads\/2025\/08\/2-768x768.png 768w, https:\/\/obera.fr\/wp-content\/uploads\/2025\/08\/2.png 1200w\" sizes=\"(max-width: 1024px) 100vw, 1024px\" \/><\/figure>\n<\/div>\n<\/div>\n\n<h2 class=\"wp-block-heading\">2. O arrefecimento adiab\u00e1tico: uma solu\u00e7\u00e3o imediata e para eventos<\/h2>\n\n<ul class=\"wp-block-list\">\n<li>Os refrescos IC funcionam sem instala\u00e7\u00e3o fixa: uma tomada el\u00e9trica e um reservat\u00f3rio de \u00e1gua s\u00e3o suficientes para uma r\u00e1pida implementa\u00e7\u00e3o.<\/li>\n\n\n\n<li>O sistema baseia-se na evapora\u00e7\u00e3o natural da \u00e1gua, sem g\u00e1s refrigerante nem ar seco.<\/li>\n\n\n\n<li>O ar soprado \u00e9 <strong>fresco, renovado e n\u00e3o agressivo<\/strong>, ideal para zonas sens\u00edveis ou muito frequentadas.<\/li>\n\n\n\n<li>Os aparelhos s\u00e3o <strong>m\u00f3veis<\/strong>, montados sobre rodas, e podem ser deslocados entre as diferentes zonas do evento.<\/li>\n<\/ul>\n\n<h2 class=\"wp-block-heading\">3. Modelos IC adaptados \u00e0s necessidades dos organizadores<\/h2>\n\n<div class=\"wp-block-columns is-layout-flex wp-container-core-columns-is-layout-28f84493 wp-block-columns-is-layout-flex\">\n<div class=\"wp-block-column is-layout-flow wp-block-column-is-layout-flow\">\n<h3 class=\"wp-block-heading has-text-align-center\">IC 12<\/h3>\n\n\n\n\n\n<ul class=\"wp-block-list\">\n<li>Para tendas de cuidados, zonas m\u00e9dicas, cabines de \u00e1rbitros, pequenos espa\u00e7os de acolhimento<\/li>\n\n\n\n<li>D\u00e9bito de 12.000 m\u00b3\/h<\/li>\n\n\n\n<li>Ultra compacto, silencioso, simples de implementar<\/li>\n<\/ul>\n<\/div>\n\n\n\n<div class=\"wp-block-column is-layout-flow wp-block-column-is-layout-flow\">\n<h3 class=\"wp-block-heading has-text-align-center\">IC 22<\/h3>\n\n\n\n\n\n<ul class=\"wp-block-list\">\n<li>Para zonas de descanso dos atletas, stands VIP, espa\u00e7os de imprensa ou log\u00edstica<\/li>\n\n\n\n<li>D\u00e9bito de 22.000 m\u00b3\/h<\/li>\n\n\n\n<li>Autonomia prolongada, esteriliza\u00e7\u00e3o UV para garantir a qualidade da \u00e1gua<\/li>\n<\/ul>\n<\/div>\n\n\n\n<div class=\"wp-block-column is-layout-flow wp-block-column-is-layout-flow\">\n<h3 class=\"wp-block-heading has-text-align-center\">IC 30<\/h3>\n\n\n\n\n\n<ul class=\"wp-block-list\">\n<li>Para bancadas cobertas, zonas p\u00fablicas ou bastidores de grande dimens\u00e3o<\/li>\n\n\n\n<li>D\u00e9bito de 30.000 m\u00b3\/h<\/li>\n\n\n\n<li>Arrefecimento potente para grandes volumes semiabertos<\/li>\n<\/ul>\n\n\n\n<p><\/p>\n<\/div>\n<\/div>\n\n<div class=\"wp-block-buttons is-content-justification-center is-layout-flex wp-container-core-buttons-is-layout-a89b3969 wp-block-buttons-is-layout-flex\">\n<div class=\"wp-block-button\"><a class=\"wp-block-button__link wp-element-button\" href=\"https:\/\/obera.fr\/pt-pt\/produits\/rafraichisseurs-air\/\">Descubra a nossa gama IC<\/a><\/div>\n<\/div>\n\n<p><\/p>\n\n<h2 class=\"wp-block-heading\">4. Vantagens para os organizadores de eventos desportivos<\/h2>\n\n<div class=\"wp-block-columns is-layout-flex wp-container-core-columns-is-layout-28f84493 wp-block-columns-is-layout-flex\">\n<div class=\"wp-block-column is-layout-flow wp-block-column-is-layout-flow\" style=\"flex-basis:33.33%\">\n<figure class=\"wp-block-image aligncenter size-large is-resized\"><img decoding=\"async\" width=\"1024\" height=\"1024\" src=\"https:\/\/obera.fr\/wp-content\/uploads\/2025\/01\/image-avantages-1024x1024.jpg\" alt=\"vantagens da imagem\" class=\"wp-image-57732\" style=\"width:166px;height:auto\" srcset=\"https:\/\/obera.fr\/wp-content\/uploads\/2025\/01\/image-avantages-1024x1024.jpg 1024w, https:\/\/obera.fr\/wp-content\/uploads\/2025\/01\/image-avantages-300x300.jpg 300w, https:\/\/obera.fr\/wp-content\/uploads\/2025\/01\/image-avantages-150x150.jpg 150w, https:\/\/obera.fr\/wp-content\/uploads\/2025\/01\/image-avantages-768x768.jpg 768w, https:\/\/obera.fr\/wp-content\/uploads\/2025\/01\/image-avantages-400x400.jpg 400w, https:\/\/obera.fr\/wp-content\/uploads\/2025\/01\/image-avantages-600x600.jpg 600w, https:\/\/obera.fr\/wp-content\/uploads\/2025\/01\/image-avantages.jpg 1200w\" sizes=\"(max-width: 1024px) 100vw, 1024px\" \/><\/figure>\n<\/div>\n\n\n\n<div class=\"wp-block-column is-layout-flow wp-block-column-is-layout-flow\" style=\"flex-basis:66.66%\">\n<ul class=\"wp-block-list\">\n<li><strong>Instala\u00e7\u00e3o r\u00e1pida sem climatiza\u00e7\u00e3o<\/strong><\/li>\n\n\n\n<li><strong>Conforto imediato para os participantes e o p\u00fablico<\/strong><\/li>\n\n\n\n<li><strong>Melhoria da seguran\u00e7a sanit\u00e1ria<\/strong>, especialmente em caso de calor intenso<\/li>\n\n\n\n<li><strong>Mobilidade total entre as diferentes zonas do evento<\/strong><\/li>\n\n\n\n<li><strong>Baixo consumo energ\u00e9tico<\/strong>, perfeitamente compat\u00edvel com os crit\u00e9rios eco-respons\u00e1veis<\/li>\n\n\n\n<li><strong>Dispon\u00edvel para aluguer<\/strong> durante toda a dura\u00e7\u00e3o do evento, com possibilidade de entrega no local<\/li>\n<\/ul>\n\n\n\n<p>Num contexto de altera\u00e7\u00f5es clim\u00e1ticas, o conforto t\u00e9rmico tornou-se um crit\u00e9rio essencial para o sucesso de um evento desportivo. Gra\u00e7as \u00e0 sua tecnologia simples, m\u00f3vel e eficaz, os <strong>refrescos IC da OberA<\/strong> garantem um ar fresco e agrad\u00e1vel para os desportistas, organizadores e p\u00fablico, sem as restri\u00e7\u00f5es de uma instala\u00e7\u00e3o fixa. <\/p>\n<\/div>\n<\/div>\n","protected":false},"excerpt":{"rendered":"<p>Quer se trate de competi\u00e7\u00f5es ao ar livre, torneios indoor, estruturas tempor\u00e1rias ou eventos de grande dimens\u00e3o, os eventos desportivos est\u00e3o fortemente expostos \u00e0s varia\u00e7\u00f5es clim\u00e1ticas.<\/p>\n","protected":false},"author":13,"featured_media":83747,"comment_status":"open","ping_status":"closed","sticky":false,"template":"","format":"standard","meta":{"_acf_changed":false,"_seopress_robots_primary_cat":"none","_seopress_titles_title":"Arrefecedores m\u00f3veis IC OberA: conforto imediato para eventos desportivos","_seopress_titles_desc":"Garanta conforto e seguran\u00e7a nos seus eventos desportivos com os arrefecedores m\u00f3veis IC da OberA: eficazes, silenciosos e ecologicamente respons\u00e1veis.","_seopress_robots_index":"","footnotes":""},"categories":[840],"tags":[426],"class_list":["post-133680","post","type-post","status-publish","format-standard","has-post-thumbnail","hentry","category-desporto","tag-refrigeradores","generate-columns","tablet-grid-50","mobile-grid-100","grid-parent","grid-50","no-featured-image-padding","resize-featured-image"],"acf":[],"_links":{"self":[{"href":"https:\/\/obera.fr\/pt-pt\/wp-json\/wp\/v2\/posts\/133680","targetHints":{"allow":["GET"]}}],"collection":[{"href":"https:\/\/obera.fr\/pt-pt\/wp-json\/wp\/v2\/posts"}],"about":[{"href":"https:\/\/obera.fr\/pt-pt\/wp-json\/wp\/v2\/types\/post"}],"author":[{"embeddable":true,"href":"https:\/\/obera.fr\/pt-pt\/wp-json\/wp\/v2\/users\/13"}],"replies":[{"embeddable":true,"href":"https:\/\/obera.fr\/pt-pt\/wp-json\/wp\/v2\/comments?post=133680"}],"version-history":[{"count":1,"href":"https:\/\/obera.fr\/pt-pt\/wp-json\/wp\/v2\/posts\/133680\/revisions"}],"predecessor-version":[{"id":133682,"href":"https:\/\/obera.fr\/pt-pt\/wp-json\/wp\/v2\/posts\/133680\/revisions\/133682"}],"wp:featuredmedia":[{"embeddable":true,"href":"https:\/\/obera.fr\/pt-pt\/wp-json\/wp\/v2\/media\/83747"}],"wp:attachment":[{"href":"https:\/\/obera.fr\/pt-pt\/wp-json\/wp\/v2\/media?parent=133680"}],"wp:term":[{"taxonomy":"category","embeddable":true,"href":"https:\/\/obera.fr\/pt-pt\/wp-json\/wp\/v2\/categories?post=133680"},{"taxonomy":"post_tag","embeddable":true,"href":"https:\/\/obera.fr\/pt-pt\/wp-json\/wp\/v2\/tags?post=133680"}],"curies":[{"name":"wp","href":"https:\/\/api.w.org\/{rel}","templated":true}]}}