{"id":145721,"date":"2025-12-08T13:27:24","date_gmt":"2025-12-08T11:27:24","guid":{"rendered":"https:\/\/obera.fr\/nosso-conselho\/89-dos-franceses-subestimam-a-poluicao-do-ar-no-seu-local-de-trabalho\/"},"modified":"2026-03-02T14:54:57","modified_gmt":"2026-03-02T12:54:57","slug":"89-dos-franceses-subestimam-a-poluicao-do-ar-no-seu-local-de-trabalho","status":"publish","type":"post","link":"https:\/\/obera.fr\/pt-pt\/presse\/89-dos-franceses-subestimam-a-poluicao-do-ar-no-seu-local-de-trabalho\/","title":{"rendered":"89 % dos franceses subestimam a polui\u00e7\u00e3o do ar no seu local de trabalho"},"content":{"rendered":"\n<p class=\"has-text-align-center has-medium-font-size\">Uma polui\u00e7\u00e3o que pode ser 5 a 10 vezes mais elevada do que no exterior<\/p>\n\n<p class=\"has-text-align-center has-medium-font-size\">Apenas 22 % dos trabalhadores sabem que a manuten\u00e7\u00e3o de um ar interior saud\u00e1vel \u00e9 uma obriga\u00e7\u00e3o regulamentar para o empregador<\/p>\n\n<figure class=\"wp-block-image aligncenter size-full\"><img decoding=\"async\" width=\"289\" height=\"193\" src=\"https:\/\/obera.fr\/wp-content\/uploads\/2026\/02\/etude-image-obera-pollution.png\" alt=\"imagem de estudo obera polui&#xE7;&#xE3;o\" class=\"wp-image-143846\"\/><\/figure>\n\n<h2 class=\"wp-block-heading\">O que pensa da qualidade do ar no seu local de trabalho? <\/h2>\n\n<p><strong>Foi esta a pergunta que a empresa OberA fez a 5.601 pessoas de seis grandes setores de atividade*. Um inqu\u00e9rito que mostra que a maioria dos trabalhadores subestima a polui\u00e7\u00e3o do ar interior, desconhece os riscos para a sua sa\u00fade e ignora em grande parte as obriga\u00e7\u00f5es legais do seu empregador.  <\/strong><\/p>\n\n<h2 class=\"wp-block-heading\">Franceses que avaliam mal a qualidade do ar <\/h2>\n\n<p>Longe da realidade, <strong>57 % dos franceses consideram que o ar no seu local de trabalho \u00e9 \u00abmuito\u00bb ou \u00abbastante\u00bb bom no inverno<\/strong>. <\/p>\n\n<p>No entanto, todos os estudos concordam que a qualidade do ar interior pode apresentar riscos significativos para a sa\u00fade, mesmo sem odor ou desconforto aparente. <\/p>\n\n<p>Quase <strong>1 em cada 3 pessoas (29 %)<\/strong> considera, no entanto, que o ar no seu local de trabalho \u00e9 mau, um sinal de que o desconforto j\u00e1 \u00e9 percet\u00edvel em muitos ambientes. Mas, acima de tudo, <strong>14 % afirmam nunca ter pensado nisso<\/strong>, confirmando um desfasamento maci\u00e7o entre a perce\u00e7\u00e3o dos trabalhadores e a realidade dos desafios da qualidade do ar no trabalho.  <\/p>\n\n<h3 class=\"wp-block-heading\">No inverno, diria que a qualidade do ar no seu ambiente de trabalho \u00e9:<\/h3>\n\n<figure class=\"wp-block-table\"><table class=\"has-fixed-layout\"><tbody><tr><td><strong>Respostas <\/strong><\/td><td><strong>Percentagens<\/strong><\/td><\/tr><tr><td>Muito boa <\/td><td>21 %<\/td><\/tr><tr><td>Bastante boa <\/td><td>36 %<\/td><\/tr><tr><td>Bastante m\u00e1 <\/td><td>23 %<\/td><\/tr><tr><td>Muito m\u00e1 <\/td><td>6 %<\/td><\/tr><tr><td>N\u00e3o sei \/ nunca pensei nisso <\/td><td>14 %<\/td><\/tr><\/tbody><\/table><\/figure>\n\n<h4 class=\"wp-block-heading\">Para que servem os sistemas existentes nas empresas? <\/h4>\n\n<p>Erroneamente, <strong>65 % dos franceses pensam que os seus sistemas de aquecimento, ar condicionado ou VMC filtram ou purificam o ar<\/strong>, quando a maioria destes equipamentos n\u00e3o est\u00e1 equipada para eliminar poluentes sem um dispositivo de tratamento dedicado. <\/p>\n\n<p>Mais l\u00facidos, <strong>23 %<\/strong> consideram que apenas \u00abaquecem ou arrefecem\u00bb, e <strong>12 % admitem n\u00e3o saber como funciona<\/strong>, um sinal de uma confus\u00e3o geral sobre o papel real destas instala\u00e7\u00f5es.<\/p>\n\n<h3 class=\"wp-block-heading\">Na sua opini\u00e3o, os sistemas presentes no seu local de trabalho (aquecimento, ar condicionado, ventila\u00e7\u00e3o mec\u00e2nica): <\/h3>\n\n<figure class=\"wp-block-table\"><table class=\"has-fixed-layout\"><tbody><tr><td><strong>Respostas <\/strong><\/td><td><strong>Percentagens<\/strong><\/td><\/tr><tr><td>Purificam o ar e tornam-no mais saud\u00e1vel <\/td><td>34 %<\/td><\/tr><tr><td>Filtram um pouco o ar, mas essa n\u00e3o \u00e9 a sua fun\u00e7\u00e3o principal <\/td><td>31 %<\/td><\/tr><tr><td>Apenas aquecem\/arrefecem o ar, sem o purificar <\/td><td>23 %<\/td><\/tr><tr><td>N\u00e3o sei como funciona <\/td><td>12 %<\/td><\/tr><\/tbody><\/table><\/figure>\n\n<h4 class=\"wp-block-heading\">Controlos muito aleat\u00f3rios <\/h4>\n\n<p>Quase <strong>um em cada dois trabalhadores n\u00e3o sabe se a qualidade do ar \u00e9 medida<\/strong> nas suas instala\u00e7\u00f5es: 29 % respondem \u00abn\u00e3o, nunca\u00bb e 31 % afirmam nunca ter sido informados de que isso poderia ser medido. <\/p>\n\n<p>Apenas <strong>14 %<\/strong> indicam um controlo regular, enquanto a medi\u00e7\u00e3o de CO\u2082, part\u00edculas ou COV \u00e9 agora considerada uma <strong>alavanca essencial<\/strong> para garantir um ambiente de trabalho saud\u00e1vel e produtivo. <\/p>\n\n<h3 class=\"wp-block-heading\">Sabe se a qualidade do ar (CO\u2082, part\u00edculas finas, fumos, COV, poeiras industriais\u2026) \u00e9 medida ou controlada no seu ambiente profissional?<\/h3>\n\n<figure class=\"wp-block-table\"><table class=\"has-fixed-layout\"><tbody><tr><td><strong>Respostas <\/strong><\/td><td><strong>Percentagens<\/strong><\/td><\/tr><tr><td>Sim, regularmente <\/td><td>14 %<\/td><\/tr><tr><td>Sim, mas muito pontualmente <\/td><td>26 %<\/td><\/tr><tr><td>N\u00e3o, nunca <\/td><td>29 %<\/td><\/tr><tr><td>N\u00e3o sei \/ n\u00e3o sabia que isso podia ser medido <\/td><td>31 %<\/td><\/tr><\/tbody><\/table><\/figure>\n\n<h4 class=\"wp-block-heading\">Empresas pouco preocupadas <\/h4>\n\n<p>Na maioria das empresas, a qualidade do ar interior fica muito atr\u00e1s da seguran\u00e7a ou da ergonomia: <strong>apenas 12 % dos franceses<\/strong> consideram que \u00e9 uma verdadeira prioridade. <\/p>\n\n<p>Pelo contr\u00e1rio, <strong>37 % quase nunca falam sobre isso<\/strong> e <strong>27 % n\u00e3o sabem como o assunto \u00e9 gerido<\/strong>, ou seja, quase <strong>2 em cada 3 trabalhadores est\u00e3o na incerteza<\/strong>. <\/p>\n\n<h3 class=\"wp-block-heading\">Na sua opini\u00e3o, na sua empresa, a qualidade do ar interior no inverno \u00e9 considerada\u2026<\/h3>\n\n<figure class=\"wp-block-table\"><table class=\"has-fixed-layout\"><tbody><tr><td><strong>Respostas <\/strong><\/td><td><strong>Percentagens<\/strong><\/td><\/tr><tr><td>Uma prioridade importante, tal como a seguran\u00e7a ou a ergonomia <\/td><td>12 %<\/td><\/tr><tr><td>Um assunto de que se fala por vezes, mas sem a\u00e7\u00e3o vis\u00edvel <\/td><td>24 %<\/td><\/tr><tr><td>Um assunto de que quase nunca se fala <\/td><td>37 %<\/td><\/tr><tr><td>N\u00e3o sei como \u00e9 gerido <\/td><td>27 %<\/td><\/tr><\/tbody><\/table><\/figure>\n\n<h4 class=\"wp-block-heading\">O que \u00e9 um ar saud\u00e1vel? <\/h4>\n\n<p>Um facto muito alarmante: uma grande <strong>maioria de trabalhadores (64 %)<\/strong> pensa poder avaliar a qualidade do ar das suas instala\u00e7\u00f5es a partir de simples impress\u00f5es subjetivas \u2013 aus\u00eancia de odor, de fumo vis\u00edvel ou de queixas \u2013 sem qualquer medi\u00e7\u00e3o objetiva. <\/p>\n\n<p>Apenas <strong>25 %<\/strong> citam a medi\u00e7\u00e3o de poluentes (CO\u2082, COV, part\u00edculas, etc.) como o melhor indicador, enquanto os especialistas recordam que um ar pode estar fortemente polu\u00eddo, mas permanecer inodoro e visualmente \u00ablimpo\u00bb.<\/p>\n\n<p>Este desfasamento alimenta uma <strong>falsa sensa\u00e7\u00e3o de seguran\u00e7a<\/strong> em muitos ambientes de trabalho, enquanto a qualidade do ar interior \u00e9 medida precisamente atrav\u00e9s de sensores e diagn\u00f3sticos dedicados, e constitui um desafio importante para a sa\u00fade e o desempenho nas empresas. <\/p>\n\n<h3 class=\"wp-block-heading\">Para saber se o ar das suas instala\u00e7\u00f5es \u00e9 saud\u00e1vel, qual \u00e9, na sua opini\u00e3o, o melhor indicador?<\/h3>\n\n<figure class=\"wp-block-table\"><table class=\"has-fixed-layout\"><tbody><tr><td><strong>Respostas <\/strong><\/td><td><strong>Percentagens<\/strong><\/td><\/tr><tr><td>Se n\u00e3o houver odor desagrad\u00e1vel <\/td><td>34 %<\/td><\/tr><tr><td>Se n\u00e3o houver fumo ou poeira vis\u00edvel <\/td><td>23 %<\/td><\/tr><tr><td>Se ningu\u00e9m se queixar (sem dores de cabe\u00e7a, sem desconforto) <\/td><td>7 %<\/td><\/tr><tr><td>A medi\u00e7\u00e3o de certos poluentes (CO\u2082, COV, part\u00edculas, etc.) com um aparelho adequado <\/td><td>25 %<\/td><\/tr><tr><td>N\u00e3o sei <\/td><td>11 %<\/td><\/tr><\/tbody><\/table><\/figure>\n\n<h4 class=\"wp-block-heading\">Falta de conhecimento sobre a quest\u00e3o <\/h4>\n\n<p>Muito poucos franceses conhecem os par\u00e2metros utilizados para medir a qualidade do ar interior. Embora a <strong>temperatura (91 %) e a humidade relativa (76 %)<\/strong> sejam amplamente identificadas, apenas <strong>64 %<\/strong> citam o <strong>CO\u2082<\/strong>, <strong>38 %<\/strong> as <a href=\"https:\/\/obera.fr\/pt-pt\/nosso-conselho\/traitement-air-industriel-guide-complet\/\" data-type=\"post\" data-id=\"1420\">part\u00edculas finas<\/a> <strong> <\/strong>e apenas <strong>5 %<\/strong> conhecem os <strong>COV<\/strong>, embora estes poluentes estejam no centro dos diagn\u00f3sticos profissionais de qualidade do ar. Quase <strong>1 em cada 10 inquiridos<\/strong> afirma mesmo n\u00e3o conhecer nenhum dos par\u00e2metros de medi\u00e7\u00e3o.  <\/p>\n\n<p>Este desconhecimento dos \u00abverdadeiros\u00bb indicadores t\u00e9cnicos mostra que muitas empresas comunicam muito pouco sobre a medi\u00e7\u00e3o da QAI, embora o acompanhamento do CO\u2082, das part\u00edculas e dos COV seja apresentado pelos especialistas como indispens\u00e1vel para proteger a sa\u00fade e a produtividade das equipas. <\/p>\n\n<h3 class=\"wp-block-heading\">De entre estes par\u00e2metros, quais conhece (nem que seja de nome) como sendo utilizados para medir a qualidade do ar interior? <\/h3>\n\n<p><em>(v\u00e1rias respostas poss\u00edveis)<\/em><\/p>\n\n<figure class=\"wp-block-table\"><table class=\"has-fixed-layout\"><tbody><tr><td><strong>Respostas <\/strong><\/td><td><strong>Percentagens<\/strong><\/td><\/tr><tr><td>CO\u2082 (di\u00f3xido de carbono) <\/td><td>64 %<\/td><\/tr><tr><td>COV (compostos org\u00e2nicos vol\u00e1teis) <\/td><td>5 %<\/td><\/tr><tr><td>Part\u00edculas finas (PM2,5 \/ PM10) <\/td><td>38 %<\/td><\/tr><tr><td>Temperatura <\/td><td>91 %<\/td><\/tr><tr><td>Humidade relativa <\/td><td>76 %<\/td><\/tr><tr><td>Nenhum destes termos me \u00e9 familiar <\/td><td>9 %<\/td><\/tr><\/tbody><\/table><\/figure>\n\n<h4 class=\"wp-block-heading\">Uma polui\u00e7\u00e3o do ar interior muito subestimada <\/h4>\n\n<p>Quase <strong>9 em cada 10 inquiridos (89 %)<\/strong> subestimam a polui\u00e7\u00e3o do ar interior em ambientes profissionais ou simplesmente n\u00e3o t\u00eam ideia do seu n\u00edvel. Apenas <strong>11 %<\/strong> sabem que pode ser <strong>5 a 10 vezes mais polu\u00eddo do que o ar exterior<\/strong>, o que \u00e9 confirmado pelos dados do OQEI. <\/p>\n\n<p>Em detalhe, <strong>63 %<\/strong> pensam que o ar interior \u00e9 menos, t\u00e3o ou apenas um pouco mais polu\u00eddo do que no exterior, e <strong>26 %<\/strong> nunca tinham pensado nisso. <\/p>\n\n<p>Este desfasamento maci\u00e7o entre perce\u00e7\u00e3o e realidade ilustra at\u00e9 que ponto a polui\u00e7\u00e3o do ar interior continua a ser um <strong>risco invis\u00edvel<\/strong>, embora seja reconhecida como um desafio importante para a sa\u00fade p\u00fablica e a preven\u00e7\u00e3o nas empresas. <\/p>\n\n<h3 class=\"wp-block-heading\">Na sua opini\u00e3o, o ar interior em ambientes profissionais \u00e9:<\/h3>\n\n<figure class=\"wp-block-table\"><table class=\"has-fixed-layout\"><tbody><tr><td><strong>Respostas <\/strong><\/td><td><strong>Percentagens<\/strong><\/td><\/tr><tr><td>Menos polu\u00eddo do que o ar exterior <\/td><td>12 %<\/td><\/tr><tr><td>Mais ou menos t\u00e3o polu\u00eddo <\/td><td>23 %<\/td><\/tr><tr><td>Um pouco mais polu\u00eddo, mas n\u00e3o tanto <\/td><td>28 %<\/td><\/tr><tr><td>5 a 10 vezes mais polu\u00eddo <\/td><td>11 %<\/td><\/tr><tr><td>N\u00e3o sei \/ Nunca tinha pensado nisso <\/td><td>26 %<\/td><\/tr><\/tbody><\/table><\/figure>\n\n<h4 class=\"wp-block-heading\">E quanto \u00e0 lei? <\/h4>\n\n<p>Estes resultados revelam tamb\u00e9m uma verdadeira confus\u00e3o sobre o direito do trabalho: <strong>apenas 22 % dos inquiridos sabem claramente que a manuten\u00e7\u00e3o de um ar interior saud\u00e1vel \u00e9 uma obriga\u00e7\u00e3o regulamentar para o empregador<\/strong>. <\/p>\n\n<p>\u00c9 certo que 29 % o consideram \u00abprovavelmente verdadeiro\u00bb, mas <strong>quase 1 em cada 2 trabalhadores (49 %) n\u00e3o o sabe ou, pior, pensa que n\u00e3o \u00e9 uma obriga\u00e7\u00e3o<\/strong>. <\/p>\n\n<h3 class=\"wp-block-heading\">Na sua opini\u00e3o, a manuten\u00e7\u00e3o de um ar interior saud\u00e1vel \u00e9 uma obriga\u00e7\u00e3o regulamentar para o empregador?<\/h3>\n\n<figure class=\"wp-block-table\"><table class=\"has-fixed-layout\"><tbody><tr><td><strong>Respostas <\/strong><\/td><td><strong>Percentagens<\/strong><\/td><\/tr><tr><td>Sim, \u00e9 totalmente verdade <\/td><td>22 %<\/td><\/tr><tr><td>Provavelmente verdade <\/td><td>29 %<\/td><\/tr><tr><td>N\u00e3o sei se \u00e9 verdade ou falso <\/td><td>25 %<\/td><\/tr><tr><td>Provavelmente falso, n\u00e3o penso que seja uma obriga\u00e7\u00e3o <\/td><td>15 %<\/td><\/tr><tr><td>Completamente falso <\/td><td>9 %<\/td><\/tr><\/tbody><\/table><\/figure>\n\n<p>Este inqu\u00e9rito destaca um ponto crucial: o fosso entre o que os especialistas recomendam \u2013 um acompanhamento estruturado e regular da qualidade do ar interior \u2013 e a realidade no terreno, onde a vigil\u00e2ncia permanece largamente marginal, ou mesmo invis\u00edvel para os trabalhadores. <\/p>\n\n<p>No entanto, <strong>o C\u00f3digo do Trabalho imp\u00f5e claramente ao empregador a obriga\u00e7\u00e3o de garantir um ar saud\u00e1vel e de prevenir os riscos relacionados com a polui\u00e7\u00e3o interior<\/strong> (artigos L4121-1 e R4222-1, nomeadamente). Este desfasamento entre o quadro jur\u00eddico e a perce\u00e7\u00e3o dos trabalhadores mostra que a qualidade do ar continua a ser um verdadeiro ponto cego na cultura de preven\u00e7\u00e3o nas empresas. <\/p>\n\n<h2 class=\"wp-block-heading has-text-align-center\">Thibaut SAMSEL, diretor e fundador da OberA<\/h2>\n\n<p>*Metodologia: Inqu\u00e9rito realizado junto de uma amostra representativa de 5.601 pessoas residentes em Fran\u00e7a, com 18 anos ou mais. Sondagem realizada online em novembro de 2025 a partir do painel de inquiridos BuzzPress (27.700 pessoas em Fran\u00e7a inquiridas eletronicamente por e-mail e nas redes sociais Facebook e LinkedIn). Perfis das empresas citadas pelos inquiridos para o seu local de trabalho:   <\/p>\n\n<p>Ind\u00fastria \/ produ\u00e7\u00e3o: 16 % <\/p>\n\n<p>Servi\u00e7os a particulares (sa\u00fade, social, apoio domicili\u00e1rio, com\u00e9rcio, restaura\u00e7\u00e3o\u2026): 28 % <\/p>\n\n<p>Servi\u00e7os a empresas (consultoria, inform\u00e1tica, finan\u00e7as, comunica\u00e7\u00e3o\u2026): 23 % <\/p>\n\n<p>Setor p\u00fablico \/ parap\u00fablico (administra\u00e7\u00f5es, ensino, hospitais\u2026): 19 % <\/p>\n\n<p>Constru\u00e7\u00e3o \/ Obras P\u00fablicas: 7 % <\/p>\n\n<p>Transporte \/ log\u00edstica: 6 % <\/p>\n\n<p>Outro \/ n\u00e3o se pronuncia: 1 % <\/p>\n\n<p>Respostas compiladas e ponderadas em fun\u00e7\u00e3o de quotas preestabelecidas que visam assegurar a representatividade da amostra e obter uma representatividade da popula\u00e7\u00e3o-alvo. Todas as pondera\u00e7\u00f5es se baseiam em dados administrativos e nos dados recolhidos pelo INSEE.  <\/p>\n\n<h2 class=\"wp-block-heading has-text-align-center\">Falaram de n\u00f3s!<\/h2>\n\n<div class=\"wp-block-columns are-vertically-aligned-center is-layout-flex wp-container-core-columns-is-layout-8bffabeb wp-block-columns-is-layout-flex\" style=\"margin-top:var(--wp--preset--spacing--30);margin-bottom:var(--wp--preset--spacing--30);padding-top:0;padding-bottom:0\">\n<div class=\"wp-block-column is-vertically-aligned-center is-layout-flow wp-block-column-is-layout-flow\">\n<figure class=\"wp-block-image size-full\"><a href=\"https:\/\/presseagence.fr\/paris-sondage-qvct-4-francais-sur-5-ignorent-comment-detecter-un-air-vraiment-sain\/\" target=\"_blank\" rel=\" noreferrer noopener\"><img decoding=\"async\" width=\"463\" height=\"153\" src=\"https:\/\/obera.fr\/wp-content\/uploads\/2026\/02\/logo_de_presse_agence.jpg\" alt=\"log&#xF3;tipo da ag&#xEA;ncia de imprensa\" class=\"wp-image-143848\" srcset=\"https:\/\/obera.fr\/wp-content\/uploads\/2026\/02\/logo_de_presse_agence.jpg 463w, https:\/\/obera.fr\/wp-content\/uploads\/2026\/02\/logo_de_presse_agence-300x99.jpg 300w\" sizes=\"(max-width: 463px) 100vw, 463px\" \/><\/a><figcaption class=\"wp-element-caption\"><em>AG\u00caNCIA DE IMPRENSA<\/em><\/figcaption><\/figure>\n<\/div>\n\n\n\n<div class=\"wp-block-column is-vertically-aligned-center is-layout-flow wp-block-column-is-layout-flow\">\n<figure class=\"wp-block-image size-large\"><a href=\"https:\/\/xn--horizonviesant-okb.com\/4-francais-sur-5-ignorent-comment-detecter-un-air-vraiment-sain\/\" target=\"_blank\" rel=\" noreferrer noopener\"><img decoding=\"async\" width=\"1024\" height=\"207\" src=\"https:\/\/obera.fr\/wp-content\/uploads\/2026\/02\/loog-horizonviesante-1024x207.png\" alt=\"log&#xF3;tipo horizonte vida sa&#xFA;de\" class=\"wp-image-143849\" srcset=\"https:\/\/obera.fr\/wp-content\/uploads\/2026\/02\/loog-horizonviesante-1024x207.png 1024w, https:\/\/obera.fr\/wp-content\/uploads\/2026\/02\/loog-horizonviesante-300x61.png 300w, https:\/\/obera.fr\/wp-content\/uploads\/2026\/02\/loog-horizonviesante-768x156.png 768w, https:\/\/obera.fr\/wp-content\/uploads\/2026\/02\/loog-horizonviesante.png 1229w\" sizes=\"(max-width: 1024px) 100vw, 1024px\" \/><\/a><figcaption class=\"wp-element-caption\"><em>HORIZONTE VIDA E SA\u00daDE<\/em><\/figcaption><\/figure>\n<\/div>\n\n\n\n<div class=\"wp-block-column is-vertically-aligned-center has-contrast-background-color has-background is-layout-constrained wp-block-column-is-layout-constrained\">\n<figure class=\"wp-block-image size-full\"><a href=\"https:\/\/www.news-eco.com\/communique\/au-travail-lair-semble-correct-mais-la-plupart-se-trompent\/\" target=\"_blank\" rel=\" noreferrer noopener\"><img decoding=\"async\" width=\"215\" height=\"42\" src=\"https:\/\/obera.fr\/wp-content\/uploads\/2026\/02\/news-eco-logo2.png\" alt=\"not&#xED;cias eco log&#xF3;tipo2\" class=\"wp-image-143850\"\/><\/a><\/figure>\n<\/div>\n\n\n\n<div class=\"wp-block-column is-vertically-aligned-center is-layout-flow wp-block-column-is-layout-flow\">\n<figure class=\"wp-block-image size-full\"><a href=\"https:\/\/www.lyftvnews.com\/t9528-au-travail-lair-a-lair-sain-mais-89-des-francais-se-trompent#10372\" target=\"_blank\" rel=\" noreferrer noopener\"><img decoding=\"async\" width=\"900\" height=\"900\" src=\"https:\/\/obera.fr\/wp-content\/uploads\/2026\/02\/logo-lyftv.jpg\" alt=\"log&#xF3;tipo lyftv\" class=\"wp-image-143851\" srcset=\"https:\/\/obera.fr\/wp-content\/uploads\/2026\/02\/logo-lyftv.jpg 900w, https:\/\/obera.fr\/wp-content\/uploads\/2026\/02\/logo-lyftv-300x300.jpg 300w, https:\/\/obera.fr\/wp-content\/uploads\/2026\/02\/logo-lyftv-150x150.jpg 150w, https:\/\/obera.fr\/wp-content\/uploads\/2026\/02\/logo-lyftv-768x768.jpg 768w\" sizes=\"(max-width: 900px) 100vw, 900px\" \/><\/a><figcaption class=\"wp-element-caption\"><em>LYF TV NOT\u00cdCIAS<\/em><\/figcaption><\/figure>\n<\/div>\n\n\n\n<div class=\"wp-block-column is-vertically-aligned-center is-layout-flow wp-block-column-is-layout-flow\">\n<figure class=\"wp-block-image size-full\"><a href=\"https:\/\/communiques.categorynet.com\/sante\/525169-4-francais-sur-5-ignorent-comment-detecter-un-air-vraiment-s\/\" target=\"_blank\" rel=\" noreferrer noopener\"><img decoding=\"async\" width=\"201\" height=\"41\" src=\"https:\/\/obera.fr\/wp-content\/uploads\/2026\/02\/cropped-cn-1.webp\" alt=\"cortado cn 1\" class=\"wp-image-143852\"\/><\/a><figcaption class=\"wp-element-caption\"><em>CATEGORYNET<\/em><\/figcaption><\/figure>\n<\/div>\n<\/div>\n\n<div class=\"wp-block-columns are-vertically-aligned-center is-layout-flex wp-container-core-columns-is-layout-28f84493 wp-block-columns-is-layout-flex\">\n<div class=\"wp-block-column is-vertically-aligned-center is-layout-flow wp-block-column-is-layout-flow\">\n<figure class=\"wp-block-image size-full\"><a href=\"https:\/\/www.esteval.fr\/article.44169.etudes-89-pourcents-des-francais-sous-estiment-la-pollution-de-l-air-sur-leur-lieu-de-travail\" target=\"_blank\" rel=\" noreferrer noopener\"><img decoding=\"async\" width=\"200\" height=\"200\" src=\"https:\/\/obera.fr\/wp-content\/uploads\/2026\/02\/logo_esteval_200_200.jpg\" alt=\"log&#xF3;tipo esteval 200 200\" class=\"wp-image-143853\" srcset=\"https:\/\/obera.fr\/wp-content\/uploads\/2026\/02\/logo_esteval_200_200.jpg 200w, https:\/\/obera.fr\/wp-content\/uploads\/2026\/02\/logo_esteval_200_200-150x150.jpg 150w\" sizes=\"(max-width: 200px) 100vw, 200px\" \/><\/a><figcaption class=\"wp-element-caption\"><em>ESTEVAL<\/em><\/figcaption><\/figure>\n<\/div>\n\n\n\n<div class=\"wp-block-column is-vertically-aligned-center is-layout-flow wp-block-column-is-layout-flow\">\n<figure class=\"wp-block-image size-full\"><img decoding=\"async\" width=\"700\" height=\"350\" src=\"https:\/\/obera.fr\/wp-content\/uploads\/2026\/02\/therm-presse01.jpg\" alt=\"therm presse01\" class=\"wp-image-143854\" srcset=\"https:\/\/obera.fr\/wp-content\/uploads\/2026\/02\/therm-presse01.jpg 700w, https:\/\/obera.fr\/wp-content\/uploads\/2026\/02\/therm-presse01-300x150.jpg 300w\" sizes=\"(max-width: 700px) 100vw, 700px\" \/><figcaption class=\"wp-element-caption\"><em>THERMPRESSE<\/em><\/figcaption><\/figure>\n<\/div>\n\n\n\n<div class=\"wp-block-column is-vertically-aligned-center is-layout-flow wp-block-column-is-layout-flow\">\n<figure class=\"wp-block-image size-full\"><a href=\"https:\/\/terre-futur.com\/un-angle-mort-sanitaire-qui-persiste-dans-les-entreprises-francaises\/\" target=\"_blank\" rel=\" noreferrer noopener\"><img decoding=\"async\" width=\"512\" height=\"512\" src=\"https:\/\/obera.fr\/wp-content\/uploads\/2026\/02\/terrefutur_logo.jpg\" alt=\"log&#xF3;tipo terrafuturo\" class=\"wp-image-143855\" srcset=\"https:\/\/obera.fr\/wp-content\/uploads\/2026\/02\/terrefutur_logo.jpg 512w, https:\/\/obera.fr\/wp-content\/uploads\/2026\/02\/terrefutur_logo-300x300.jpg 300w, https:\/\/obera.fr\/wp-content\/uploads\/2026\/02\/terrefutur_logo-150x150.jpg 150w\" sizes=\"(max-width: 512px) 100vw, 512px\" \/><\/a><figcaption class=\"wp-element-caption\"><em>TERRA FUTURO<\/em><\/figcaption><\/figure>\n<\/div>\n\n\n\n<div class=\"wp-block-column is-vertically-aligned-center is-layout-flow wp-block-column-is-layout-flow\">\n<figure class=\"wp-block-image size-full\"><a href=\"https:\/\/portaildocumentaire.inrs.fr\/blog-view\/25\/veille-qualite-de-lair-interieur\/2038\/bulletin-de-veille-qualite-de-lair-interieur-janvier-2026\" target=\"_blank\" rel=\" noreferrer noopener\"><img decoding=\"async\" width=\"366\" height=\"138\" src=\"https:\/\/obera.fr\/wp-content\/uploads\/2026\/02\/logoinrs.png\" alt=\"log&#xF3;tipo inrs\" class=\"wp-image-143856\" srcset=\"https:\/\/obera.fr\/wp-content\/uploads\/2026\/02\/logoinrs.png 366w, https:\/\/obera.fr\/wp-content\/uploads\/2026\/02\/logoinrs-300x113.png 300w\" sizes=\"(max-width: 366px) 100vw, 366px\" \/><\/a><figcaption class=\"wp-element-caption\"><em>PORTAL DOCUMENTAL INRS<\/em><\/figcaption><\/figure>\n<\/div>\n<\/div>\n","protected":false},"excerpt":{"rendered":"<p>Uma polui\u00e7\u00e3o que pode ser 5 a 10 vezes mais elevada do que no exterior Apenas 22 % dos trabalhadores sabem que a manuten\u00e7\u00e3o de um ar interior saud\u00e1vel \u00e9 uma obriga\u00e7\u00e3o regulamentar para o empregador O que pensa da qualidade do ar no seu local de trabalho? Foi esta a pergunta que a empresa OberA fez a 5.601 pessoas de seis grandes setores de atividade*. Um inqu\u00e9rito que mostra que a maioria dos trabalhadores subestima a polui\u00e7\u00e3o do ar interior, desconhece os riscos para a sua sa\u00fade e ignora em grande parte as obriga\u00e7\u00f5es legais do seu empregador. Franceses &#8230; <\/p>\n<p class=\"read-more-container\"><a title=\"89 % dos franceses subestimam a polui\u00e7\u00e3o do ar no seu local de trabalho\" class=\"read-more button\" href=\"https:\/\/obera.fr\/pt-pt\/presse\/89-dos-franceses-subestimam-a-poluicao-do-ar-no-seu-local-de-trabalho\/#more-145721\" aria-label=\"Leia mais sobre 89 % dos franceses subestimam a polui\u00e7\u00e3o do ar no seu local de trabalho\">Lire la suite<\/a><\/p>\n","protected":false},"author":13,"featured_media":0,"comment_status":"open","ping_status":"closed","sticky":false,"template":"","format":"standard","meta":{"_acf_changed":false,"_seopress_robots_primary_cat":"980","_seopress_titles_title":"Estudo: A polui\u00e7\u00e3o do ar nos locais de trabalho","_seopress_titles_desc":"","_seopress_robots_index":"","footnotes":""},"categories":[1001],"tags":[],"class_list":["post-145721","post","type-post","status-publish","format-standard","hentry","category-imprensa","generate-columns","tablet-grid-50","mobile-grid-100","grid-parent","grid-50","no-featured-image-padding"],"acf":[],"_links":{"self":[{"href":"https:\/\/obera.fr\/pt-pt\/wp-json\/wp\/v2\/posts\/145721","targetHints":{"allow":["GET"]}}],"collection":[{"href":"https:\/\/obera.fr\/pt-pt\/wp-json\/wp\/v2\/posts"}],"about":[{"href":"https:\/\/obera.fr\/pt-pt\/wp-json\/wp\/v2\/types\/post"}],"author":[{"embeddable":true,"href":"https:\/\/obera.fr\/pt-pt\/wp-json\/wp\/v2\/users\/13"}],"replies":[{"embeddable":true,"href":"https:\/\/obera.fr\/pt-pt\/wp-json\/wp\/v2\/comments?post=145721"}],"version-history":[{"count":2,"href":"https:\/\/obera.fr\/pt-pt\/wp-json\/wp\/v2\/posts\/145721\/revisions"}],"predecessor-version":[{"id":145738,"href":"https:\/\/obera.fr\/pt-pt\/wp-json\/wp\/v2\/posts\/145721\/revisions\/145738"}],"wp:attachment":[{"href":"https:\/\/obera.fr\/pt-pt\/wp-json\/wp\/v2\/media?parent=145721"}],"wp:term":[{"taxonomy":"category","embeddable":true,"href":"https:\/\/obera.fr\/pt-pt\/wp-json\/wp\/v2\/categories?post=145721"},{"taxonomy":"post_tag","embeddable":true,"href":"https:\/\/obera.fr\/pt-pt\/wp-json\/wp\/v2\/tags?post=145721"}],"curies":[{"name":"wp","href":"https:\/\/api.w.org\/{rel}","templated":true}]}}