{"id":145745,"date":"2026-01-20T15:01:12","date_gmt":"2026-01-20T13:01:12","guid":{"rendered":"https:\/\/obera.fr\/nosso-conselho\/os-franceses-respiram-de-forma-saudavel-no-seu-local-de-trabalho-durante-o-inverno\/"},"modified":"2026-03-02T14:54:53","modified_gmt":"2026-03-02T12:54:53","slug":"os-franceses-respiram-de-forma-saudavel-no-seu-local-de-trabalho-durante-o-inverno","status":"publish","type":"post","link":"https:\/\/obera.fr\/pt-pt\/imprensa\/os-franceses-respiram-de-forma-saudavel-no-seu-local-de-trabalho-durante-o-inverno\/","title":{"rendered":"Os franceses respiram de forma saud\u00e1vel no seu local de trabalho durante o inverno?"},"content":{"rendered":"\n<p>A OberA revela os resultados de um <strong>novo inqu\u00e9rito* realizado a 4.102 pessoas<\/strong> que destaca um desfasamento persistente entre o conforto t\u00e9rmico e a qualidade do ar no trabalho: temperaturas ideais muito disputadas, arejamento invernal raro, aus\u00eancia de dispositivos de purifica\u00e7\u00e3o de ar, humidade pouco controlada e hesita\u00e7\u00f5es sobre os gestos corretos perante os v\u00edrus. O estudo sublinha tamb\u00e9m uma forte expetativa em rela\u00e7\u00e3o aos empregadores: uma larga maioria solicita a\u00e7\u00f5es concretas para um ar interior mais saud\u00e1vel nas empresas e nos locais p\u00fablicos. <\/p>\n\n<figure class=\"wp-block-image aligncenter size-full\"><img decoding=\"async\" width=\"315\" height=\"210\" src=\"https:\/\/obera.fr\/wp-content\/uploads\/2026\/02\/sondage-obera-image.png\" alt=\"imagem sondagem obera\" class=\"wp-image-143875\" srcset=\"https:\/\/obera.fr\/wp-content\/uploads\/2026\/02\/sondage-obera-image.png 315w, https:\/\/obera.fr\/wp-content\/uploads\/2026\/02\/sondage-obera-image-300x200.png 300w\" sizes=\"(max-width: 315px) 100vw, 315px\" \/><\/figure>\n\n<h2 class=\"wp-block-heading\">Locais de trabalho com temperatura mal regulada? <\/h2>\n\n<p>Ter demasiado frio ou demasiado calor no local de trabalho pode tornar-se um verdadeiro problema. Mas, sobre este assunto, nem todos t\u00eam a mesma vis\u00e3o da temperatura ideal.  <\/p>\n\n<p>Segundo o INRS, as refer\u00eancias de conforto t\u00e9rmico situam-se entre os 21 e os 23 \u00b0C e este intervalo \u00e9 preferido por apenas 41 %. <\/p>\n\n<p>Alguns privilegiam regula\u00e7\u00f5es mais s\u00f3brias a 19 \u00b0C ou menos (21 %), um n\u00edvel pr\u00f3ximo das orienta\u00e7\u00f5es de sobriedade energ\u00e9tica recordadas na comunica\u00e7\u00e3o p\u00fablica.<\/p>\n\n<h3 class=\"wp-block-heading\">No inverno, que temperatura gosta de ter no seu local de trabalho?<\/h3>\n\n<figure class=\"wp-block-table\"><table class=\"has-fixed-layout\"><tbody><tr><td><strong>Respostas <\/strong><\/td><td><strong>Percentagens<\/strong><\/td><\/tr><tr><td>17 \u00b0C <\/td><td>2 %<\/td><\/tr><tr><td>18 \u00b0C <\/td><td>11 %<\/td><\/tr><tr><td>19 \u00b0C <\/td><td>19 %<\/td><\/tr><tr><td>20 \u00b0C <\/td><td>21 %<\/td><\/tr><tr><td>21 \u00b0C <\/td><td>18 %<\/td><\/tr><tr><td>22 \u00b0C <\/td><td>12 %<\/td><\/tr><tr><td>23 \u00b0C <\/td><td>11 %<\/td><\/tr><tr><td>Mais de 24 \u00b0C <\/td><td>5 %<\/td><\/tr><tr><td>N\u00e3o sei <\/td><td>1 %<\/td><\/tr><\/tbody><\/table><\/figure>\n\n<h3 class=\"wp-block-heading\">Os franceses preferem estar quentes do que ter um ar renovado<\/h3>\n\n<p>Se tivessem de escolher, quase um em cada dois franceses prefere estar bem quente, mesmo que o ar seja pouco renovado (48 %), contra 41 % que privilegiam um ar renovado regularmente, ainda que tenham de suportar um ambiente mais fresco. Finalmente, 11 % declaram n\u00e3o se decidir, sinal de que a escolha depende das situa\u00e7\u00f5es (meteorologia, sensibilidade ao frio, tipo de instala\u00e7\u00f5es). Estes resultados confirmam o peso do conforto t\u00e9rmico na perce\u00e7\u00e3o de um ambiente saud\u00e1vel, numa altura em que as recomenda\u00e7\u00f5es p\u00fablicas insistem na import\u00e2ncia de arejar diariamente, inclusive no inverno.   <\/p>\n\n<h3 class=\"wp-block-heading\">Se tivesse de escolher, o que preferia:<\/h3>\n\n<figure class=\"wp-block-table\"><table class=\"has-fixed-layout\"><tbody><tr><td><strong>Respostas <\/strong><\/td><td><strong>Percentagens<\/strong><\/td><\/tr><tr><td><strong>Estar bem quente, mesmo que o ar seja pouco renovado <\/strong><\/td><td><strong>48 %<\/strong><\/td><\/tr><tr><td>Estar um pouco mais fresco, mas com um ar renovado regularmente <\/td><td>41 %<\/td><\/tr><tr><td>N\u00e3o sei \/ depende <\/td><td>11 %<\/td><\/tr><\/tbody><\/table><\/figure>\n\n<h2 class=\"wp-block-heading\">Franceses preocupados com a humidade&#8230; mas sem controlo real <\/h2>\n\n<p>A humidade do ar no trabalho \u00e9 uma preocupa\u00e7\u00e3o muito partilhada: 90 % dos inquiridos preocupam-se com ela, mas apenas 8 % indicam que esta \u00e9 efetivamente testada para conhecer a sua taxa. Inversamente, 82 % declaram n\u00e3o dispor de um acompanhamento claro (31 % n\u00e3o sabem se existem testes e 51 % afirmam que ningu\u00e9m a testa), o que vai ao encontro das conclus\u00f5es de inqu\u00e9ritos nacionais sobre a QAI que mostram um forte desconhecimento das medi\u00e7\u00f5es e da sua gest\u00e3o na empresa.  <\/p>\n\n<p>Ora, a humidade relativa \u00e9 um par\u00e2metro reconhecido de conforto e sa\u00fade, com recomenda\u00e7\u00f5es situadas frequentemente entre os 40\u201360 % para limitar o desconforto e os desequil\u00edbrios.<\/p>\n\n<h3 class=\"wp-block-heading\">Preocupa-se com a humidade presente no ar no seu local de trabalho?<\/h3>\n\n<figure class=\"wp-block-table\"><table class=\"has-fixed-layout\"><tbody><tr><td><strong>Respostas <\/strong><\/td><td><strong>Percentagens<\/strong><\/td><\/tr><tr><td>Sim, \u00e9 testada para conhecer a taxa <\/td><td>8 %<\/td><\/tr><tr><td>Sim, mas n\u00e3o sei se \u00e9 testada <\/td><td>31 %<\/td><\/tr><tr><td>Sim, mas ningu\u00e9m a testa <\/td><td>51 %<\/td><\/tr><tr><td>N\u00e3o, isso n\u00e3o me preocupa <\/td><td>10 %<\/td><\/tr><\/tbody><\/table><\/figure>\n\n<h3 class=\"wp-block-heading\">Qual a solu\u00e7\u00e3o contra os micr\u00f3bios dos colegas? <\/h3>\n\n<p>Com o inverno, os micr\u00f3bios andam no ar. No entanto, as respostas mostram uma forte hesita\u00e7\u00e3o sobre os bons reflexos a adotar para evitar contamina\u00e7\u00f5es. Assim, apenas uma minoria relativa de 31 % escolhe a estrat\u00e9gia mais completa: arejamentos curtos + purificador. Os restantes 50 % dividem-se entre uma a\u00e7\u00e3o \u00fanica (janela aberta apesar do frio\/polui\u00e7\u00e3o com 21 % ou purificador isolado com 29 %) e 19 % declaram n\u00e3o saber que atitude adotar (11 %) ou n\u00e3o fazer nada (8 %).    <\/p>\n\n<p>No entanto, as recomenda\u00e7\u00f5es s\u00e3o bastante claras e privilegiam o arejamento e a ventila\u00e7\u00e3o, mesmo no inverno, atrav\u00e9s de aberturas repetidas de alguns minutos. O aporte de ar novo reduz a acumula\u00e7\u00e3o de aeross\u00f3is.  <\/p>\n\n<p>A filtra\u00e7\u00e3o HEPA \u00e9 igualmente \u00fatil como complemento. <\/p>\n\n<h3 class=\"wp-block-heading\">Para reduzir os riscos associados aos micr\u00f3bios respirat\u00f3rios no ar (aeross\u00f3is), a melhor resposta, na sua opini\u00e3o, \u00e9:<\/h3>\n\n<figure class=\"wp-block-table\"><table class=\"has-fixed-layout\"><tbody><tr><td><strong>Respostas <\/strong><\/td><td><strong>Percentagens<\/strong><\/td><\/tr><tr><td>Abrir a janela mesmo que o ar exterior esteja muito frio e possivelmente polu\u00eddo <\/td><td>21 %<\/td><\/tr><tr><td>Utilizar um purificador de ar (tipo HEPA, de carv\u00e3o ativado, de satura\u00e7\u00e3o, regener\u00e1vel) <\/td><td>29 %<\/td><\/tr><tr><td>Proceder a arejamentos curtos e regulares e \u00e0 utiliza\u00e7\u00e3o de um purificador de ar <\/td><td>31 %<\/td><\/tr><tr><td>N\u00e3o fazer nada <\/td><td>8 %<\/td><\/tr><tr><td>N\u00e3o sei <\/td><td>11 %<\/td><\/tr><\/tbody><\/table><\/figure>\n\n<h2 class=\"wp-block-heading\">Basta de janelas fechadas! <\/h2>\n\n<p>O arejamento no trabalho parece ser amplamente insuficiente e mal controlado: apenas 22 % declaram abrir as janelas pelo menos uma vez por dia (7 % v\u00e1rias vezes, 15 % uma vez), enquanto 54 % o fazem com menos frequ\u00eancia (21 % algumas vezes por semana, 14 % raramente, 19 % nunca). Sobretudo, 24 % respondem n\u00e3o saber ou n\u00e3o dispor de janelas, sinal de uma falta de refer\u00eancias e da dificuldade em aplicar os gestos corretos.  <\/p>\n\n<h3 class=\"wp-block-heading\">Com que frequ\u00eancia as janelas s\u00e3o abertas no inverno no seu espa\u00e7o de trabalho?<\/h3>\n\n<figure class=\"wp-block-table\"><table class=\"has-fixed-layout\"><tbody><tr><td><strong>Respostas <\/strong><\/td><td><strong>Percentagens<\/strong><\/td><\/tr><tr><td>V\u00e1rias vezes por dia <\/td><td>7 %<\/td><\/tr><tr><td>1 vez por dia <\/td><td>15 %<\/td><\/tr><tr><td>Algumas vezes por semana <\/td><td>21 %<\/td><\/tr><tr><td>Raramente <\/td><td>14 %<\/td><\/tr><tr><td>Nunca <\/td><td>19 %<\/td><\/tr><tr><td>N\u00e3o sei \/ n\u00e3o existem janelas <\/td><td>24 %<\/td><\/tr><\/tbody><\/table><\/figure>\n\n<h2 class=\"wp-block-heading\">Ar de m\u00e1 qualidade no trabalho? <\/h2>\n\n<p>Quem nunca sentiu o ar confinado no seu local de trabalho? <\/p>\n\n<p>78 % dos franceses constatam-no (31 % frequentemente e 47 % por vezes), contra apenas 17 % que n\u00e3o detetam nada (14 % raramente, 3 % nunca). <\/p>\n\n<p>A QAI continua a ser mal gerida e mal compreendida. De facto, quando o ar parece confinado, muitos n\u00e3o sabem que alavancas ativar (ventila\u00e7\u00e3o, arejamentos curtos e regulares, filtra\u00e7\u00e3o). O CO\u2082 \u00e9, no entanto, um marcador \u00fatil de um ar insuficientemente renovado, e gestos simples (arejar\/ventilar) reduzem a acumula\u00e7\u00e3o de poluentes e aeross\u00f3is.   <\/p>\n\n<h3 class=\"wp-block-heading\">J\u00e1 sentiu que o ar est\u00e1 confinado no trabalho durante o inverno?<\/h3>\n\n<figure class=\"wp-block-table\"><table class=\"has-fixed-layout\"><tbody><tr><td><strong>Respostas <\/strong><\/td><td><strong>Percentagens<\/strong><\/td><\/tr><tr><td>Sim, frequentemente <\/td><td>31 %<\/td><\/tr><tr><td><strong>Sim, por vezes <\/strong><\/td><td><strong>47 %<\/strong><\/td><\/tr><tr><td>N\u00e3o, raramente <\/td><td>14 %<\/td><\/tr><tr><td>N\u00e3o, nunca <\/td><td>3 %<\/td><\/tr><tr><td>N\u00e3o sei <\/td><td>5 %<\/td><\/tr><\/tbody><\/table><\/figure>\n\n<h2 class=\"wp-block-heading\">Uma m\u00e1 gest\u00e3o em caso de doen\u00e7a <\/h2>\n\n<p>Quando um colega tem tosse ou constipa\u00e7\u00e3o, a situa\u00e7\u00e3o continua a ser, em grande medida, mal gerida pelos franceses. De facto, 43 % declaram ir trabalhar doentes, contra apenas 25 % que ficam em casa. Para 29 %, tudo depende do contexto e da situa\u00e7\u00e3o.   <\/p>\n\n<p>A cultura do presente\u00edsmo ainda est\u00e1 demasiado presente em Fran\u00e7a; como sublinha a Dares, mais de um em cada quatro dias de doen\u00e7a (27 %) traduz-se numa presen\u00e7a no trabalho. As recomenda\u00e7\u00f5es de sa\u00fade p\u00fablica e o bom senso recordam que, em caso de sintomas, \u00e9 necess\u00e1rio limitar a transmiss\u00e3o (nomeadamente usando m\u00e1scara no trabalho quando se est\u00e1 doente) e aplicar as medidas de barreira.  <\/p>\n\n<p>Estes resultados defendem orienta\u00e7\u00f5es operacionais na empresa (teletrabalho se poss\u00edvel, regresso ao escrit\u00f3rio com m\u00e1scara se houver sintomas, arejamento\/ventila\u00e7\u00e3o refor\u00e7ados) para evitar que a preven\u00e7\u00e3o dependa da decis\u00e3o individual. <\/p>\n\n<h3 class=\"wp-block-heading\">Quando um colega est\u00e1 doente (tosse\/constipa\u00e7\u00e3o), o que acontece com mais frequ\u00eancia?<\/h3>\n\n<figure class=\"wp-block-table\"><table class=\"has-fixed-layout\"><tbody><tr><td><strong>Respostas <\/strong><\/td><td><strong>Percentagens<\/strong><\/td><\/tr><tr><td>Ele\/ela fica em casa <\/td><td>25 %<\/td><\/tr><tr><td><strong>Ele\/ela vem na mesma (por obriga\u00e7\u00e3o) <\/strong><\/td><td><strong>43 %<\/strong><\/td><\/tr><tr><td>Depende das equipas \/ per\u00edodos <\/td><td>29 %<\/td><\/tr><tr><td>N\u00e3o sei <\/td><td>3 %<\/td><\/tr><\/tbody><\/table><\/figure>\n\n<h3 class=\"wp-block-heading\">O que fazem realmente os franceses perante um colega doente? <\/h3>\n\n<p>Desde a Covid, alguns reflexos integraram-se nos h\u00e1bitos coletivos. Assim, perante um colega doente, os gestos mais citados s\u00e3o a higiene das m\u00e3os\/desinfe\u00e7\u00e3o (53 %) e o distanciamento (41 %).  <\/p>\n\n<p>Em contrapartida, as medidas mais estruturantes em meio fechado s\u00e3o muito menos adotadas, como o arejamento refor\u00e7ado (27 %), bem como o uso de m\u00e1scara (18 %). <\/p>\n\n<p>O mais chocante \u00e9 que 37 % dos franceses citam tamb\u00e9m respostas de ina\u00e7\u00e3o (n\u00e3o mudar a sua atitude com 25 %, ou n\u00e3o fazer nada com 12 %). <\/p>\n\n<p>Esta fragilidade dos reflexos coletivos \u00e9 coerente com todas as conclus\u00f5es nacionais. De facto, as medidas de barreira e o uso de m\u00e1scara recuaram nitidamente na popula\u00e7\u00e3o. Estes dados defendem orienta\u00e7\u00f5es simples na empresa: arejamentos curtos repetidos, possibilidade de videochamada, m\u00e1scaras \u00e0 disposi\u00e7\u00e3o, regras em caso de sintomas e, sobretudo, <a href=\"https:\/\/obera.fr\/pt-pt\/produits\/purificateurs-air\/\">dispositivos de purifica\u00e7\u00e3o de ar<\/a>.   <\/p>\n\n<h3 class=\"wp-block-heading\">Quando um colega est\u00e1 doente (tosse\/constipa\u00e7\u00e3o), o que faz com mais frequ\u00eancia? (m\u00e1ximo 3 op\u00e7\u00f5es) <\/h3>\n\n<figure class=\"wp-block-table\"><table class=\"has-fixed-layout\"><tbody><tr><td><strong>Respostas <\/strong><\/td><td><strong>Percentagens<\/strong><\/td><\/tr><tr><td>Mantenho a dist\u00e2ncia e limito as trocas presenciais <\/td><td>41 %<\/td><\/tr><tr><td>Uso m\u00e1scara (pelo menos em reuni\u00f5es\/proximidade) <\/td><td>18 %<\/td><\/tr><tr><td>Arejo mais (abro a janela quando \u00e9 poss\u00edvel) <\/td><td>27 %<\/td><\/tr><tr><td>Lavo\/desinfeto as m\u00e3os com mais frequ\u00eancia e desinfeto o meu posto <\/td><td>53 %<\/td><\/tr><tr><td>Evito reuni\u00f5es presenciais \/ pe\u00e7o uma videochamada <\/td><td>18 %<\/td><\/tr><tr><td>Pe\u00e7o ao colega para ir para casa \/ teletrabalhar (se poss\u00edvel) <\/td><td>16 %<\/td><\/tr><tr><td>Pe\u00e7o para ir para casa teletrabalhar (se poss\u00edvel) <\/td><td>12 %<\/td><\/tr><tr><td>Comunico a um gestor\/RH (se a situa\u00e7\u00e3o causar problemas) <\/td><td>6 %<\/td><\/tr><tr><td>N\u00e3o mudo nada \/ lido com a situa\u00e7\u00e3o <\/td><td>25 %<\/td><\/tr><tr><td>N\u00e3o fa\u00e7o nada <\/td><td>12 %<\/td><\/tr><tr><td>Outro <\/td><td>3 %<\/td><\/tr><\/tbody><\/table><\/figure>\n\n<h2 class=\"wp-block-heading\">8 em cada 10 franceses querem a\u00e7\u00f5es por parte das empresas e dos locais p\u00fablicos <\/h2>\n\n<p>Os franceses expressam uma expetativa muito forte em rela\u00e7\u00e3o \u00e0s empresas e aos locais p\u00fablicos: 83 % consideram que \u00e9 necess\u00e1rio fazer mais para garantir uma qualidade de ar exemplar, dos quais 56 % estimam que \u201cest\u00e1 tudo por fazer\u201d. Uma exig\u00eancia que contrasta com as pr\u00e1ticas ainda desiguais no terreno. <\/p>\n\n<p>Esta exig\u00eancia insere-se tamb\u00e9m num d\u00e9fice de refer\u00eancias: uma parte dos funcion\u00e1rios n\u00e3o sabe como a qualidade do ar \u00e9 medida ou gerida, enquanto as autoridades recomendam gestos simples e eficazes como o arejamento regular e o acompanhamento de indicadores (ex. CO\u2082 em certos estabelecimentos). <\/p>\n\n<p>Finalmente, os 11 % que consideram que n\u00e3o \u00e9 o seu papel e os 6 % que n\u00e3o se pronunciam mostram que ainda h\u00e1 um trabalho de pedagogia a fazer sobre o impacto sanit\u00e1rio do ar interior e sobre a responsabilidade coletiva dos gestores de edif\u00edcios. <\/p>\n\n<h3 class=\"wp-block-heading\">Pensa que as empresas e todos os locais p\u00fablicos deveriam fazer mais esfor\u00e7os para assegurar uma qualidade de ar exemplar?<\/h3>\n\n<figure class=\"wp-block-table\"><table class=\"has-fixed-layout\"><tbody><tr><td><strong>Respostas <\/strong><\/td><td><strong>Percentagens<\/strong><\/td><\/tr><tr><td><strong>Sim, absolutamente, est\u00e1 tudo por fazer <\/strong><\/td><td><strong>56 %<\/strong><\/td><\/tr><tr><td>Sim, mas j\u00e1 fazem muitas coisas <\/td><td>27 %<\/td><\/tr><tr><td>N\u00e3o, n\u00e3o \u00e9 o papel deles <\/td><td>11 %<\/td><\/tr><tr><td>N\u00e3o sei \/ N\u00e3o se pronuncia <\/td><td>6 %<\/td><\/tr><\/tbody><\/table><\/figure>\n\n<p><em>\u201cOs resultados deste inqu\u00e9rito mostram um reflexo perigoso: privilegia-se frequentemente o estar bem quente em detrimento de um ar saud\u00e1vel. Ora, no inverno, nem sempre temos o reflexo de abrir as janelas tanto quanto seria necess\u00e1rio. \u00c9 aqui que os sistemas de purifica\u00e7\u00e3o do ar se tornam essenciais: complementam eficazmente o arejamento e permitem reduzir duradouramente a carga de part\u00edculas e aeross\u00f3is nos espa\u00e7os de trabalho, sem sacrificar o conforto. Somos continuamente confrontados com empresas que subestimam a necessidade de melhorar e gerir a qualidade do ar dos seus funcion\u00e1rios. Uma consciencializa\u00e7\u00e3o que \u00e9, no entanto, vital\u201d. <\/em><\/p>\n\n<h2 class=\"wp-block-heading\">Metodologia do inqu\u00e9rito<\/h2>\n\n<p>Inqu\u00e9rito realizado junto de uma amostra representativa de 4.102 pessoas residentes em Fran\u00e7a, com 18 ou mais anos. Sondagem efetuada online em janeiro de 2026 a partir do painel de inquiridos BuzzPress (27.700 pessoas em Fran\u00e7a inquiridas eletronicamente por e-mail e nas redes sociais Facebook e LinkedIn). Perfis das empresas citadas pelos inquiridos para o seu local de trabalho:   <\/p>\n\n<ul class=\"wp-block-list\">\n<li>Ind\u00fastria \/ produ\u00e7\u00e3o: 16 % <\/li>\n\n\n\n<li>Servi\u00e7os a particulares (sa\u00fade, social, apoio domicili\u00e1rio, com\u00e9rcio, restaura\u00e7\u00e3o&#8230;): 27 % <\/li>\n\n\n\n<li>Servi\u00e7os a empresas (consultoria, inform\u00e1tica, finan\u00e7as, comunica\u00e7\u00e3o&#8230;): 24 % <\/li>\n\n\n\n<li>Setor p\u00fablico \/ parap\u00fablico (administra\u00e7\u00f5es, ensino, hospitais&#8230;): 18 % <\/li>\n\n\n\n<li>Constru\u00e7\u00e3o \/ Obras P\u00fablicas: 8 % <\/li>\n\n\n\n<li>Transporte \/ log\u00edstica: 6 % <\/li>\n\n\n\n<li>Outro \/ n\u00e3o se pronuncia: 1 % <\/li>\n<\/ul>\n\n<p>Respostas compiladas e ponderadas em fun\u00e7\u00e3o de quotas pr\u00e9-estabelecidas visando assegurar a representatividade da amostra e de forma a obter uma representatividade da popula\u00e7\u00e3o visada. Todas as pondera\u00e7\u00f5es baseiam-se em dados administrativos e nos dados recolhidos pelo INSEE. <\/p>\n\n<h2 class=\"wp-block-heading has-text-align-center\">Falaram de n\u00f3s!<\/h2>\n\n<div class=\"wp-block-columns are-vertically-aligned-center is-layout-flex wp-container-core-columns-is-layout-28f84493 wp-block-columns-is-layout-flex\">\n<div class=\"wp-block-column is-vertically-aligned-center is-layout-flow wp-block-column-is-layout-flow\">\n<figure class=\"wp-block-image aligncenter size-large\"><img decoding=\"async\" width=\"1024\" height=\"538\" src=\"https:\/\/obera.fr\/wp-content\/uploads\/2026\/02\/logo_de_doctissimo-1024x538.jpg\" alt=\"log&#xF3;tipo da doctissimo\" class=\"wp-image-143878\" srcset=\"https:\/\/obera.fr\/wp-content\/uploads\/2026\/02\/logo_de_doctissimo-1024x538.jpg 1024w, https:\/\/obera.fr\/wp-content\/uploads\/2026\/02\/logo_de_doctissimo-300x158.jpg 300w, https:\/\/obera.fr\/wp-content\/uploads\/2026\/02\/logo_de_doctissimo-768x403.jpg 768w, https:\/\/obera.fr\/wp-content\/uploads\/2026\/02\/logo_de_doctissimo.jpg 1200w\" sizes=\"(max-width: 1024px) 100vw, 1024px\" \/><figcaption class=\"wp-element-caption\"><a href=\"https:\/\/www.doctissimo.fr\/famille\/travail\/sante-et-travail\/43-des-francais-vont-travailler-malades-et-les-virus-sinvitent-en-salle-de-reunion-603072.htm\" data-type=\"link\" data-id=\"https:\/\/www.doctissimo.fr\/famille\/travail\/sante-et-travail\/43-des-francais-vont-travailler-malades-et-les-virus-sinvitent-en-salle-de-reunion-603072.htm\" target=\"_blank\" rel=\"noreferrer noopener nofollow\">Ver o artigo<\/a><\/figcaption><\/figure>\n<\/div>\n\n\n\n<div class=\"wp-block-column is-vertically-aligned-center is-layout-flow wp-block-column-is-layout-flow\">\n<figure class=\"wp-block-image aligncenter size-large\"><img decoding=\"async\" width=\"1024\" height=\"1024\" src=\"https:\/\/obera.fr\/wp-content\/uploads\/2026\/02\/bfm_tv_logo-1024x1024.png\" alt=\"log&#xF3;tipo bfm tv\" class=\"wp-image-143879\" srcset=\"https:\/\/obera.fr\/wp-content\/uploads\/2026\/02\/bfm_tv_logo-1024x1024.png 1024w, https:\/\/obera.fr\/wp-content\/uploads\/2026\/02\/bfm_tv_logo-300x300.png 300w, https:\/\/obera.fr\/wp-content\/uploads\/2026\/02\/bfm_tv_logo-150x150.png 150w, https:\/\/obera.fr\/wp-content\/uploads\/2026\/02\/bfm_tv_logo-768x768.png 768w, https:\/\/obera.fr\/wp-content\/uploads\/2026\/02\/bfm_tv_logo.png 1200w\" sizes=\"(max-width: 1024px) 100vw, 1024px\" \/><figcaption class=\"wp-element-caption\"><a href=\"https:\/\/www.bfmtv.com\/sante\/video-selon-une-etude-43-des-francais-vont-travailler-en-etant-malades_VN-202601270111.html\" target=\"_blank\" rel=\"noreferrer noopener nofollow\">Ver o artigo<\/a><\/figcaption><\/figure>\n<\/div>\n\n\n\n<div class=\"wp-block-column is-vertically-aligned-center is-layout-flow wp-block-column-is-layout-flow\">\n<figure class=\"wp-block-image aligncenter size-full\"><img decoding=\"async\" width=\"640\" height=\"360\" src=\"https:\/\/obera.fr\/wp-content\/uploads\/2026\/02\/laprovence-logo-media.jpg\" alt=\"log&#xF3;tipo media laprovence\" class=\"wp-image-143880\" srcset=\"https:\/\/obera.fr\/wp-content\/uploads\/2026\/02\/laprovence-logo-media.jpg 640w, https:\/\/obera.fr\/wp-content\/uploads\/2026\/02\/laprovence-logo-media-300x169.jpg 300w\" sizes=\"(max-width: 640px) 100vw, 640px\" \/><figcaption class=\"wp-element-caption\"><a href=\"https:\/\/www.laprovence.com\/article\/societe\/40354383352299\/peur-detre-mal-vu-a-leuro-pres-sans-teletravail-43-des-francais-vont-travailler-en-etant-malades\" data-type=\"link\" data-id=\"https:\/\/www.laprovence.com\/article\/societe\/40354383352299\/peur-detre-mal-vu-a-leuro-pres-sans-teletravail-43-des-francais-vont-travailler-en-etant-malades\" target=\"_blank\" rel=\"noreferrer noopener nofollow\">Ver o artigo<\/a><\/figcaption><\/figure>\n<\/div>\n\n\n\n<div class=\"wp-block-column is-vertically-aligned-center is-layout-flow wp-block-column-is-layout-flow\">\n<figure class=\"wp-block-image aligncenter size-full\"><img decoding=\"async\" width=\"512\" height=\"512\" src=\"https:\/\/obera.fr\/wp-content\/uploads\/2026\/02\/corsematin-logo.png\" alt=\"log&#xF3;tipo corsematin\" class=\"wp-image-143881\" srcset=\"https:\/\/obera.fr\/wp-content\/uploads\/2026\/02\/corsematin-logo.png 512w, https:\/\/obera.fr\/wp-content\/uploads\/2026\/02\/corsematin-logo-300x300.png 300w, https:\/\/obera.fr\/wp-content\/uploads\/2026\/02\/corsematin-logo-150x150.png 150w\" sizes=\"(max-width: 512px) 100vw, 512px\" \/><\/figure>\n<\/div>\n\n\n\n<div class=\"wp-block-column is-vertically-aligned-center is-layout-flow wp-block-column-is-layout-flow\">\n<figure class=\"wp-block-image aligncenter size-full\"><img decoding=\"async\" width=\"500\" height=\"500\" src=\"https:\/\/obera.fr\/wp-content\/uploads\/2026\/02\/demotivteur-logo.jpg\" alt=\"log&#xF3;tipo demotivteur\" class=\"wp-image-143882\" srcset=\"https:\/\/obera.fr\/wp-content\/uploads\/2026\/02\/demotivteur-logo.jpg 500w, https:\/\/obera.fr\/wp-content\/uploads\/2026\/02\/demotivteur-logo-300x300.jpg 300w, https:\/\/obera.fr\/wp-content\/uploads\/2026\/02\/demotivteur-logo-150x150.jpg 150w\" sizes=\"(max-width: 500px) 100vw, 500px\" \/><figcaption class=\"wp-element-caption\"><a href=\"https:\/\/www.demotivateur.fr\/lifestyle\/43-des-francais-vont-travailler-en-etant-malades-selon-une-enquete-47039\" data-type=\"link\" data-id=\"https:\/\/www.demotivateur.fr\/lifestyle\/43-des-francais-vont-travailler-en-etant-malades-selon-une-enquete-47039\" target=\"_blank\" rel=\"noreferrer noopener nofollow\">Ver o artigo<\/a><\/figcaption><\/figure>\n<\/div>\n<\/div>\n\n<div class=\"wp-block-columns are-vertically-aligned-center is-layout-flex wp-container-core-columns-is-layout-28f84493 wp-block-columns-is-layout-flex\">\n<div class=\"wp-block-column is-vertically-aligned-center is-layout-flow wp-block-column-is-layout-flow\">\n<figure class=\"wp-block-image aligncenter size-full\"><img decoding=\"async\" width=\"1024\" height=\"443\" src=\"https:\/\/obera.fr\/wp-content\/uploads\/2026\/02\/logo-msn.png\" alt=\"log&#xF3;tipo msn\" class=\"wp-image-143883\" srcset=\"https:\/\/obera.fr\/wp-content\/uploads\/2026\/02\/logo-msn.png 1024w, https:\/\/obera.fr\/wp-content\/uploads\/2026\/02\/logo-msn-300x130.png 300w, https:\/\/obera.fr\/wp-content\/uploads\/2026\/02\/logo-msn-768x332.png 768w\" sizes=\"(max-width: 1024px) 100vw, 1024px\" \/><figcaption class=\"wp-element-caption\"><a href=\"https:\/\/www.msn.com\/fr-ch\/actualite\/other\/pr%C3%A8s-d-un-salari%C3%A9-sur-deux-va-travailler-malgr%C3%A9-des-signes-de-maladie\/ar-AA1V3q6q\" data-type=\"link\" data-id=\"https:\/\/www.doctissimo.fr\/famille\/travail\/sante-et-travail\/43-des-francais-vont-travailler-malades-et-les-virus-sinvitent-en-salle-de-reunion-603072.htm\" target=\"_blank\" rel=\"noreferrer noopener nofollow\">Ver o artigo<\/a><\/figcaption><\/figure>\n<\/div>\n\n\n\n<div class=\"wp-block-column is-vertically-aligned-center is-layout-flow wp-block-column-is-layout-flow\">\n<figure class=\"wp-block-image aligncenter size-large\"><img decoding=\"async\" width=\"1024\" height=\"349\" src=\"https:\/\/obera.fr\/wp-content\/uploads\/2026\/02\/logo-orange-1024x349.jpg\" alt=\"log&#xF3;tipo orange\" class=\"wp-image-143884\" srcset=\"https:\/\/obera.fr\/wp-content\/uploads\/2026\/02\/logo-orange-1024x349.jpg 1024w, https:\/\/obera.fr\/wp-content\/uploads\/2026\/02\/logo-orange-300x102.jpg 300w, https:\/\/obera.fr\/wp-content\/uploads\/2026\/02\/logo-orange-768x262.jpg 768w, https:\/\/obera.fr\/wp-content\/uploads\/2026\/02\/logo-orange-1536x523.jpg 1536w, https:\/\/obera.fr\/wp-content\/uploads\/2026\/02\/logo-orange.jpg 1659w\" sizes=\"(max-width: 1024px) 100vw, 1024px\" \/><figcaption class=\"wp-element-caption\"><a href=\"https:\/\/actu.orange.fr\/videos\/france\/selon-une-etude-43-des-francais-vont-travailler-en-etant-malades-CNT000002mZ3oz.html\" target=\"_blank\" rel=\"noreferrer noopener nofollow\">Ver o artigo<\/a><\/figcaption><\/figure>\n<\/div>\n\n\n\n<div class=\"wp-block-column is-vertically-aligned-center is-layout-flow wp-block-column-is-layout-flow\">\n<figure class=\"wp-block-image aligncenter size-full\"><img decoding=\"async\" width=\"259\" height=\"195\" src=\"https:\/\/obera.fr\/wp-content\/uploads\/2026\/02\/logo-maxiflash.png\" alt=\"log&#xF3;tipo maxiflash\" class=\"wp-image-143885\"\/><figcaption class=\"wp-element-caption\"><a href=\"https:\/\/haguenau.maxi-flash.com\/etude-les-francais-travaillent-meme-malades\/\" data-type=\"link\" data-id=\"https:\/\/www.laprovence.com\/article\/societe\/40354383352299\/peur-detre-mal-vu-a-leuro-pres-sans-teletravail-43-des-francais-vont-travailler-en-etant-malades\" target=\"_blank\" rel=\"noreferrer noopener nofollow\">Ver o artigo<\/a><\/figcaption><\/figure>\n<\/div>\n\n\n\n<div class=\"wp-block-column is-vertically-aligned-center is-layout-flow wp-block-column-is-layout-flow\">\n<figure class=\"wp-block-image aligncenter size-full\"><img decoding=\"async\" width=\"368\" height=\"108\" src=\"https:\/\/obera.fr\/wp-content\/uploads\/2026\/02\/logo_echo_mardi.png\" alt=\"log&#xF3;tipo echo mardi\" class=\"wp-image-143886\" srcset=\"https:\/\/obera.fr\/wp-content\/uploads\/2026\/02\/logo_echo_mardi.png 368w, https:\/\/obera.fr\/wp-content\/uploads\/2026\/02\/logo_echo_mardi-300x88.png 300w\" sizes=\"(max-width: 368px) 100vw, 368px\" \/><figcaption class=\"wp-element-caption\"><a href=\"https:\/\/www.echodumardi.com\/actualite\/43-des-francais-declarent-aller-travailler-meme-en-etant-malades\/amp\/\" data-type=\"link\" data-id=\"https:\/\/www.echodumardi.com\/actualite\/43-des-francais-declarent-aller-travailler-meme-en-etant-malades\/amp\/\" target=\"_blank\" rel=\"noreferrer noopener nofollow\">Ver o artigo<\/a><\/figcaption><\/figure>\n<\/div>\n\n\n\n<div class=\"wp-block-column is-vertically-aligned-center is-layout-flow wp-block-column-is-layout-flow\">\n<p class=\"has-text-align-center\">E muito mais&#8230;<\/p>\n<\/div>\n<\/div>\n","protected":false},"excerpt":{"rendered":"<p>A OberA revela os resultados de um novo inqu\u00e9rito* realizado a 4.102 pessoas que destaca um desfasamento persistente entre o conforto t\u00e9rmico e a qualidade do ar no trabalho: temperaturas ideais muito disputadas, arejamento invernal raro, aus\u00eancia de dispositivos de purifica\u00e7\u00e3o de ar, humidade pouco controlada e hesita\u00e7\u00f5es sobre os gestos corretos perante os v\u00edrus. O estudo sublinha tamb\u00e9m uma forte expetativa em rela\u00e7\u00e3o aos empregadores: uma larga maioria solicita a\u00e7\u00f5es concretas para um ar interior mais saud\u00e1vel nas empresas e nos locais p\u00fablicos. Locais de trabalho com temperatura mal regulada? Ter demasiado frio ou demasiado calor no local de &#8230; <\/p>\n<p class=\"read-more-container\"><a title=\"Os franceses respiram de forma saud\u00e1vel no seu local de trabalho durante o inverno?\" class=\"read-more button\" href=\"https:\/\/obera.fr\/pt-pt\/imprensa\/os-franceses-respiram-de-forma-saudavel-no-seu-local-de-trabalho-durante-o-inverno\/#more-145745\" aria-label=\"Leia mais sobre Os franceses respiram de forma saud\u00e1vel no seu local de trabalho durante o inverno?\">Lire la suite<\/a><\/p>\n","protected":false},"author":13,"featured_media":0,"comment_status":"open","ping_status":"closed","sticky":false,"template":"","format":"standard","meta":{"_acf_changed":false,"_seopress_robots_primary_cat":"none","_seopress_titles_title":"Estudo sobre a qualidade do ar no trabalho no inverno - OberA","_seopress_titles_desc":"A OberA revela os resultados de um novo inqu\u00e9rito realizado a 4.102 pessoas que destaca um desfasamento entre o conforto t\u00e9rmico e a qualidade do ar no trabalho","_seopress_robots_index":"","footnotes":""},"categories":[1001],"tags":[147],"class_list":["post-145745","post","type-post","status-publish","format-standard","hentry","category-imprensa","tag-pequena-entrada","generate-columns","tablet-grid-50","mobile-grid-100","grid-parent","grid-50","no-featured-image-padding"],"acf":[],"_links":{"self":[{"href":"https:\/\/obera.fr\/pt-pt\/wp-json\/wp\/v2\/posts\/145745","targetHints":{"allow":["GET"]}}],"collection":[{"href":"https:\/\/obera.fr\/pt-pt\/wp-json\/wp\/v2\/posts"}],"about":[{"href":"https:\/\/obera.fr\/pt-pt\/wp-json\/wp\/v2\/types\/post"}],"author":[{"embeddable":true,"href":"https:\/\/obera.fr\/pt-pt\/wp-json\/wp\/v2\/users\/13"}],"replies":[{"embeddable":true,"href":"https:\/\/obera.fr\/pt-pt\/wp-json\/wp\/v2\/comments?post=145745"}],"version-history":[{"count":2,"href":"https:\/\/obera.fr\/pt-pt\/wp-json\/wp\/v2\/posts\/145745\/revisions"}],"predecessor-version":[{"id":145761,"href":"https:\/\/obera.fr\/pt-pt\/wp-json\/wp\/v2\/posts\/145745\/revisions\/145761"}],"wp:attachment":[{"href":"https:\/\/obera.fr\/pt-pt\/wp-json\/wp\/v2\/media?parent=145745"}],"wp:term":[{"taxonomy":"category","embeddable":true,"href":"https:\/\/obera.fr\/pt-pt\/wp-json\/wp\/v2\/categories?post=145745"},{"taxonomy":"post_tag","embeddable":true,"href":"https:\/\/obera.fr\/pt-pt\/wp-json\/wp\/v2\/tags?post=145745"}],"curies":[{"name":"wp","href":"https:\/\/api.w.org\/{rel}","templated":true}]}}