{"id":40763,"date":"2023-12-12T12:19:53","date_gmt":"2023-12-12T10:19:53","guid":{"rendered":"https:\/\/obera.fr\/sem-categoria\/coletor-fixo-ou-movel-central-ou-local-que-criterios-escolher\/"},"modified":"2025-04-15T10:25:55","modified_gmt":"2025-04-15T08:25:55","slug":"depoussiereur-fixe-mobile-central-local-quels-criteres","status":"publish","type":"post","link":"https:\/\/obera.fr\/pt-pt\/nosso-conselho\/depoussiereur-fixe-mobile-central-local-quels-criteres\/","title":{"rendered":"Coletor de p\u00f3 fixo ou m\u00f3vel, central ou local: quais os crit\u00e9rios que deves escolher?"},"content":{"rendered":"\n<figure class=\"wp-block-image alignright size-large is-resized\"><img decoding=\"async\" width=\"1024\" height=\"704\" src=\"https:\/\/obera.fr\/wp-content\/uploads\/2023\/12\/schema-particules-1024x704.jpg\" alt=\"ESQUEMA DE PART&#xCD;CULAS\" class=\"wp-image-26777\" style=\"width:353px;height:auto\" srcset=\"https:\/\/obera.fr\/wp-content\/uploads\/2023\/12\/schema-particules-1024x704.jpg 1024w, https:\/\/obera.fr\/wp-content\/uploads\/2023\/12\/schema-particules-300x206.jpg 300w, https:\/\/obera.fr\/wp-content\/uploads\/2023\/12\/schema-particules-768x528.jpg 768w, https:\/\/obera.fr\/wp-content\/uploads\/2023\/12\/schema-particules.jpg 1199w\" sizes=\"(max-width: 1024px) 100vw, 1024px\" \/><\/figure>\n\n<figure class=\"wp-block-image size-full is-resized\"><img decoding=\"async\" width=\"346\" height=\"80\" src=\"https:\/\/obera.fr\/wp-content\/uploads\/2023\/12\/capture-decran-2023-12-06-155242-1.png\" alt=\"captura decran 2023 12 06 155242 1\" class=\"wp-image-26556\" style=\"width:164px;height:auto\" srcset=\"https:\/\/obera.fr\/wp-content\/uploads\/2023\/12\/capture-decran-2023-12-06-155242-1.png 346w, https:\/\/obera.fr\/wp-content\/uploads\/2023\/12\/capture-decran-2023-12-06-155242-1-300x69.png 300w\" sizes=\"(max-width: 346px) 100vw, 346px\" \/><\/figure>\n\n<p>Se a escolha de uma<strong> t\u00e9cnica de recolha de poeiras<\/strong> \u00e9 orientada pela dimens\u00e3o das part\u00edculas emitidas, pelas suas propriedades f\u00edsico-qu\u00edmicas e pelo seu impacto nos operadores e no ambiente, a escolha entre um <a href=\"https:\/\/obera.fr\/pt-pt\/produits\/depoussiereurs-industriels\/\">coletor fixo ou m\u00f3vel<\/a> e entre a centraliza\u00e7\u00e3o ou a localiza\u00e7\u00e3o do sistema de recolha de poeiras obedece a outros crit\u00e9rios. Estes crit\u00e9rios dependem do contexto de produ\u00e7\u00e3o: o sector industrial, a dimens\u00e3o da unidade de produ\u00e7\u00e3o, o momento do seu ciclo de vida, os processos de produ\u00e7\u00e3o, as restri\u00e7\u00f5es legais que regem o seu funcionamento, o equil\u00edbrio financeiro entre as restri\u00e7\u00f5es or\u00e7amentais e os fluxos de investimento e de <strong>explora\u00e7\u00e3o do coletor de poeiras<\/strong>, etc. Cada caso \u00e9 \u00fanico. Os crit\u00e9rios s\u00e3o m\u00faltiplos! Uma primeira abordagem permitir-te-\u00e1 desbravar o terreno!    <\/p>\n\n<p><\/p>\n\n<figure class=\"wp-block-image size-full is-resized\"><img decoding=\"async\" width=\"346\" height=\"80\" src=\"https:\/\/obera.fr\/wp-content\/uploads\/2023\/12\/capture-decran-2023-12-06-155242-1.png\" alt=\"captura decran 2023 12 06 155242 1\" class=\"wp-image-26556\" style=\"width:164px;height:auto\" srcset=\"https:\/\/obera.fr\/wp-content\/uploads\/2023\/12\/capture-decran-2023-12-06-155242-1.png 346w, https:\/\/obera.fr\/wp-content\/uploads\/2023\/12\/capture-decran-2023-12-06-155242-1-300x69.png 300w\" sizes=\"(max-width: 346px) 100vw, 346px\" \/><\/figure>\n\n<h2 class=\"wp-block-heading\">Contexto de escolha num sistema de despoeiramento fixo ou m\u00f3vel, central ou local<\/h2>\n\n<p>Uma unidade fixa de despoeiramento cobre todos os <strong>postos de trabalho da unidade de produ\u00e7\u00e3o<\/strong>. Trata um grande volume de ar empoeirado, qualquer que seja a concentra\u00e7\u00e3o de poeira emitida.   <\/p>\n\n<p>Por outro lado, o investimento num coletor de poeiras m\u00f3vel faz parte de um sistema de recolha de poeiras localizado. A sua capacidade de tratamento est\u00e1 normalmente limitada ao posto de trabalho. A sua<strong> mobilidade significa que pode ser utilizado numa variedade de locais<\/strong>.    <\/p>\n\n<p>Outros colectores de poeiras satisfazem necessidades interm\u00e9dias. Por exemplo, um <strong>coletor de poeiras fixo localizado <\/strong>numa esta\u00e7\u00e3o de trabalho pode satisfazer as necessidades permanentes de uma pequena estrutura ou as necessidades adicionais de uma grande unidade de produ\u00e7\u00e3o que exigiria uma atualiza\u00e7\u00e3o excessivamente dispendiosa de um coletor de poeiras. Um coletor de poeiras m\u00f3vel tamb\u00e9m pode servir v\u00e1rias esta\u00e7\u00f5es de trabalho em simult\u00e2neo num estaleiro de constru\u00e7\u00e3o ou numa pequena unidade de produ\u00e7\u00e3o.  <\/p>\n\n<p>Como existem muitos casos de utiliza\u00e7\u00e3o, vamos analisar os crit\u00e9rios para uma <strong>central el\u00e9ctrica fixa e<\/strong> para <strong>um filtro m\u00f3vel<\/strong>; os contextos interm\u00e9dios n\u00e3o ser\u00e3o analisados, uma vez que os crit\u00e9rios n\u00e3o diferem em natureza, mas em grau.<\/p>\n\n<h2 class=\"wp-block-heading\">N\u00edvel e dura\u00e7\u00e3o do investimento, processo de compra  <\/h2>\n\n<p>A<strong>aquisi\u00e7\u00e3o de um sistema de despoeiramento centralizado <\/strong>exige um investimento significativo em tempo e dinheiro. Requer um estudo preliminar do sistema de produ\u00e7\u00e3o, um projeto detalhado do sistema de despoeiramento para o integrar no sistema de produ\u00e7\u00e3o, o seu fabrico e depois a sua instala\u00e7\u00e3o. Trata-se de um investimento estrat\u00e9gico que pode ser considerado em determinadas fases do ciclo de vida de uma instala\u00e7\u00e3o industrial: a cria\u00e7\u00e3o de uma grande unidade de produ\u00e7\u00e3o especializada, a sua amplia\u00e7\u00e3o ou a reformula\u00e7\u00e3o do sistema de produ\u00e7\u00e3o.    <\/p>\n\n<p>O investimento num coletor de p\u00f3 m\u00f3vel \u00e9 muito inferior. O<strong> custo de aquisi\u00e7\u00e3o n\u00e3o inclui qualquer trabalho no edif\u00edcio<\/strong> ou perda de produ\u00e7\u00e3o devido \u00e0 paragem tempor\u00e1ria da produ\u00e7\u00e3o para efetuar a instala\u00e7\u00e3o. O fabricante gasta menos tempo no processo de compra, que pode ser delegado na oficina.    <\/p>\n\n<p>No m\u00ednimo, a compra do coletor de poeiras pode ser precedida de um aluguer para garantir o investimento. Al\u00e9m disso, os equipamentos m\u00f3veis podem ser alugados para responder a uma necessidade tempor\u00e1ria (por exemplo, estaleiro tempor\u00e1rio, repara\u00e7\u00e3o de uma parte do<strong> sistema de produ\u00e7\u00e3o <\/strong>que provoca a emiss\u00e3o de part\u00edculas nocivas ou explosivas, etc.). <\/p>\n\n<p>A aquisi\u00e7\u00e3o de colectores de p\u00f3 m\u00f3veis faz parte de um programa de investimento progressivo que acompanha a evolu\u00e7\u00e3o do sistema de produ\u00e7\u00e3o. Esta estrat\u00e9gia de investimento antecipa a evolu\u00e7\u00e3o do sector industrial, a evolu\u00e7\u00e3o do estado da arte das t\u00e9cnicas de produ\u00e7\u00e3o e de recolha de poeiras, bem como a evolu\u00e7\u00e3o da legisla\u00e7\u00e3o. Se um<strong> sistema de despoeiramento centralizado<\/strong> for for\u00e7ado a evoluir \u00e0 medida que o sistema de produ\u00e7\u00e3o se expande, o investimento inicial pode ser mantido e complementado pelo investimento em despoeiradores m\u00f3veis.  <\/p>\n\n<h2 class=\"wp-block-heading\">Perspectivas de desenvolvimento do sistema de produ\u00e7\u00e3o  <\/h2>\n\n<figure class=\"wp-block-image alignright size-large is-resized\"><img decoding=\"async\" width=\"576\" height=\"1024\" src=\"https:\/\/obera.fr\/wp-content\/uploads\/2023\/12\/dustomat-4.24-576x1024.jpg\" alt=\"dustomat 4.24\" class=\"wp-image-26784\" style=\"width:201px;height:auto\" srcset=\"https:\/\/obera.fr\/wp-content\/uploads\/2023\/12\/dustomat-4.24-576x1024.jpg 576w, https:\/\/obera.fr\/wp-content\/uploads\/2023\/12\/dustomat-4.24-169x300.jpg 169w, https:\/\/obera.fr\/wp-content\/uploads\/2023\/12\/dustomat-4.24-768x1365.jpg 768w, https:\/\/obera.fr\/wp-content\/uploads\/2023\/12\/dustomat-4.24-864x1536.jpg 864w, https:\/\/obera.fr\/wp-content\/uploads\/2023\/12\/dustomat-4.24-1152x2048.jpg 1152w, https:\/\/obera.fr\/wp-content\/uploads\/2023\/12\/dustomat-4.24-scaled.jpg 1440w\" sizes=\"(max-width: 576px) 100vw, 576px\" \/><\/figure>\n\n<p>Os fabricantes consideram a solu\u00e7\u00e3o de despoeiramento centralizado quando o seu sistema de produ\u00e7\u00e3o est\u00e1 a evoluir a longo prazo e \u00e9 especializado num tipo de produ\u00e7\u00e3o. Um sistema de despoeiramento centralizado \u00e9 concebido para um caso de utiliza\u00e7\u00e3o espec\u00edfico. \u00c9 planeado e fabricado de acordo com os requisitos do sistema de produ\u00e7\u00e3o num determinado momento. Qualquer<strong>mudan\u00e7a na configura\u00e7\u00e3o do sistema de produ\u00e7\u00e3o<\/strong> (nova m\u00e1quina, nova localiza\u00e7\u00e3o, expans\u00e3o da unidade de produ\u00e7\u00e3o) levar\u00e1 a uma reconfigura\u00e7\u00e3o do sistema de despoeiramento (redimensionamento da rede de tubagens, filtro). Esta situa\u00e7\u00e3o pode, por vezes, implicar uma renova\u00e7\u00e3o total do investimento se a modularidade do m\u00f3dulo de filtra\u00e7\u00e3o e a variabilidade da ventila\u00e7\u00e3o n\u00e3o tiverem sido mantidas na fase de conce\u00e7\u00e3o, por raz\u00f5es <strong>or\u00e7amentais <\/strong>.      <\/p>\n\n<p><strong>O investimento num coletor de p\u00f3 m\u00f3vel <\/strong>faz parte de uma estrat\u00e9gia de descentraliza\u00e7\u00e3o do sistema de recolha de p\u00f3. O m\u00f3dulo de filtragem com a descarga de ar filtrado est\u00e1 localizado o mais pr\u00f3ximo poss\u00edvel da m\u00e1quina. Esta estrat\u00e9gia baseia-se nas seguintes considera\u00e7\u00f5es: a adaptabilidade e o desenvolvimento a curto ou m\u00e9dio prazo da ferramenta industrial, a versatilidade das utiliza\u00e7\u00f5es do coletor de poeiras, uma necessidade descont\u00ednua de utiliza\u00e7\u00e3o de um <a href=\"https:\/\/obera.fr\/pt-pt\/produits\/depoussiereurs-industriels\/pequenos-colectores-de-po-industriais\/tk-serie\/\">coletor de poeiras num posto de trabalho<\/a> e a r\u00e1pida obsolesc\u00eancia das tecnologias utilizadas pelo sistema de produ\u00e7\u00e3o. Os fabricantes consideram a compra de um coletor de p\u00f3 m\u00f3vel quando promovem uma organiza\u00e7\u00e3o flex\u00edvel do sistema de produ\u00e7\u00e3o. Por exemplo, um coletor de poeiras m\u00f3vel acompanhar\u00e1 a mudan\u00e7a de localiza\u00e7\u00e3o de uma pe\u00e7a de equipamento de produ\u00e7\u00e3o quando o fabricante reconfigurar o seu sistema de produ\u00e7\u00e3o. A<strong>aquisi\u00e7\u00e3o de um coletor de p\u00f3 m\u00f3vel <\/strong>tamb\u00e9m pode acompanhar a expans\u00e3o das instala\u00e7\u00f5es de produ\u00e7\u00e3o. Neste caso, a configura\u00e7\u00e3o inicial do sistema de recolha de poeiras (unidade central ou frota de colectores de poeiras m\u00f3veis) tem de ser conclu\u00edda.      <\/p>\n\n<h3 class=\"wp-block-heading\">Impacto do tempo de instala\u00e7\u00e3o do sistema de despoeiramento no sistema de produ\u00e7\u00e3o<\/h3>\n\n<figure class=\"wp-block-image alignleft size-large is-resized\"><img decoding=\"async\" width=\"1024\" height=\"768\" src=\"https:\/\/obera.fr\/wp-content\/uploads\/2023\/12\/obnex2-1024x768.png\" alt=\"obnex2\" class=\"wp-image-26788\" style=\"width:360px;height:auto\" srcset=\"https:\/\/obera.fr\/wp-content\/uploads\/2023\/12\/obnex2-1024x768.png 1024w, https:\/\/obera.fr\/wp-content\/uploads\/2023\/12\/obnex2-300x225.png 300w, https:\/\/obera.fr\/wp-content\/uploads\/2023\/12\/obnex2-768x576.png 768w, https:\/\/obera.fr\/wp-content\/uploads\/2023\/12\/obnex2-1536x1152.png 1536w, https:\/\/obera.fr\/wp-content\/uploads\/2023\/12\/obnex2-2048x1536.png 2048w\" sizes=\"(max-width: 1024px) 100vw, 1024px\" \/><\/figure>\n\n<p><strong>A instala\u00e7\u00e3o de um sistema fixo e centralizado de extra\u00e7\u00e3o de poeiras exige<\/strong> paragens tempor\u00e1rias do sistema de produ\u00e7\u00e3o e, por conseguinte, consome tempo de produ\u00e7\u00e3o. A instala\u00e7\u00e3o implica frequentemente trabalhos morosos de adapta\u00e7\u00e3o do edif\u00edcio (por exemplo, refor\u00e7o das funda\u00e7\u00f5es estruturais, penetra\u00e7\u00e3o nas paredes estruturais, penetra\u00e7\u00e3o nos tectos, adapta\u00e7\u00e3o da rede el\u00e9ctrica, da rede de ar comprimido, etc.). A isto acresce o tempo necess\u00e1rio para a instala\u00e7\u00e3o de uma rede complexa de recolha e de tubagem, necess\u00e1ria para respeitar as velocidades de aspira\u00e7\u00e3o normalizadas em cada aparelho e as velocidades de transporte das poeiras recolhidas.  <\/p>\n\n<p><strong>A instala\u00e7\u00e3o de um coletor de p\u00f3 m\u00f3vel<\/strong> n\u00e3o consome tempo de produ\u00e7\u00e3o, uma vez que n\u00e3o requer qualquer paragem tempor\u00e1ria do sistema de produ\u00e7\u00e3o. A instala\u00e7\u00e3o \u00e9 t\u00e3o simples como posicionar a unidade e lig\u00e1-la \u00e0s redes el\u00e9ctrica e de ar comprimido. O coletor de p\u00f3 \u00e9 posicionado o mais pr\u00f3ximo poss\u00edvel do equipamento de produ\u00e7\u00e3o. As tubagens s\u00e3o reduzidas ao m\u00ednimo. N\u00e3o h\u00e1 qualquer dificuldade em acompanhar uma mudan\u00e7a de<strong>instala\u00e7\u00e3o<\/strong> do<strong>posto de trabalho<\/strong>.    <\/p>\n\n<h3 class=\"wp-block-heading\">Impacto na configura\u00e7\u00e3o da \u00e1rea de produ\u00e7\u00e3o e na escolha de um coletor de poeiras fixo ou m\u00f3vel<\/h3>\n\n<p>A dimens\u00e3o de um sistema centralizado de recolha de poeiras \u00e9 determinada pelo volume total ocupado pelos <a href=\"https:\/\/obera.fr\/pt-pt\/produits\/bras-dispositifs-captation\/capot-industriel\/\">m\u00f3dulos de recolha<\/a>, pela rede de transporte de poeiras e pela<strong>unidade central de filtragem e recupera\u00e7\u00e3o<\/strong>. A unidade de filtragem centralizada ocupa tanto espa\u00e7o que \u00e9 frequentemente considerada uma localiza\u00e7\u00e3o interna, seja numa sala especializada, perto de uma parede externa dentro da unidade de produ\u00e7\u00e3o, ou numa localiza\u00e7\u00e3o externa. A localiza\u00e7\u00e3o de uma unidade de despoeiramento \u00e9 um compromisso entre a configura\u00e7\u00e3o da \u00e1rea de produ\u00e7\u00e3o, a dist\u00e2ncia entre os dispositivos de aspira\u00e7\u00e3o e o filtro central, e o tamanho da tubagem. A localiza\u00e7\u00e3o da rede de tubagens na zona de produ\u00e7\u00e3o deve ter em conta o espa\u00e7o necess\u00e1rio para a interven\u00e7\u00e3o na m\u00e1quina em caso de avaria ou de <strong>desloca\u00e7\u00e3o da m\u00e1quina<\/strong>.   <\/p>\n\n<p>Um coletor de p\u00f3 m\u00f3vel ocupa muito pouco espa\u00e7o em compara\u00e7\u00e3o com um coletor de p\u00f3 fixo. O volume e a mobilidade da unidade significam que pode ser colocada perto do posto de trabalho ou da m\u00e1quina. Isto elimina os problemas de espa\u00e7o relacionados com a rede de tubagens. Os constrangimentos espaciais ser\u00e3o locais, relacionados com: o volume dispon\u00edvel entre o <strong>posto de trabalho e as instala\u00e7\u00f5es adjacentes<\/strong>, o dispositivo de recolha de poeiras e a sua proximidade da fonte de emiss\u00e3o, as diferentes posi\u00e7\u00f5es do trabalhador e os seus movimentos durante a opera\u00e7\u00e3o. A facilidade de manobra de um coletor de poeiras m\u00f3vel \u00e9 uma resposta a estes constrangimentos.      <\/p>\n\n<h2 class=\"wp-block-heading\">A continuidade ou descontinuidade do processo de produ\u00e7\u00e3o na escolha da remo\u00e7\u00e3o centralizada ou localizada de poeiras<\/h2>\n\n<p>Uma <strong>unidade central de filtragem <\/strong>corresponde geralmente \u00e0s necessidades de despoeiramento cont\u00ednuo de um grupo de m\u00e1quinas, cada uma com o seu pr\u00f3prio sistema de extra\u00e7\u00e3o espec\u00edfico. Uma unidade centralizada \u00e9 concebida para remover cont\u00ednua e simultaneamente o p\u00f3 de todas as opera\u00e7\u00f5es do sistema de produ\u00e7\u00e3o. Tem capacidade para utilizar um caudal de ar e uma superf\u00edcie de filtragem muito elevados, capazes de absorver os picos de emiss\u00e3o de poeiras. Quando um posto de trabalho n\u00e3o est\u00e1 a ser utilizado, o sistema de recolha de ar n\u00e3o p\u00e1ra. A subutiliza\u00e7\u00e3o leva a um <strong>consumo de energia desnecess\u00e1rio<\/strong>.    <\/p>\n\n<p>Um coletor de poeiras m\u00f3vel pode ser adaptado para satisfazer necessidades de remo\u00e7\u00e3o de poeiras cont\u00ednuas e ocasionais. Vers\u00e1til, pode remover sucessivamente poeiras de v\u00e1rias esta\u00e7\u00f5es de trabalho emissoras de poeiras durante um per\u00edodo de tempo limitado, ou de<strong> v\u00e1rios locais tempor\u00e1rios<\/strong>. Pode acompanhar um posto de trabalho m\u00f3vel ou trabalhar em v\u00e1rios pontos de uma pe\u00e7a de trabalho de grandes dimens\u00f5es.    <\/p>\n\n<p>A utiliza\u00e7\u00e3o de v\u00e1rios colectores de poeiras m\u00f3veis permite aos fabricantes adaptar o seu sistema de recolha de poeiras \u00e0 variabilidade das emiss\u00f5es e \u00e0 diversidade das part\u00edculas emitidas pelos equipamentos do seu sistema de produ\u00e7\u00e3o. Podem ser utilizadas v\u00e1rias t\u00e9cnicas de recolha de poeiras em paralelo, em fun\u00e7\u00e3o dos postos de trabalho. Tamb\u00e9m \u00e9 poss\u00edvel<strong> combinar a filtragem local<\/strong> (aspira\u00e7\u00e3o na fonte) e a filtragem geral (aspira\u00e7\u00e3o ambiente) utilizando equipamento m\u00f3vel.  <\/p>\n\n<h3 class=\"wp-block-heading\">O n\u00edvel de ru\u00eddo gerado pelo sistema de extra\u00e7\u00e3o de poeiras em conformidade com os regulamentos<\/h3>\n\n<figure class=\"wp-block-image alignright size-full is-resized\"><img decoding=\"async\" width=\"832\" height=\"355\" src=\"https:\/\/obera.fr\/wp-content\/uploads\/2023\/12\/capture-decran-2023-12-19-144926.png\" alt=\"captura decran 2023 12 19 144926\" class=\"wp-image-26772\" style=\"width:372px;height:auto\" srcset=\"https:\/\/obera.fr\/wp-content\/uploads\/2023\/12\/capture-decran-2023-12-19-144926.png 832w, https:\/\/obera.fr\/wp-content\/uploads\/2023\/12\/capture-decran-2023-12-19-144926-300x128.png 300w, https:\/\/obera.fr\/wp-content\/uploads\/2023\/12\/capture-decran-2023-12-19-144926-768x328.png 768w\" sizes=\"(max-width: 832px) 100vw, 832px\" \/><\/figure>\n\n<p>O <strong>n\u00edvel de ru\u00eddo de um coletor de p\u00f3 em funcionamento<\/strong> prov\u00e9m do ru\u00eddo do ventilador (p\u00e1s, motor) e do ru\u00eddo do processo de limpeza (agita\u00e7\u00e3o, compressor, pulsa\u00e7\u00e3o do ar comprimido, etc.).<\/p>\n\n<p>Uma unidade de extra\u00e7\u00e3o de poeiras funciona continuamente, emitindo ru\u00eddo proporcional \u00e0 sua pot\u00eancia. Colocada no interior da unidade de produ\u00e7\u00e3o, deve respeitar as exig\u00eancias regulamentares relativas ao n\u00edvel de exposi\u00e7\u00e3o di\u00e1ria dos operadores ao ru\u00eddo. Isto significa que deve ser insonorizada ou colocada numa sala espec\u00edfica com isolamento ac\u00fastico. Colocado no exterior, est\u00e1 sujeito \u00e0s restri\u00e7\u00f5es legais relativas \u00e0 polui\u00e7\u00e3o sonora associada \u00e0s actividades industriais, nomeadamente se a unidade <strong>de produ\u00e7\u00e3o<\/strong> estiver <strong>localizada numa zona residencial<\/strong>. A insonoriza\u00e7\u00e3o do filtro inclui a do ventilador (capota ac\u00fastica, silenciador) e a da limpeza do filtro (revestimento do filtro com um painel ac\u00fastico amov\u00edvel).    <\/p>\n\n<p>O n\u00edvel de ru\u00eddo de um coletor de p\u00f3 m\u00f3vel \u00e9 de cerca de 80 a 90dB. Este ru\u00eddo \u00e9 adicional ao do posto de trabalho. Esta acumula\u00e7\u00e3o de ru\u00eddo pode exigir uma prote\u00e7\u00e3o individual contra o ru\u00eddo para ter em conta os<strong> requisitos regulamentares relativos ao ambiente sonoro do trabalhador<\/strong>.  <\/p>\n\n<h3 class=\"wp-block-heading\">Consumo de energia do sistema de extra\u00e7\u00e3o de poeiras<\/h3>\n\n<p>O funcionamento permanente de uma unidade de extra\u00e7\u00e3o de p\u00f3 n\u00e3o \u00e9 compat\u00edvel com um posto de trabalho temporariamente inutilizado. A perda de energia \u00e9 inevit\u00e1vel, uma vez que o ar aspirado n\u00e3o tem de ser despoeirado. Se a <strong>unidade estiver localizada no exterior do edif\u00edcio<\/strong> e o ar for extra\u00eddo para o exterior, \u00e9 consumida energia t\u00e9rmica devido \u00e0 diferen\u00e7a de temperatura entre o ar ambiente e o ar exterior.    <\/p>\n\n<p>Um coletor de p\u00f3 m\u00f3vel \u00e9 utilizado a pedido. Funciona apenas enquanto o aparelho com o qual est\u00e1 emparelhado estiver em funcionamento para filtrar as suas emiss\u00f5es.<strong> O consumo de energia \u00e9 limitado ao tempo em que est\u00e1 a ser utilizado<\/strong>. Como o coletor de poeiras descarrega ar limpo na unidade de produ\u00e7\u00e3o, n\u00e3o \u00e9 consumida energia t\u00e9rmica no processo de remo\u00e7\u00e3o de poeiras.   <\/p>\n\n<h3 class=\"wp-block-heading\">Manuten\u00e7\u00e3o do sistema de extra\u00e7\u00e3o de poeiras<\/h3>\n\n<p>As pe\u00e7as mec\u00e2nicas m\u00f3veis est\u00e3o principalmente localizadas no filtro de um coletor central de p\u00f3. A manuten\u00e7\u00e3o \u00e9 efectuada principalmente no local do filtro. O controlo das tubagens \u00e9 mais complexo. Em caso de avaria numa unidade de produ\u00e7\u00e3o, a depend\u00eancia de uma \u00fanica fonte de filtragem resulta na paragem total da unidade de produ\u00e7\u00e3o, ou de <strong>parte dela, se a rede de tubagens<\/strong> tiver sido concebida com ventila\u00e7\u00e3o vari\u00e1vel. A avaria do filtro provoca inevitavelmente uma paragem da produ\u00e7\u00e3o.      <\/p>\n\n<p>Os colectores de p\u00f3 m\u00f3veis est\u00e3o distribu\u00eddos por toda a unidade de produ\u00e7\u00e3o. Isto torna a manuten\u00e7\u00e3o menos simples de organizar, uma vez que \u00e9 efectuada em v\u00e1rios locais, o que multiplica o n\u00famero de controlos. Por outro lado, a<strong> avaria de uma unidade de produ\u00e7\u00e3o<\/strong> n\u00e3o afecta a recolha de poeiras das outras unidades. A avaria de um coletor de poeiras m\u00f3vel pode ser resolvida temporariamente atrav\u00e9s do aluguer de um coletor semelhante.   <\/p>\n","protected":false},"excerpt":{"rendered":"<p>Se a escolha de uma t\u00e9cnica de recolha de poeiras \u00e9 orientada pela dimens\u00e3o das part\u00edculas emitidas, pelas suas propriedades f\u00edsico-qu\u00edmicas e pelo seu impacto nos operadores e no ambiente, a escolha entre um coletor fixo ou m\u00f3vel e entre a centraliza\u00e7\u00e3o ou a localiza\u00e7\u00e3o do sistema de recolha de poeiras obedece a outros crit\u00e9rios. Estes crit\u00e9rios dependem do contexto de produ\u00e7\u00e3o: o sector industrial, a dimens\u00e3o da unidade de produ\u00e7\u00e3o, o momento do seu ciclo de vida, os processos de produ\u00e7\u00e3o, as restri\u00e7\u00f5es legais que regem o seu funcionamento, o equil\u00edbrio financeiro entre as restri\u00e7\u00f5es or\u00e7amentais e os fluxos de investimento e de explora\u00e7\u00e3o do coletor de poeiras, etc. Cada caso \u00e9 \u00fanico. Os crit\u00e9rios s\u00e3o m\u00faltiplos! Uma primeira abordagem permitir-te-\u00e1 desbravar o terreno!    <\/p>\n","protected":false},"author":4,"featured_media":81718,"comment_status":"open","ping_status":"closed","sticky":false,"template":"","format":"standard","meta":{"_acf_changed":false,"_seopress_robots_primary_cat":"none","_seopress_titles_title":"Coletor de p\u00f3 fixo ou m\u00f3vel, central ou local: crit\u00e9rios de escolha?","_seopress_titles_desc":"Estes crit\u00e9rios dependem do contexto de produ\u00e7\u00e3o: o sector industrial, a dimens\u00e3o da unidade de produ\u00e7\u00e3o, o momento do seu ciclo de vida, os processos de produ\u00e7\u00e3o, etc.","_seopress_robots_index":"","footnotes":""},"categories":[55],"tags":[147],"class_list":["post-40763","post","type-post","status-publish","format-standard","has-post-thumbnail","hentry","category-nosso-conselho","tag-pequena-entrada","generate-columns","tablet-grid-50","mobile-grid-100","grid-parent","grid-50","no-featured-image-padding","resize-featured-image"],"acf":[],"_links":{"self":[{"href":"https:\/\/obera.fr\/pt-pt\/wp-json\/wp\/v2\/posts\/40763","targetHints":{"allow":["GET"]}}],"collection":[{"href":"https:\/\/obera.fr\/pt-pt\/wp-json\/wp\/v2\/posts"}],"about":[{"href":"https:\/\/obera.fr\/pt-pt\/wp-json\/wp\/v2\/types\/post"}],"author":[{"embeddable":true,"href":"https:\/\/obera.fr\/pt-pt\/wp-json\/wp\/v2\/users\/4"}],"replies":[{"embeddable":true,"href":"https:\/\/obera.fr\/pt-pt\/wp-json\/wp\/v2\/comments?post=40763"}],"version-history":[{"count":3,"href":"https:\/\/obera.fr\/pt-pt\/wp-json\/wp\/v2\/posts\/40763\/revisions"}],"predecessor-version":[{"id":82268,"href":"https:\/\/obera.fr\/pt-pt\/wp-json\/wp\/v2\/posts\/40763\/revisions\/82268"}],"wp:featuredmedia":[{"embeddable":true,"href":"https:\/\/obera.fr\/pt-pt\/wp-json\/wp\/v2\/media\/81718"}],"wp:attachment":[{"href":"https:\/\/obera.fr\/pt-pt\/wp-json\/wp\/v2\/media?parent=40763"}],"wp:term":[{"taxonomy":"category","embeddable":true,"href":"https:\/\/obera.fr\/pt-pt\/wp-json\/wp\/v2\/categories?post=40763"},{"taxonomy":"post_tag","embeddable":true,"href":"https:\/\/obera.fr\/pt-pt\/wp-json\/wp\/v2\/tags?post=40763"}],"curies":[{"name":"wp","href":"https:\/\/api.w.org\/{rel}","templated":true}]}}