{"id":41290,"date":"2023-11-14T12:01:34","date_gmt":"2023-11-14T10:01:34","guid":{"rendered":"https:\/\/obera.fr\/sem-categoria\/obera-caso-de-utilizacao-tratamento-de-formaldeido-em-embalagens-industriais\/"},"modified":"2025-04-23T08:31:24","modified_gmt":"2025-04-23T06:31:24","slug":"cas-usage-traitement-formaldehydes-emballage-industriel","status":"publish","type":"post","link":"https:\/\/obera.fr\/pt-pt\/nosso-conselho\/cas-usage-traitement-formaldehydes-emballage-industriel\/","title":{"rendered":"oberA Caso de utiliza\u00e7\u00e3o: Tratamento de formalde\u00eddo em embalagens industriais"},"content":{"rendered":"\n<figure class=\"wp-block-image alignright size-full is-resized\"><img decoding=\"async\" width=\"275\" height=\"183\" src=\"https:\/\/obera.fr\/wp-content\/uploads\/2023\/12\/impression-emballage-2.jpg\" alt=\"impress&#xE3;o de embalagens 2\" class=\"wp-image-26468\" style=\"width:316px;height:auto\"\/><\/figure>\n\n<p>A OberA trabalhou recentemente com um <strong>cliente internacional especializado em embalagens<\/strong>. O cliente contactou-nos para tratar das emiss\u00f5es de formalde\u00eddo que estavam a ocorrer durante o seu processo de fabrico, mais especificamente durante a colagem da folha de alum\u00ednio. <\/p>\n\n<p>O formalde\u00eddo \u00e9 uma subst\u00e2ncia qu\u00edmica potencialmente nociva para a sa\u00fade humana e \u00e9 habitualmente utilizado em determinados processos industriais, incluindo a colagem de folhas de alum\u00ednio para embalagens.<\/p>\n\n<p>A nossa <a href=\"https:\/\/obera.fr\/pt-pt\/nosso-conselho\/traitement-odeurs-industrielles\/\">experi\u00eancia no tratamento do ar<\/a> permitiu-nos conceber e instalar 2 instala\u00e7\u00f5es constitu\u00eddas por uma <a href=\"https:\/\/obera.fr\/pt-pt\/produits\/traitement-cov\/aspiration-mobile-odeurs-epur-box\/\">ePURBOX<\/a>, ambas equipadas com um grande cartucho adicional de carv\u00e3o ativado cada uma. Esta solu\u00e7\u00e3o, feita \u00e0 medida, capta e elimina eficazmente as emiss\u00f5es de formalde\u00eddo diretamente na esta\u00e7\u00e3o de colagem de folhas de alum\u00ednio. Desta forma, ajud\u00e1mos a proteger a sa\u00fade e a seguran\u00e7a dos trabalhadores do nosso cliente, assegurando simultaneamente o cumprimento das normas e regulamentos em vigor.  <\/p>\n\n<p>Gra\u00e7as \u00e0 nossa <strong>abordagem personalizada<\/strong> e ao nosso compromisso com a excel\u00eancia ambiental, o nosso cliente conseguiu melhorar a qualidade do ar no seu ambiente de trabalho, reduzindo os riscos para a sa\u00fade dos trabalhadores e refor\u00e7ando a sua <strong>responsabilidade social<\/strong> de proteger o ambiente.<\/p>\n\n<h2 class=\"wp-block-heading\"><strong>O processo que gera o formalde\u00eddo e os seus perigos<\/strong><\/h2>\n\n<figure class=\"wp-block-image alignleft size-large is-resized\"><img decoding=\"async\" width=\"1024\" height=\"538\" src=\"https:\/\/obera.fr\/wp-content\/uploads\/2023\/12\/impression-emballage-aluminium-1024x538.jpg\" alt=\"impress&#xE3;o de embalagens de alum&#xED;nio\" class=\"wp-image-26471\" style=\"width:304px;height:auto\" srcset=\"https:\/\/obera.fr\/wp-content\/uploads\/2023\/12\/impression-emballage-aluminium-1024x538.jpg 1024w, https:\/\/obera.fr\/wp-content\/uploads\/2023\/12\/impression-emballage-aluminium-300x158.jpg 300w, https:\/\/obera.fr\/wp-content\/uploads\/2023\/12\/impression-emballage-aluminium-768x403.jpg 768w, https:\/\/obera.fr\/wp-content\/uploads\/2023\/12\/impression-emballage-aluminium.jpg 1200w\" sizes=\"(max-width: 1024px) 100vw, 1024px\" \/><\/figure>\n\n<p><strong> As emiss\u00f5es de formalde\u00eddo<\/strong> durante o processo de colagem de folhas de alum\u00ednio devem-se principalmente \u00e0 utiliza\u00e7\u00e3o de colas ou adesivos que cont\u00eam resinas de formalde\u00eddo (fenoplastos ou resinas de fenol-formalde\u00eddo).<\/p>\n\n<p>O formalde\u00eddo \u00e9 um composto qu\u00edmico vol\u00e1til que \u00e9 libertado como g\u00e1s \u00e0 temperatura ambiente, evaporando-se no ar quando<strong>as colas s\u00e3o aplicadas<\/strong>.<\/p>\n\n<p>O formalde\u00eddo \u00e9 normalmente utilizado em muitos tipos de colas e adesivos devido \u00e0s suas propriedades de ader\u00eancia e secagem r\u00e1pida, e no fabrico de pol\u00edmeros termoendurec\u00edveis. No entanto, esta <strong>subst\u00e2ncia apresenta riscos para a sa\u00fade humana<\/strong>, especialmente quando inalada em quantidades elevadas e prolongadas. <\/p>\n\n<p>A inala\u00e7\u00e3o de formalde\u00eddo pode causar uma s\u00e9rie de problemas de sa\u00fade, incluindo irrita\u00e7\u00e3o do trato respirat\u00f3rio, dores de cabe\u00e7a, n\u00e1useas, problemas respirat\u00f3rios, reac\u00e7\u00f5es al\u00e9rgicas e irrita\u00e7\u00e3o da pele. Al\u00e9m disso, o formalde\u00eddo \u00e9 classificado como um CMR conhecido por causar cancro nos seres humanos pela <strong>Ag\u00eancia Internacional de Investiga\u00e7\u00e3o do Cancro<\/strong> (IARC), o que significa que a exposi\u00e7\u00e3o cr\u00f3nica a esta subst\u00e2ncia pode aumentar o risco de desenvolver determinados tipos de cancro. <\/p>\n\n<p>Durante o processo de colagem da folha de alum\u00ednio, podem ser libertados para o ar ambiente fumos de formalde\u00eddo provenientes das colas ou adesivos utilizados, bem como durante a secagem das pel\u00edculas coladas. Estes fumos podem estar presentes na<strong>oficina de produ\u00e7\u00e3o e ser potencialmente inalados pelos trabalhadores<\/strong>, expondo-os a riscos para a sa\u00fade. <\/p>\n\n<h2 class=\"wp-block-heading\"><strong>As vantagens do tratamento do formalde\u00eddo em ambientes industriais<\/strong><\/h2>\n\n<figure class=\"wp-block-image alignright size-full\"><img decoding=\"async\" width=\"283\" height=\"225\" src=\"https:\/\/obera.fr\/wp-content\/uploads\/2023\/12\/formaldehyde.png\" alt=\"formalde&#xED;do\" class=\"wp-image-26477\"\/><\/figure>\n\n<p>O tratamento do formalde\u00eddo em ambientes industriais oferece uma s\u00e9rie de vantagens importantes. Em primeiro lugar, <strong>protege a sa\u00fade dos trabalhadores<\/strong>, eliminando ou reduzindo as emiss\u00f5es de formalde\u00eddo para o ar ambiente. Isto reduz o risco de irrita\u00e7\u00e3o do trato respirat\u00f3rio, problemas respirat\u00f3rios, reac\u00e7\u00f5es al\u00e9rgicas e problemas de sa\u00fade mais graves associados a esta subst\u00e2ncia potencialmente nociva.  <\/p>\n\n<p>Para al\u00e9m disso,<strong> o tratamento do formalde\u00eddo<\/strong> ajuda as empresas a cumprir os regulamentos rigorosos relativos \u00e0s emiss\u00f5es de formalde\u00eddo. Ao cumprir as normas ambientais e de sa\u00fade, as empresas evitam as coimas e penaliza\u00e7\u00f5es associadas ao incumprimento. <\/p>\n\n<p>Outra vantagem do tratamento do ar \u00e9 a<strong>melhoria da qualidade do ar<\/strong> no ambiente de trabalho. Ao capturar e eliminar as emiss\u00f5es de formalde\u00eddo, ajuda a criar um ambiente mais saud\u00e1vel para os funcion\u00e1rios, reduzindo o risco de dores de cabe\u00e7a, n\u00e1useas e outros sintomas associados \u00e0 m\u00e1 qualidade do ar. <\/p>\n\n<p>Al\u00e9m disso, o tratamento do formalde\u00eddo ajuda a reduzir o risco de doen\u00e7as profissionais ligadas a esta subst\u00e2ncia, como<strong>a asma profissional ou irrita\u00e7\u00f5es cut\u00e2neas<\/strong>. Ao eliminar a exposi\u00e7\u00e3o excessiva ao formalde\u00eddo, ajuda a proteger a sa\u00fade dos trabalhadores a longo prazo. <\/p>\n\n<p>Em termos de imagem corporativa, a ado\u00e7\u00e3o de pr\u00e1ticas respons\u00e1veis de tratamento de formalde\u00eddo demonstra<strong>o compromisso com a sa\u00fade e seguran\u00e7a dos funcion\u00e1rios<\/strong>, bem como com a responsabilidade ambiental. Isto pode melhorar a imagem junto dos clientes, dos parceiros comerciais e do p\u00fablico em geral. <\/p>\n\n<p>Por \u00faltimo, o tratamento com formalde\u00eddo pode tamb\u00e9m contribuir para a redu\u00e7\u00e3o de custos da empresa, permitindo uma utiliza\u00e7\u00e3o mais eficiente dos recursos e das mat\u00e9rias-primas.<\/p>\n\n<p>Em resumo, o <strong>tratamento de formalde\u00eddos em ambientes industriais <\/strong>oferece uma s\u00e9rie de benef\u00edcios essenciais para a cria\u00e7\u00e3o de um ambiente de trabalho mais seguro, mais saud\u00e1vel e mais amigo do ambiente nas ind\u00fastrias em causa. Trata-se de uma medida proactiva que promove a sa\u00fade dos trabalhadores, a conformidade regulamentar, a efici\u00eancia operacional e uma imagem empresarial positiva. <\/p>\n\n<h2 class=\"wp-block-heading\"><strong>A efic\u00e1cia do carv\u00e3o ativado sobre os formalde\u00eddos em meio industrial<\/strong><\/h2>\n\n<figure class=\"wp-block-image alignleft size-large is-resized\"><img decoding=\"async\" width=\"1024\" height=\"549\" src=\"https:\/\/obera.fr\/wp-content\/uploads\/2023\/12\/cko-charbon-purple-1024x549.jpg\" alt=\"cko carv&#xE3;o roxo\" class=\"wp-image-26474\" style=\"width:429px;height:auto\" srcset=\"https:\/\/obera.fr\/wp-content\/uploads\/2023\/12\/cko-charbon-purple-1024x549.jpg 1024w, https:\/\/obera.fr\/wp-content\/uploads\/2023\/12\/cko-charbon-purple-300x161.jpg 300w, https:\/\/obera.fr\/wp-content\/uploads\/2023\/12\/cko-charbon-purple-768x412.jpg 768w, https:\/\/obera.fr\/wp-content\/uploads\/2023\/12\/cko-charbon-purple.jpg 1200w\" sizes=\"(max-width: 1024px) 100vw, 1024px\" \/><\/figure>\n\n<p>As mol\u00e9culas de formalde\u00eddo s\u00e3o pequenas e podem ser dif\u00edceis de capturar eficazmente. No entanto, o carv\u00e3o ativado tem uma \u00e1rea de superf\u00edcie espec\u00edfica elevada com <strong>poros de diferentes tamanhos<\/strong>, o que lhe permite capturar e adsorver as mol\u00e9culas de formalde\u00eddo. \u00c0 medida que o ar contaminado com formalde\u00eddo passa atrav\u00e9s do carv\u00e3o ativado, estas mol\u00e9culas s\u00e3o capturadas e retidas na superf\u00edcie do material, ajudando a <strong>reduzir a concentra\u00e7\u00e3o de formalde\u00eddo no ar<\/strong>.  <\/p>\n\n<p>\u00c9 importante notar que a efic\u00e1cia do carv\u00e3o ativado depende de factores como a composi\u00e7\u00e3o dos adesivos industriais, a temperatura, o caudal de ar e o tempo de contacto com o carv\u00e3o ativado. Por conseguinte, \u00e9 essencial escolher o tipo certo de carv\u00e3o ativado para uma aplica\u00e7\u00e3o espec\u00edfica, a fim de garantir<strong> a remo\u00e7\u00e3o eficaz de formalde\u00eddos<\/strong> e uma melhor qualidade do ar em ambientes industriais. <\/p>\n\n<blockquote class=\"wp-block-quote is-layout-flow wp-block-quote-is-layout-flow\">\n<p>Pode ler o nosso estudo de caso de utiliza\u00e7\u00e3o sobre o <a href=\"https:\/\/obera.fr\/pt-pt\/nosso-conselho\/cas-usage-traitements-covs-secteur-serigraphie\/\">tratamento de COV no sector da serigrafia<\/a>. <\/p>\n<\/blockquote>\n","protected":false},"excerpt":{"rendered":"<p>A OberA trabalhou recentemente com um cliente internacional especializado em embalagens. Este cliente abordou-nos para lidar com as emiss\u00f5es de formalde\u00eddo que estavam a ocorrer durante o seu processo de fabrico, mais especificamente durante a colagem de folhas de alum\u00ednio.<\/p>\n","protected":false},"author":4,"featured_media":84843,"comment_status":"open","ping_status":"closed","sticky":false,"template":"","format":"standard","meta":{"_acf_changed":false,"_seopress_robots_primary_cat":"none","_seopress_titles_title":"oberA Caso de utiliza\u00e7\u00e3o: Tratamento de formalde\u00eddo em embalagens industriais","_seopress_titles_desc":"A OberA trabalhou recentemente com um cliente internacional especializado em embalagens. Descobre mais sobre os nossos processos para satisfazer os seus requisitos de tratamento de formalde\u00eddo.","_seopress_robots_index":"","footnotes":""},"categories":[55],"tags":[147],"class_list":["post-41290","post","type-post","status-publish","format-standard","has-post-thumbnail","hentry","category-nosso-conselho","tag-pequena-entrada","generate-columns","tablet-grid-50","mobile-grid-100","grid-parent","grid-50","no-featured-image-padding","resize-featured-image"],"acf":[],"_links":{"self":[{"href":"https:\/\/obera.fr\/pt-pt\/wp-json\/wp\/v2\/posts\/41290","targetHints":{"allow":["GET"]}}],"collection":[{"href":"https:\/\/obera.fr\/pt-pt\/wp-json\/wp\/v2\/posts"}],"about":[{"href":"https:\/\/obera.fr\/pt-pt\/wp-json\/wp\/v2\/types\/post"}],"author":[{"embeddable":true,"href":"https:\/\/obera.fr\/pt-pt\/wp-json\/wp\/v2\/users\/4"}],"replies":[{"embeddable":true,"href":"https:\/\/obera.fr\/pt-pt\/wp-json\/wp\/v2\/comments?post=41290"}],"version-history":[{"count":5,"href":"https:\/\/obera.fr\/pt-pt\/wp-json\/wp\/v2\/posts\/41290\/revisions"}],"predecessor-version":[{"id":84857,"href":"https:\/\/obera.fr\/pt-pt\/wp-json\/wp\/v2\/posts\/41290\/revisions\/84857"}],"wp:featuredmedia":[{"embeddable":true,"href":"https:\/\/obera.fr\/pt-pt\/wp-json\/wp\/v2\/media\/84843"}],"wp:attachment":[{"href":"https:\/\/obera.fr\/pt-pt\/wp-json\/wp\/v2\/media?parent=41290"}],"wp:term":[{"taxonomy":"category","embeddable":true,"href":"https:\/\/obera.fr\/pt-pt\/wp-json\/wp\/v2\/categories?post=41290"},{"taxonomy":"post_tag","embeddable":true,"href":"https:\/\/obera.fr\/pt-pt\/wp-json\/wp\/v2\/tags?post=41290"}],"curies":[{"name":"wp","href":"https:\/\/api.w.org\/{rel}","templated":true}]}}