{"id":41470,"date":"2023-11-14T11:56:04","date_gmt":"2023-11-14T09:56:04","guid":{"rendered":"https:\/\/obera.fr\/sem-categoria\/oberum-caso-de-utilizacao-tratamento-de-cov-na-industria-da-serigrafia\/"},"modified":"2025-04-23T08:36:32","modified_gmt":"2025-04-23T06:36:32","slug":"cas-usage-traitements-covs-secteur-serigraphie","status":"publish","type":"post","link":"https:\/\/obera.fr\/pt-pt\/nosso-conselho\/cas-usage-traitements-covs-secteur-serigraphie\/","title":{"rendered":"oberA caso de utiliza\u00e7\u00e3o: tratamento de COV no sector da serigrafia"},"content":{"rendered":"\n<figure class=\"wp-block-image alignright size-large is-resized\"><img decoding=\"async\" width=\"681\" height=\"1024\" src=\"https:\/\/obera.fr\/wp-content\/uploads\/2023\/12\/serigraphie-machine-1-681x1024.jpg\" alt=\"m&#xE1;quina de impress&#xE3;o serigr&#xE1;fica 1\" class=\"wp-image-26484\" style=\"width:175px;height:auto\" srcset=\"https:\/\/obera.fr\/wp-content\/uploads\/2023\/12\/serigraphie-machine-1-681x1024.jpg 681w, https:\/\/obera.fr\/wp-content\/uploads\/2023\/12\/serigraphie-machine-1-200x300.jpg 200w, https:\/\/obera.fr\/wp-content\/uploads\/2023\/12\/serigraphie-machine-1-768x1154.jpg 768w, https:\/\/obera.fr\/wp-content\/uploads\/2023\/12\/serigraphie-machine-1-1022x1536.jpg 1022w, https:\/\/obera.fr\/wp-content\/uploads\/2023\/12\/serigraphie-machine-1-1363x2048.jpg 1363w, https:\/\/obera.fr\/wp-content\/uploads\/2023\/12\/serigraphie-machine-1-scaled.jpg 1703w\" sizes=\"(max-width: 681px) 100vw, 681px\" \/><\/figure>\n\n<p>A OberA teve o privil\u00e9gio de trabalhar com um <strong>cliente especializado no sector da serigrafia<\/strong>. Foi-nos pedido que trabalh\u00e1ssemos num projeto complexo: instalar 132 colunas de capta\u00e7\u00e3o de fontes por cima de cada esta\u00e7\u00e3o de serigrafia e de cada operador. Embora a ideia inicial parecesse prometedora, revelou-se muito dispendiosa e extremamente intensiva em termos energ\u00e9ticos. Felizmente, na Obera, somos<a href=\"https:\/\/obera.fr\/pt-pt\/nosso-conselho\/traitement-odeurs-industrielles\/\"> especialistas no tratamento de odores e COV industriais <\/a>e pudemos ajud\u00e1-los neste complexo projeto.   <\/p>\n\n<p>Para responder \u00e0s suas necessidades de forma mais eficaz e econ\u00f3mica, propusemos uma solu\u00e7\u00e3o inovadora: a <strong>instala\u00e7\u00e3o de 15 epur50 equipados com cartuchos de carv\u00e3o ativado<\/strong>. Esta escolha trouxe muitas vantagens consider\u00e1veis para o nosso cliente. <\/p>\n\n<p>Em primeiro lugar, conseguimos preservar a integridade do edif\u00edcio existente, evitando grandes modifica\u00e7\u00f5es que poderiam ter afetado a sua atividade. Al\u00e9m disso, <strong>gra\u00e7as \u00e0 utiliza\u00e7\u00e3o do epur50s<\/strong>, n\u00e3o foi necess\u00e1ria qualquer instala\u00e7\u00e3o pesada, permitindo que o projeto fosse implementado rapidamente e sem grandes perturba\u00e7\u00f5es. <\/p>\n\n<figure class=\"wp-block-image alignleft size-large is-resized\"><img decoding=\"async\" width=\"609\" height=\"811\" src=\"https:\/\/obera.fr\/wp-content\/uploads\/2023\/12\/image-photoroom.png-photoroom-edited.png\" alt=\"imagem photoroom.png photoroom\" class=\"wp-image-26500\" style=\"width:182px;height:auto\" srcset=\"https:\/\/obera.fr\/wp-content\/uploads\/2023\/12\/image-photoroom.png-photoroom-edited.png 609w, https:\/\/obera.fr\/wp-content\/uploads\/2023\/12\/image-photoroom.png-photoroom-edited-225x300.png 225w\" sizes=\"(max-width: 609px) 100vw, 609px\" \/><\/figure>\n\n<p>A melhoria mais significativa registou-se no consumo de energia. Gra\u00e7as ao desempenho e \u00e0 efici\u00eancia da epur50, conseguimos reduzir o consumo total de energia do nosso cliente em quase 90%. Esta otimiza\u00e7\u00e3o energ\u00e9tica resultou em <strong>poupan\u00e7as consider\u00e1veis nos seus custos operacionais<\/strong>, contribuindo simultaneamente para um impacto ambiental mais positivo.  <\/p>\n\n<p>Por fim, o or\u00e7amento de investimento inicial do projeto foi consideravelmente reduzido. Ao optar pela epur50s, o nosso cliente conseguiu reduzir o custo total do projeto por um fator de cinco, enquanto desfrutava de \u00f3ptimos resultados. <\/p>\n\n<p>Esta colabora\u00e7\u00e3o com o nosso cliente especializado em serigrafia foi um sucesso. A nossa abordagem inovadora, combinada com a efici\u00eancia das nossas solu\u00e7\u00f5es epur50, permitiu-nos responder \u00e0s suas necessidades espec\u00edficas,<strong> oferecendo vantagens substanciais<\/strong> em termos de facilidade de instala\u00e7\u00e3o, poupan\u00e7a de energia e controlo or\u00e7amental. Estamos orgulhosos por termos contribu\u00eddo para o seu sucesso e por continuarmos a oferecer solu\u00e7\u00f5es \u00e0 medida dos desafios industriais dos nossos clientes.  <\/p>\n\n<h2 class=\"wp-block-heading\"><strong>As principais fontes de COV na serigrafia<\/strong><\/h2>\n\n<p>A impress\u00e3o serigr\u00e1fica em si \u00e9 geralmente considerada um<strong> processo com baixo teor de COV<\/strong> em compara\u00e7\u00e3o com outros m\u00e9todos de impress\u00e3o mais tradicionais. No entanto, existem ainda fontes potenciais de COV no processo de impress\u00e3o serigr\u00e1fica, principalmente relacionadas com a utiliza\u00e7\u00e3o de tintas, solventes e outros produtos qu\u00edmicos. <\/p>\n\n<p>As principais fontes de COV na impress\u00e3o serigr\u00e1fica s\u00e3o as seguintes<\/p>\n\n<h3 class=\"wp-block-heading\"><strong>Tintas \u00e0 base de solventes  <\/strong><\/h3>\n\n<p>Algumas tintas utilizadas na impress\u00e3o serigr\u00e1fica podem <strong>conter solventes org\u00e2nicos vol\u00e1teis<\/strong> que se evaporam no ar durante o processo de secagem. Os COVs contidos nestes solventes podem contribuir para a forma\u00e7\u00e3o de poluentes atmosf\u00e9ricos e para a deteriora\u00e7\u00e3o da qualidade do ar interior. <\/p>\n\n<h3 class=\"wp-block-heading\"><strong>Produtos de limpeza e diluentes<\/strong><\/h3>\n\n<p>Os produtos qu\u00edmicos utilizados para <strong>limpar ecr\u00e3s e ferramentas<\/strong>, bem como os diluentes utilizados para ajustar a viscosidade das tintas, tamb\u00e9m podem <strong>emitir COV<\/strong> quando manuseados ou utilizados sem as precau\u00e7\u00f5es adequadas.<\/p>\n\n<h3 class=\"wp-block-heading\"><strong>Telas e adesivos  <\/strong><\/h3>\n\n<p>Alguns materiais utilizados no fabrico de ecr\u00e3s (como colas ou adesivos) <strong>podem conter COVs<\/strong> que s\u00e3o libertados quando s\u00e3o aquecidos ou manuseados.<\/p>\n\n<h2 class=\"wp-block-heading\"><strong>Doen\u00e7as frequentemente causadas por coberturas na serigrafia<\/strong><\/h2>\n\n<p>Os Compostos Org\u00e2nicos Vol\u00e1teis (COV) presentes na serigrafia podem contribuir para a forma\u00e7\u00e3o de poluentes atmosf\u00e9ricos e causar <strong>problemas de sa\u00fade aos trabalhadores <\/strong>com exposi\u00e7\u00e3o cr\u00f3nica a concentra\u00e7\u00f5es elevadas. Eis algumas doen\u00e7as comuns associadas aos COVs na serigrafia: <\/p>\n\n<h3 class=\"wp-block-heading\"><strong>Irrita\u00e7\u00e3o do trato respirat\u00f3rio<\/strong><\/h3>\n\n<p>Os COV podem <strong>causar irrita\u00e7\u00e3o do trato respirat\u00f3rio<\/strong>, com sintomas como tosse, dor de garganta, congest\u00e3o nasal e espirros.<\/p>\n\n<h3 class=\"wp-block-heading\"><strong>Asma<\/strong><\/h3>\n\n<p>A exposi\u00e7\u00e3o prolongada a COVs pode agravar os sintomas de asma em indiv\u00edduos predispostos. Os trabalhadores que sofrem de asma podem ver os seus <strong>sintomas exacerbados na presen\u00e7a de COVs<\/strong>. <\/p>\n\n<h3 class=\"wp-block-heading\"><strong>Doen\u00e7as neurol\u00f3gicas<\/strong><\/h3>\n\n<p>Alguns COVs s\u00e3o considerados neurotoxinas e podem afetar o sistema nervoso central. A exposi\u00e7\u00e3o cr\u00f3nica a <strong>n\u00edveis elevados de COV<\/strong> pode estar associada a dores de cabe\u00e7a, tonturas, perturba\u00e7\u00f5es da mem\u00f3ria e problemas de concentra\u00e7\u00e3o. <\/p>\n\n<h3 class=\"wp-block-heading\"><strong>Alergias cut\u00e2neas  <\/strong><\/h3>\n\n<p>Algumas pessoas podem desenvolver <strong>reac\u00e7\u00f5es al\u00e9rgicas na pele ap\u00f3s exposi\u00e7\u00e3o repetida aos COV<\/strong> presentes nas tintas, solventes ou produtos qu\u00edmicos utilizados na serigrafia.<\/p>\n\n<h3 class=\"wp-block-heading\"><strong>Efeitos no f\u00edgado e nos rins<\/strong><\/h3>\n\n<p>Alguns COVs podem ser t\u00f3xicos para o f\u00edgado e os rins, causando danos a estes \u00f3rg\u00e3os em caso de exposi\u00e7\u00e3o prolongada e em concentra\u00e7\u00f5es elevadas.<\/p>\n\n<p>\u00c9 importante notar que a <strong>gravidade dos efeitos na sa\u00fade<\/strong> depende da concentra\u00e7\u00e3o de COV no ar, da dura\u00e7\u00e3o e frequ\u00eancia da exposi\u00e7\u00e3o e da sensibilidade individual. As entidades patronais e os trabalhadores devem tomar medidas preventivas para minimizar a exposi\u00e7\u00e3o aos COV e proteger a sa\u00fade dos trabalhadores. <\/p>\n\n<h2 class=\"wp-block-heading\"><strong>Medidas preventivas contra os COVs na impress\u00e3o serigr\u00e1fica<\/strong><\/h2>\n\n<figure class=\"wp-block-image alignleft size-full is-resized\"><img decoding=\"async\" width=\"225\" height=\"225\" src=\"https:\/\/obera.fr\/wp-content\/uploads\/2023\/12\/picto-masque.jpg\" alt=\"m&#xE1;scara picto\" class=\"wp-image-26488\" style=\"width:78px;height:auto\" srcset=\"https:\/\/obera.fr\/wp-content\/uploads\/2023\/12\/picto-masque.jpg 225w, https:\/\/obera.fr\/wp-content\/uploads\/2023\/12\/picto-masque-150x150.jpg 150w\" sizes=\"(max-width: 225px) 100vw, 225px\" \/><\/figure>\n\n<p>As medidas preventivas contra os <strong>compostos org\u00e2nicos vol\u00e1teis (COV<\/strong> ) na impress\u00e3o serigr\u00e1fica s\u00e3o essenciais para proteger a sa\u00fade dos trabalhadores e minimizar o impacto no ambiente. Optar por tintas e produtos qu\u00edmicos com baixo teor de COV ou sem COV \u00e9 um primeiro passo importante. Al\u00e9m disso, \u00e9 crucial garantir um tratamento de ar adequado nas \u00e1reas de trabalho para reduzir a concentra\u00e7\u00e3o de COVs no ar ambiente.    <\/p>\n\n<figure class=\"wp-block-image size-full is-resized\"><img decoding=\"async\" width=\"346\" height=\"80\" src=\"https:\/\/obera.fr\/wp-content\/uploads\/2023\/12\/capture-decran-2023-12-06-155242.png\" alt=\"captura decran 2023 12 06 155242\" class=\"wp-image-26509\" style=\"width:71px;height:auto\" srcset=\"https:\/\/obera.fr\/wp-content\/uploads\/2023\/12\/capture-decran-2023-12-06-155242.png 346w, https:\/\/obera.fr\/wp-content\/uploads\/2023\/12\/capture-decran-2023-12-06-155242-300x69.png 300w\" sizes=\"(max-width: 346px) 100vw, 346px\" \/><\/figure>\n\n<figure class=\"wp-block-image alignleft size-full is-resized\"><img decoding=\"async\" width=\"225\" height=\"225\" src=\"https:\/\/obera.fr\/wp-content\/uploads\/2023\/12\/picto-gant.png\" alt=\"luva picto\" class=\"wp-image-26491\" style=\"width:76px;height:auto\" srcset=\"https:\/\/obera.fr\/wp-content\/uploads\/2023\/12\/picto-gant.png 225w, https:\/\/obera.fr\/wp-content\/uploads\/2023\/12\/picto-gant-150x150.png 150w\" sizes=\"(max-width: 225px) 100vw, 225px\" \/><\/figure>\n\n<p><strong>O fornecimento de equipamento de prote\u00e7\u00e3o individual (EPI)<\/strong> adequado, como respiradores e luvas, \u00e9 essencial para proteger os trabalhadores dos riscos associados aos COV. Por \u00faltimo, a forma\u00e7\u00e3o dos trabalhadores sobre boas pr\u00e1ticas de seguran\u00e7a e riscos associados aos COV \u00e9 essencial para manter um ambiente de trabalho seguro e saud\u00e1vel. Ao aplicar estas medidas de forma consistente, as empresas de impress\u00e3o serigr\u00e1fica podem ajudar a reduzir a exposi\u00e7\u00e3o aos COV e melhorar a sa\u00fade e a seguran\u00e7a dos seus trabalhadores, preservando simultaneamente <strong>o ambiente<\/strong>.  <\/p>\n\n<h2 class=\"wp-block-heading\"><strong>As vantagens do tratamento de ar no sector da serigrafia<\/strong><\/h2>\n\n<p>O tratamento do ar no sector da serigrafia oferece uma s\u00e9rie de vantagens significativas. Em primeiro lugar, ajuda a<strong>reduzir a exposi\u00e7\u00e3o dos trabalhadores aos Compostos Org\u00e2nicos Vol\u00e1teis<\/strong> (COV) presentes nas tintas e nos produtos qu\u00edmicos utilizados. Esta redu\u00e7\u00e3o da exposi\u00e7\u00e3o protege a sa\u00fade dos trabalhadores, evitando problemas como a irrita\u00e7\u00e3o das vias respirat\u00f3rias, alergias cut\u00e2neas e perturba\u00e7\u00f5es neurol\u00f3gicas.  <\/p>\n\n<p>Ao melhorar a qualidade do ar interior,<strong> o tratamento do ar cria um ambiente de trabalho<\/strong> mais saud\u00e1vel, permitindo que os empregados trabalhem em condi\u00e7\u00f5es mais confort\u00e1veis e produtivas. Contribui tamb\u00e9m para o seu bem-estar geral e minimiza os riscos para a sa\u00fade a longo prazo. <\/p>\n\n<p>Outra grande vantagem do tratamento do ar \u00e9 a conformidade com os regulamentos ambientais <strong>relativos \u00e0s emiss\u00f5es de COV<\/strong>. Ao implementar sistemas de ventila\u00e7\u00e3o e purifica\u00e7\u00e3o adequados, as empresas de impress\u00e3o serigr\u00e1fica podem cumprir as normas de qualidade do ar e evitar as penaliza\u00e7\u00f5es ou multas associadas ao incumprimento. <\/p>\n\n<h2 class=\"wp-block-heading\"><strong>Carv\u00e3o ativado e COVs<\/strong><\/h2>\n\n<figure class=\"wp-block-image alignright size-full is-resized\"><img decoding=\"async\" width=\"166\" height=\"551\" src=\"https:\/\/obera.fr\/wp-content\/uploads\/2023\/12\/cartouche-charbon-actif.png\" alt=\"cartucho de carv&#xE3;o ativado\" class=\"wp-image-26494\" style=\"width:58px;height:auto\" srcset=\"https:\/\/obera.fr\/wp-content\/uploads\/2023\/12\/cartouche-charbon-actif.png 166w, https:\/\/obera.fr\/wp-content\/uploads\/2023\/12\/cartouche-charbon-actif-90x300.png 90w\" sizes=\"(max-width: 166px) 100vw, 166px\" \/><\/figure>\n\n<p>O carv\u00e3o ativado \u00e9 altamente eficaz na elimina\u00e7\u00e3o de Compostos Org\u00e2nicos Vol\u00e1teis (COV) do ar. Os COVs s\u00e3o compostos qu\u00edmicos org\u00e2nicos que se evaporam facilmente \u00e0 temperatura ambiente e prov\u00eam de<strong> uma variedade de fontes, como solventes<\/strong>, produtos de limpeza, tintas, mobili\u00e1rio e outros. Estas subst\u00e2ncias podem ser potencialmente nocivas para a sa\u00fade humana e contribuem para a polui\u00e7\u00e3o do ar.  <\/p>\n\n<p><strong>O carv\u00e3o ativado \u00e9 um material com uma estrutura porosa<\/strong> e uma grande \u00e1rea de superf\u00edcie espec\u00edfica que lhe permite reter e adsorver eficazmente as mol\u00e9culas de COV presentes no ar. Quando o ar passa pelo carv\u00e3o ativado, os poros da sua superf\u00edcie capturam as mol\u00e9culas de COV, assegurando uma reten\u00e7\u00e3o eficaz destas subst\u00e2ncias. Esta propriedade permite<strong>eliminar uma vasta gama de COV<\/strong>, ajudando a purificar o ar e a reduzir os riscos para a sa\u00fade associados \u00e0 inala\u00e7\u00e3o destas subst\u00e2ncias.  <\/p>\n\n<blockquote class=\"wp-block-quote is-layout-flow wp-block-quote-is-layout-flow\">\n<p>Encontra aqui outro caso de utiliza\u00e7\u00e3o relativo ao <a href=\"https:\/\/obera.fr\/pt-pt\/nosso-conselho\/cas-usage-traitement-cov-fonderie-metallurgie\/\">tratamento de COV de metal fundido numa<\/a> fundi\u00e7\u00e3o.<\/p>\n<\/blockquote>\n","protected":false},"excerpt":{"rendered":"<p>A OberA teve o privil\u00e9gio de trabalhar com um cliente especializado no sector da serigrafia. Foi-nos pedido que trabalh\u00e1ssemos num projeto complexo: instalar 132 colunas de capta\u00e7\u00e3o de fontes por cima de cada esta\u00e7\u00e3o de serigrafia e de cada operador. Embora a ideia inicial parecesse prometedora, revelou-se muito dispendiosa e extremamente intensiva em termos energ\u00e9ticos. Felizmente, na Obera, somos especialistas no tratamento de odores e COV industriais e pudemos ajud\u00e1-los neste complexo projeto.   <\/p>\n","protected":false},"author":4,"featured_media":84881,"comment_status":"open","ping_status":"closed","sticky":false,"template":"","format":"standard","meta":{"_acf_changed":false,"_seopress_robots_primary_cat":"none","_seopress_titles_title":"oberA caso de utiliza\u00e7\u00e3o: tratamento de COV no sector da serigrafia","_seopress_titles_desc":"A OberA teve o privil\u00e9gio de trabalhar com um cliente especializado no sector da serigrafia. Descobre como conseguimos lidar com os COVs no sector da serigrafia.","_seopress_robots_index":"","footnotes":""},"categories":[55],"tags":[147],"class_list":["post-41470","post","type-post","status-publish","format-standard","has-post-thumbnail","hentry","category-nosso-conselho","tag-pequena-entrada","generate-columns","tablet-grid-50","mobile-grid-100","grid-parent","grid-50","no-featured-image-padding","resize-featured-image"],"acf":[],"_links":{"self":[{"href":"https:\/\/obera.fr\/pt-pt\/wp-json\/wp\/v2\/posts\/41470","targetHints":{"allow":["GET"]}}],"collection":[{"href":"https:\/\/obera.fr\/pt-pt\/wp-json\/wp\/v2\/posts"}],"about":[{"href":"https:\/\/obera.fr\/pt-pt\/wp-json\/wp\/v2\/types\/post"}],"author":[{"embeddable":true,"href":"https:\/\/obera.fr\/pt-pt\/wp-json\/wp\/v2\/users\/4"}],"replies":[{"embeddable":true,"href":"https:\/\/obera.fr\/pt-pt\/wp-json\/wp\/v2\/comments?post=41470"}],"version-history":[{"count":3,"href":"https:\/\/obera.fr\/pt-pt\/wp-json\/wp\/v2\/posts\/41470\/revisions"}],"predecessor-version":[{"id":84976,"href":"https:\/\/obera.fr\/pt-pt\/wp-json\/wp\/v2\/posts\/41470\/revisions\/84976"}],"wp:featuredmedia":[{"embeddable":true,"href":"https:\/\/obera.fr\/pt-pt\/wp-json\/wp\/v2\/media\/84881"}],"wp:attachment":[{"href":"https:\/\/obera.fr\/pt-pt\/wp-json\/wp\/v2\/media?parent=41470"}],"wp:term":[{"taxonomy":"category","embeddable":true,"href":"https:\/\/obera.fr\/pt-pt\/wp-json\/wp\/v2\/categories?post=41470"},{"taxonomy":"post_tag","embeddable":true,"href":"https:\/\/obera.fr\/pt-pt\/wp-json\/wp\/v2\/tags?post=41470"}],"curies":[{"name":"wp","href":"https:\/\/api.w.org\/{rel}","templated":true}]}}