{"id":42180,"date":"2023-05-30T14:14:28","date_gmt":"2023-05-30T12:14:28","guid":{"rendered":"https:\/\/obera.fr\/sem-categoria\/vantagens-de-um-coletor-de-po-movel-em-comparacao-com-um-coletor-de-po-fixo\/"},"modified":"2025-04-23T08:51:25","modified_gmt":"2025-04-23T06:51:25","slug":"avantages-depoussiereur-mobile-par-rapport-a-depoussiereur-fixe","status":"publish","type":"post","link":"https:\/\/obera.fr\/pt-pt\/nosso-conselho\/avantages-depoussiereur-mobile-par-rapport-a-depoussiereur-fixe\/","title":{"rendered":"As vantagens de um coletor de p\u00f3 m\u00f3vel em rela\u00e7\u00e3o a um coletor de p\u00f3 fixo"},"content":{"rendered":"\n<p><strong>O tratamento do ar industrial<\/strong> \u00e9 um desafio importante para a sa\u00fade e seguran\u00e7a dos trabalhadores e do ambiente. Permite que os poluentes emitidos por m\u00e1quinas e processos industriais sejam capturados na fonte. Isto pode ser conseguido atrav\u00e9s da instala\u00e7\u00e3o de equipamento de tratamento de ar fixo ou m\u00f3vel. Neste artigo, vamos concentrar-nos nas vantagens de um <strong>sistema de tratamento de ar industrial m\u00f3vel<\/strong> (coletor de poeiras m\u00f3vel ou unidade de extra\u00e7\u00e3o m\u00f3vel).   <\/p>\n\n<h2 class=\"wp-block-heading\">Entrega r\u00e1pida para necessidades urgentes<\/h2>\n\n<div class=\"wp-block-columns is-layout-flex wp-container-core-columns-is-layout-28f84493 wp-block-columns-is-layout-flex\">\n<div class=\"wp-block-column is-vertically-aligned-center is-layout-flow wp-block-column-is-layout-flow\" style=\"flex-basis:33.33%\">\n<figure class=\"wp-block-image aligncenter size-full is-resized\"><img decoding=\"async\" width=\"300\" height=\"200\" src=\"https:\/\/obera.fr\/wp-content\/uploads\/2023\/05\/1-1.png\" alt=\"1 1\" class=\"wp-image-22866\"\/><\/figure>\n<\/div>\n\n\n\n<div class=\"wp-block-column is-vertically-aligned-center is-layout-flow wp-block-column-is-layout-flow\" style=\"flex-basis:66.66%\">\n<p>Uma das vantagens mais significativas de um<strong> sistema de tratamento de ar m\u00f3vel <\/strong>\u00e9 a rapidez com que pode ser instalado em caso de emerg\u00eancia. De facto, o equipamento m\u00f3vel pode ser instalado muito rapidamente no local de trabalho para responder a uma situa\u00e7\u00e3o de emerg\u00eancia. Pode ser o caso se um <strong>sistema fixo de tratamento de ar<\/strong> se avariar ou se os processos de produ\u00e7\u00e3o tiverem de ser modificados para responder imediatamente.  <\/p>\n<\/div>\n<\/div>\n\n<h2 class=\"wp-block-heading\">Baixo custo de aquisi\u00e7\u00e3o em compara\u00e7\u00e3o com uma instala\u00e7\u00e3o fixa<\/h2>\n\n<div class=\"wp-block-columns are-vertically-aligned-center is-layout-flex wp-container-core-columns-is-layout-28f84493 wp-block-columns-is-layout-flex\">\n<div class=\"wp-block-column is-vertically-aligned-center is-layout-flow wp-block-column-is-layout-flow\" style=\"flex-basis:66.66%\">\n<p>O custo de aquisi\u00e7\u00e3o de um <strong>coletor de p\u00f3 m\u00f3vel<\/strong> \u00e9 geralmente inferior ao de uma instala\u00e7\u00e3o fixa. Isto deve-se ao facto de uma instala\u00e7\u00e3o m\u00f3vel ser Plug and Play e n\u00e3o necessitar de trabalhos de engenharia civil,<strong>instala\u00e7\u00e3o el\u00e9ctrica <\/strong>ou tubagens complexas. Isto \u00e9 ainda mais verdade quando o equipamento m\u00f3vel \u00e9 utilizado durante um per\u00edodo de tempo limitado. Neste caso, pode mesmo ser alugado ou comprado a um pre\u00e7o mais atrativo do que uma instala\u00e7\u00e3o fixa.   <\/p>\n<\/div>\n\n\n\n<div class=\"wp-block-column is-vertically-aligned-center is-layout-flow wp-block-column-is-layout-flow\" style=\"flex-basis:33.33%\">\n<figure class=\"wp-block-image aligncenter size-full is-resized\"><img decoding=\"async\" width=\"300\" height=\"200\" src=\"https:\/\/obera.fr\/wp-content\/uploads\/2023\/05\/1.png\" alt=\"Dustomat 4.24 com bra&#xE7;o\" class=\"wp-image-22851\"\/><\/figure>\n<\/div>\n<\/div>\n\n<h2 class=\"wp-block-heading\">Flexibilidade em caso de modifica\u00e7\u00e3o das instala\u00e7\u00f5es<\/h2>\n\n<div class=\"wp-block-columns are-vertically-aligned-center is-layout-flex wp-container-core-columns-is-layout-28f84493 wp-block-columns-is-layout-flex\">\n<div class=\"wp-block-column is-vertically-aligned-center is-layout-flow wp-block-column-is-layout-flow\" style=\"flex-basis:33.33%\">\n<figure class=\"wp-block-image aligncenter size-full is-resized\"><img decoding=\"async\" width=\"1200\" height=\"675\" src=\"https:\/\/obera.fr\/wp-content\/uploads\/2023\/12\/dustomat-4-poussiere_bras.jpg\" alt=\"dustomat 4 bra&#xE7;o de p&#xF3;\" class=\"wp-image-26355\" style=\"aspect-ratio:1.5;width:330px;height:auto\" srcset=\"https:\/\/obera.fr\/wp-content\/uploads\/2023\/12\/dustomat-4-poussiere_bras.jpg 1200w, https:\/\/obera.fr\/wp-content\/uploads\/2023\/12\/dustomat-4-poussiere_bras-300x169.jpg 300w, https:\/\/obera.fr\/wp-content\/uploads\/2023\/12\/dustomat-4-poussiere_bras-1024x576.jpg 1024w, https:\/\/obera.fr\/wp-content\/uploads\/2023\/12\/dustomat-4-poussiere_bras-768x432.jpg 768w\" sizes=\"(max-width: 1200px) 100vw, 1200px\" \/><\/figure>\n<\/div>\n\n\n\n<div class=\"wp-block-column is-vertically-aligned-center is-layout-flow wp-block-column-is-layout-flow\" style=\"flex-basis:66.66%\">\n<p><strong>As f\u00e1bricas modernas<\/strong> evoluem frequentemente, com as instala\u00e7\u00f5es de produ\u00e7\u00e3o a serem constantemente deslocadas e a f\u00e1brica remodelada para se adaptar \u00e0 gama de produtos fabricados. Por isso, muitas vezes faz sentido equipar uma instala\u00e7\u00e3o de produ\u00e7\u00e3o com o seu pr\u00f3prio <strong>coletor de poeiras m\u00f3vel dedicado<\/strong>. De facto, um coletor de poeiras m\u00f3vel oferece uma grande flexibilidade no caso de modifica\u00e7\u00f5es nas instala\u00e7\u00f5es. Se os processos de produ\u00e7\u00e3o mudarem, a<strong>instala\u00e7\u00e3o m\u00f3vel<\/strong> pode ser facilmente deslocada<strong>para um novo local<\/strong>, sem custos adicionais. Isto facilita a adapta\u00e7\u00e3o r\u00e1pida do sistema de tratamento de ar a altera\u00e7\u00f5es na f\u00e1brica, o que pode ser uma <a href=\"https:\/\/obera.fr\/conseils\/reglementation-vlep-evaluation-risque-chimique-lieu-de-travail\/\">vantagem econ\u00f3mica significativa<\/a>.    <\/p>\n<\/div>\n<\/div>\n\n<p>Por outro lado, um<strong> coletor de poeiras fixo centralizado <\/strong>e a sua<strong> rede de tubagens <\/strong>distribu\u00edda por toda a f\u00e1brica podem fazer sentido se o processo de fabrico n\u00e3o mudar muito, mas as modifica\u00e7\u00f5es nas tubagens tornam-se dispendiosas e restritivas quando os requisitos de aspira\u00e7\u00e3o se deslocam e mudam. Uma rede de aspira\u00e7\u00e3o \u00e9 fixa por natureza e s\u00f3 pode aspirar o caudal para o qual foi concebida, de modo a <strong>respeitar as velocidades de transporte corretas<\/strong> e a manter uma boa efici\u00eancia de aspira\u00e7\u00e3o. <\/p>\n\n<div class=\"wp-block-columns are-vertically-aligned-center is-layout-flex wp-container-core-columns-is-layout-ec2e7a44 wp-block-columns-is-layout-flex\" style=\"padding-top:0;padding-bottom:0\">\n<div class=\"wp-block-column is-vertically-aligned-center is-layout-flow wp-block-column-is-layout-flow\" style=\"flex-basis:66.66%\">\n<h2 class=\"wp-block-heading\">Manuten\u00e7\u00e3o mais r\u00e1pida e de baixo custo<\/h2>\n\n\n\n<p>Outra vantagem importante de um <strong>coletor de poeiras industrial m\u00f3vel<\/strong> \u00e9 que geralmente requer muito menos manuten\u00e7\u00e3o do que uma instala\u00e7\u00e3o fixa. Os sistemas m\u00f3veis de tratamento de ar s\u00e3o concebidos para serem <strong>facilmente desmontados e transportados<\/strong>, o que significa que os componentes s\u00e3o facilmente acess\u00edveis e podem ser facilmente limpos e mantidos fora do local de produ\u00e7\u00e3o. <\/p>\n\n\n\n<p>Em contrapartida, um<strong>sistema fixo de tratamento de ar<\/strong> requer frequentemente uma manuten\u00e7\u00e3o mais longa e mais dispendiosa, uma vez que os componentes s\u00e3o frequentemente maiores e mais complexos e est\u00e3o integrados na infraestrutura da f\u00e1brica. Avarias ou mau funcionamento podem levar a paragens dispendiosas e atrasos na produ\u00e7\u00e3o, o que pode afetar negativamente<strong> a rentabilidade de uma empresa<\/strong>. <\/p>\n<\/div>\n\n\n\n<div class=\"wp-block-column is-vertically-aligned-center is-layout-flow wp-block-column-is-layout-flow\" style=\"flex-basis:33.33%\">\n<figure class=\"wp-block-image aligncenter size-full is-resized\"><img decoding=\"async\" width=\"600\" height=\"600\" src=\"https:\/\/obera.fr\/wp-content\/uploads\/2023\/12\/epurbex-1000-2000.png\" alt=\"epurbex 1000 2000\" class=\"wp-image-26360\" style=\"width:277px;height:auto\" srcset=\"https:\/\/obera.fr\/wp-content\/uploads\/2023\/12\/epurbex-1000-2000.png 600w, https:\/\/obera.fr\/wp-content\/uploads\/2023\/12\/epurbex-1000-2000-300x300.png 300w, https:\/\/obera.fr\/wp-content\/uploads\/2023\/12\/epurbex-1000-2000-150x150.png 150w\" sizes=\"(max-width: 600px) 100vw, 600px\" \/><\/figure>\n<\/div>\n<\/div>\n\n<p>Al\u00e9m disso, uma avaria num <strong>coletor de poeiras fixo centralizado<\/strong> provoca a paragem de toda a instala\u00e7\u00e3o, ao passo que uma avaria num coletor de poeiras m\u00f3vel provoca a paragem do meio aspirado. \u00c9 f\u00e1cil dispor de um <strong>coletor de poeiras m\u00f3vel de emerg\u00eancia <\/strong>para substituir rapidamente uma das unidades avariadas de uma instala\u00e7\u00e3o. Isto \u00e9 obviamente imposs\u00edvel quando a f\u00e1brica est\u00e1 equipada com um coletor central fixo.  <\/p>\n\n<h2 class=\"wp-block-heading\">Mobilidade no caso de uma fonte m\u00f3vel de emiss\u00f5es poluentes ou da necessidade de um posto de trabalho m\u00f3vel<\/h2>\n\n<div class=\"wp-block-columns are-vertically-aligned-center is-layout-flex wp-container-core-columns-is-layout-28f84493 wp-block-columns-is-layout-flex\">\n<div class=\"wp-block-column is-vertically-aligned-center is-layout-flow wp-block-column-is-layout-flow\" style=\"flex-basis:33.33%\">\n<figure class=\"wp-block-image aligncenter size-full\"><img decoding=\"async\" width=\"300\" height=\"200\" src=\"https:\/\/obera.fr\/wp-content\/uploads\/2023\/05\/4.png\" alt=\"Vacum com bra&#xE7;o\" class=\"wp-image-22872\"\/><\/figure>\n<\/div>\n\n\n\n<div class=\"wp-block-column is-vertically-aligned-center is-layout-flow wp-block-column-is-layout-flow\" style=\"flex-basis:66.66%\">\n<p>Finalmente, uma <strong>unidade m\u00f3vel de tratamento de ar industrial<\/strong> \u00e9 altamente m\u00f3vel. Pode ser facilmente deslocada pelo local de trabalho para tratar os poluentes emitidos por uma fonte m\u00f3vel. Tamb\u00e9m pode ser utilizada como um <strong>posto de trabalho m\u00f3vel <\/strong>para os empregados que trabalham em ambientes polu\u00eddos em movimento. Neste caso, a instala\u00e7\u00e3o m\u00f3vel pode ser colocada perto do seu local de trabalho para purificar o ar que respiram e melhorar as suas condi\u00e7\u00f5es de trabalho.   <\/p>\n\n\n\n<p>Em conclus\u00e3o, <strong>os sistemas m\u00f3veis de tratamento de ar industrial<\/strong> oferecem muitas vantagens em rela\u00e7\u00e3o \u00e0s instala\u00e7\u00f5es fixas. Podem reagir rapidamente a necessidades urgentes, s\u00e3o mais econ\u00f3micos na compra e manuten\u00e7\u00e3o, oferecem <strong>uma grande flexibilidade<\/strong> se a instala\u00e7\u00e3o tiver de ser modificada e s\u00e3o m\u00f3veis para satisfazer <a href=\"https:\/\/obera.fr\/conseils\/solutions-pour-traiter-poussiere\/\">requisitos espec\u00edficos de tratamento de ar<\/a>. <\/p>\n<\/div>\n<\/div>\n\n<p>Por todas estas raz\u00f5es, a<strong>utiliza\u00e7\u00e3o de sistemas m\u00f3veis de tratamento de ar<\/strong> pode ser uma solu\u00e7\u00e3o eficaz para satisfazer as necessidades de remo\u00e7\u00e3o, extra\u00e7\u00e3o e filtragem de poeiras em ambientes industriais.<\/p>\n\n<div class=\"wp-block-columns is-layout-flex wp-container-core-columns-is-layout-28f84493 wp-block-columns-is-layout-flex\">\n<div class=\"wp-block-column is-vertically-aligned-center is-layout-flow wp-block-column-is-layout-flow\">\n<div class=\"wp-block-buttons is-content-justification-center is-layout-flex wp-container-core-buttons-is-layout-a89b3969 wp-block-buttons-is-layout-flex\">\n<div class=\"wp-block-button\"><a class=\"wp-block-button__link wp-element-button\" href=\"https:\/\/obera.fr\/produits\/depoussiereurs-industriels\/mobiles\/\">V\u00ea os nossos colectores de p\u00f3 m\u00f3veis<\/a><\/div>\n<\/div>\n<\/div>\n\n\n\n<div class=\"wp-block-column is-vertically-aligned-center is-layout-flow wp-block-column-is-layout-flow\">\n<div class=\"wp-block-buttons is-horizontal is-content-justification-center is-layout-flex wp-container-core-buttons-is-layout-03627597 wp-block-buttons-is-layout-flex\">\n<div class=\"wp-block-button has-custom-width wp-block-button__width-100\"><a class=\"wp-block-button__link wp-element-button\" href=\"https:\/\/obera.fr\/pt-pt\/contacta-nos\/\">Saber mais<\/a><\/div>\n<\/div>\n<\/div>\n<\/div>\n","protected":false},"excerpt":{"rendered":"<p>O tratamento do ar industrial \u00e9 uma quest\u00e3o importante para a sa\u00fade e seguran\u00e7a dos trabalhadores e do ambiente. Isto pode ser conseguido atrav\u00e9s da instala\u00e7\u00e3o de um coletor de poeiras fixo ou m\u00f3vel. Neste artigo, vamos concentrar-nos nas vantagens de um sistema de tratamento de ar industrial m\u00f3vel.  <\/p>\n","protected":false},"author":4,"featured_media":85206,"comment_status":"open","ping_status":"closed","sticky":false,"template":"","format":"standard","meta":{"_acf_changed":false,"_seopress_robots_primary_cat":"none","_seopress_titles_title":"As vantagens de um coletor de p\u00f3 m\u00f3vel em rela\u00e7\u00e3o a um coletor de p\u00f3 tradicional","_seopress_titles_desc":"O tratamento do ar industrial \u00e9 uma quest\u00e3o importante para a sa\u00fade e seguran\u00e7a dos trabalhadores e do ambiente. Descobre as vantagens de um coletor de p\u00f3 m\u00f3vel. ","_seopress_robots_index":"","footnotes":""},"categories":[55],"tags":[147],"class_list":["post-42180","post","type-post","status-publish","format-standard","has-post-thumbnail","hentry","category-nosso-conselho","tag-pequena-entrada","generate-columns","tablet-grid-50","mobile-grid-100","grid-parent","grid-50","no-featured-image-padding","resize-featured-image"],"acf":[],"_links":{"self":[{"href":"https:\/\/obera.fr\/pt-pt\/wp-json\/wp\/v2\/posts\/42180","targetHints":{"allow":["GET"]}}],"collection":[{"href":"https:\/\/obera.fr\/pt-pt\/wp-json\/wp\/v2\/posts"}],"about":[{"href":"https:\/\/obera.fr\/pt-pt\/wp-json\/wp\/v2\/types\/post"}],"author":[{"embeddable":true,"href":"https:\/\/obera.fr\/pt-pt\/wp-json\/wp\/v2\/users\/4"}],"replies":[{"embeddable":true,"href":"https:\/\/obera.fr\/pt-pt\/wp-json\/wp\/v2\/comments?post=42180"}],"version-history":[{"count":3,"href":"https:\/\/obera.fr\/pt-pt\/wp-json\/wp\/v2\/posts\/42180\/revisions"}],"predecessor-version":[{"id":85365,"href":"https:\/\/obera.fr\/pt-pt\/wp-json\/wp\/v2\/posts\/42180\/revisions\/85365"}],"wp:featuredmedia":[{"embeddable":true,"href":"https:\/\/obera.fr\/pt-pt\/wp-json\/wp\/v2\/media\/85206"}],"wp:attachment":[{"href":"https:\/\/obera.fr\/pt-pt\/wp-json\/wp\/v2\/media?parent=42180"}],"wp:term":[{"taxonomy":"category","embeddable":true,"href":"https:\/\/obera.fr\/pt-pt\/wp-json\/wp\/v2\/categories?post=42180"},{"taxonomy":"post_tag","embeddable":true,"href":"https:\/\/obera.fr\/pt-pt\/wp-json\/wp\/v2\/tags?post=42180"}],"curies":[{"name":"wp","href":"https:\/\/api.w.org\/{rel}","templated":true}]}}