{"id":42422,"date":"2023-04-26T15:38:09","date_gmt":"2023-04-26T13:38:09","guid":{"rendered":"https:\/\/obera.fr\/sem-categoria\/reducao-dos-vlt-de-poeiras-a-partir-de-1-de-julho-de-2023\/"},"modified":"2024-11-13T15:57:21","modified_gmt":"2024-11-13T13:57:21","slug":"reducao-dos-vlt-de-poeiras-a-partir-de-1-de-julho-de-2023-2","status":"publish","type":"post","link":"https:\/\/obera.fr\/pt-pt\/nas-nasvet\/reducao-dos-vlt-de-poeiras-a-partir-de-1-de-julho-de-2023-2\/","title":{"rendered":"Redu\u00e7\u00e3o dos VLT de poeiras a partir de 1 de julho de 2023"},"content":{"rendered":"\n<p>Entro il 1\u00b0 gennaio 2022, i <strong>TLV <\/strong>per le <strong>polveri considerate prive di effetti specifici<\/strong> sono gi\u00e0 stati modificati. Tuttavia, ora saranno nuovamente abbassati per proteggere meglio la salute dei lavoratori esposti a queste sostanze. Dal<strong> 1\u00b0 luglio 2023<\/strong>, i <strong>valori limite di esposizione professionale<\/strong> (OELV) per le polveri considerate prive di effetti specifici saranno <strong>abbassati <\/strong>in Francia.    <\/p>\n\n<p>Le polveri considerate prive di effetti specifici sono polveri non classificate come cancerogene, mutagene o <a href=\"https:\/\/obera.fr\/en\/advice\/what-are-cmrs-and-which-products-are-carcinogenic-mutagenic-and-reprotoxic\/\">tossiche per la riproduzione (<strong>CMR<\/strong>)<\/a>. Tuttavia, <strong>questo non significa che siano innocue<\/strong> per la <strong>salute<\/strong> dei lavoratori. Infatti, le polveri considerate prive di effetti specifici possono causare <strong>irritazione respiratoria<\/strong> e<strong> problemi di salute<\/strong> come le <strong>malattie polmonari<\/strong>.    <\/p>\n\n<div class=\"wp-block-buttons is-horizontal is-content-justification-center is-layout-flex wp-container-core-buttons-is-layout-03627597 wp-block-buttons-is-layout-flex\">\n<div class=\"wp-block-button has-custom-width wp-block-button__width-100\"><a class=\"wp-block-button__link wp-element-button\" href=\"https:\/\/obera.fr\/pt-pt\/contacta-nos\/\">Saber mais<\/a><\/div>\n<\/div>\n\n<figure class=\"wp-block-image alignright size-full is-resized\"><img decoding=\"async\" width=\"500\" height=\"500\" src=\"https:\/\/obera.fr\/wp-content\/uploads\/2024\/09\/vlep.png\" alt=\"un semicerchio con diversi colori, dal verde scuro al rosso, e un ago che punta su un colore diverso.\" class=\"wp-image-33979\" style=\"width:301px;height:auto\" srcset=\"https:\/\/obera.fr\/wp-content\/uploads\/2024\/09\/vlep.png 500w, https:\/\/obera.fr\/wp-content\/uploads\/2024\/09\/vlep-300x300.png 300w, https:\/\/obera.fr\/wp-content\/uploads\/2024\/09\/vlep-150x150.png 150w, https:\/\/obera.fr\/wp-content\/uploads\/2024\/09\/vlep-24x24.png 24w, https:\/\/obera.fr\/wp-content\/uploads\/2024\/09\/vlep-48x48.png 48w, https:\/\/obera.fr\/wp-content\/uploads\/2024\/09\/vlep-96x96.png 96w\" sizes=\"(max-width: 500px) 100vw, 500px\" \/><\/figure>\n\n<h2 class=\"wp-block-heading\">Che cos&#8217;\u00e8 un VLEP?<\/h2>\n\n<p>Un OELV \u00e8 un valore <a href=\"https:\/\/obera.fr\/en\/advice\/what-is-an-occupational-exposure-limit-or-oel\/\">limite di esposizione professionale<\/a> che definisce la concentrazione massima consentita di una sostanza nell&#8217;aria respirata da un lavoratore in un determinato periodo. I PELV sono utilizzati per proteggere la <strong>salute dei lavoratori<\/strong> dagli effetti nocivi di alcune sostanze.   <\/p>\n\n<p>Esistono due tipi di valori limite di esposizione professionale (OELV):  <\/p>\n\n<h3 class=\"wp-block-heading\">VLEP a breve termine<\/h3>\n\n<p>Il VLEP a breve termine \u00e8 un valore limite che determina la <strong>quantit\u00e0 massima di una sostanza<\/strong> a cui un lavoratore pu\u00f2 essere esposto in un breve periodo, solitamente 15 minuti. Questo valore limite viene utilizzato per proteggere il lavoratore dagli effetti immediati dell&#8217;esposizione a una sostanza, come <strong>irritazioni o reazioni allergiche<\/strong>.   <\/p>\n\n<h3 class=\"wp-block-heading\">VLEP a lungo termine<\/h3>\n\n<p>Il <strong>VLEP<\/strong> a lungo termine, invece, \u00e8 un valore limite che determina la <strong>quantit\u00e0 massima di una sostanza<\/strong> a cui un lavoratore pu\u00f2 essere esposto per un periodo pi\u00f9 lungo, generalmente 8 ore al giorno e 40 ore alla settimana. Questo valore limite viene utilizzato per <strong>proteggere i lavoratori dagli effetti a lungo termine <\/strong>dell&#8217;esposizione a una sostanza, come malattie respiratorie o cancro.   <\/p>\n\n<p>I VLEP sono stabiliti dalle autorit\u00e0 sanitarie pubbliche per proteggere la salute dei lavoratori dagli<strong> effetti nocivi di alcune sostanze<\/strong>. \u00c8 importante che i datori di lavoro siano a conoscenza dei <a href=\"https:\/\/obera.fr\/en\/advice\/what-are-the-risks-of-not-complying-with-vlep\/\">TLV applicabili alle loro attivit\u00e0<\/a> e che mettano in atto le misure preventive necessarie per garantire la <strong>salute e la sicurezza dei loro lavoratori<\/strong>.   <\/p>\n\n<h2 class=\"wp-block-heading\">Cosa significa?<\/h2>\n\n<p><strong>Entro il 1\u00b0 luglio 2023<\/strong>, le aziende interessate dovranno adottare le misure necessarie per garantire che i loro lavoratori siano protetti dagli effetti nocivi di queste polveri. Ci\u00f2 pu\u00f2 includere misure preventive come la ventilazione<strong>, l&#8217;aspirazione alla fonte<\/strong> o nell&#8217;ambiente, la fornitura di<strong>dispositivi di protezione<\/strong> individuale o la limitazione dell&#8217;esposizione alle polveri.   <\/p>\n\n<figure class=\"wp-block-image aligncenter size-large is-resized\"><img decoding=\"async\" width=\"1024\" height=\"293\" src=\"https:\/\/obera.fr\/wp-content\/uploads\/2023\/04\/vlep-en-mgm3-1-1024x293.png\" alt=\"Modifiche al VLEP luglio 2023\" class=\"wp-image-22450\" style=\"width:768px;height:220px\" srcset=\"https:\/\/obera.fr\/wp-content\/uploads\/2023\/04\/vlep-en-mgm3-1-1024x293.png 1024w, https:\/\/obera.fr\/wp-content\/uploads\/2023\/04\/vlep-en-mgm3-1-300x86.png 300w, https:\/\/obera.fr\/wp-content\/uploads\/2023\/04\/vlep-en-mgm3-1-768x219.png 768w, https:\/\/obera.fr\/wp-content\/uploads\/2023\/04\/vlep-en-mgm3-1.png 1400w\" sizes=\"(max-width: 1024px) 100vw, 1024px\" \/><\/figure>\n\n<div class=\"wp-block-buttons is-horizontal is-content-justification-center is-layout-flex wp-container-core-buttons-is-layout-03627597 wp-block-buttons-is-layout-flex\">\n<div class=\"wp-block-button has-custom-width wp-block-button__width-100\"><a class=\"wp-block-button__link wp-element-button\" href=\"https:\/\/obera.fr\/pt-pt\/contacta-nos\/\">Saber mais<\/a><\/div>\n<\/div>\n\n<h2 class=\"wp-block-heading\">Come rispettare la VLEP?<\/h2>\n\n<p>I dispositivi OberA sono progettati per <strong>trattare l&#8217;aria ambiente<\/strong> o l&#8217;aria direttamente alla fonte ed eliminare le sostanze nocive, al fine di rispettare le soglie VLEP e proteggere la salute dei dipendenti. Questi dispositivi possono essere utilizzati in <strong>un&#8217;ampia gamma di ambienti di lavoro<\/strong>, come officine, fabbriche, laboratori, ecc.   <\/p>\n\n<p>Rispettando i limiti VLEP, i dispositivi OberA aiutano a migliorare la<strong>produttivit\u00e0 dei dipendenti<\/strong>. L&#8217;esposizione prolungata a sostanze nocive pu\u00f2 causare affaticamento, mal di testa, irritazione o difficolt\u00e0 respiratorie, tutti fattori che possono avere un impatto negativo sulle prestazioni dei lavoratori. Proteggendo la salute dei dipendenti, i dispositivi OberA contribuiscono a <strong>migliorare il loro benessere e la loro efficienza sul lavoro<\/strong>.    <\/p>\n\n<p>Infine, ma non meno importante, grazie al rispetto dei limiti VLEP, i dispositivi OberA prevengono le<strong>interruzioni del lavoro dovute a problemi di salute<\/strong> causati dall&#8217;esposizione a sostanze nocive. Questo riduce i costi per le aziende e garantisce la continuit\u00e0 del business.   <\/p>\n\n<div class=\"wp-block-buttons is-content-justification-center is-layout-flex wp-container-core-buttons-is-layout-a89b3969 wp-block-buttons-is-layout-flex\">\n<div class=\"wp-block-button\"><a class=\"wp-block-button__link wp-element-button\" href=\"https:\/\/obera.fr\/it\/i-nostri-prodotti\/\">Guarda i nostri prodotti<\/a><\/div>\n<\/div>\n","protected":false},"excerpt":{"rendered":"<p>A partir de 1 de janeiro de 2022, os VLT para as poeiras consideradas sem efeitos espec\u00edficos j\u00e1 foram alterados. No entanto, a partir de 1 de julho de 2023, os VLT para as poeiras consideradas sem efeitos espec\u00edficos ser\u00e3o novamente reduzidos em Fran\u00e7a.   <\/p>\n","protected":false},"author":4,"featured_media":40485,"comment_status":"closed","ping_status":"closed","sticky":false,"template":"","format":"standard","meta":{"_acf_changed":false,"_seopress_robots_primary_cat":"none","_seopress_titles_title":"Redu\u00e7\u00e3o dos VLT de poeiras a partir de 1 de julho de 2023","_seopress_titles_desc":"A partir de 1 de julho de 2023, os VLT para as poeiras consideradas como n\u00e3o tendo efeitos espec\u00edficos ser\u00e3o reduzidos para proporcionar uma maior prote\u00e7\u00e3o aos operadores.","_seopress_robots_index":"","footnotes":""},"categories":[138],"tags":[139],"class_list":["post-42422","post","type-post","status-publish","format-standard","has-post-thumbnail","hentry","category-nas-nasvet","tag-entete-small-sl","generate-columns","tablet-grid-50","mobile-grid-100","grid-parent","grid-50","no-featured-image-padding","resize-featured-image"],"acf":[],"_links":{"self":[{"href":"https:\/\/obera.fr\/pt-pt\/wp-json\/wp\/v2\/posts\/42422","targetHints":{"allow":["GET"]}}],"collection":[{"href":"https:\/\/obera.fr\/pt-pt\/wp-json\/wp\/v2\/posts"}],"about":[{"href":"https:\/\/obera.fr\/pt-pt\/wp-json\/wp\/v2\/types\/post"}],"author":[{"embeddable":true,"href":"https:\/\/obera.fr\/pt-pt\/wp-json\/wp\/v2\/users\/4"}],"replies":[{"embeddable":true,"href":"https:\/\/obera.fr\/pt-pt\/wp-json\/wp\/v2\/comments?post=42422"}],"version-history":[{"count":1,"href":"https:\/\/obera.fr\/pt-pt\/wp-json\/wp\/v2\/posts\/42422\/revisions"}],"predecessor-version":[{"id":42435,"href":"https:\/\/obera.fr\/pt-pt\/wp-json\/wp\/v2\/posts\/42422\/revisions\/42435"}],"wp:featuredmedia":[{"embeddable":true,"href":"https:\/\/obera.fr\/pt-pt\/wp-json\/wp\/v2\/media\/40485"}],"wp:attachment":[{"href":"https:\/\/obera.fr\/pt-pt\/wp-json\/wp\/v2\/media?parent=42422"}],"wp:term":[{"taxonomy":"category","embeddable":true,"href":"https:\/\/obera.fr\/pt-pt\/wp-json\/wp\/v2\/categories?post=42422"},{"taxonomy":"post_tag","embeddable":true,"href":"https:\/\/obera.fr\/pt-pt\/wp-json\/wp\/v2\/tags?post=42422"}],"curies":[{"name":"wp","href":"https:\/\/api.w.org\/{rel}","templated":true}]}}