{"id":42424,"date":"2023-04-26T15:38:09","date_gmt":"2023-04-26T13:38:09","guid":{"rendered":"https:\/\/obera.fr\/sem-categoria\/reducao-dos-vlt-de-poeiras-a-partir-de-1-de-julho-de-2023\/"},"modified":"2025-04-25T09:48:44","modified_gmt":"2025-04-25T07:48:44","slug":"evolution-des-valeurs-limites-dexposition-des-poussieres","status":"publish","type":"post","link":"https:\/\/obera.fr\/pt-pt\/conseils\/evolution-des-valeurs-limites-dexposition-des-poussieres\/","title":{"rendered":"Redu\u00e7\u00e3o dos VLT de poeiras a partir de 1 de julho de 2023"},"content":{"rendered":"\n<p>Em 1 de janeiro de 2022, os <strong>VLE <\/strong>para as <strong>poeiras consideradas como n\u00e3o tendo efeitos espec\u00edficos<\/strong> j\u00e1 foram alterados. No entanto, estes ser\u00e3o agora novamente reduzidos, a fim de proteger melhor a sa\u00fade dos trabalhadores expostos a estas subst\u00e2ncias. Assim, a partir de<strong> 1 de julho de 2023<\/strong>, os <strong>valores-limite de exposi\u00e7\u00e3o profissional<\/strong> (VLEO) para as poeiras consideradas sem efeitos espec\u00edficos ser\u00e3o <strong>reduzidos <\/strong>em Fran\u00e7a.  <\/p>\n\n<p>As poeiras consideradas sem efeitos espec\u00edficos s\u00e3o poeiras que n\u00e3o est\u00e3o classificadas como cancer\u00edgenas, mutag\u00e9nicas ou <a href=\"https:\/\/obera.fr\/pt-pt\/nosso-conselho\/o-que-sao-cmrs-e-que-produtos-sao-cancerigenos-mutagenicos-e-toxicos-para-a-reproducao\/\">t\u00f3xicas para a reprodu\u00e7\u00e3o (<strong>CMR<\/strong>)<\/a>. No entanto, <strong>tal n\u00e3o significa que sejam inofensivas<\/strong> para a <strong>sa\u00fade<\/strong> dos trabalhadores. De facto, as poeiras consideradas sem efeitos espec\u00edficos podem provocar <strong>irrita\u00e7\u00f5es respirat\u00f3rias<\/strong> e<strong> problemas de sa\u00fade<\/strong>, como <strong>doen\u00e7as pulmonares<\/strong>.  <\/p>\n\n<div class=\"wp-block-buttons is-horizontal is-content-justification-center is-layout-flex wp-container-core-buttons-is-layout-03627597 wp-block-buttons-is-layout-flex\">\n<div class=\"wp-block-button has-custom-width wp-block-button__width-100\"><a class=\"wp-block-button__link wp-element-button\" href=\"https:\/\/obera.fr\/pt-pt\/contacta-nos\/\">Saber mais<\/a><\/div>\n<\/div>\n\n<figure class=\"wp-block-image alignright size-full is-resized\"><img decoding=\"async\" width=\"500\" height=\"500\" src=\"https:\/\/obera.fr\/wp-content\/uploads\/2024\/09\/vlep.png\" alt=\"meio-c&#xED;rculo com cores diferentes, do verde escuro ao vermelho, e uma agulha a apontar para uma cor\" class=\"wp-image-33979\" style=\"width:301px;height:auto\" srcset=\"https:\/\/obera.fr\/wp-content\/uploads\/2024\/09\/vlep.png 500w, https:\/\/obera.fr\/wp-content\/uploads\/2024\/09\/vlep-300x300.png 300w, https:\/\/obera.fr\/wp-content\/uploads\/2024\/09\/vlep-150x150.png 150w, https:\/\/obera.fr\/wp-content\/uploads\/2024\/09\/vlep-24x24.png 24w, https:\/\/obera.fr\/wp-content\/uploads\/2024\/09\/vlep-48x48.png 48w, https:\/\/obera.fr\/wp-content\/uploads\/2024\/09\/vlep-96x96.png 96w\" sizes=\"(max-width: 500px) 100vw, 500px\" \/><\/figure>\n\n<h2 class=\"wp-block-heading\">O que \u00e9 um VLEP?<\/h2>\n\n<p>Um VLEO \u00e9 um <a href=\"https:\/\/obera.fr\/pt-pt\/nosso-conselho\/o-que-e-um-limite-de-exposicao-profissional-ou-oel\/\">valor-limite de exposi\u00e7\u00e3o profissional<\/a> que define a concentra\u00e7\u00e3o m\u00e1xima permitida de uma subst\u00e2ncia no ar respirado por um trabalhador durante um determinado per\u00edodo. Os VLEO s\u00e3o utilizados para proteger <strong>a sa\u00fade dos trabalhadores<\/strong> contra os efeitos nocivos de determinadas subst\u00e2ncias. <\/p>\n\n<p>Existem dois tipos de valores-limite de exposi\u00e7\u00e3o profissional (VLEO):  <\/p>\n\n<h3 class=\"wp-block-heading\">VLEP a curto prazo<\/h3>\n\n<p>O OELV a curto prazo \u00e9 um valor-limite que determina a <strong>quantidade m\u00e1xima de uma subst\u00e2ncia<\/strong> a que um trabalhador pode ser exposto durante um curto per\u00edodo de tempo, geralmente 15 minutos. Este valor-limite \u00e9 utilizado para proteger os trabalhadores contra os efeitos imediatos da exposi\u00e7\u00e3o a uma subst\u00e2ncia, tais como <strong>irrita\u00e7\u00e3o ou reac\u00e7\u00f5es al\u00e9rgicas<\/strong>. <\/p>\n\n<h3 class=\"wp-block-heading\">VLEP a longo prazo<\/h3>\n\n<p>O <strong>VLEO<\/strong> a longo prazo, por outro lado, \u00e9 um valor-limite que determina a <strong>quantidade m\u00e1xima de uma subst\u00e2ncia<\/strong> a que um trabalhador pode ser exposto durante um per\u00edodo mais longo, geralmente 8 horas por dia e 40 horas por semana. Este valor-limite \u00e9 utilizado para <strong>proteger os trabalhadores contra os efeitos a longo prazo <\/strong>da exposi\u00e7\u00e3o a uma subst\u00e2ncia, tais como doen\u00e7as respirat\u00f3rias ou cancro. <\/p>\n\n<p>Os VLEP s\u00e3o estabelecidos pelas autoridades de sa\u00fade p\u00fablica para proteger a sa\u00fade dos trabalhadores contra os<strong> efeitos nocivos de determinadas subst\u00e2ncias<\/strong>. \u00c9 importante que os empregadores conhe\u00e7am os <a href=\"https:\/\/obera.fr\/pt-pt\/nosso-conselho\/quais-sao-os-riscos-de-incumprimento-da-vlep\/\">VLEP aplic\u00e1veis \u00e0s suas actividades<\/a> e tomem as medidas preventivas necess\u00e1rias para garantir a <strong>sa\u00fade e a seguran\u00e7a dos seus trabalhadores<\/strong>. <\/p>\n\n<h2 class=\"wp-block-heading\">O que queres dizer com isso?<\/h2>\n\n<p>As empresas em causa ter\u00e3o de tomar as medidas necess\u00e1rias <strong>antes de 1 de julho de 2023<\/strong> para garantir que os seus trabalhadores est\u00e3o protegidos contra os efeitos nocivos destas poeiras. Estas medidas podem incluir a aplica\u00e7\u00e3o de medidas preventivas, como a ventila\u00e7\u00e3o,<strong>a extra\u00e7\u00e3o na fonte<\/strong> ou no ambiente, o fornecimento de<strong>equipamento de prote\u00e7\u00e3o individual<\/strong>ou a limita\u00e7\u00e3o da exposi\u00e7\u00e3o \u00e0s poeiras. <\/p>\n\n<figure class=\"wp-block-image aligncenter size-large is-resized\"><img decoding=\"async\" width=\"1024\" height=\"293\" src=\"https:\/\/obera.fr\/wp-content\/uploads\/2023\/04\/vlep-en-mgm3-1-1024x293.png\" alt=\"Altera&#xE7;&#xF5;es no VLEP julho de 2023\" class=\"wp-image-22450\" style=\"width:768px;height:220px\" srcset=\"https:\/\/obera.fr\/wp-content\/uploads\/2023\/04\/vlep-en-mgm3-1-1024x293.png 1024w, https:\/\/obera.fr\/wp-content\/uploads\/2023\/04\/vlep-en-mgm3-1-300x86.png 300w, https:\/\/obera.fr\/wp-content\/uploads\/2023\/04\/vlep-en-mgm3-1-768x219.png 768w, https:\/\/obera.fr\/wp-content\/uploads\/2023\/04\/vlep-en-mgm3-1.png 1400w\" sizes=\"(max-width: 1024px) 100vw, 1024px\" \/><\/figure>\n\n<div class=\"wp-block-buttons is-horizontal is-content-justification-center is-layout-flex wp-container-core-buttons-is-layout-03627597 wp-block-buttons-is-layout-flex\">\n<div class=\"wp-block-button has-custom-width wp-block-button__width-100\"><a class=\"wp-block-button__link wp-element-button\" href=\"https:\/\/obera.fr\/pt-pt\/contacta-nos\/\">Saber mais<\/a><\/div>\n<\/div>\n\n<h2 class=\"wp-block-heading\">Como \u00e9 que cumpres a VLEP?<\/h2>\n\n<p>Os equipamentos da OberA s\u00e3o concebidos para <strong>tratar o ar no ambiente<\/strong> ou diretamente na fonte e eliminar as subst\u00e2ncias nocivas, a fim de respeitar os limiares VLEP e proteger a sa\u00fade dos trabalhadores. Estes aparelhos podem ser utilizados em <strong>diferentes tipos de ambientes de trabalho<\/strong>, tais como oficinas, f\u00e1bricas, laborat\u00f3rios, etc. <\/p>\n\n<p>Ao cumprir os limites VLEP, o equipamento da OberA ajuda a<strong>melhorar a produtividade dos trabalhadores<\/strong>. A exposi\u00e7\u00e3o prolongada a subst\u00e2ncias nocivas pode causar fadiga, dores de cabe\u00e7a, irrita\u00e7\u00e3o ou dificuldades respirat\u00f3rias, o que pode ter um impacto negativo no desempenho dos trabalhadores. Ao proteger a sa\u00fade dos trabalhadores, os dispositivos da OberA ajudam a <strong>melhorar o seu bem-estar e a sua efici\u00eancia no trabalho<\/strong>.  <\/p>\n\n<p>Por \u00faltimo, ao respeitar os limites da VLEP, os equipamentos da OberA<strong>evitam paragens de trabalho devido a problemas de sa\u00fade<\/strong> causados pela exposi\u00e7\u00e3o a subst\u00e2ncias nocivas. Isto contribui para reduzir os custos das empresas e assegurar a continuidade da atividade. <\/p>\n\n<div class=\"wp-block-buttons is-content-justification-center is-layout-flex wp-container-core-buttons-is-layout-a89b3969 wp-block-buttons-is-layout-flex\">\n<div class=\"wp-block-button\"><a class=\"wp-block-button__link wp-element-button\" href=\"https:\/\/obera.fr\/pt-pt\/produits\/\">V\u00ea os nossos produtos<\/a><\/div>\n<\/div>\n","protected":false},"excerpt":{"rendered":"<p>A partir de 1 de janeiro de 2022, os VLT para as poeiras consideradas sem efeitos espec\u00edficos j\u00e1 foram alterados. No entanto, estes ser\u00e3o novamente revistos em baixa a partir de 1 de julho de 2023, altura em que os VLT para as poeiras consideradas sem efeitos espec\u00edficos ser\u00e3o reduzidos em Fran\u00e7a. <\/p>\n","protected":false},"author":4,"featured_media":89592,"comment_status":"closed","ping_status":"closed","sticky":false,"template":"","format":"standard","meta":{"_acf_changed":false,"_seopress_robots_primary_cat":"1","_seopress_titles_title":"Redu\u00e7\u00e3o dos VLT de poeiras a partir de 1 de julho de 2023","_seopress_titles_desc":"A partir de 1 de julho de 2023, os VLT para as poeiras consideradas como n\u00e3o tendo efeitos espec\u00edficos ser\u00e3o reduzidos, a fim de proporcionar uma maior prote\u00e7\u00e3o aos operadores.","_seopress_robots_index":"","footnotes":""},"categories":[55],"tags":[147],"class_list":["post-42424","post","type-post","status-publish","format-standard","has-post-thumbnail","hentry","category-nosso-conselho","tag-pequena-entrada","generate-columns","tablet-grid-50","mobile-grid-100","grid-parent","grid-50","no-featured-image-padding","resize-featured-image"],"acf":[],"_links":{"self":[{"href":"https:\/\/obera.fr\/pt-pt\/wp-json\/wp\/v2\/posts\/42424","targetHints":{"allow":["GET"]}}],"collection":[{"href":"https:\/\/obera.fr\/pt-pt\/wp-json\/wp\/v2\/posts"}],"about":[{"href":"https:\/\/obera.fr\/pt-pt\/wp-json\/wp\/v2\/types\/post"}],"author":[{"embeddable":true,"href":"https:\/\/obera.fr\/pt-pt\/wp-json\/wp\/v2\/users\/4"}],"replies":[{"embeddable":true,"href":"https:\/\/obera.fr\/pt-pt\/wp-json\/wp\/v2\/comments?post=42424"}],"version-history":[{"count":4,"href":"https:\/\/obera.fr\/pt-pt\/wp-json\/wp\/v2\/posts\/42424\/revisions"}],"predecessor-version":[{"id":89634,"href":"https:\/\/obera.fr\/pt-pt\/wp-json\/wp\/v2\/posts\/42424\/revisions\/89634"}],"wp:featuredmedia":[{"embeddable":true,"href":"https:\/\/obera.fr\/pt-pt\/wp-json\/wp\/v2\/media\/89592"}],"wp:attachment":[{"href":"https:\/\/obera.fr\/pt-pt\/wp-json\/wp\/v2\/media?parent=42424"}],"wp:term":[{"taxonomy":"category","embeddable":true,"href":"https:\/\/obera.fr\/pt-pt\/wp-json\/wp\/v2\/categories?post=42424"},{"taxonomy":"post_tag","embeddable":true,"href":"https:\/\/obera.fr\/pt-pt\/wp-json\/wp\/v2\/tags?post=42424"}],"curies":[{"name":"wp","href":"https:\/\/api.w.org\/{rel}","templated":true}]}}