{"id":42572,"date":"2023-04-25T16:45:46","date_gmt":"2023-04-25T14:45:46","guid":{"rendered":"https:\/\/obera.fr\/sem-categoria\/quais-sao-os-beneficios-de-um-purificador-de-ar-na-fatura-energetica\/"},"modified":"2025-04-23T09:02:02","modified_gmt":"2025-04-23T07:02:02","slug":"les-avantages-de-la-purification-dair-sur-vos-factures-energetiques","status":"publish","type":"post","link":"https:\/\/obera.fr\/pt-pt\/nosso-conselho\/les-avantages-de-la-purification-dair-sur-vos-factures-energetiques\/","title":{"rendered":"Quais s\u00e3o os benef\u00edcios de um purificador de ar nas tuas contas de energia?"},"content":{"rendered":"\n<p><strong>A estratifica\u00e7\u00e3o <\/strong>do ar em espa\u00e7os industriais pode levar a perdas significativas de calor, m\u00e1 qualidade do ar e falta de conforto para os trabalhadores. <strong>A desestratifica\u00e7\u00e3o <\/strong>do ar consiste em misturar o ar quente e o ar frio para uniformizar a temperatura do local, reduzindo assim as perdas de calor e limitando o consumo de aquecimento e de ar condicionado. Na OberA, <strong>os purificadores de ar industriais<\/strong> permitem realizar esta desestratifica\u00e7\u00e3o de forma econ\u00f3mica e eficaz, eliminando as part\u00edculas de p\u00f3, os gases e os odores, criando um ambiente de trabalho mais saud\u00e1vel e seguro para os trabalhadores. Explica-nos isto mais detalhadamente no artigo que se segue.   <\/p>\n\n<div class=\"wp-block-buttons is-horizontal is-content-justification-center is-layout-flex wp-container-core-buttons-is-layout-03627597 wp-block-buttons-is-layout-flex\">\n<div class=\"wp-block-button has-custom-width wp-block-button__width-100\"><a class=\"wp-block-button__link wp-element-button\" href=\"https:\/\/obera.fr\/pt-pt\/contacta-nos\/\">Saber mais<\/a><\/div>\n<\/div>\n\n<h2 class=\"wp-block-heading\">O que \u00e9 a estratifica\u00e7\u00e3o do ar?<\/h2>\n\n<p><strong>A estratifica\u00e7\u00e3o <\/strong>do ar \u00e9 um fen\u00f3meno comum em espa\u00e7os industriais onde o ar \u00e9 aquecido. Manifesta-se pela forma\u00e7\u00e3o de camadas de ar quente na parte superior da sala e de ar frio na parte inferior, criando<strong> diferen\u00e7as de temperatura significativas<\/strong>. Esta estratifica\u00e7\u00e3o pode provocar perdas de calor significativas, falta de conforto para os trabalhadores e <a href=\"https:\/\/obera.fr\/conseils\/qualite-l-air-interieur-critere-essentiel-industrie\/\">m\u00e1 qualidade do ar<\/a>.  <\/p>\n\n<figure class=\"wp-block-image aligncenter size-medium is-resized\"><img decoding=\"async\" width=\"300\" height=\"300\" src=\"https:\/\/obera.fr\/wp-content\/uploads\/2023\/04\/sans-titre-2023-04-25t154307.808-300x300.png\" alt=\"Estratifica&#xE7;&#xE3;o do ar\" class=\"wp-image-21980\" style=\"width:225px;height:225px\" srcset=\"https:\/\/obera.fr\/wp-content\/uploads\/2023\/04\/sans-titre-2023-04-25t154307.808-300x300.png 300w, https:\/\/obera.fr\/wp-content\/uploads\/2023\/04\/sans-titre-2023-04-25t154307.808-150x150.png 150w, https:\/\/obera.fr\/wp-content\/uploads\/2023\/04\/sans-titre-2023-04-25t154307.808.png 700w\" sizes=\"(max-width: 300px) 100vw, 300px\" \/><\/figure>\n\n<h2 class=\"wp-block-heading\">O que \u00e9 a desestratifica\u00e7\u00e3o do ar?<\/h2>\n\n<p><strong>A desestratifica\u00e7\u00e3o <\/strong>do ar envolve a mistura de ar quente e frio para uniformizar<strong> a temperatura na divis\u00e3o<\/strong>. Esta t\u00e9cnica reduz a perda de calor, promove a circula\u00e7\u00e3o do ar e cria um ambiente de trabalho mais confort\u00e1vel para os funcion\u00e1rios. Al\u00e9m disso, a desestratifica\u00e7\u00e3o do ar <a href=\"https:\/\/obera.fr\/conseils\/industriels-des-solutions-pour-faire-des-economies-denergie\/\">reduz os custos de energia<\/a> ao limitar as necessidades de aquecimento.  <\/p>\n\n<figure class=\"wp-block-image aligncenter size-medium is-resized\"><img decoding=\"async\" width=\"300\" height=\"300\" src=\"https:\/\/obera.fr\/wp-content\/uploads\/2023\/04\/sans-titre-76-300x300.jpg\" alt=\"desestratifica&#xE7;&#xE3;o do ar\" class=\"wp-image-21984\" style=\"width:225px;height:225px\" srcset=\"https:\/\/obera.fr\/wp-content\/uploads\/2023\/04\/sans-titre-76-300x300.jpg 300w, https:\/\/obera.fr\/wp-content\/uploads\/2023\/04\/sans-titre-76-150x150.jpg 150w, https:\/\/obera.fr\/wp-content\/uploads\/2023\/04\/sans-titre-76.jpg 700w\" sizes=\"(max-width: 300px) 100vw, 300px\" \/><\/figure>\n\n<h2 class=\"wp-block-heading\">Quais s\u00e3o as vantagens da desestratifica\u00e7\u00e3o do ar em ambientes industriais?<\/h2>\n\n<p>Num ambiente industrial, as vantagens da desestratifica\u00e7\u00e3o s\u00e3o numerosas. Em primeiro lugar, ajuda a <strong>manter uma temperatura constante<\/strong> nos espa\u00e7os de trabalho, o que <strong>melhora o conforto e a produtividade dos trabalhadores<\/strong>. A desestratifica\u00e7\u00e3o do ar tamb\u00e9m ajuda a <strong>reduzir os custos de energia <\/strong>, limitando o consumo de aquecimento e de ar condicionado.  <\/p>\n\n<p>Relembra que a ADEME recomenda que se reduza a temperatura de aquecimento em 1\u00b0C para <strong>obter poupan\u00e7as de energia significativas<\/strong>. De facto, cada grau a menos reduz o consumo de aquecimento em 7%. Esta medida simples e eficaz pode, portanto, levar a uma poupan\u00e7a de energia significativa e ajudar a combater as altera\u00e7\u00f5es clim\u00e1ticas.  <\/p>\n\n<h2 class=\"wp-block-heading\">O que posso fazer pelo meu espa\u00e7o de trabalho ou pela minha sala de log\u00edstica?  <\/h2>\n\n<div class=\"wp-block-columns is-layout-flex wp-container-core-columns-is-layout-28f84493 wp-block-columns-is-layout-flex\">\n<div class=\"wp-block-column is-vertically-aligned-center is-layout-flow wp-block-column-is-layout-flow\" style=\"flex-basis:66.66%\">\n<p>Na OberA, oferecemos os nossos <a href=\"https:\/\/obera.fr\/pt-pt\/produits\/purificateurs-air\/\" data-type=\"page\" data-id=\"26\">purificadores de ar industriais<\/a>, que <strong>desestratificam o ar de forma eficaz e econ\u00f3mica<\/strong>. Est\u00e3o equipados com um potente sistema de aspira\u00e7\u00e3o que recolhe o ar quente na parte superior da sala e o traz de volta para baixo, onde \u00e9 misturado com o ar frio. Esta t\u00e9cnica reduz as diferen\u00e7as de temperatura e<strong>melhora a qualidade do ar<\/strong>.  <\/p>\n\n\n\n<p>Os nossos purificadores de ar industriais oferecem outros benef\u00edcios para al\u00e9m da <strong>desestratifica\u00e7\u00e3o do ar<\/strong>. Eliminam as part\u00edculas de p\u00f3, gases e odores, criando um ambiente de trabalho mais saud\u00e1vel e seguro para os trabalhadores. Al\u00e9m disso, os nossos purificadores de ar industriais s\u00e3o<strong> eficientes em termos energ\u00e9ticos<\/strong>, pelo que pode reduzir o consumo de energia e prolongar a vida \u00fatil do equipamento nos seus pavilh\u00f5es e oficinas.  <\/p>\n<\/div>\n\n\n\n<div class=\"wp-block-column is-vertically-aligned-center is-layout-flow wp-block-column-is-layout-flow\" style=\"flex-basis:33.33%\">\n<figure class=\"wp-block-image aligncenter size-medium is-resized\"><a href=\"https:\/\/obera.fr\/produits\/purificateurs-air\/industriel-epur\/\"><img decoding=\"async\" width=\"300\" height=\"300\" src=\"https:\/\/obera.fr\/wp-content\/uploads\/2023\/05\/gamme-de-purificateur-dair-epur-garantie-300x300.png\" alt=\"garantia da gama de purificadores de ar epur\" class=\"wp-image-22613\" style=\"width:225px;height:225px\" srcset=\"https:\/\/obera.fr\/wp-content\/uploads\/2023\/05\/gamme-de-purificateur-dair-epur-garantie-300x300.png 300w, https:\/\/obera.fr\/wp-content\/uploads\/2023\/05\/gamme-de-purificateur-dair-epur-garantie-150x150.png 150w, https:\/\/obera.fr\/wp-content\/uploads\/2023\/05\/gamme-de-purificateur-dair-epur-garantie.png 600w\" sizes=\"(max-width: 300px) 100vw, 300px\" \/><\/a><\/figure>\n<\/div>\n<\/div>\n\n<div class=\"wp-block-buttons is-horizontal is-content-justification-center is-layout-flex wp-container-core-buttons-is-layout-03627597 wp-block-buttons-is-layout-flex\">\n<div class=\"wp-block-button has-custom-width wp-block-button__width-100\"><a class=\"wp-block-button__link wp-element-button\" href=\"https:\/\/obera.fr\/pt-pt\/contacta-nos\/\">Saber mais<\/a><\/div>\n<\/div>\n\n<h2 class=\"wp-block-heading\">Conclus\u00e3o<\/h2>\n\n<p>Em conclus\u00e3o, a desestratifica\u00e7\u00e3o do ar \u00e9 uma <strong>t\u00e9cnica eficaz para reduzir os custos energ\u00e9ticos<\/strong>, melhorar o conforto dos trabalhadores e promover a circula\u00e7\u00e3o do ar em espa\u00e7os industriais. Os purificadores de ar industriais OberA s\u00e3o solu\u00e7\u00f5es eficazes para conseguir esta <strong>desestratifica\u00e7\u00e3o de forma econ\u00f3mica<\/strong>e com benef\u00edcios adicionais em termos de qualidade do ar e efici\u00eancia energ\u00e9tica. <\/p>\n","protected":false},"excerpt":{"rendered":"<p>H\u00e1 muitas vantagens na purifica\u00e7\u00e3o do ar em ambientes industriais, mas j\u00e1 ouviste falar de desestratifica\u00e7\u00e3o do ar? Este fen\u00f3meno mistura o ar quente na parte superior do edif\u00edcio com o ar fresco na parte inferior, proporcionando um espa\u00e7o de trabalho saud\u00e1vel e confort\u00e1vel e reduzindo os custos de energia.   <\/p>\n","protected":false},"author":4,"featured_media":85350,"comment_status":"closed","ping_status":"closed","sticky":false,"template":"","format":"standard","meta":{"_acf_changed":false,"_seopress_robots_primary_cat":"none","_seopress_titles_title":"Quais s\u00e3o os benef\u00edcios de um purificador de ar nas tuas contas?","_seopress_titles_desc":"Neste artigo, descobre as vantagens da desestratifica\u00e7\u00e3o do ar nos seus custos energ\u00e9ticos gra\u00e7as \u00e0 purifica\u00e7\u00e3o do ar industrial.","_seopress_robots_index":"","footnotes":""},"categories":[55],"tags":[147],"class_list":["post-42572","post","type-post","status-publish","format-standard","has-post-thumbnail","hentry","category-nosso-conselho","tag-pequena-entrada","generate-columns","tablet-grid-50","mobile-grid-100","grid-parent","grid-50","no-featured-image-padding","resize-featured-image"],"acf":[],"_links":{"self":[{"href":"https:\/\/obera.fr\/pt-pt\/wp-json\/wp\/v2\/posts\/42572","targetHints":{"allow":["GET"]}}],"collection":[{"href":"https:\/\/obera.fr\/pt-pt\/wp-json\/wp\/v2\/posts"}],"about":[{"href":"https:\/\/obera.fr\/pt-pt\/wp-json\/wp\/v2\/types\/post"}],"author":[{"embeddable":true,"href":"https:\/\/obera.fr\/pt-pt\/wp-json\/wp\/v2\/users\/4"}],"replies":[{"embeddable":true,"href":"https:\/\/obera.fr\/pt-pt\/wp-json\/wp\/v2\/comments?post=42572"}],"version-history":[{"count":3,"href":"https:\/\/obera.fr\/pt-pt\/wp-json\/wp\/v2\/posts\/42572\/revisions"}],"predecessor-version":[{"id":85686,"href":"https:\/\/obera.fr\/pt-pt\/wp-json\/wp\/v2\/posts\/42572\/revisions\/85686"}],"wp:featuredmedia":[{"embeddable":true,"href":"https:\/\/obera.fr\/pt-pt\/wp-json\/wp\/v2\/media\/85350"}],"wp:attachment":[{"href":"https:\/\/obera.fr\/pt-pt\/wp-json\/wp\/v2\/media?parent=42572"}],"wp:term":[{"taxonomy":"category","embeddable":true,"href":"https:\/\/obera.fr\/pt-pt\/wp-json\/wp\/v2\/categories?post=42572"},{"taxonomy":"post_tag","embeddable":true,"href":"https:\/\/obera.fr\/pt-pt\/wp-json\/wp\/v2\/tags?post=42572"}],"curies":[{"name":"wp","href":"https:\/\/api.w.org\/{rel}","templated":true}]}}