{"id":42762,"date":"2023-04-18T10:17:44","date_gmt":"2023-04-18T08:17:44","guid":{"rendered":"https:\/\/obera.fr\/sem-categoria\/refrigeradores-de-ar-adiabaticos-moveis-uma-solucao-flexivel-e-pratica-para-aplicacoes-industriais\/"},"modified":"2025-04-25T09:52:04","modified_gmt":"2025-04-25T07:52:04","slug":"rafraichisseur-dair-adiabatique-mobile-une-solution-souple-et-pratique-pour-lindustriel","status":"publish","type":"post","link":"https:\/\/obera.fr\/pt-pt\/nosso-conselho\/rafraichisseur-dair-adiabatique-mobile-une-solution-souple-et-pratique-pour-lindustriel\/","title":{"rendered":"Refrigeradores de ar adiab\u00e1ticos m\u00f3veis: uma solu\u00e7\u00e3o flex\u00edvel e pr\u00e1tica para aplica\u00e7\u00f5es industriais"},"content":{"rendered":"\n<p>Para al\u00e9m das vantagens normais do arrefecimento adiab\u00e1tico, o arrefecedor <strong>adiab\u00e1tico m\u00f3vel<\/strong> acrescenta ubiquidade e simplicidade numa vasta gama de situa\u00e7\u00f5es.<\/p>\n\n<h2 class=\"wp-block-heading\">A utiliza\u00e7\u00e3o omnipresente de um refrigerador adiab\u00e1tico m\u00f3vel<\/h2>\n\n<p>A flexibilidade \u00e9 a ess\u00eancia de um <a href=\"https:\/\/obera.fr\/pt-pt\/produits\/rafraichisseurs-air\/\">refrigerador evaporativo m\u00f3vel<\/a><strong>.<\/strong> A sua mobilidade significa que pode ser utilizado numa vasta gama de situa\u00e7\u00f5es em que o arrefecimento do ambiente de trabalho \u00e9 essencial. A sua mobilidade \u00e9 <strong>tanto espacial como temporal<\/strong>. <\/p>\n\n<p>O <strong>refrigerador adiab\u00e1tico m\u00f3vel<\/strong> pode ser colocado no ponto mais apropriado do volume a ser refrigerado. Por exemplo: a zona quente de um processo industrial, uma \u00e1rea de trabalho particularmente exposta ao fluxo de calor, etc. Al\u00e9m disso, o <strong>princ\u00edpio do arrefecimento evaporativo <\/strong>estende o funcionamento das unidades a uma variedade de locais, tanto no interior como no exterior de um edif\u00edcio. Um arrefecedor evaporativo m\u00f3vel arrefece eficazmente o<strong> p\u00e1tio de uma empresa, um armaz\u00e9m de log\u00edstica, uma tenda para eventos<\/strong> ou um terra\u00e7o coberto de um restaurante.   <\/p>\n\n<p>Al\u00e9m disso, o refrigerador adiab\u00e1tico m\u00f3vel tamb\u00e9m pode ser posicionado sucessivamente em v\u00e1rios locais, dependendo da<strong>evolu\u00e7\u00e3o do fluxo de calor que afecta o volume de trabalho<\/strong>. Por exemplo : <\/p>\n\n<ul class=\"wp-block-list\">\n<li>Radia\u00e7\u00e3o solar de leste, depois de oeste, consoante a hora do dia, sobre um<strong> edif\u00edcio industrial com pouco ou nenhum isolamento<\/strong>;<\/li>\n\n\n\n<li>Uma sucess\u00e3o de<strong> postos de trabalho sobreaquecidos durante o dia<\/strong>, como a carga ou descarga de contentores ou reboques.<\/li>\n<\/ul>\n\n<div class=\"wp-block-columns is-layout-flex wp-container-core-columns-is-layout-28f84493 wp-block-columns-is-layout-flex\">\n<div class=\"wp-block-column is-layout-flow wp-block-column-is-layout-flow\">\n<p>A este respeito, a<strong> multiplica\u00e7\u00e3o de pontos quentes espec\u00edficos<\/strong> \u00e9 facilmente resolvida pelo posicionamento adequado de v\u00e1rios refrigeradores evaporativos no volume. A ubiquidade e a rentabilidade destes aparelhos, bem como o seu coeficiente de desempenho energ\u00e9tico, permitem que<strong>os fabricantes abordem com confian\u00e7a esta abordagem multi-refrigerador.<\/strong> A flexibilidade e a diversidade das utiliza\u00e7\u00f5es, a poupan\u00e7a de energia gerada e a redu\u00e7\u00e3o dos custos de explora\u00e7\u00e3o em rela\u00e7\u00e3o a uma solu\u00e7\u00e3o de climatiza\u00e7\u00e3o convencional favorecem a escolha de v\u00e1rias unidades em vez da instala\u00e7\u00e3o de uma<strong>rede fixa de transporte e distribui\u00e7\u00e3o de ar.<\/strong> <\/p>\n\n\n\n<p>De certa forma, a flexibilidade e a capacidade de resposta do refrigerador m\u00f3vel permitem <strong>a produ\u00e7\u00e3o de ar<\/strong> frio <strong>just-in-time<\/strong> para atender a picos de temperatura sazonais ou industriais. Tanto mais que, num <a href=\"https:\/\/obera.fr\/pt-pt\/nosso-conselho\/le-principe-de-fonctionnement-du-refroidissement-adiabatique-air-eau-evaporation\/\">arrefecedor adiab\u00e1tico<\/a>, \u00e9 o fluxo t\u00e9rmico externo que impulsiona a produ\u00e7\u00e3o de refrigera\u00e7\u00e3o. Quanto mais quente e seco for o ambiente, mais eficiente ser\u00e1 o refrigerador evaporativo.  <\/p>\n<\/div>\n\n\n\n<div class=\"wp-block-column is-layout-flow wp-block-column-is-layout-flow\">\n<figure class=\"wp-block-embed is-type-video is-provider-youtube wp-block-embed-youtube wp-embed-aspect-16-9 wp-has-aspect-ratio\"><div class=\"wp-block-embed__wrapper\">\n<iframe title=\"Rafraichisseur d&#039;air - Gamme IC - OberA\" width=\"1200\" height=\"675\" src=\"https:\/\/www.youtube.com\/embed\/NG-Ssy2oM70?feature=oembed\" frameborder=\"0\" allow=\"accelerometer; autoplay; clipboard-write; encrypted-media; gyroscope; picture-in-picture; web-share\" referrerpolicy=\"strict-origin-when-cross-origin\" allowfullscreen><\/iframe>\n<\/div><\/figure>\n<\/div>\n<\/div>\n\n<div class=\"wp-block-columns is-layout-flex wp-container-core-columns-is-layout-28f84493 wp-block-columns-is-layout-flex\">\n<div class=\"wp-block-column is-layout-flow wp-block-column-is-layout-flow\">\n<figure class=\"wp-block-image aligncenter size-full is-resized\"><img decoding=\"async\" width=\"600\" height=\"600\" src=\"https:\/\/obera.fr\/wp-content\/uploads\/2023\/04\/zone-logstique.png\" alt=\"&#xE1;rea log&#xED;stica\" class=\"wp-image-20904\" style=\"width:450px;height:450px\" srcset=\"https:\/\/obera.fr\/wp-content\/uploads\/2023\/04\/zone-logstique.png 600w, https:\/\/obera.fr\/wp-content\/uploads\/2023\/04\/zone-logstique-300x300.png 300w, https:\/\/obera.fr\/wp-content\/uploads\/2023\/04\/zone-logstique-150x150.png 150w\" sizes=\"(max-width: 600px) 100vw, 600px\" \/><figcaption class=\"wp-element-caption\"><em>Zona log\u00edstica<\/em><\/figcaption><\/figure>\n<\/div>\n\n\n\n<div class=\"wp-block-column is-layout-flow wp-block-column-is-layout-flow\">\n<figure class=\"wp-block-image aligncenter size-full is-resized\"><img decoding=\"async\" width=\"600\" height=\"600\" src=\"https:\/\/obera.fr\/wp-content\/uploads\/2023\/04\/zone-industrielle.png\" alt=\"zona industrial\" class=\"wp-image-20907\" style=\"width:450px;height:450px\" srcset=\"https:\/\/obera.fr\/wp-content\/uploads\/2023\/04\/zone-industrielle.png 600w, https:\/\/obera.fr\/wp-content\/uploads\/2023\/04\/zone-industrielle-300x300.png 300w, https:\/\/obera.fr\/wp-content\/uploads\/2023\/04\/zone-industrielle-150x150.png 150w\" sizes=\"(max-width: 600px) 100vw, 600px\" \/><figcaption class=\"wp-element-caption\"><em>Grande zona industrial<\/em><\/figcaption><\/figure>\n<\/div>\n<\/div>\n\n<h2 class=\"wp-block-heading\">A facilidade de utiliza\u00e7\u00e3o de um refrigerador adiab\u00e1tico m\u00f3vel<\/h2>\n\n<p>Enche o dep\u00f3sito de \u00e1gua, liga a geleira, carrega no controlo remoto e o processo de arrefecimento come\u00e7a.<\/p>\n\n<p>Um<strong> arrefecedor evaporativo m\u00f3vel distribui <\/strong>o ar arrefecido movendo simplesmente o ar do volume a ser arrefecido. Pode tamb\u00e9m ser adicionada uma fun\u00e7\u00e3o de varrimento para acelerar a distribui\u00e7\u00e3o do fluxo de ar fresco. Al\u00e9m disso, o aumento da pot\u00eancia de ventila\u00e7\u00e3o pode ser utilizado em situa\u00e7\u00f5es em que o arrefecimento <strong>r\u00e1pido de um volume quente<\/strong>se torna uma prioridade por raz\u00f5es de seguran\u00e7a ou produtividade: uma m\u00e1quina sobreaquecida ou um espa\u00e7o sobreaquecido. Ao arrefecer uma marquise exterior, a adi\u00e7\u00e3o de uma mangueira flex\u00edvel permite que <strong>o refrigerador seja posicionado no exterior<\/strong>, se necess\u00e1rio.   <\/p>\n\n<p>Um refrigerador evaporativo m\u00f3vel foi concebido para se deslocar r\u00e1pida e facilmente para a \u00e1rea a refrigerar. As rodas, a largura reduzida, o volume compacto e o peso reduzido contribuem para a manobrabilidade da unidade, permitindo-lhe passar por passagens estreitas (porta, corredor, rampa de acesso) e depois ajustar facilmente <strong>a posi\u00e7\u00e3o do refrigerador<\/strong> para obter um fluxo eficaz de ar frio sobre a \u00e1rea a refrigerar. <\/p>\n\n<p>O <strong>reservat\u00f3rio foi concebido <\/strong>para funcionar de forma aut\u00f3noma durante 10 a 12 horas. Isto permite arrefecer uma <strong>estrutura ligeira ao ar livre<\/strong> ou deslocar-se v\u00e1rias vezes durante um dia de trabalho sem necessidade de pontos de \u00e1gua pr\u00f3ximos. Se a posi\u00e7\u00e3o do refrigerador for fixa, a sua liga\u00e7\u00e3o a uma torneira normal garante<strong> um fornecimento constante de \u00e1gua,<\/strong> regulado por um flutuador.  <\/p>\n\n<p>A eletricidade \u00e9 fornecida atrav\u00e9s de uma<strong> tomada monof\u00e1sica normalizada no interior de um edif\u00edcio<\/strong>. No exterior, \u00e9 ligada a uma fonte de alimenta\u00e7\u00e3o m\u00f3vel ou a um gerador monof\u00e1sico, como todos os equipamentos el\u00e9ctricos destinados ao exterior. <\/p>\n\n<h2 class=\"wp-block-heading\">Conclus\u00e3o: um refrigerador adiab\u00e1tico m\u00f3vel oferece uma solu\u00e7\u00e3o para a maioria das situa\u00e7\u00f5es.<\/h2>\n\n<p>Um <strong>refrigerador adiab\u00e1tico m\u00f3vel<\/strong> combina variedade e flexibilidade de utiliza\u00e7\u00e3o com um funcionamento simples e pr\u00e1tico. Por conseguinte, satisfaz uma vasta gama de necessidades e aplica\u00e7\u00f5es, proporcionando simultaneamente o conforto t\u00e9rmico e as vantagens ecol\u00f3gicas e econ\u00f3micas da refrigera\u00e7\u00e3o adiab\u00e1tica. <\/p>\n\n<p>O seu custo-benef\u00edcio e a sua ubiquidade permitem que os empregadores tenham confian\u00e7a <strong>na aquisi\u00e7\u00e3o de v\u00e1rias unidades<\/strong>, uma vez que podem ser utilizadas em conjunto ou separadamente, em fun\u00e7\u00e3o da variedade de situa\u00e7\u00f5es t\u00e9rmicas a que t\u00eam de dar resposta. Podem ser utilizados para o arrefecimento permanente de zonas quentes espec\u00edficas ou de grandes volumes, ou para o arrefecimento sucessivo de v\u00e1rios espa\u00e7os da empresa (pavilh\u00e3o log\u00edstico, reboque de cami\u00e3o, p\u00e1tio de rece\u00e7\u00e3o, marquise, etc.). <\/p>\n\n<div style=\"height:20px\" aria-hidden=\"true\" class=\"wp-block-spacer\"><\/div>\n\n<div class=\"wp-block-buttons is-content-justification-center is-layout-flex wp-container-core-buttons-is-layout-a89b3969 wp-block-buttons-is-layout-flex\">\n<div class=\"wp-block-button\"><a class=\"wp-block-button__link wp-element-button\" href=\"https:\/\/obera.fr\/pt-pt\/contact\/\">PRECISAS DE ACONSELHAMENTO PERSONALIZADO?<\/a><\/div>\n<\/div>\n","protected":false},"excerpt":{"rendered":"<p>A flexibilidade \u00e9 a ess\u00eancia de um refrigerador evaporativo m\u00f3vel. Gra\u00e7as \u00e0 sua mobilidade, pode ser utilizado numa vasta gama de situa\u00e7\u00f5es em que o arrefecimento do ambiente de trabalho \u00e9 essencial. Trata-se de mobilidade espacial e temporal.<\/p>\n","protected":false},"author":4,"featured_media":89667,"comment_status":"closed","ping_status":"closed","sticky":false,"template":"","format":"standard","meta":{"_acf_changed":false,"_seopress_robots_primary_cat":"none","_seopress_titles_title":"Refrigerador adiab\u00e1tico m\u00f3vel: uma solu\u00e7\u00e3o flex\u00edvel para a ind\u00fastria","_seopress_titles_desc":"Para al\u00e9m das v\u00e1rias vantagens de um refrigerador adiab\u00e1tico, \u00e9 tamb\u00e9m uma solu\u00e7\u00e3o flex\u00edvel e pr\u00e1tica para a ind\u00fastria quando as temperaturas s\u00e3o elevadas.","_seopress_robots_index":"","footnotes":""},"categories":[55],"tags":[147],"class_list":["post-42762","post","type-post","status-publish","format-standard","has-post-thumbnail","hentry","category-nosso-conselho","tag-pequena-entrada","generate-columns","tablet-grid-50","mobile-grid-100","grid-parent","grid-50","no-featured-image-padding","resize-featured-image"],"acf":[],"_links":{"self":[{"href":"https:\/\/obera.fr\/pt-pt\/wp-json\/wp\/v2\/posts\/42762","targetHints":{"allow":["GET"]}}],"collection":[{"href":"https:\/\/obera.fr\/pt-pt\/wp-json\/wp\/v2\/posts"}],"about":[{"href":"https:\/\/obera.fr\/pt-pt\/wp-json\/wp\/v2\/types\/post"}],"author":[{"embeddable":true,"href":"https:\/\/obera.fr\/pt-pt\/wp-json\/wp\/v2\/users\/4"}],"replies":[{"embeddable":true,"href":"https:\/\/obera.fr\/pt-pt\/wp-json\/wp\/v2\/comments?post=42762"}],"version-history":[{"count":3,"href":"https:\/\/obera.fr\/pt-pt\/wp-json\/wp\/v2\/posts\/42762\/revisions"}],"predecessor-version":[{"id":89708,"href":"https:\/\/obera.fr\/pt-pt\/wp-json\/wp\/v2\/posts\/42762\/revisions\/89708"}],"wp:featuredmedia":[{"embeddable":true,"href":"https:\/\/obera.fr\/pt-pt\/wp-json\/wp\/v2\/media\/89667"}],"wp:attachment":[{"href":"https:\/\/obera.fr\/pt-pt\/wp-json\/wp\/v2\/media?parent=42762"}],"wp:term":[{"taxonomy":"category","embeddable":true,"href":"https:\/\/obera.fr\/pt-pt\/wp-json\/wp\/v2\/categories?post=42762"},{"taxonomy":"post_tag","embeddable":true,"href":"https:\/\/obera.fr\/pt-pt\/wp-json\/wp\/v2\/tags?post=42762"}],"curies":[{"name":"wp","href":"https:\/\/api.w.org\/{rel}","templated":true}]}}