{"id":42791,"date":"2023-04-18T10:12:23","date_gmt":"2023-04-18T08:12:23","guid":{"rendered":"https:\/\/obera.fr\/sem-categoria\/o-refrigerador-adiabatico-movel-satisfaz-os-requisitos-de-refrigeracao-de-emergencia-e-as-necessidades-temporarias\/"},"modified":"2025-04-25T09:58:19","modified_gmt":"2025-04-25T07:58:19","slug":"le-rafraichisseur-adiabatique-mobile-repond-aux-situations-de-rafraichissement-durgence-et-aux-besoins-temporaires","status":"publish","type":"post","link":"https:\/\/obera.fr\/pt-pt\/nosso-conselho\/le-rafraichisseur-adiabatique-mobile-repond-aux-situations-de-rafraichissement-durgence-et-aux-besoins-temporaires\/","title":{"rendered":"O refrigerador adiab\u00e1tico m\u00f3vel satisfaz os requisitos de refrigera\u00e7\u00e3o de emerg\u00eancia e as necessidades tempor\u00e1rias"},"content":{"rendered":"\n<p>N\u00e3o h\u00e1 d\u00favida de que <strong>as altera\u00e7\u00f5es clim\u00e1ticas est\u00e3o a gerar mais calor anual<\/strong> e ondas de calor imprevistas.<\/p>\n\n<p>Estes per\u00edodos aleat\u00f3rios podem <strong>sobrecarregar o sistema de arrefecimento habitual de um s\u00edtio<\/strong>. Isto leva a situa\u00e7\u00f5es limite que t\u00eam de ser resolvidas muito rapidamente. Os trabalhadores perdem produtividade e arriscam a sua sa\u00fade (ar abafado, piores condi\u00e7\u00f5es de trabalho). O <strong>funcionamento dos equipamentos torna-se incerto <\/strong>(risco eletrost\u00e1tico, risco de sobreaquecimento) com consequ\u00eancias para a produ\u00e7\u00e3o.   <\/p>\n\n<p>O<strong> <\/strong>Os refrigeradores adiab\u00e1ticos m\u00f3veis s\u00e3o a resposta a este problema. A instala\u00e7\u00e3o demora apenas 5 minutos. Fica imediatamente pronto a ser utilizado. Produz ar frio muito rapidamente. Satisfazem rapidamente uma variedade de requisitos de arrefecimento. <a href=\"https:\/\/obera.fr\/pt-pt\/nosso-conselho\/le-rafraichissement-adiabatique-savere-un-mode-de-climatisation-tres-economique\/\">Podem ser adaptados \u00e0 vasta gama de problemas<\/a> <strong>que as empresas enfrentam com o tempo quente<\/strong>.     <\/p>\n\n<p>S\u00e3o colocados numa grande variedade de locais. Podem ser instalados v\u00e1rios <strong>refrigeradores adiab\u00e1ticos m\u00f3veis<\/strong> para lidar com emerg\u00eancias simult\u00e2neas em diferentes locais. As prioridades de refrigera\u00e7\u00e3o mudam? O arrefecedor evaporativo m\u00f3vel \u00e9 deslocado instantaneamente.   <\/p>\n\n<div class=\"wp-block-columns is-layout-flex wp-container-core-columns-is-layout-28f84493 wp-block-columns-is-layout-flex\">\n<div class=\"wp-block-column is-layout-flow wp-block-column-is-layout-flow\" style=\"flex-basis:50%\">\n<p>O <a href=\"https:\/\/obera.fr\/pt-pt\/nosso-conselho\/comment-fonctionne-un-rafraichisseur-adiabatique\/\">refrigerador adiab\u00e1tico<\/a> m\u00f3vel tamb\u00e9m responde a <strong>necessidades tempor\u00e1rias e pontuais<\/strong>, geralmente ligadas a um evento planeado pela empresa nas suas instala\u00e7\u00f5es. No ver\u00e3o, o evento realiza-se geralmente num espa\u00e7o exterior n\u00e3o isolado (terra\u00e7o, tenda, p\u00e1tio). Durante uma vaga de calor, os participantes podem <strong>encontrar-se num ambiente desconfort\u00e1vel<\/strong> que prejudica os objectivos do evento. A refrigera\u00e7\u00e3o adiab\u00e1tica \u00e9 ideal para este tipo de situa\u00e7\u00e3o, uma vez que funciona perfeitamente num ambiente altamente ventilado.   <\/p>\n\n\n\n<p>Se o processo de decis\u00e3o de<strong>investir na empresa<\/strong> for moroso, numa situa\u00e7\u00e3o de emerg\u00eancia, optaremos pelo aluguer. O aluguer tamb\u00e9m pode ser utilizado para um per\u00edodo experimental durante a esta\u00e7\u00e3o quente. Este pode ser utilizado para <strong>identificar as necessidades de arrefecimento adiab\u00e1tico da empresa<\/strong> e preparar o projeto de investimento.  <\/p>\n<\/div>\n\n\n\n<div class=\"wp-block-column is-layout-flow wp-block-column-is-layout-flow\" style=\"flex-basis:50%\">\n<figure class=\"wp-block-embed is-type-video is-provider-youtube wp-block-embed-youtube wp-embed-aspect-16-9 wp-has-aspect-ratio\"><div class=\"wp-block-embed__wrapper\">\n<iframe title=\"Rafraichisseur d&#039;air - Gamme IC - OberA\" width=\"1200\" height=\"675\" src=\"https:\/\/www.youtube.com\/embed\/NG-Ssy2oM70?feature=oembed\" frameborder=\"0\" allow=\"accelerometer; autoplay; clipboard-write; encrypted-media; gyroscope; picture-in-picture; web-share\" referrerpolicy=\"strict-origin-when-cross-origin\" allowfullscreen><\/iframe>\n<\/div><\/figure>\n<\/div>\n<\/div>\n\n<div style=\"height:20px\" aria-hidden=\"true\" class=\"wp-block-spacer\"><\/div>\n\n<div class=\"wp-block-buttons is-content-justification-center is-layout-flex wp-container-core-buttons-is-layout-a89b3969 wp-block-buttons-is-layout-flex\">\n<div class=\"wp-block-button\"><a class=\"wp-block-button__link wp-element-button\" href=\"https:\/\/obera.fr\/pt-pt\/contact\/\">PRECISAS DE ACONSELHAMENTO PERSONALIZADO?<\/a><\/div>\n<\/div>\n","protected":false},"excerpt":{"rendered":"<p>N\u00e3o h\u00e1 d\u00favida de que as altera\u00e7\u00f5es clim\u00e1ticas est\u00e3o a gerar mais calor anual e ondas de calor inesperadas. Estes per\u00edodos aleat\u00f3rios podem sobrecarregar o sistema de arrefecimento habitual de um local.   <\/p>\n","protected":false},"author":4,"featured_media":89787,"comment_status":"closed","ping_status":"closed","sticky":false,"template":"","format":"standard","meta":{"_acf_changed":false,"_seopress_robots_primary_cat":"none","_seopress_titles_title":"Refrigeradores adiab\u00e1ticos m\u00f3veis: a resposta a necessidades urgentes","_seopress_titles_desc":"O refrigerador adiab\u00e1tico \u00e9 uma solu\u00e7\u00e3o eficaz para situa\u00e7\u00f5es de emerg\u00eancia e necessidades tempor\u00e1rias de ar condicionado.","_seopress_robots_index":"","footnotes":""},"categories":[55],"tags":[147],"class_list":["post-42791","post","type-post","status-publish","format-standard","has-post-thumbnail","hentry","category-nosso-conselho","tag-pequena-entrada","generate-columns","tablet-grid-50","mobile-grid-100","grid-parent","grid-50","no-featured-image-padding","resize-featured-image"],"acf":[],"_links":{"self":[{"href":"https:\/\/obera.fr\/pt-pt\/wp-json\/wp\/v2\/posts\/42791","targetHints":{"allow":["GET"]}}],"collection":[{"href":"https:\/\/obera.fr\/pt-pt\/wp-json\/wp\/v2\/posts"}],"about":[{"href":"https:\/\/obera.fr\/pt-pt\/wp-json\/wp\/v2\/types\/post"}],"author":[{"embeddable":true,"href":"https:\/\/obera.fr\/pt-pt\/wp-json\/wp\/v2\/users\/4"}],"replies":[{"embeddable":true,"href":"https:\/\/obera.fr\/pt-pt\/wp-json\/wp\/v2\/comments?post=42791"}],"version-history":[{"count":3,"href":"https:\/\/obera.fr\/pt-pt\/wp-json\/wp\/v2\/posts\/42791\/revisions"}],"predecessor-version":[{"id":89836,"href":"https:\/\/obera.fr\/pt-pt\/wp-json\/wp\/v2\/posts\/42791\/revisions\/89836"}],"wp:featuredmedia":[{"embeddable":true,"href":"https:\/\/obera.fr\/pt-pt\/wp-json\/wp\/v2\/media\/89787"}],"wp:attachment":[{"href":"https:\/\/obera.fr\/pt-pt\/wp-json\/wp\/v2\/media?parent=42791"}],"wp:term":[{"taxonomy":"category","embeddable":true,"href":"https:\/\/obera.fr\/pt-pt\/wp-json\/wp\/v2\/categories?post=42791"},{"taxonomy":"post_tag","embeddable":true,"href":"https:\/\/obera.fr\/pt-pt\/wp-json\/wp\/v2\/tags?post=42791"}],"curies":[{"name":"wp","href":"https:\/\/api.w.org\/{rel}","templated":true}]}}