{"id":42962,"date":"2023-04-18T10:02:38","date_gmt":"2023-04-18T08:02:38","guid":{"rendered":"https:\/\/obera.fr\/sem-categoria\/como-e-que-o-codigo-do-trabalho-exige-que-os-locais-de-trabalho-sejam-renovados\/"},"modified":"2025-04-23T09:11:52","modified_gmt":"2025-04-23T07:11:52","slug":"code-du-travail-et-canicule-lobligation-de-rafraichir-les-locaux","status":"publish","type":"post","link":"https:\/\/obera.fr\/pt-pt\/nosso-conselho\/code-du-travail-et-canicule-lobligation-de-rafraichir-les-locaux\/","title":{"rendered":"Como \u00e9 que o C\u00f3digo do Trabalho exige que os locais de trabalho sejam renovados?"},"content":{"rendered":"\n<p>Com as altera\u00e7\u00f5es clim\u00e1ticas,<strong> a Fran\u00e7a regista ondas de calor mais intensas e mais frequentes<\/strong>. Segundo a M\u00e9t\u00e9o France, antes de 1989, a Fran\u00e7a registava uma m\u00e9dia de 1,7 dias de ondas de calor por ano. Na \u00faltima d\u00e9cada, essa m\u00e9dia aumentou para 9,4 dias. A M\u00e9t\u00e9o France prev\u00ea que as ondas de calor duplicar\u00e3o at\u00e9 2050.   <\/p>\n\n<p>Estes per\u00edodos de calor intenso geram <strong>temperaturas anormalmente elevadas<\/strong> e representam um risco para a sa\u00fade dos trabalhadores. Existe o risco de desidrata\u00e7\u00e3o, exaust\u00e3o, insola\u00e7\u00e3o, etc. Estes riscos podem manifestar-se logo nos primeiros dias de calor. <\/p>\n\n<p>O <strong>C\u00f3digo do Trabalho<\/strong> franc\u00eas estipula que a entidade patronal deve tomar as medidas necess\u00e1rias para garantir a seguran\u00e7a e <a href=\"https:\/\/obera.fr\/pt-pt\/nosso-conselho\/qualite-de-lair-etablissements-de-sante\/\">a prote\u00e7\u00e3o da sa\u00fade dos trabalhadores<\/a> em caso de aumento de temperatura. Estas medidas dizem respeito a : <\/p>\n\n<ul class=\"wp-block-list\">\n<li>a <strong>instala\u00e7\u00e3o de ventila\u00e7\u00e3o<\/strong> em conformidade com a regulamenta\u00e7\u00e3o (artigo R4222-1 do C\u00f3digo do Trabalho).<\/li>\n\n\n\n<li><strong>proteger os trabalhadores <\/strong>contra o calor extremo.<\/li>\n\n\n\n<li><strong>\u00c1gua fresca gratuita.<\/strong><\/li>\n<\/ul>\n\n<p>O empregador adapta estas medidas fazendo refer\u00eancia ao sistema de <strong>vigil\u00e2ncia meteorol\u00f3gica da M\u00e9t\u00e9o France <\/strong>, que alerta para as ondas de calor que representam um risco para a sa\u00fade. Este sistema caracteriza-se por limiares de temperatura, por departamento, que n\u00e3o devem ser ultrapassados. <\/p>\n\n<figure class=\"wp-block-image aligncenter size-full is-resized\"><img decoding=\"async\" width=\"500\" height=\"500\" src=\"https:\/\/obera.fr\/wp-content\/uploads\/2023\/06\/france_ete-1.png\" alt=\"Fran&#xE7;a ete 1\" class=\"wp-image-23220\" style=\"width:375px;height:375px\" srcset=\"https:\/\/obera.fr\/wp-content\/uploads\/2023\/06\/france_ete-1.png 500w, https:\/\/obera.fr\/wp-content\/uploads\/2023\/06\/france_ete-1-300x300.png 300w, https:\/\/obera.fr\/wp-content\/uploads\/2023\/06\/france_ete-1-150x150.png 150w\" sizes=\"(max-width: 500px) 100vw, 500px\" \/><\/figure>\n\n<p><strong>Alerta azul:<\/strong> <strong>pico de calor <\/strong>intenso durante 1 ou 2 dias que excede o limiar ou <strong>epis\u00f3dio persistente de calor<\/strong> (mais de 3 dias) com temperaturas pr\u00f3ximas do limiar departamental. Estes eventos representam um risco para a sa\u00fade dos trabalhadores expostos ao calor em ambientes como tinturarias, lavandarias, cozinhas, fundi\u00e7\u00f5es, etc. A instala\u00e7\u00e3o de refrigeradores m\u00f3veis perto dos trabalhadores sobreexpostos \u00e9 uma solu\u00e7\u00e3o r\u00e1pida e eficaz.  <\/p>\n\n<p><strong>Alerta laranja:<\/strong> <strong>onda de calor<\/strong> que se prolonga por 3 dias e noites consecutivos, ultrapassando os limiares m\u00ednimo e m\u00e1ximo. Tamb\u00e9m neste caso, a solu\u00e7\u00e3o r\u00e1pida e pertinente \u00e9 um <a href=\"https:\/\/obera.fr\/pt-pt\/nosso-conselho\/refrigeradores-de-ar-adiabaticos-moveis-uma-solucao-flexivel-e-pratica-para-aplicacoes-industriais\/\">refrigerador adiab\u00e1tico m\u00f3vel<\/a> para os trabalhadores expostos ao calor devido \u00e0 sua atividade f\u00edsica ou ao ambiente t\u00e9rmico no local de trabalho. <\/p>\n\n<p><strong>Alerta vermelho:<\/strong> <strong>onda de calor extrema. <\/strong>Onda de calor excecional na sua dura\u00e7\u00e3o e intensidade, com factores agravantes que t\u00eam um impacto importante na sa\u00fade de todos os tipos de trabalhadores e que podem ter efeitos colaterais em termos de continuidade da atividade.<\/p>\n\n<div class=\"wp-block-columns is-layout-flex wp-container-core-columns-is-layout-28f84493 wp-block-columns-is-layout-flex\">\n<div class=\"wp-block-column is-layout-flow wp-block-column-is-layout-flow\" style=\"flex-basis:50%\">\n<p>Um alerta vermelho desencadeia automaticamente obriga\u00e7\u00f5es regulamentares. Todos os dias, a entidade patronal deve reavaliar os riscos para os trabalhadores, tendo em conta: as mudan\u00e7as de temperatura durante o dia, a natureza do trabalho, a idade e o estado de sa\u00fade dos trabalhadores. Se a entidade patronal n\u00e3o o fizer, o trabalhador pode recorrer \u00e0 Inspe\u00e7\u00e3o do Trabalho ou ao Comit\u00e9 Econ\u00f3mico e Social, ou exercer o direito de rescis\u00e3o.  <\/p>\n\n\n\n<p>Em caso de alerta vermelho,<strong>os empregadores t\u00eam de<\/strong> reagir rapidamente. A contrata\u00e7\u00e3o de ambientadores \u00e9 a resposta para este problema. Quanto mais elevada for a temperatura, mais eficaz ser\u00e1 a caixa frigor\u00edfica. Em caso de alerta vermelho, a geleira deve ter um caudal de ar suficientemente elevado para manter uma temperatura confort\u00e1vel. Tamb\u00e9m podes querer contratar v\u00e1rios refrigeradores para combater eficazmente uma onda de calor extrema.    <\/p>\n<\/div>\n\n\n\n<div class=\"wp-block-column is-layout-flow wp-block-column-is-layout-flow\" style=\"flex-basis:50%\">\n<figure class=\"wp-block-embed is-type-video is-provider-youtube wp-block-embed-youtube wp-embed-aspect-16-9 wp-has-aspect-ratio\"><div class=\"wp-block-embed__wrapper\">\n<iframe title=\"Rafraichisseur d&#039;air - Gamme IC - OberA\" width=\"1200\" height=\"675\" src=\"https:\/\/www.youtube.com\/embed\/NG-Ssy2oM70?feature=oembed\" frameborder=\"0\" allow=\"accelerometer; autoplay; clipboard-write; encrypted-media; gyroscope; picture-in-picture; web-share\" referrerpolicy=\"strict-origin-when-cross-origin\" allowfullscreen><\/iframe>\n<\/div><\/figure>\n<\/div>\n<\/div>\n\n<div style=\"height:20px\" aria-hidden=\"true\" class=\"wp-block-spacer\"><\/div>\n\n<div class=\"wp-block-buttons is-content-justification-center is-layout-flex wp-container-core-buttons-is-layout-a89b3969 wp-block-buttons-is-layout-flex\">\n<div class=\"wp-block-button\"><a class=\"wp-block-button__link wp-element-button\" href=\"https:\/\/obera.fr\/pt-pt\/contact\/\">PRECISAS DE ACONSELHAMENTO PERSONALIZADO?<\/a><\/div>\n<\/div>\n","protected":false},"excerpt":{"rendered":"<p>Com as altera\u00e7\u00f5es clim\u00e1ticas, a Fran\u00e7a regista ondas de calor mais intensas e mais frequentes. Segundo a M\u00e9t\u00e9o France, antes de 1989, a Fran\u00e7a registava uma m\u00e9dia de 1,7 dias de ondas de calor por ano. Na \u00faltima d\u00e9cada, essa m\u00e9dia aumentou para 9,4 dias. A M\u00e9t\u00e9o France prev\u00ea que as ondas de calor duplicar\u00e3o at\u00e9 2050.   <\/p>\n","protected":false},"author":4,"featured_media":85456,"comment_status":"closed","ping_status":"closed","sticky":false,"template":"","format":"standard","meta":{"_acf_changed":false,"_seopress_robots_primary_cat":"none","_seopress_titles_title":"O C\u00f3digo do Trabalho imp\u00f5e a obriga\u00e7\u00e3o de tomar um refresco no local de trabalho?","_seopress_titles_desc":"De acordo com o C\u00f3digo do Trabalho, as entidades patronais s\u00e3o obrigadas a assegurar a refrigera\u00e7\u00e3o das suas instala\u00e7\u00f5es durante as vagas de calor. Descobre mais sobre as medidas a adotar. ","_seopress_robots_index":"","footnotes":""},"categories":[55],"tags":[147],"class_list":["post-42962","post","type-post","status-publish","format-standard","has-post-thumbnail","hentry","category-nosso-conselho","tag-pequena-entrada","generate-columns","tablet-grid-50","mobile-grid-100","grid-parent","grid-50","no-featured-image-padding","resize-featured-image"],"acf":[],"_links":{"self":[{"href":"https:\/\/obera.fr\/pt-pt\/wp-json\/wp\/v2\/posts\/42962","targetHints":{"allow":["GET"]}}],"collection":[{"href":"https:\/\/obera.fr\/pt-pt\/wp-json\/wp\/v2\/posts"}],"about":[{"href":"https:\/\/obera.fr\/pt-pt\/wp-json\/wp\/v2\/types\/post"}],"author":[{"embeddable":true,"href":"https:\/\/obera.fr\/pt-pt\/wp-json\/wp\/v2\/users\/4"}],"replies":[{"embeddable":true,"href":"https:\/\/obera.fr\/pt-pt\/wp-json\/wp\/v2\/comments?post=42962"}],"version-history":[{"count":3,"href":"https:\/\/obera.fr\/pt-pt\/wp-json\/wp\/v2\/posts\/42962\/revisions"}],"predecessor-version":[{"id":86063,"href":"https:\/\/obera.fr\/pt-pt\/wp-json\/wp\/v2\/posts\/42962\/revisions\/86063"}],"wp:featuredmedia":[{"embeddable":true,"href":"https:\/\/obera.fr\/pt-pt\/wp-json\/wp\/v2\/media\/85456"}],"wp:attachment":[{"href":"https:\/\/obera.fr\/pt-pt\/wp-json\/wp\/v2\/media?parent=42962"}],"wp:term":[{"taxonomy":"category","embeddable":true,"href":"https:\/\/obera.fr\/pt-pt\/wp-json\/wp\/v2\/categories?post=42962"},{"taxonomy":"post_tag","embeddable":true,"href":"https:\/\/obera.fr\/pt-pt\/wp-json\/wp\/v2\/tags?post=42962"}],"curies":[{"name":"wp","href":"https:\/\/api.w.org\/{rel}","templated":true}]}}