{"id":43056,"date":"2023-04-18T09:57:36","date_gmt":"2023-04-18T07:57:36","guid":{"rendered":"https:\/\/obera.fr\/sem-categoria\/o-refrigerador-adiabatico-e-um-dispositivo-bioclimatico-amigo-do-ambiente\/"},"modified":"2025-04-23T09:07:43","modified_gmt":"2025-04-23T07:07:43","slug":"le-rafraichisseur-adiabatique-represente-un-dispositif-bioclimatique-respectueux-de-lenvironnement","status":"publish","type":"post","link":"https:\/\/obera.fr\/pt-pt\/nosso-conselho\/le-rafraichisseur-adiabatique-represente-un-dispositif-bioclimatique-respectueux-de-lenvironnement\/","title":{"rendered":"O refrigerador adiab\u00e1tico \u00e9 um dispositivo bioclim\u00e1tico amigo do ambiente"},"content":{"rendered":"\n<h2 class=\"wp-block-heading\">O arrefecedor adiab\u00e1tico contribui para a poupan\u00e7a de energia<\/h2>\n\n<p><strong>O arrefecimento adiab\u00e1tico<\/strong> pode ser descrito como o sistema de ar condicionado mais eficiente em termos energ\u00e9ticos do mercado.<\/p>\n\n<p>O<strong> processo natural de evapora\u00e7\u00e3o da \u00e1gua <\/strong>fornece a maior parte da capacidade de arrefecimento do refrigerador. O consumo de energia para ventila\u00e7\u00e3o e circula\u00e7\u00e3o da \u00e1gua representa apenas 5% da capacidade de arrefecimento fornecida. E a sua <strong>efici\u00eancia energ\u00e9tica<\/strong> \u00e9 tanto maior quanto mais quente for o clima. Isto porque, a <strong>temperaturas mais elevadas, o processo de evapora\u00e7\u00e3o acelera<\/strong>, pelo que o calor extra\u00eddo do ar aumenta. A capacidade de refrigera\u00e7\u00e3o do refrigerador aumenta, enquanto o consumo de energia do aparelho permanece o mesmo.    <\/p>\n\n<p>Al\u00e9m disso, os edif\u00edcios com pouco ou nenhum isolamento n\u00e3o consomem <strong>significativamente mais energia <\/strong>, uma vez que 95% da capacidade de arrefecimento do sistema adiab\u00e1tico depende da evapora\u00e7\u00e3o da \u00e1gua.<\/p>\n\n<div class=\"wp-block-columns is-layout-flex wp-container-core-columns-is-layout-28f84493 wp-block-columns-is-layout-flex\">\n<div class=\"wp-block-column is-layout-flow wp-block-column-is-layout-flow\" style=\"flex-basis:50%\">\n<p>A energia <strong>necess\u00e1ria para os motores el\u00e9ctricos<\/strong> que accionam os ciclos de \u00e1gua e ar do refrigerador requer muito pouca pot\u00eancia, tanto no arranque como durante o funcionamento. As perdas de energia devidas \u00e0 fric\u00e7\u00e3o mec\u00e2nica na ventila\u00e7\u00e3o e na circula\u00e7\u00e3o da \u00e1gua representam apenas 5% do<strong> consumo de energia<\/strong>, gra\u00e7as \u00e0 simplicidade da configura\u00e7\u00e3o do hardware. <\/p>\n\n\n\n<p>Naturalmente, o consumo de eletricidade depende da velocidade da<strong> ventila\u00e7\u00e3o e da circula\u00e7\u00e3o da \u00e1gua<\/strong>. Pode variar entre 1 e 3 kWh, consoante o modelo, para arrefecer uma \u00e1rea de 250 m\u00b2. Em suma, um <a href=\"https:\/\/obera.fr\/pt-pt\/nosso-conselho\/comment-fonctionne-un-rafraichisseur-adiabatique\/\">arrefecedor adiab\u00e1tico <\/a>\u00e9 uma fonte de poupan\u00e7a de energia no ar condicionado em tempo quente para qualquer instala\u00e7\u00e3o industrial.  <\/p>\n<\/div>\n\n\n\n<div class=\"wp-block-column is-layout-flow wp-block-column-is-layout-flow\" style=\"flex-basis:50%\">\n<figure class=\"wp-block-embed is-type-video is-provider-youtube wp-block-embed-youtube wp-embed-aspect-16-9 wp-has-aspect-ratio\"><div class=\"wp-block-embed__wrapper\">\n<iframe title=\"Rafraichisseur d&#039;air - Gamme IC - OberA\" width=\"1200\" height=\"675\" src=\"https:\/\/www.youtube.com\/embed\/NG-Ssy2oM70?feature=oembed\" frameborder=\"0\" allow=\"accelerometer; autoplay; clipboard-write; encrypted-media; gyroscope; picture-in-picture; web-share\" referrerpolicy=\"strict-origin-when-cross-origin\" allowfullscreen><\/iframe>\n<\/div><\/figure>\n<\/div>\n<\/div>\n\n<h2 class=\"wp-block-heading\">O arrefecimento adiab\u00e1tico caracteriza-se por um consumo moderado de \u00e1gua<\/h2>\n\n<p>O<strong> sector industrial<\/strong> consome em m\u00e9dia 500 litros por dia e por trabalhador. Um refrigerador adiab\u00e1tico evapora 120 litros por dia para uma <strong>sala de 250m\u00b2.<\/strong> Se esta sala tiver 12 postos de trabalho, isto equivale a 2% do consumo m\u00e9dio di\u00e1rio. <\/p>\n\n<p>O baixo consumo de \u00e1gua de um <strong>refrigerador adiab\u00e1tico<\/strong> n\u00e3o entra em conflito com as restri\u00e7\u00f5es de utiliza\u00e7\u00e3o anunciadas para o per\u00edodo de ver\u00e3o, relacionadas com o aquecimento global.<\/p>\n\n<p>Al\u00e9m disso,<strong> a \u00e1gua consumida sob a forma de vapor de \u00e1gua <\/strong>n\u00e3o est\u00e1 sujeita a qualquer polui\u00e7\u00e3o industrial; regressa \u00e0 atmosfera, continuando o seu ciclo natural. Da mesma forma, a \u00e1gua drenada pode ser descarregada sem pr\u00e9-tratamento no <strong>sistema de \u00e1guas residuais da instala\u00e7\u00e3o industrial.<\/strong> <\/p>\n\n<h2 class=\"wp-block-heading\">A refrigera\u00e7\u00e3o adiab\u00e1tica tem uma pegada ecol\u00f3gica reduzida<\/h2>\n\n<p>Constat\u00e1mos que o <strong>refrigerador adiab\u00e1tico funciona com um consumo muito baixo de energia e de \u00e1gua<\/strong>. Tem uma pegada de carbono moderada. <\/p>\n\n<figure class=\"wp-block-image alignright size-full is-resized\"><img decoding=\"async\" width=\"613\" height=\"441\" src=\"https:\/\/obera.fr\/wp-content\/uploads\/2024\/09\/ecologie.png\" alt=\"m&#xE3;o segurando terra com uma planta em crescimento\" class=\"wp-image-33973\" style=\"width:278px;height:auto\" srcset=\"https:\/\/obera.fr\/wp-content\/uploads\/2024\/09\/ecologie.png 613w, https:\/\/obera.fr\/wp-content\/uploads\/2024\/09\/ecologie-300x216.png 300w\" sizes=\"(max-width: 613px) 100vw, 613px\" \/><\/figure>\n\n<p>O refrigerador adiab\u00e1tico n\u00e3o utiliza nenhum dos refrigerantes que contribuem para a polui\u00e7\u00e3o do ar e para a destrui\u00e7\u00e3o da camada de ozono. O seu \u00fanico refrigerante \u00e9 o vapor de \u00e1gua. Assim, um <strong>refrigerador adiab\u00e1tico n\u00e3o contribui para o efeito de estufa <\/strong>associado \u00e0s emiss\u00f5es de refrigerantes produzidos pelo homem. Uma vez que o vapor de \u00e1gua apenas contribui para o efeito de estufa nativo da Terra, ligado ao ciclo natural da \u00e1gua. Al\u00e9m disso, um refrigerador adiab\u00e1tico emite uma quantidade \u00ednfima de vapor de \u00e1gua em compara\u00e7\u00e3o com a quantidade emitida pelas<strong> actividades industriais<\/strong>.    <\/p>\n\n<p>Finalmente, a configura\u00e7\u00e3o simples do material de um refrigerador adiab\u00e1tico significa que \u00e9 altamente recicl\u00e1vel no final da sua vida \u00fatil. O propileno no inv\u00f3lucro pode ser reciclado em \u00e1cido acr\u00edlico, que \u00e9 utilizado para fabricar pol\u00edmeros como o poliestireno e o PVC. Da mesma forma, o<strong>alum\u00ednio do inv\u00f3lucro \u00e9 altamente recicl\u00e1vel<\/strong>. O ventilador, a bomba, as sondas e outras pe\u00e7as s\u00e3o considerados res\u00edduos el\u00e9ctricos e electr\u00f3nicos e est\u00e3o sujeitos a um sistema de recolha e tratamento regido pela<strong> diretiva europeia REEE<\/strong>. O painel evaporativo pode ser compostado num centro de recolha de res\u00edduos.    <\/p>\n\n<p>Ao longo do seu ciclo de vida, a<strong> geleira adiab\u00e1tica gera um impacto ambiental reduzido.<\/strong> A compra de um refrigerador adiab\u00e1tico faz parte da pol\u00edtica de desenvolvimento sustent\u00e1vel de uma empresa como uma a\u00e7\u00e3o contra o aquecimento global.<\/p>\n\n<div style=\"height:20px\" aria-hidden=\"true\" class=\"wp-block-spacer\"><\/div>\n\n<div class=\"wp-block-buttons alignwide is-content-justification-center is-layout-flex wp-container-core-buttons-is-layout-a89b3969 wp-block-buttons-is-layout-flex\">\n<div class=\"wp-block-button\"><a class=\"wp-block-button__link wp-element-button\" href=\"https:\/\/obera.fr\/pt-pt\/contact\/\">PRECISAS DE ACONSELHAMENTO PERSONALIZADO?<\/a><\/div>\n<\/div>\n","protected":false},"excerpt":{"rendered":"<p>O refrigerador adiab\u00e1tico \u00e9 um dispositivo bioclim\u00e1tico amigo do ambiente. Contribui para a poupan\u00e7a de energia, caracteriza-se por um consumo moderado de \u00e1gua e tem uma pegada ecol\u00f3gica reduzida. <\/p>\n","protected":false},"author":4,"featured_media":85581,"comment_status":"closed","ping_status":"closed","sticky":false,"template":"","format":"standard","meta":{"_acf_changed":false,"_seopress_robots_primary_cat":"none","_seopress_titles_title":"Refrigeradores adiab\u00e1ticos: dispositivos ecol\u00f3gicos bioclim\u00e1ticos","_seopress_titles_desc":"Amigo do ambiente, o refrigerador adiab\u00e1tico \u00e9 um dispositivo bioclim\u00e1tico para reduzir a temperatura dos teus espa\u00e7os de trabalho.","_seopress_robots_index":"","footnotes":""},"categories":[55],"tags":[147],"class_list":["post-43056","post","type-post","status-publish","format-standard","has-post-thumbnail","hentry","category-nosso-conselho","tag-pequena-entrada","generate-columns","tablet-grid-50","mobile-grid-100","grid-parent","grid-50","no-featured-image-padding","resize-featured-image"],"acf":[],"_links":{"self":[{"href":"https:\/\/obera.fr\/pt-pt\/wp-json\/wp\/v2\/posts\/43056","targetHints":{"allow":["GET"]}}],"collection":[{"href":"https:\/\/obera.fr\/pt-pt\/wp-json\/wp\/v2\/posts"}],"about":[{"href":"https:\/\/obera.fr\/pt-pt\/wp-json\/wp\/v2\/types\/post"}],"author":[{"embeddable":true,"href":"https:\/\/obera.fr\/pt-pt\/wp-json\/wp\/v2\/users\/4"}],"replies":[{"embeddable":true,"href":"https:\/\/obera.fr\/pt-pt\/wp-json\/wp\/v2\/comments?post=43056"}],"version-history":[{"count":3,"href":"https:\/\/obera.fr\/pt-pt\/wp-json\/wp\/v2\/posts\/43056\/revisions"}],"predecessor-version":[{"id":85923,"href":"https:\/\/obera.fr\/pt-pt\/wp-json\/wp\/v2\/posts\/43056\/revisions\/85923"}],"wp:featuredmedia":[{"embeddable":true,"href":"https:\/\/obera.fr\/pt-pt\/wp-json\/wp\/v2\/media\/85581"}],"wp:attachment":[{"href":"https:\/\/obera.fr\/pt-pt\/wp-json\/wp\/v2\/media?parent=43056"}],"wp:term":[{"taxonomy":"category","embeddable":true,"href":"https:\/\/obera.fr\/pt-pt\/wp-json\/wp\/v2\/categories?post=43056"},{"taxonomy":"post_tag","embeddable":true,"href":"https:\/\/obera.fr\/pt-pt\/wp-json\/wp\/v2\/tags?post=43056"}],"curies":[{"name":"wp","href":"https:\/\/api.w.org\/{rel}","templated":true}]}}