{"id":43454,"date":"2023-04-14T15:51:16","date_gmt":"2023-04-14T13:51:16","guid":{"rendered":"https:\/\/obera.fr\/sem-categoria\/como-funciona-um-arrefecedor-adiabatico\/"},"modified":"2025-04-25T10:06:39","modified_gmt":"2025-04-25T08:06:39","slug":"comment-fonctionne-un-rafraichisseur-adiabatique","status":"publish","type":"post","link":"https:\/\/obera.fr\/pt-pt\/nosso-conselho\/comment-fonctionne-un-rafraichisseur-adiabatique\/","title":{"rendered":"Compreender o funcionamento dos refrigeradores de ar industriais"},"content":{"rendered":"\n<div class=\"wp-block-columns is-layout-flex wp-container-core-columns-is-layout-28f84493 wp-block-columns-is-layout-flex\">\n<div class=\"wp-block-column is-layout-flow wp-block-column-is-layout-flow\" style=\"flex-basis:66.66%\">\n<p>Ao contr\u00e1rio dos sistemas de ar condicionado, um<strong> refrigerador de ar<\/strong> funciona de forma simples e natural para arrefecer uma divis\u00e3o. Baseia-se no princ\u00edpio do <strong>arrefecimento evaporativo<\/strong>: o ar quente entra em contacto com a \u00e1gua, reduzindo o calor ambiente. Este sistema \u00e9 particularmente adequado para ambientes industriais, uma vez que \u00e9 eficiente, economiza energia e \u00e9 muito mais econ\u00f3mico do que os aparelhos de ar condicionado tradicionais.  <\/p>\n\n\n\n<p>Se te perguntas <strong>&#8220;Como funciona um refrigerador de ar?<\/strong> &#8220;, este artigo explica como funciona, as suas vantagens e d\u00e1-te alguns conselhos sobre como tirar o m\u00e1ximo partido dele num ambiente industrial.<\/p>\n<\/div>\n\n\n\n<div class=\"wp-block-column is-layout-flow wp-block-column-is-layout-flow\" style=\"flex-basis:33.33%\">\n<figure class=\"wp-block-image aligncenter size-large is-resized\"><img decoding=\"async\" width=\"1024\" height=\"856\" src=\"https:\/\/obera.fr\/wp-content\/uploads\/2024\/11\/gamme-ic-1-1024x856.png\" alt=\"gama ic\" class=\"wp-image-49129\" style=\"width:285px;height:auto\" srcset=\"https:\/\/obera.fr\/wp-content\/uploads\/2024\/11\/gamme-ic-1-1024x856.png 1024w, https:\/\/obera.fr\/wp-content\/uploads\/2024\/11\/gamme-ic-1-300x251.png 300w, https:\/\/obera.fr\/wp-content\/uploads\/2024\/11\/gamme-ic-1-768x642.png 768w, https:\/\/obera.fr\/wp-content\/uploads\/2024\/11\/gamme-ic-1.png 1200w\" sizes=\"(max-width: 1024px) 100vw, 1024px\" \/><\/figure>\n<\/div>\n<\/div>\n\n<h2 class=\"wp-block-heading\">Como funciona um arrefecedor de ar?<\/h2>\n\n<h3 class=\"wp-block-heading\">Princ\u00edpio do arrefecimento por evapora\u00e7\u00e3o<\/h3>\n\n<div class=\"wp-block-columns is-layout-flex wp-container-core-columns-is-layout-28f84493 wp-block-columns-is-layout-flex\">\n<div class=\"wp-block-column is-layout-flow wp-block-column-is-layout-flow\" style=\"flex-basis:66.66%\">\n<p><strong> O arrefecimento por ev<\/strong> apora\u00e7\u00e3o \u00e9 um processo t\u00e9rmico que reduz a temperatura do ar ambiente, aproveitando a energia absorvida pela \u00e1gua quando esta se vaporiza. Quando a \u00e1gua entra em contacto com o ar quente, parte dela evapora-se. Esta mudan\u00e7a de estado requer a absor\u00e7\u00e3o de energia t\u00e9rmica. Este fluxo de calor do ar ambiente<strong>arrefece o ar circundante<\/strong>. Este fen\u00f3meno \u00e9 conhecido como adiab\u00e1tico, porque a energia t\u00e9rmica \u00e9 conservada no sistema \u00e1gua\/ar sem troca com o exterior.    <\/p>\n\n\n\n<h3 class=\"wp-block-heading\">O refrigerador adiab\u00e1tico: amplificar o fen\u00f3meno natural da evapora\u00e7\u00e3o<\/h3>\n\n\n\n<p>Le<strong> <\/strong><a href=\"https:\/\/obera.fr\/pt-pt\/produits\/rafraichisseurs-air\/\">refrigerador adiab\u00e1tico<\/a> optimiza o contacto entre o fluxo de ar e o fluxo de \u00e1gua atrav\u00e9s de um meio evaporativo. O meio evaporativo \u00e9, portanto, o componente-chave do aparelho e foi concebido para explorar ao m\u00e1ximo os princ\u00edpios <strong>termodin\u00e2micos da evapora\u00e7\u00e3o<\/strong>, gerando um efeito de arrefecimento mais intenso e eficaz.   <\/p>\n\n\n\n<h3 class=\"wp-block-heading\">Diferen\u00e7as com os sistemas de ar condicionado<\/h3>\n\n\n\n<p>Ao contr\u00e1rio de um aparelho de ar condicionado convencional, que tem um circuito de refrigera\u00e7\u00e3o e g\u00e1s refrigerante para baixar a temperatura, um<strong> refrigerador de ar utiliza \u00e1gua para arrefecer o ar ambiente<\/strong>. Este processo \u00e9 mais natural e envolve menos componentes complexos. Al\u00e9m disso, um refrigerador de ar n\u00e3o necessita de compressores e motores, apenas de um ventilador, pelo que consome muito menos energia. \u00c9, portanto, uma alternativa mais econ\u00f3mica e ecol\u00f3gica, perfeitamente adaptada aos grandes <strong>espa\u00e7os industriais<\/strong>.   <\/p>\n<\/div>\n\n\n\n<div class=\"wp-block-column is-layout-flow wp-block-column-is-layout-flow\" style=\"flex-basis:50%\">\n<figure class=\"wp-block-embed is-type-video is-provider-youtube wp-block-embed-youtube wp-embed-aspect-16-9 wp-has-aspect-ratio\"><div class=\"wp-block-embed__wrapper\">\n<iframe title=\"Rafraichisseur d&#039;air - Gamme IC - OberA\" width=\"1200\" height=\"675\" src=\"https:\/\/www.youtube.com\/embed\/NG-Ssy2oM70?feature=oembed\" frameborder=\"0\" allow=\"accelerometer; autoplay; clipboard-write; encrypted-media; gyroscope; picture-in-picture; web-share\" referrerpolicy=\"strict-origin-when-cross-origin\" allowfullscreen><\/iframe>\n<\/div><\/figure>\n\n\n\n<figure class=\"wp-block-image aligncenter size-full is-resized\"><img decoding=\"async\" width=\"600\" height=\"600\" src=\"https:\/\/obera.fr\/wp-content\/uploads\/2022\/12\/rafraichisseur-dair-instruction-1.png\" alt=\"instru&#xE7;&#xF5;es para o ambientador 1\" class=\"wp-image-17132\" style=\"width:242px;height:auto\" srcset=\"https:\/\/obera.fr\/wp-content\/uploads\/2022\/12\/rafraichisseur-dair-instruction-1.png 600w, https:\/\/obera.fr\/wp-content\/uploads\/2022\/12\/rafraichisseur-dair-instruction-1-300x300.png 300w, https:\/\/obera.fr\/wp-content\/uploads\/2022\/12\/rafraichisseur-dair-instruction-1-150x150.png 150w\" sizes=\"(max-width: 600px) 100vw, 600px\" \/><\/figure>\n<\/div>\n<\/div>\n\n<h2 class=\"wp-block-heading\">Vantagens dos refrigeradores de ar industriais  <\/h2>\n\n<h3 class=\"wp-block-heading\">Efici\u00eancia energ\u00e9tica<\/h3>\n\n<div class=\"wp-block-columns is-layout-flex wp-container-core-columns-is-layout-28f84493 wp-block-columns-is-layout-flex\">\n<div class=\"wp-block-column is-layout-flow wp-block-column-is-layout-flow\" style=\"flex-basis:33.33%\">\n<figure class=\"wp-block-image aligncenter size-large is-resized\"><img decoding=\"async\" width=\"1024\" height=\"1024\" src=\"https:\/\/obera.fr\/wp-content\/uploads\/2025\/01\/image-avantages-1024x1024.jpg\" alt=\"vantagens da imagem\" class=\"wp-image-57732\" style=\"width:107px;height:auto\" srcset=\"https:\/\/obera.fr\/wp-content\/uploads\/2025\/01\/image-avantages-1024x1024.jpg 1024w, https:\/\/obera.fr\/wp-content\/uploads\/2025\/01\/image-avantages-300x300.jpg 300w, https:\/\/obera.fr\/wp-content\/uploads\/2025\/01\/image-avantages-150x150.jpg 150w, https:\/\/obera.fr\/wp-content\/uploads\/2025\/01\/image-avantages-768x768.jpg 768w, https:\/\/obera.fr\/wp-content\/uploads\/2025\/01\/image-avantages-400x400.jpg 400w, https:\/\/obera.fr\/wp-content\/uploads\/2025\/01\/image-avantages-600x600.jpg 600w, https:\/\/obera.fr\/wp-content\/uploads\/2025\/01\/image-avantages.jpg 1200w\" sizes=\"(max-width: 1024px) 100vw, 1024px\" \/><\/figure>\n<\/div>\n\n\n\n<div class=\"wp-block-column is-layout-flow wp-block-column-is-layout-flow\" style=\"flex-basis:66.66%\">\n<p><strong>Os refrigeradores de ar industriais<\/strong> s\u00e3o muito mais eficientes em termos energ\u00e9ticos do que os sistemas de ar condicionado tradicionais. De facto, consomem, em m\u00e9dia, dez vezes menos eletricidade do que um aparelho de ar condicionado com compressor. A eletricidade nos <strong>refrigeradores adiab\u00e1ticos <\/strong>\u00e9 utilizada apenas para fazer circular a \u00e1gua e alimentar o ventilador. Al\u00e9m disso, a sua efici\u00eancia energ\u00e9tica aumenta com a temperatura ambiente, porque o ar quente promove a evapora\u00e7\u00e3o da \u00e1gua, o que melhora a capacidade de arrefecimento sem levar a um aumento significativo do consumo de energia, ao contr\u00e1rio dos aparelhos de ar condicionado. Isto reduz os custos energ\u00e9ticos a longo prazo e optimiza <strong>a efici\u00eancia das instala\u00e7\u00f5es industriais<\/strong>, satisfazendo as principais necessidades de arrefecimento.    <\/p>\n<\/div>\n<\/div>\n\n<h3 class=\"wp-block-heading\">Redu\u00e7\u00e3o do impacto ambiental<\/h3>\n\n<div class=\"wp-block-columns is-layout-flex wp-container-core-columns-is-layout-28f84493 wp-block-columns-is-layout-flex\">\n<div class=\"wp-block-column is-layout-flow wp-block-column-is-layout-flow\" style=\"flex-basis:33.33%\">\n<figure class=\"wp-block-image aligncenter size-large is-resized\"><img decoding=\"async\" width=\"1024\" height=\"1024\" src=\"https:\/\/obera.fr\/wp-content\/uploads\/2025\/01\/image-avantages-1024x1024.jpg\" alt=\"vantagens da imagem\" class=\"wp-image-57732\" style=\"width:113px;height:auto\" srcset=\"https:\/\/obera.fr\/wp-content\/uploads\/2025\/01\/image-avantages-1024x1024.jpg 1024w, https:\/\/obera.fr\/wp-content\/uploads\/2025\/01\/image-avantages-300x300.jpg 300w, https:\/\/obera.fr\/wp-content\/uploads\/2025\/01\/image-avantages-150x150.jpg 150w, https:\/\/obera.fr\/wp-content\/uploads\/2025\/01\/image-avantages-768x768.jpg 768w, https:\/\/obera.fr\/wp-content\/uploads\/2025\/01\/image-avantages-400x400.jpg 400w, https:\/\/obera.fr\/wp-content\/uploads\/2025\/01\/image-avantages-600x600.jpg 600w, https:\/\/obera.fr\/wp-content\/uploads\/2025\/01\/image-avantages.jpg 1200w\" sizes=\"(max-width: 1024px) 100vw, 1024px\" \/><\/figure>\n<\/div>\n\n\n\n<div class=\"wp-block-column is-layout-flow wp-block-column-is-layout-flow\" style=\"flex-basis:66.66%\">\n<p><strong>Os refrigeradores de ar industriais<\/strong> t\u00eam um impacto ambiental reduzido. Enquanto os aparelhos de ar condicionado utilizam gases refrigerantes, que podem ser prejudiciais para a camada de ozono e contribuir para o aquecimento global, os refrigeradores de ar utilizam apenas ar e \u00e1gua para funcionar. A aus\u00eancia de gases refrigerantes e de <strong>produtos qu\u00edmicos<\/strong> minimiza a pegada ecol\u00f3gica deste equipamento. Al\u00e9m disso, o processo adiab\u00e1tico n\u00e3o gera emiss\u00f5es poluentes, o que o torna uma op\u00e7\u00e3o muito mais ecol\u00f3gica e sustent\u00e1vel para as empresas preocupadas com o seu impacto ambiental.   <\/p>\n<\/div>\n<\/div>\n\n<h3 class=\"wp-block-heading\">F\u00e1cil de utilizar, instalar e manter<\/h3>\n\n<div class=\"wp-block-columns is-layout-flex wp-container-core-columns-is-layout-28f84493 wp-block-columns-is-layout-flex\">\n<div class=\"wp-block-column is-layout-flow wp-block-column-is-layout-flow\" style=\"flex-basis:33.33%\">\n<figure class=\"wp-block-image aligncenter size-large is-resized\"><img decoding=\"async\" width=\"1024\" height=\"1024\" src=\"https:\/\/obera.fr\/wp-content\/uploads\/2025\/01\/image-avantages-1024x1024.jpg\" alt=\"vantagens da imagem\" class=\"wp-image-57732\" style=\"width:113px;height:auto\" srcset=\"https:\/\/obera.fr\/wp-content\/uploads\/2025\/01\/image-avantages-1024x1024.jpg 1024w, https:\/\/obera.fr\/wp-content\/uploads\/2025\/01\/image-avantages-300x300.jpg 300w, https:\/\/obera.fr\/wp-content\/uploads\/2025\/01\/image-avantages-150x150.jpg 150w, https:\/\/obera.fr\/wp-content\/uploads\/2025\/01\/image-avantages-768x768.jpg 768w, https:\/\/obera.fr\/wp-content\/uploads\/2025\/01\/image-avantages-400x400.jpg 400w, https:\/\/obera.fr\/wp-content\/uploads\/2025\/01\/image-avantages-600x600.jpg 600w, https:\/\/obera.fr\/wp-content\/uploads\/2025\/01\/image-avantages.jpg 1200w\" sizes=\"(max-width: 1024px) 100vw, 1024px\" \/><\/figure>\n<\/div>\n\n\n\n<div class=\"wp-block-column is-layout-flow wp-block-column-is-layout-flow\" style=\"flex-basis:66.66%\">\n<p>Em compara\u00e7\u00e3o com os <strong>sistemas de ar condicionado tradicionais<\/strong> que requerem trabalhos complexos, como a instala\u00e7\u00e3o de condutas, compressores e cablagem especializada, os refrigeradores de ar podem ser instalados rapidamente e sem a necessidade de infra-estruturas dispendiosas. Al\u00e9m disso, est\u00e3o dispon\u00edveis modelos port\u00e1teis, que oferecem a m\u00e1xima flexibilidade. Em contrapartida, um aparelho de ar condicionado requer frequentemente uma sa\u00edda de ar instalada fora da divis\u00e3o e, mesmo quando m\u00f3vel, \u00e9 dif\u00edcil de deslocar facilmente. Os custos de assist\u00eancia e manuten\u00e7\u00e3o dos <strong>refrigeradores de ar<\/strong> s\u00e3o cerca de dez vezes inferiores aos dos aparelhos de ar condicionado tradicionais, gra\u00e7as \u00e0 sua conce\u00e7\u00e3o simples e ao n\u00famero limitado de componentes. Esta simplicidade reduz significativamente os custos operacionais a longo prazo e permite que as empresas beneficiem de um sistema de refrigera\u00e7\u00e3o eficiente sem o inc\u00f3modo da <strong>manuten\u00e7\u00e3o de um sistema de ar condicionado tradicional<\/strong>. Por fim, t\u00eam tamb\u00e9m pre\u00e7os mais atractivos.     <\/p>\n<\/div>\n<\/div>\n\n<h2 class=\"wp-block-heading\">Refrigeradores adiab\u00e1ticos em ambientes industriais<\/h2>\n\n<h3 class=\"wp-block-heading\">Tipos de ind\u00fastrias benefici\u00e1rias<\/h3>\n\n<p><strong>As unidades adiab\u00e1ticas <\/strong>s\u00e3o particularmente eficazes numa variedade de ind\u00fastrias onde o controlo da temperatura \u00e9 essencial para manter condi\u00e7\u00f5es de trabalho \u00f3ptimas. Sectores como o alimentar, industrial, qu\u00edmico, farmac\u00eautico, t\u00eaxtil e de impress\u00e3o s\u00e3o os maiores benefici\u00e1rios desta tecnologia. Nestes ambientes, <strong>as condi\u00e7\u00f5es t\u00e9rmicas elevadas<\/strong> podem afetar tanto a produtividade dos funcion\u00e1rios como a qualidade dos produtos. Estes refrigeradores industriais n\u00e3o s\u00f3 mant\u00eam um ambiente de trabalho fresco, como tamb\u00e9m evitam os riscos associados ao calor excessivo, como a degrada\u00e7\u00e3o das mat\u00e9rias-primas ou a deteriora\u00e7\u00e3o do equipamento sens\u00edvel ao calor. Nas <strong>f\u00e1bricas de produ\u00e7\u00e3o alimentar<\/strong>, por exemplo, a manuten\u00e7\u00e3o de uma temperatura est\u00e1vel \u00e9 essencial para cumprir as normas sanit\u00e1rias e garantir a qualidade dos produtos. Nas oficinas de fabrico, <strong>os refrigeradores de ar<\/strong> ajudam a regular a temperatura das m\u00e1quinas, prolongando a sua vida \u00fatil e optimizando o desempenho da produ\u00e7\u00e3o.     <\/p>\n\n<h3 class=\"wp-block-heading\">Adapta-te a diferentes ambientes de trabalho<\/h3>\n\n<div class=\"wp-block-columns is-layout-flex wp-container-core-columns-is-layout-28f84493 wp-block-columns-is-layout-flex\">\n<div class=\"wp-block-column is-layout-flow wp-block-column-is-layout-flow\" style=\"flex-basis:66.66%\">\n<p>Quer se trate de espa\u00e7os fechados, como armaz\u00e9ns, oficinas de fabrico ou grandes f\u00e1bricas, ou de espa\u00e7os abertos, como estaleiros de constru\u00e7\u00e3o, os refrigeradores de ar podem ser facilmente instalados para <strong>satisfazer as necessidades espec\u00edficas de cada tipo de ambiente<\/strong>. A sua capacidade para ajustar o caudal de ar e funcionar eficientemente apesar das varia\u00e7\u00f5es de humidade ou temperatura torna-os uma solu\u00e7\u00e3o flex\u00edvel para uma variedade de ambientes de trabalho. Al\u00e9m disso, podem ser configurados para funcionar de forma centralizada ou descentralizada, e ser fixos ou m\u00f3veis, consoante a dimens\u00e3o do espa\u00e7o a refrigerar. Esta versatilidade permite \u00e0s empresas adotar um <strong>sistema de refrigera\u00e7\u00e3o<\/strong> perfeitamente adaptado \u00e0 configura\u00e7\u00e3o do seu local e \u00e0s especificidades das suas actividades.   <\/p>\n<\/div>\n\n\n\n<div class=\"wp-block-column is-layout-flow wp-block-column-is-layout-flow\" style=\"flex-basis:33.33%\">\n<figure class=\"wp-block-image aligncenter size-large is-resized\"><img decoding=\"async\" width=\"1024\" height=\"1024\" src=\"https:\/\/obera.fr\/wp-content\/uploads\/2025\/02\/9-1024x1024.png\" alt=\"9\" class=\"wp-image-67897\" style=\"width:265px;height:auto\" srcset=\"https:\/\/obera.fr\/wp-content\/uploads\/2025\/02\/9-1024x1024.png 1024w, https:\/\/obera.fr\/wp-content\/uploads\/2025\/02\/9-300x300.png 300w, https:\/\/obera.fr\/wp-content\/uploads\/2025\/02\/9-150x150.png 150w, https:\/\/obera.fr\/wp-content\/uploads\/2025\/02\/9-768x768.png 768w, https:\/\/obera.fr\/wp-content\/uploads\/2025\/02\/9.png 1200w\" sizes=\"(max-width: 1024px) 100vw, 1024px\" \/><\/figure>\n<\/div>\n<\/div>\n\n<h2 class=\"wp-block-heading\">Escolher um arrefecedor de ar industrial  <\/h2>\n\n<h3 class=\"wp-block-heading\">Diferentes tipos de refrigeradores adiab\u00e1ticos<\/h3>\n\n<p>Ao <strong>escolher um refrigerador de ar industrial<\/strong>, \u00e9 importante compreender as diferen\u00e7as entre as unidades. Um arrefecedor direto tende a aumentar a humidade do ar fornecido. Este tipo \u00e9 particularmente eficaz em \u00e1reas secas onde a humidade pode ser ben\u00e9fica para melhorar o conforto t\u00e9rmico. Um arrefecedor indireto, por outro lado, arrefece a atmosfera mas n\u00e3o aumenta a humidade do ar ambiente, tornando-o adequado para ambientes onde os n\u00edveis de humidade devem ser mantidos baixos, como nas<strong> ind\u00fastrias farmac\u00eautica ou alimentar<\/strong>. A escolha do refrigerador deve ent\u00e3o ser ajustada de acordo com as dimens\u00f5es espec\u00edficas necess\u00e1rias para garantir uma efici\u00eancia \u00f3ptima no espa\u00e7o a refrigerar.    <\/p>\n\n<h3 class=\"wp-block-heading\">Dimensionamento  <\/h3>\n\n<p><strong>O dimensionamento do refrigerador de ar <\/strong>\u00e9 essencial e deve ter em conta a dimens\u00e3o do espa\u00e7o a refrigerar, o volume de ar a tratar e a capacidade de refrigera\u00e7\u00e3o pretendida. \u00c9 igualmente importante assegurar que a capacidade da unidade e o caudal de ar s\u00e3o adequados para garantir a efici\u00eancia do arrefecimento em todo o ambiente. A atividade espec\u00edfica da ind\u00fastria e o ambiente de trabalho devem ser tidos em conta na escolha do dispositivo adiab\u00e1tico adequado. Por exemplo, os espa\u00e7os com m\u00e1quinas que geram muito calor necessitam de um caudal de ar mais elevado, enquanto os espa\u00e7os mais sens\u00edveis \u00e0 <strong>polui\u00e7\u00e3o devem privilegiar modelos com uma melhor filtragem do ar<\/strong>. Para al\u00e9m disso, o tipo de edif\u00edcio existente (telhado, paredes, aberturas de janelas, etc.) tamb\u00e9m influenciar\u00e1 a efici\u00eancia do sistema escolhido.      <\/p>\n\n<p>Precisas de conselhos? Podemos ajudar-te a escolher o refrigerador de ar industrial adequado \u00e0s tuas necessidades. <\/p>\n\n<h2 class=\"wp-block-heading\">Conselhos para uma utiliza\u00e7\u00e3o \u00f3ptima<\/h2>\n\n<div class=\"wp-block-wpseopress-faq-block-v2 is-layout-flow wp-block-wpseopress-faq-block-v2-is-layout-flow\">\n<details id=\"comment-installer-un-rafraichisseur-dair\" class=\"wp-block-details is-layout-flow wp-block-details-is-layout-flow\"><summary>Como \u00e9 que instalo um arrefecedor de ar?<\/summary>\n<p>Quer seja fixo ou m\u00f3vel, o aparelho \u00e9 muito f\u00e1cil de instalar. Basta encher o dep\u00f3sito com \u00e1gua e ligar o aparelho a uma tomada de parede. <\/p>\n<\/details>\n\n\n\n<details id=\"comment-entretenir-un-rafraichisseur-dair\" class=\"wp-block-details is-layout-flow wp-block-details-is-layout-flow\"><summary>Como \u00e9 que fa\u00e7o a manuten\u00e7\u00e3o de um refrigerador de ar?<\/summary>\n<p>A manuten\u00e7\u00e3o \u00e9 simples: basta limpar os filtros, verificar o dep\u00f3sito de \u00e1gua, remover o p\u00f3 do filtro de ar e substituir o meio evaporativo, se necess\u00e1rio.<\/p>\n<\/details>\n\n\n\n<details id=\"comment-maximiser-lefficacite-de-votre-rafraichisseur-dair\" class=\"wp-block-details is-layout-flow wp-block-details-is-layout-flow\"><summary>Como podes maximizar a efici\u00eancia do teu refrigerador de ar?<\/summary>\n<p>Para maximizar a efici\u00eancia do teu refrigerador de ar adiab\u00e1tico, coloca-o numa sala bem ventilada e certifica-te de que existe um fluxo de ar constante.  <\/p>\n<\/details>\n<script type=\"application\/ld+json\">{\"@context\":\"https:\/\/schema.org\",\"@type\":\"FAQPage\",\"url\":\"https:\/\/obera.fr\/conseils\/comment-fonctionne-un-rafraichisseur-adiabatique\/\",\"@id\":\"https:\/\/obera.fr\/conseils\/comment-fonctionne-un-rafraichisseur-adiabatique\/\",\"mainEntity\":[{\"@type\":\"Question\",\"url\":\"https:\/\/obera.fr\/conseils\/comment-fonctionne-un-rafraichisseur-adiabatique\/#comment-installer-un-rafraichisseur-dair\",\"name\":\"Comment installer un rafra\u00eechisseur d\u2019air ?\",\"acceptedAnswer\":{\"@type\":\"Answer\",\"answerCount\":1,\"text\":\"&lt;p>Fixe ou mobile, l\u2019appareil est tr\u00e8s simple d\u2019installation. Remplissez le r\u00e9servoir d\u2019eau puis branchez l\u2019appareil \u00e0 une prise murale.&lt;\/p>\"}},{\"@type\":\"Question\",\"url\":\"https:\/\/obera.fr\/conseils\/comment-fonctionne-un-rafraichisseur-adiabatique\/#comment-entretenir-un-rafraichisseur-dair\",\"name\":\"Comment entretenir un rafra\u00eechisseur d\u2019air ?\",\"acceptedAnswer\":{\"@type\":\"Answer\",\"answerCount\":1,\"text\":\"&lt;p>Leur entretien est simple : il suffit de nettoyer les filtres, de v\u00e9rifier le r\u00e9servoir d'eau, de d\u00e9poussi\u00e9rer le filtre \u00e0 air et de remplacer le m\u00e9dia \u00e9vaporatif au besoin.&lt;\/p>\"}},{\"@type\":\"Question\",\"url\":\"https:\/\/obera.fr\/conseils\/comment-fonctionne-un-rafraichisseur-adiabatique\/#comment-maximiser-lefficacite-de-votre-rafraichisseur-dair\",\"name\":\"Comment maximiser l'efficacit\u00e9 de votre rafra\u00eechisseur d\u2019air ?\",\"acceptedAnswer\":{\"@type\":\"Answer\",\"answerCount\":1,\"text\":\"&lt;p>Pour maximiser l'efficacit\u00e9 de votre rafra\u00eechisseur d'air adiabatique, placez-le dans une pi\u00e8ce bien ventil\u00e9e et assurez-vous qu'il y a un flux d'air constant.&nbsp;&lt;\/p>\"}}]}<\/script><\/div>\n","protected":false},"excerpt":{"rendered":"<p>O arrefecimento adiab\u00e1tico baseia-se na capacidade natural da \u00e1gua de retirar do ar circundante o calor de que necessita para se evaporar. A base de qualquer sistema de arrefecimento adiab\u00e1tico \u00e9 imitar este fen\u00f3meno natural, maximizando simultaneamente a sua efici\u00eancia atrav\u00e9s de tecnologias adequadas. <\/p>\n","protected":false},"author":4,"featured_media":89967,"comment_status":"closed","ping_status":"closed","sticky":false,"template":"","format":"standard","meta":{"_acf_changed":false,"_seopress_robots_primary_cat":"none","_seopress_titles_title":"Comment fonctionne un rafra\u00eechisseur adiabatique\u00a0?","_seopress_titles_desc":"Le rafraichissement adiabatique fonctionne sur la capacit\u00e9 naturelle de l\u2019eau \u00e0 puiser dans l\u2019air ambiant l'\u00e9nergie pour son \u00e9vaporation.","_seopress_robots_index":"","footnotes":""},"categories":[55],"tags":[147],"class_list":["post-43454","post","type-post","status-publish","format-standard","has-post-thumbnail","hentry","category-nosso-conselho","tag-pequena-entrada","generate-columns","tablet-grid-50","mobile-grid-100","grid-parent","grid-50","no-featured-image-padding","resize-featured-image"],"acf":[],"_links":{"self":[{"href":"https:\/\/obera.fr\/pt-pt\/wp-json\/wp\/v2\/posts\/43454","targetHints":{"allow":["GET"]}}],"collection":[{"href":"https:\/\/obera.fr\/pt-pt\/wp-json\/wp\/v2\/posts"}],"about":[{"href":"https:\/\/obera.fr\/pt-pt\/wp-json\/wp\/v2\/types\/post"}],"author":[{"embeddable":true,"href":"https:\/\/obera.fr\/pt-pt\/wp-json\/wp\/v2\/users\/4"}],"replies":[{"embeddable":true,"href":"https:\/\/obera.fr\/pt-pt\/wp-json\/wp\/v2\/comments?post=43454"}],"version-history":[{"count":6,"href":"https:\/\/obera.fr\/pt-pt\/wp-json\/wp\/v2\/posts\/43454\/revisions"}],"predecessor-version":[{"id":77878,"href":"https:\/\/obera.fr\/pt-pt\/wp-json\/wp\/v2\/posts\/43454\/revisions\/77878"}],"wp:featuredmedia":[{"embeddable":true,"href":"https:\/\/obera.fr\/pt-pt\/wp-json\/wp\/v2\/media\/89967"}],"wp:attachment":[{"href":"https:\/\/obera.fr\/pt-pt\/wp-json\/wp\/v2\/media?parent=43454"}],"wp:term":[{"taxonomy":"category","embeddable":true,"href":"https:\/\/obera.fr\/pt-pt\/wp-json\/wp\/v2\/categories?post=43454"},{"taxonomy":"post_tag","embeddable":true,"href":"https:\/\/obera.fr\/pt-pt\/wp-json\/wp\/v2\/tags?post=43454"}],"curies":[{"name":"wp","href":"https:\/\/api.w.org\/{rel}","templated":true}]}}