{"id":43621,"date":"2021-10-29T19:00:20","date_gmt":"2021-10-29T17:00:20","guid":{"rendered":"https:\/\/obera.fr\/sem-categoria\/onde-posso-utilizar-um-sistema-de-arrefecimento-evaporativo\/"},"modified":"2025-05-07T08:58:53","modified_gmt":"2025-05-07T06:58:53","slug":"ou-utiliser-rafraichissement-evaporation","status":"publish","type":"post","link":"https:\/\/obera.fr\/pt-pt\/nosso-conselho\/ou-utiliser-rafraichissement-evaporation\/","title":{"rendered":"Onde posso utilizar a refrigera\u00e7\u00e3o evaporativa?"},"content":{"rendered":"\n<p>Os refrigeradores evaporativos podem ser utilizados numa grande variedade de aplica\u00e7\u00f5es. De um modo geral, s\u00e3o a melhor solu\u00e7\u00e3o para <strong>condi\u00e7\u00f5es de trabalho extremas<\/strong> e grandes superf\u00edcies onde <strong>a utiliza\u00e7\u00e3o de aparelhos de ar condicionado n\u00e3o \u00e9 poss\u00edvel<\/strong> e onde a <strong>pot\u00eancia de arrefecimento necess\u00e1ria \u00e9 demasiado elevada<\/strong>.   <\/p>\n\n<p>Os dom\u00ednios de aplica\u00e7\u00e3o mais comuns s\u00e3o indicados a seguir.<\/p>\n\n<h2 class=\"wp-block-heading\">Ind\u00fastria em geral<\/h2>\n\n<figure class=\"wp-block-image aligncenter size-full is-resized\"><img decoding=\"async\" width=\"1020\" height=\"175\" src=\"https:\/\/obera.fr\/wp-content\/uploads\/2021\/10\/Sans-titre-32.jpg\" alt=\"Ind&#xFA;stria em geral\" class=\"wp-image-7095\" style=\"width:1020px;height:175px\" srcset=\"https:\/\/obera.fr\/wp-content\/uploads\/2021\/10\/Sans-titre-32.jpg 1020w, https:\/\/obera.fr\/wp-content\/uploads\/2021\/10\/Sans-titre-32-300x51.jpg 300w, https:\/\/obera.fr\/wp-content\/uploads\/2021\/10\/Sans-titre-32-768x132.jpg 768w\" sizes=\"(max-width: 1020px) 100vw, 1020px\" \/><\/figure>\n\n<p>Ao utilizar fornos ou outro equipamento gerador de calor como parte dos seus processos de fabrico, muitas opera\u00e7\u00f5es industriais proporcionam ambientes de trabalho quentes durante todo o ano. As <strong>ind\u00fastrias do vidro, do a\u00e7o e dos pl\u00e1sticos<\/strong> s\u00e3o exemplos disso. Em <strong>instala\u00e7\u00f5es de produ\u00e7\u00e3o de v\u00e1rios andares<\/strong>, os problemas de calor aumentam \u00e0 medida que se sobe no interior do edif\u00edcio.  <\/p>\n\n<p>Al\u00e9m disso, muitas f\u00e1bricas s\u00e3o relativamente antigas e n\u00e3o foram concebidas para lidar com o calor excessivo, segundo os padr\u00f5es modernos. O sol aquece-as rapidamente, o que pode dar aos trabalhadores a impress\u00e3o de estarem a trabalhar num forno. Esta situa\u00e7\u00e3o n\u00e3o s\u00f3 afecta <strong>a produtividade<\/strong>, como tamb\u00e9m pode ter um <strong>impacto do ponto de vista jur\u00eddico<\/strong>. As leis e regulamentos europeus est\u00e3o a tornar-se mais rigorosos e, em alguns locais, s\u00e3o necess\u00e1rias <strong>pausas adicionais<\/strong> quando a temperatura ultrapassa um determinado limite. O calor tamb\u00e9m pode afetar <strong>as m\u00e1quinas<\/strong>, aumentando o risco de avarias ou falhas (compressores, bombas, unidades hidr\u00e1ulicas, quadros de controlo, etc.).    <\/p>\n\n<p>Dependendo dos requisitos, <strong>os refrigeradores<\/strong><strong> de ar evaporativos port\u00e1teis<\/strong> podem <a href=\"https:\/\/obera.fr\/pt-pt\/nosso-conselho\/choisir-rafraichisseur-d-air-industriel-reguler-temperature\/\">fornecer a capacidade de arrefecimento necess\u00e1ria<\/a>. Nas f\u00e1bricas, certas \u00e1reas s\u00e3o frequentemente mais quentes do que o resto da f\u00e1brica. As temperaturas elevadas nestas \u00e1reas espec\u00edficas podem dever-se ao calor causado pela maquinaria ou por um processo de fabrico, ou simplesmente porque h\u00e1 muitas pessoas a trabalhar nessa \u00e1rea espec\u00edfica. Com os arrefecedores port\u00e1teis, podes <strong>concentrar-te eficazmente nestas \u00e1reas quentes<\/strong>.   <\/p>\n\n<h2 class=\"wp-block-heading\">Autom\u00f3vel<\/h2>\n\n<figure class=\"wp-block-image aligncenter size-full is-resized\"><img decoding=\"async\" width=\"1020\" height=\"175\" src=\"https:\/\/obera.fr\/wp-content\/uploads\/2021\/10\/Sans-titre-33.jpg\" alt=\"Setor autom&#xF3;vel\" class=\"wp-image-7096\" style=\"width:1020px;height:175px\" srcset=\"https:\/\/obera.fr\/wp-content\/uploads\/2021\/10\/Sans-titre-33.jpg 1020w, https:\/\/obera.fr\/wp-content\/uploads\/2021\/10\/Sans-titre-33-300x51.jpg 300w, https:\/\/obera.fr\/wp-content\/uploads\/2021\/10\/Sans-titre-33-768x132.jpg 768w\" sizes=\"(max-width: 1020px) 100vw, 1020px\" \/><\/figure>\n\n<p><a href=\"https:\/\/obera.fr\/pt-pt\/nosso-conselho\/rafraichissement-air-evaporation-production-automobile\/\" data-type=\"URL\" data-id=\"https:\/\/obera.fr\/conseils\/rafraichissement-air-evaporation-production-automobile\/\">A ind\u00fastria autom\u00f3vel<\/a> e alguns dos seus fornecedores<strong>(f\u00e1bricas de pneus, fabricantes de vidros para autom\u00f3veis, fundi\u00e7\u00f5es, forjas, caixas de velocidades<\/strong>, etc.) geram muito calor durante o dia.<\/p>\n\n<p>Uma oficina de repara\u00e7\u00e3o, garagem de autom\u00f3veis ou centro de pneus tem muitas vezes as portas abertas e utiliza simples ventoinhas para tentar fazer circular um pouco o ar. No entanto, as ventoinhas servem apenas para movimentar o ar quente sem arrefecer as pessoas. <strong>Os refrigeradores evaporativos<\/strong> oferecem um melhor resultado porque <strong>geram frescura e o fluxo de ar \u00e9 ajust\u00e1vel<\/strong> para se adaptar a espa\u00e7os de trabalho pequenos e grandes.  <\/p>\n\n<h2 class=\"wp-block-heading\">Avia\u00e7\u00e3o<\/h2>\n\n<figure class=\"wp-block-image aligncenter size-full is-resized\"><img decoding=\"async\" width=\"1020\" height=\"175\" src=\"https:\/\/obera.fr\/wp-content\/uploads\/2021\/10\/Sans-titre-34.jpg\" alt=\"Setor da avia&#xE7;&#xE3;o\" class=\"wp-image-7097\" style=\"width:1020px;height:175px\" srcset=\"https:\/\/obera.fr\/wp-content\/uploads\/2021\/10\/Sans-titre-34.jpg 1020w, https:\/\/obera.fr\/wp-content\/uploads\/2021\/10\/Sans-titre-34-300x51.jpg 300w, https:\/\/obera.fr\/wp-content\/uploads\/2021\/10\/Sans-titre-34-768x132.jpg 768w\" sizes=\"(max-width: 1020px) 100vw, 1020px\" \/><\/figure>\n\n<p>As solu\u00e7\u00f5es <strong>de refrigera\u00e7\u00e3o para o sector da avia\u00e7\u00e3o<\/strong> s\u00e3o sempre muito procuradas. Um hangar \u00e9 muito dif\u00edcil de arrefecer devido aos tectos altos e \u00e0s portas frequentemente abertas. Neste caso, a utiliza\u00e7\u00e3o de solu\u00e7\u00f5es <strong>de refrigera\u00e7\u00e3o port\u00e1teis \u00e9 ideal para refrigerar uma \u00e1rea de trabalho espec\u00edfica<\/strong>. Arrefecer todo o espa\u00e7o interior seria um desperd\u00edcio de dinheiro. Para uma flexibilidade total, os refrigeradores est\u00e3o equipados com rod\u00edzios para poderem ser deslocados conforme necess\u00e1rio.    <\/p>\n\n<p>Com a capacidade de <strong>canalizar o ar frio<\/strong>, tamb\u00e9m \u00e9 poss\u00edvel <strong>arrefecer o interior dos avi\u00f5es<\/strong>. As nossas geleiras evaporativas s\u00e3o ideais para \u00e1reas grandes e bem ventiladas, mas tamb\u00e9m podem ser utilizadas no exterior &#8211; ideal para alguns ex\u00e9rcitos que utilizam geleiras evaporativas para a manuten\u00e7\u00e3o exterior dos seus helic\u00f3pteros e avi\u00f5es porque n\u00e3o t\u00eam acesso a um hangar.   <\/p>\n\n<h2 class=\"wp-block-heading\">Agricultura<\/h2>\n\n<figure class=\"wp-block-image aligncenter size-full\"><img decoding=\"async\" width=\"1020\" height=\"175\" src=\"https:\/\/obera.fr\/wp-content\/uploads\/2021\/10\/Sans-titre-35.jpg\" alt=\"Setor agr&#xED;cola\" class=\"wp-image-7098\" srcset=\"https:\/\/obera.fr\/wp-content\/uploads\/2021\/10\/Sans-titre-35.jpg 1020w, https:\/\/obera.fr\/wp-content\/uploads\/2021\/10\/Sans-titre-35-300x51.jpg 300w, https:\/\/obera.fr\/wp-content\/uploads\/2021\/10\/Sans-titre-35-768x132.jpg 768w\" sizes=\"(max-width: 1020px) 100vw, 1020px\" \/><\/figure>\n\n<p><strong>As temperaturas elevadas podem ter um impacto negativo nos animais<\/strong> (menos ovos e leite, por exemplo). As galinhas, por exemplo, n\u00e3o transpiram, pelo que, quando est\u00e1 muito calor, podem adoecer ou mesmo morrer. <\/p>\n\n<p>Com as nossas solu\u00e7\u00f5es de arrefecimento evaporativo, <strong>as temperaturas podem ser reduzidas de forma f\u00e1cil e eficaz<\/strong>, criando um clima confort\u00e1vel no interior de est\u00e1bulos ou galinheiros.<\/p>\n\n<h2 class=\"wp-block-heading\">Ex\u00e9rcito<\/h2>\n\n<figure class=\"wp-block-image aligncenter size-full is-resized\"><img decoding=\"async\" width=\"1020\" height=\"175\" src=\"https:\/\/obera.fr\/wp-content\/uploads\/2021\/10\/Sans-titre-36.jpg\" alt=\"Setor do ex&#xE9;rcito\" class=\"wp-image-7099\" style=\"width:1020px;height:175px\" srcset=\"https:\/\/obera.fr\/wp-content\/uploads\/2021\/10\/Sans-titre-36.jpg 1020w, https:\/\/obera.fr\/wp-content\/uploads\/2021\/10\/Sans-titre-36-300x51.jpg 300w, https:\/\/obera.fr\/wp-content\/uploads\/2021\/10\/Sans-titre-36-768x132.jpg 768w\" sizes=\"(max-width: 1020px) 100vw, 1020px\" \/><\/figure>\n\n<p>Muitas aplica\u00e7\u00f5es militares <strong>requerem a utiliza\u00e7\u00e3o de solu\u00e7\u00f5es de arrefecimento evaporativo<\/strong>. Devido \u00e0 sua durabilidade e utiliza\u00e7\u00e3o pr\u00e1tica, somos o fornecedor preferido de muitos ex\u00e9rcitos. Muitas miss\u00f5es militares t\u00eam lugar em \u00c1frica, no M\u00e9dio Oriente e em ambientes semelhantes com temperaturas extremamente quentes, que requerem a utiliza\u00e7\u00e3o de solu\u00e7\u00f5es de arrefecimento. Nestas situa\u00e7\u00f5es, s\u00e3o utilizadas <strong>unidades m\u00f3veis<\/strong>, que s\u00e3o <strong>f\u00e1ceis de transportar e utilizar<\/strong>.  <\/p>\n\n<h2 class=\"wp-block-heading\">Tendas e eventos<\/h2>\n\n<figure class=\"wp-block-image aligncenter size-full is-resized\"><img decoding=\"async\" width=\"1020\" height=\"175\" src=\"https:\/\/obera.fr\/wp-content\/uploads\/2021\/10\/Sans-titre-37.jpg\" alt=\"Setor do ex&#xE9;rcito\" class=\"wp-image-7100\" style=\"width:1020px;height:175px\" srcset=\"https:\/\/obera.fr\/wp-content\/uploads\/2021\/10\/Sans-titre-37.jpg 1020w, https:\/\/obera.fr\/wp-content\/uploads\/2021\/10\/Sans-titre-37-300x51.jpg 300w, https:\/\/obera.fr\/wp-content\/uploads\/2021\/10\/Sans-titre-37-768x132.jpg 768w\" sizes=\"(max-width: 1020px) 100vw, 1020px\" \/><\/figure>\n\n<p>Em eventos com muitas pessoas e em dias quentes de ver\u00e3o, pode ficar extremamente quente. Com equipamentos como o nosso <strong>ecoCLIM 30<\/strong>, podes <strong>arrefecer mais de 300m2<\/strong>, criando um clima ideal dentro e \u00e0 volta das tendas. Uma vez ligado a uma fonte de \u00e1gua ou ap\u00f3s enchimento manual, esta solu\u00e7\u00e3o oferece um <a href=\"https:\/\/obera.fr\/pt-pt\/nosso-conselho\/rafraichisseur-air-salle-sport\/\">arrefecimento instant\u00e2neo e totalmente m\u00f3vel<\/a>, sem necessitar de muito esfor\u00e7o.  <\/p>\n\n<h2 class=\"wp-block-heading\">Log\u00edstica<\/h2>\n\n<figure class=\"wp-block-image aligncenter size-full is-resized\"><img decoding=\"async\" width=\"1020\" height=\"175\" src=\"https:\/\/obera.fr\/wp-content\/uploads\/2021\/10\/Sans-titre-38.jpg\" alt=\"Setor da log&#xED;stica\" class=\"wp-image-7101\" style=\"width:1020px;height:175px\" srcset=\"https:\/\/obera.fr\/wp-content\/uploads\/2021\/10\/Sans-titre-38.jpg 1020w, https:\/\/obera.fr\/wp-content\/uploads\/2021\/10\/Sans-titre-38-300x51.jpg 300w, https:\/\/obera.fr\/wp-content\/uploads\/2021\/10\/Sans-titre-38-768x132.jpg 768w\" sizes=\"(max-width: 1020px) 100vw, 1020px\" \/><\/figure>\n\n<p><strong>Os refrigeradores<\/strong><strong> de ar por evapora\u00e7\u00e3o<\/strong> n\u00e3o podem criar uma temperatura espec\u00edfica garantida, como 23 graus no m\u00e1ximo. Em vez disso, <strong>arrefecer\u00e3o o ar entre 3 e 12\u00b0C<\/strong>, dependendo da <strong>temperatura, humidade e ventila\u00e7\u00e3o do ar circundante<\/strong>. Os centros log\u00edsticos que pretendam<a href=\"https:\/\/obera.fr\/pt-pt\/nosso-conselho\/comment-rafraichir-un-entrepot\/\"> arrefecer um armaz\u00e9m<\/a> devem ter o cuidado de escolher uma solu\u00e7\u00e3o que satisfa\u00e7a os seus requisitos espec\u00edficos. Por exemplo, o<a href=\"https:\/\/obera.fr\/pt-pt\/nosso-conselho\/rafraichisseur-dair-adiabatique-mobile-une-solution-souple-et-pratique-pour-lindustriel\/\"> arrefecimento por pontos m\u00f3veis<\/a> \u00e9 ideal para arrefecer <strong>as \u00e1reas de carga\/descarga<\/strong>. Para <strong>arrefecer um armaz\u00e9m inteiro<\/strong>, \u00e9 necess\u00e1rio um sistema <strong>de arrefecimento fixo<\/strong>.    <\/p>\n\n<p>O<strong>interior dos cami\u00f5es ou contentores de transporte<\/strong> tamb\u00e9m pode ficar muito quente quando exposto \u00e0 luz solar direta. Por vezes, chega ao ponto de ser quase imposs\u00edvel descarreg\u00e1-los. <strong>As solu\u00e7\u00f5es port\u00e1teis<\/strong> ajudar\u00e3o a <strong>reduzir a temperatura o suficiente<\/strong> para que o pessoal possa carregar ou descarregar cami\u00f5es, contentores e muito mais.  <\/p>\n\n<h2 class=\"wp-block-heading\">Outros<\/h2>\n\n<p>Em geral, o arrefecimento evaporativo \u00e9 uma excelente escolha para a maioria dos espa\u00e7os grandes e parcial ou totalmente abertos. Os exemplos incluem <strong>estufas, pavilh\u00f5es desportivos, igrejas ou centros de fitness<\/strong>. Muitas vezes, para estas aplica\u00e7\u00f5es, n\u00e3o existem alternativas realistas que forne\u00e7am a quantidade certa de arrefecimento de uma forma financeiramente vi\u00e1vel.  <\/p>\n\n<div class=\"wp-block-buttons is-horizontal is-content-justification-center is-layout-flex wp-container-core-buttons-is-layout-03627597 wp-block-buttons-is-layout-flex\">\n<div class=\"wp-block-button\"><a class=\"wp-block-button__link wp-element-button\" href=\"https:\/\/obera.fr\/pt-pt\/nosso-conselho\/faq-refrigeradores-de-ar-adiabaticos\/\">FAQ Refrigeradores de ar adiab\u00e1ticos<\/a><\/div>\n<\/div>\n","protected":false},"excerpt":{"rendered":"<p>Os refrigeradores evaporativos s\u00e3o a melhor solu\u00e7\u00e3o para condi\u00e7\u00f5es de trabalho extremas e grandes superf\u00edcies onde n\u00e3o \u00e9 poss\u00edvel utilizar unidades de ar condicionado e onde a capacidade de arrefecimento necess\u00e1ria \u00e9 demasiado elevada.  <\/p>\n","protected":false},"author":4,"featured_media":97531,"comment_status":"closed","ping_status":"closed","sticky":false,"template":"","format":"standard","meta":{"_acf_changed":false,"_seopress_robots_primary_cat":"none","_seopress_titles_title":"Onde posso utilizar o meu refrigerador de ar evaporativo ou adiab\u00e1tico?","_seopress_titles_desc":"Onde posso utilizar o meu ambientador adiab\u00e1tico? Os nossos diferentes modelos correspondem a diferentes sectores de atividade. Descobre mais na nossa nova sec\u00e7\u00e3o de conselhos. ","_seopress_robots_index":"","footnotes":""},"categories":[55],"tags":[147],"class_list":["post-43621","post","type-post","status-publish","format-standard","has-post-thumbnail","hentry","category-nosso-conselho","tag-pequena-entrada","generate-columns","tablet-grid-50","mobile-grid-100","grid-parent","grid-50","no-featured-image-padding","resize-featured-image"],"acf":[],"_links":{"self":[{"href":"https:\/\/obera.fr\/pt-pt\/wp-json\/wp\/v2\/posts\/43621","targetHints":{"allow":["GET"]}}],"collection":[{"href":"https:\/\/obera.fr\/pt-pt\/wp-json\/wp\/v2\/posts"}],"about":[{"href":"https:\/\/obera.fr\/pt-pt\/wp-json\/wp\/v2\/types\/post"}],"author":[{"embeddable":true,"href":"https:\/\/obera.fr\/pt-pt\/wp-json\/wp\/v2\/users\/4"}],"replies":[{"embeddable":true,"href":"https:\/\/obera.fr\/pt-pt\/wp-json\/wp\/v2\/comments?post=43621"}],"version-history":[{"count":3,"href":"https:\/\/obera.fr\/pt-pt\/wp-json\/wp\/v2\/posts\/43621\/revisions"}],"predecessor-version":[{"id":97601,"href":"https:\/\/obera.fr\/pt-pt\/wp-json\/wp\/v2\/posts\/43621\/revisions\/97601"}],"wp:featuredmedia":[{"embeddable":true,"href":"https:\/\/obera.fr\/pt-pt\/wp-json\/wp\/v2\/media\/97531"}],"wp:attachment":[{"href":"https:\/\/obera.fr\/pt-pt\/wp-json\/wp\/v2\/media?parent=43621"}],"wp:term":[{"taxonomy":"category","embeddable":true,"href":"https:\/\/obera.fr\/pt-pt\/wp-json\/wp\/v2\/categories?post=43621"},{"taxonomy":"post_tag","embeddable":true,"href":"https:\/\/obera.fr\/pt-pt\/wp-json\/wp\/v2\/tags?post=43621"}],"curies":[{"name":"wp","href":"https:\/\/api.w.org\/{rel}","templated":true}]}}