{"id":45344,"date":"2020-11-20T16:36:00","date_gmt":"2020-11-20T14:36:00","guid":{"rendered":"https:\/\/obera.fr\/sem-categoria\/poluicao-atmosferica-impacto-na-saude\/"},"modified":"2025-05-07T11:05:47","modified_gmt":"2025-05-07T09:05:47","slug":"pollution-air-impact-sante","status":"publish","type":"post","link":"https:\/\/obera.fr\/pt-pt\/nosso-conselho\/pollution-air-impact-sante\/","title":{"rendered":"Polui\u00e7\u00e3o atmosf\u00e9rica: impacto na sa\u00fade"},"content":{"rendered":"\n<h2 class=\"wp-block-heading\" id=\"maladies-dues-a-la-qualite-de-l-air\">Doen\u00e7as causadas pela qualidade do ar<\/h2>\n\n<p>Nunca encorajarias o teu filho a respirar os gases de escape! E, no entanto, ao viveres numa atmosfera polu\u00edda, absorves involuntariamente um grande volume de part\u00edculas nocivas. <\/p>\n\n<p>A poeira \u00e9 nociva pela sua pr\u00f3pria natureza, mas tamb\u00e9m devido \u00e0 sua <a href=\"https:\/\/obera.fr\/pt-pt\/nosso-conselho\/facteurs-de-risque\/\" data-type=\"post\" data-id=\"1837\" target=\"_blank\" rel=\"noreferrer noopener\">biopersist\u00eancia<\/a>. Al\u00e9m disso, as part\u00edculas fundem-se frequentemente com poluentes qu\u00edmicos. Estes ficam retidos no teu corpo e podem potencialmente passar atrav\u00e9s das membranas mucosas alveolares para a corrente sangu\u00ednea.  <\/p>\n\n<p>Finalmente, as poeiras s\u00e3o constitu\u00eddas por poluentes f\u00edsicos, qu\u00edmicos e biol\u00f3gicos. Estes poluentes provocam doen\u00e7as ligadas \u00e0 exposi\u00e7\u00e3o a part\u00edculas finas, tais como : <\/p>\n\n<ul class=\"wp-block-list\">\n<li>Asma<\/li>\n\n\n\n<li>Alergias<\/li>\n\n\n\n<li>Dor de cabe\u00e7a<\/li>\n\n\n\n<li>N\u00e1useas (especialmente no caso dos COV)<\/li>\n\n\n\n<li>Irrita\u00e7\u00e3o\/inflama\u00e7\u00e3o do trato respirat\u00f3rio<\/li>\n\n\n\n<li>Traque\u00edte\/bronquite<\/li>\n\n\n\n<li>Doen\u00e7as das vias respirat\u00f3rias<\/li>\n\n\n\n<li>Fibrose pulmonar<\/li>\n\n\n\n<li>Cancros<\/li>\n<\/ul>\n\n<figure class=\"wp-block-image alignwide size-large\"><img decoding=\"async\" width=\"1024\" height=\"368\" src=\"https:\/\/obera.fr\/wp-content\/uploads\/2020\/11\/impact-sante-1024x368.jpg\" alt=\"Impacto Sante\" class=\"wp-image-1850\" srcset=\"https:\/\/obera.fr\/wp-content\/uploads\/2020\/11\/impact-sante-1024x368.jpg 1024w, https:\/\/obera.fr\/wp-content\/uploads\/2020\/11\/impact-sante-300x108.jpg 300w, https:\/\/obera.fr\/wp-content\/uploads\/2020\/11\/impact-sante-768x276.jpg 768w, https:\/\/obera.fr\/wp-content\/uploads\/2020\/11\/impact-sante-1536x552.jpg 1536w, https:\/\/obera.fr\/wp-content\/uploads\/2020\/11\/impact-sante.jpg 1920w\" sizes=\"(max-width: 1024px) 100vw, 1024px\" \/><\/figure>\n\n<h2 class=\"wp-block-heading\" id=\"les-maladies-professionnelles-specifiques-a-une-mauvaise-qualite-de-l-air\">Doen\u00e7as profissionais espec\u00edficas da m\u00e1 qualidade do ar<\/h2>\n\n<p>Certos sectores de atividade concentram doen\u00e7as profissionais espec\u00edficas. A mais conhecida \u00e9 o cancro do pulm\u00e3o, no caso dos trabalhadores em contacto com o amianto. <\/p>\n\n<p>Os riscos para o organismo dependem da frequ\u00eancia da exposi\u00e7\u00e3o, da quantidade de part\u00edculas inaladas e da natureza das part\u00edculas.<\/p>\n\n<p>De um modo geral, se o n\u00edvel de poeiras PM 2,5 for elevado, qualquer tipo de part\u00edcula \u00e9 suscet\u00edvel de provocar cancro. Por conseguinte, \u00e9 essencial que tomes medidas adequadas. <\/p>\n","protected":false},"excerpt":{"rendered":"<p>Nunca encorajarias o teu filho a respirar os gases de escape! E, no entanto, ao viveres numa atmosfera polu\u00edda, est\u00e1s a absorver, sem querer, um grande volume de part\u00edculas nocivas. Que doen\u00e7as s\u00e3o causadas pela m\u00e1 qualidade do ar?  <\/p>\n","protected":false},"author":4,"featured_media":82034,"comment_status":"closed","ping_status":"closed","sticky":false,"template":"","format":"standard","meta":{"_acf_changed":false,"_seopress_robots_primary_cat":"none","_seopress_titles_title":"Polui\u00e7\u00e3o atmosf\u00e9rica: impacto na sa\u00fade","_seopress_titles_desc":"A poeira \u00e9 nociva pela sua pr\u00f3pria natureza, mas tamb\u00e9m devido \u00e0 sua biopersist\u00eancia. As part\u00edculas misturam-se frequentemente com poluentes qu\u00edmicos. ","_seopress_robots_index":"","footnotes":""},"categories":[55],"tags":[],"class_list":["post-45344","post","type-post","status-publish","format-standard","has-post-thumbnail","hentry","category-nosso-conselho","generate-columns","tablet-grid-50","mobile-grid-100","grid-parent","grid-50","no-featured-image-padding","resize-featured-image"],"acf":[],"_links":{"self":[{"href":"https:\/\/obera.fr\/pt-pt\/wp-json\/wp\/v2\/posts\/45344","targetHints":{"allow":["GET"]}}],"collection":[{"href":"https:\/\/obera.fr\/pt-pt\/wp-json\/wp\/v2\/posts"}],"about":[{"href":"https:\/\/obera.fr\/pt-pt\/wp-json\/wp\/v2\/types\/post"}],"author":[{"embeddable":true,"href":"https:\/\/obera.fr\/pt-pt\/wp-json\/wp\/v2\/users\/4"}],"replies":[{"embeddable":true,"href":"https:\/\/obera.fr\/pt-pt\/wp-json\/wp\/v2\/comments?post=45344"}],"version-history":[{"count":3,"href":"https:\/\/obera.fr\/pt-pt\/wp-json\/wp\/v2\/posts\/45344\/revisions"}],"predecessor-version":[{"id":99679,"href":"https:\/\/obera.fr\/pt-pt\/wp-json\/wp\/v2\/posts\/45344\/revisions\/99679"}],"wp:featuredmedia":[{"embeddable":true,"href":"https:\/\/obera.fr\/pt-pt\/wp-json\/wp\/v2\/media\/82034"}],"wp:attachment":[{"href":"https:\/\/obera.fr\/pt-pt\/wp-json\/wp\/v2\/media?parent=45344"}],"wp:term":[{"taxonomy":"category","embeddable":true,"href":"https:\/\/obera.fr\/pt-pt\/wp-json\/wp\/v2\/categories?post=45344"},{"taxonomy":"post_tag","embeddable":true,"href":"https:\/\/obera.fr\/pt-pt\/wp-json\/wp\/v2\/tags?post=45344"}],"curies":[{"name":"wp","href":"https:\/\/api.w.org\/{rel}","templated":true}]}}