{"id":67468,"date":"2021-09-04T19:00:00","date_gmt":"2021-09-04T17:00:00","guid":{"rendered":"https:\/\/obera.fr\/nosso-conselho\/purificateurs-air-efficaces-coronavirus\/"},"modified":"2025-05-07T08:58:54","modified_gmt":"2025-05-07T06:58:54","slug":"purificateurs-air-efficaces-coronavirus","status":"publish","type":"post","link":"https:\/\/obera.fr\/pt-pt\/nosso-conselho\/purificateurs-air-efficaces-coronavirus\/","title":{"rendered":"Um guia para a efic\u00e1cia dos purificadores de ar contra v\u00edrus, COVID-19, coronav\u00edrus e bact\u00e9rias"},"content":{"rendered":"\n<p><strong> O v\u00edrus da COVID-19 <\/strong>apareceu em<strong> Fran\u00e7a <\/strong>no final de 2019 e n\u00e3o parece estar pronto para desaparecer. Est\u00e3o tamb\u00e9m a aparecer variantes do SARS-CoV-2, como o Omicron. Em resposta \u00e0 propaga\u00e7\u00e3o deste v\u00edrus, o SARS-CoV-2, \u00e9 imperativo quebrar as cadeias de transmiss\u00e3o a todo o custo. A sa\u00fade de todos est\u00e1 em jogo, e at\u00e9 mesmo a vida de algumas pessoas em casos extremos. O risco de infe\u00e7\u00e3o no trabalho, na escola, nos edif\u00edcios p\u00fablicos e, em geral, em todos os locais abertos ao p\u00fablico \u00e9 consider\u00e1vel.      <\/p>\n\n<p>O nosso guia analisa<strong> as solu\u00e7\u00f5es da OBERA para controlo e purifica\u00e7\u00e3o do ar<\/strong>. Garante a sa\u00fade e a seguran\u00e7a das tuas instala\u00e7\u00f5es, oferecendo ar purificado aos teus clientes e funcion\u00e1rios, com um purificador de ar eficaz contra a COVID-19. <\/p>\n\n\n<h2 class=\"wp-block-heading\">Como podes purificar o ar das instala\u00e7\u00f5es comerciais e das \u00e1reas p\u00fablicas de v\u00edrus e bact\u00e9rias?<\/h2>\n\n<div class=\"wp-block-columns is-layout-flex wp-container-core-columns-is-layout-28f84493 wp-block-columns-is-layout-flex\">\n<div class=\"wp-block-column is-layout-flow wp-block-column-is-layout-flow\" style=\"flex-basis:45%\">\n<p>Uma troca de ar eficaz reduz a concentra\u00e7\u00e3o de aeross\u00f3is nas divis\u00f5es. <strong>Os especialistas recomendam uma ventila\u00e7\u00e3o regular e vigorosa <\/strong>para reduzir o risco de transmiss\u00e3o de v\u00edrus e bact\u00e9rias dentro de uma divis\u00e3o.  <\/p>\n\n\n\n<p>No entanto, nem todos os espa\u00e7os interiores t\u00eam ventila\u00e7\u00e3o suficiente. \u00c9 o caso de alguns escrit\u00f3rios, salas de confer\u00eancia, salas de aula, lojas, oficinas e armaz\u00e9ns. <\/p>\n\n\n\n<p><a href=\"https:\/\/obera.fr\/conseils\/purifier-air-contre-covid-locaux-entreprise-tertiaires\/\" data-type=\"post\" data-id=\"6745\">Os purificadores de ar OBERA s\u00e3o a <strong>solu\u00e7\u00e3o ideal para o tratamento do ar interior em espa\u00e7os fechados ou com pouca ventila\u00e7\u00e3o<\/strong><\/a>.<\/p>\n\n\n\n<p>A utiliza\u00e7\u00e3o de um purificador de ar COVID-19 \u00e9, no entanto, muito \u00fatil em divis\u00f5es com janelas. A simples abertura das janelas apenas permite uma ventila\u00e7\u00e3o parcial. Al\u00e9m disso, no inverno, provoca uma r\u00e1pida descida da temperatura ambiente.    <\/p>\n\n\n\n<p><strong>S\u00f3 a ventila\u00e7\u00e3o for\u00e7ada com um purificador de ar COVID-19<\/strong> garante uma descontamina\u00e7\u00e3o eficaz do ar ambiente. O ar filtrado desta forma \u00e9 purificado da maioria dos v\u00edrus e bact\u00e9rias. <\/p>\n<\/div>\n\n\n\n<div class=\"wp-block-column is-layout-flow wp-block-column-is-layout-flow\" style=\"flex-basis:55%\">\n<figure class=\"wp-block-embed is-type-video is-provider-youtube wp-block-embed-youtube wp-embed-aspect-4-3 wp-has-aspect-ratio\"><div class=\"wp-block-embed__wrapper\">\nhttps:\/\/www.youtube.com\/watch?v=A6eb1_zlk6g\n<\/div><\/figure>\n<\/div>\n<\/div>\n\n<h2 class=\"wp-block-heading\">Pode um sensor de CO2 ser utilizado para medir os n\u00edveis de CO2 para evitar a transmiss\u00e3o da COVID-19?<\/h2>\n\n<figure class=\"wp-block-image alignright size-full\"><img decoding=\"async\" width=\"300\" height=\"212\" src=\"https:\/\/obera.fr\/wp-content\/uploads\/2021\/11\/Capteur_CO2_OBCARE.png\" alt=\"sensor de co2 obcare\" class=\"wp-image-7611\"\/><figcaption class=\"wp-element-caption\">Sensor de CO2 OBCARE<\/figcaption><\/figure>\n\n<p>Um n\u00edvel elevado de CO2 (di\u00f3xido de carbono) no ar ambiente indica um risco elevado de transmiss\u00e3o de v\u00edrus e bact\u00e9rias. <strong>Cuspimos CO2 quando respiramos, e o ar expelido pelos nossos pulm\u00f5es est\u00e1 carregado de aeross\u00f3is<\/strong>. Estes aeross\u00f3is podem ser infectados por v\u00edrus e bact\u00e9rias nas nossas vias respirat\u00f3rias. Uma vez que permanecem suspensos no ar ambiente, o risco de transmiss\u00e3o da COVID-19 \u00e9 significativo.  <\/p>\n\n<p>A medi\u00e7\u00e3o do n\u00edvel de CO2 no ar ambiente \u00e9 um bom indicador da quantidade de ar consumido e, por conseguinte, potencialmente contaminado. <a href=\"https:\/\/obera.fr\/conseils\/mesure-capteur-co2-lutter-contre-transmission-virus-covid-19\/\">Um sensor de CO2 cuidadosamente colocado<\/a> indicar\u00e1 o n\u00edvel de risco de transmiss\u00e3o de agentes patog\u00e9nicos atrav\u00e9s da respira\u00e7\u00e3o.<strong> Por isso, \u00e9 importante para a tua sa\u00fade monitorizar o n\u00edvel de CO2 dentro de uma divis\u00e3o.<\/strong><\/p>\n\n<h2 class=\"wp-block-heading\">O que podemos aprender com o estudo do ar na luta contra a transmiss\u00e3o da COVID-19?<\/h2>\n\n<p>Atualmente, \u00e9 imposs\u00edvel medir com facilidade e precis\u00e3o o n\u00edvel de COVID-19 no ar. A medi\u00e7\u00e3o dos n\u00edveis de CO2, por outro lado, indica a percentagem de ar exalado no ar ambiente. <strong>Uma concentra\u00e7\u00e3o de CO2 de 1.200 ppm (partes por milh\u00e3o) indica que quase 2% do ar da sala foi exalado<\/strong>. Quanto mais elevado for o n\u00edvel de CO2 numa sala, mais ar foi &#8220;respirado&#8221; e mais potencialmente contaminado com v\u00edrus e bact\u00e9rias.  <\/p>\n\n<p>Al\u00e9m disso, uma equipa cient\u00edfica franco-italiana identificou <strong>uma forte afinidade entre o SARS-CoV-2 e as part\u00edculas de polui\u00e7\u00e3o<\/strong>. O v\u00edrus da COVID encontra nestas part\u00edculas um hospedeiro perfeito. Elas transportam-no e protegem-no dos raios UV, prolongando a sua vida.    <a href=\"https:\/\/obera.fr\/conseils\/etude-de-l-air-lutte-contre-le-covid\/\">Por conseguinte, foi estabelecida uma liga\u00e7\u00e3o entre a m\u00e1 qualidade do ar e a transmiss\u00e3o da COVID-19.<\/a><\/p>\n\n<h2 class=\"wp-block-heading\">Os nossos purificadores de ar s\u00e3o 99,5% eficazes contra a COVID-19. Compara antes de comprares! <\/h2>\n\n<div class=\"wp-block-columns is-layout-flex wp-container-core-columns-is-layout-28f84493 wp-block-columns-is-layout-flex\">\n<div class=\"wp-block-column is-layout-flow wp-block-column-is-layout-flow\" style=\"flex-basis:50%\">\n<p><strong>Os purificadores de ar OBERA tratam eficazmente o ar<\/strong> e capturam v\u00edrus e bact\u00e9rias. Descontamina divis\u00f5es de 10 a 1000 m\u00b2 utilizando filtros HEPA de alta efici\u00eancia. Um purificador de ar trata o equivalente recomendado de 4 a 6 mudan\u00e7as de ar numa divis\u00e3o por hora.  <\/p>\n<\/div>\n\n\n\n<div class=\"wp-block-column is-layout-flow wp-block-column-is-layout-flow\" style=\"flex-basis:50%\">\n<p><strong>Os purificadores de ar COVID-19<\/strong> tratam o ar viciado utilizando um filtro HEPA de alta efici\u00eancia, certificado de acordo com a norma EN 1822 (EPA E11 a HEPA 14 Medical, dependendo da configura\u00e7\u00e3o). O purificador de ar m\u00f3vel filtra eficazmente at\u00e9 99,995% dos v\u00edrus aeross\u00f3is transportados pelo ar.   <\/p>\n<\/div>\n<\/div>\n\n<div class=\"wp-block-buttons is-horizontal is-content-justification-center is-layout-flex wp-container-core-buttons-is-layout-03627597 wp-block-buttons-is-layout-flex\">\n<div class=\"wp-block-button\"><a class=\"wp-block-button__link wp-element-button\" href=\"https:\/\/obera.fr\/conseils\/comparer-prix-achat-purificateurs-air-anti-virus-covid-19\/\">Compara os nossos modelos com os da COVID antes de comprar<\/a><\/div>\n<\/div>\n\n<hr class=\"wp-block-separator has-css-opacity\"\/>\n\n<h3 class=\"wp-block-heading\">Descobre a nossa gama de purificadores de ar COVID-19<\/h3>\n\n<p>Renovar o ar interior 5 vezes por hora, de acordo com as recomenda\u00e7\u00f5es do HCSP (Haut Conseil de la Sant\u00e9 Publique), garante uma sala saud\u00e1vel. <strong>As tuas instala\u00e7\u00f5es podem assim ser utilizadas apesar da circula\u00e7\u00e3o do v\u00edrus SARS-CoV-2 e das suas variantes<\/strong>. Escolhe<a href=\"https:\/\/obera.fr\/pt-pt\/produits\/purificateurs-air\/purificadores-de-ar-anti-virus-e-anti-bacterianos-covid-19\/\"> o modelo de purificador de ar COVID-19 <\/a>com n\u00edveis de desempenho adequados \u00e0 \u00e1rea a tratar: <\/p>\n\n<div class=\"wp-block-columns are-vertically-aligned-top is-layout-flex wp-container-core-columns-is-layout-28f84493 wp-block-columns-is-layout-flex\">\n<div class=\"wp-block-column is-vertically-aligned-top is-layout-flow wp-block-column-is-layout-flow\" style=\"flex-basis:33.33%\">\n<figure class=\"wp-block-image aligncenter size-thumbnail\"><a href=\"https:\/\/obera.fr\/pt-pt\/produits\/purificateurs-air\/industriel-epur\/\"><img decoding=\"async\" width=\"150\" height=\"150\" src=\"https:\/\/obera.fr\/wp-content\/uploads\/2020\/09\/gamme-epur-150x150.jpg\" alt=\"ePUR oberA gama\" class=\"wp-image-1016\" srcset=\"https:\/\/obera.fr\/wp-content\/uploads\/2020\/09\/gamme-epur-150x150.jpg 150w, https:\/\/obera.fr\/wp-content\/uploads\/2020\/09\/gamme-epur-300x300.jpg 300w, https:\/\/obera.fr\/wp-content\/uploads\/2020\/09\/gamme-epur.jpg 350w\" sizes=\"(max-width: 150px) 100vw, 150px\" \/><\/a><figcaption class=\"wp-element-caption\">ePUR oberA gama<\/figcaption><\/figure>\n\n\n\n<p>O ePUR05, que filtra o ar em espa\u00e7os at\u00e9 60m\u00b2, com um caudal regul\u00e1vel de 0 a 100%. O ePUR 30, capaz de tratar salas at\u00e9 400m\u00b2, com um caudal regul\u00e1vel de 0 a 100%. Por \u00faltimo, o ePUR 100, capaz de tratar salas at\u00e9 700m\u00b2, com um caudal regul\u00e1vel de 0 a 100%; <\/p>\n<\/div>\n\n\n\n<div class=\"wp-block-column is-vertically-aligned-top is-layout-flow wp-block-column-is-layout-flow\" style=\"flex-basis:33.33%\">\n<figure class=\"wp-block-image aligncenter size-large\"><a href=\"https:\/\/obera.fr\/pt-pt\/produits\/purificateurs-air\/epur-b01-purificador-de-ar-para-poeiras-ecoprime\/\"><img decoding=\"async\" width=\"150\" height=\"150\" src=\"https:\/\/obera.fr\/wp-content\/uploads\/2020\/09\/epur-b01-ecoprime-150x150-1.png\" alt=\"Coletor de poeiras - ar\" class=\"wp-image-1007\"\/><\/a><figcaption class=\"wp-element-caption\">Epur B01 Ecoprime<\/figcaption><\/figure>\n\n\n\n<p class=\"has-text-align-center\">EcoPrime, para salas at\u00e9 20m\u00b2, caudal regul\u00e1vel de 0 a 100%.<\/p>\n<\/div>\n\n\n\n<div class=\"wp-block-column is-vertically-aligned-top is-layout-flow wp-block-column-is-layout-flow\" style=\"flex-basis:33.33%\">\n<figure class=\"wp-block-image aligncenter size-thumbnail\"><a href=\"https:\/\/obera.fr\/pt-pt\/produits\/purificateurs-air\/purificadores-de-ar-anti-virus-e-anti-bacterianos-covid-19\/purificador-de-ar-antivirus-virbox\/\"><img decoding=\"async\" width=\"150\" height=\"150\" src=\"https:\/\/obera.fr\/wp-content\/uploads\/2021\/04\/Virbox_2021-removebg-preview-150x150.png\" alt=\"virbox 2021 removebg preview\" class=\"wp-image-5383\" srcset=\"https:\/\/obera.fr\/wp-content\/uploads\/2021\/04\/Virbox_2021-removebg-preview-150x150.png 150w, https:\/\/obera.fr\/wp-content\/uploads\/2021\/04\/Virbox_2021-removebg-preview.png 300w\" sizes=\"(max-width: 150px) 100vw, 150px\" \/><\/a><figcaption class=\"wp-element-caption\">VIRBOX<\/figcaption><\/figure>\n\n\n\n<p class=\"has-text-align-center\">Virbox 750 e 1500, adequados para espa\u00e7os de 200 a 400m\u00b2, sensor<sub>de CO2<\/sub> opcional, caudal regul\u00e1vel de 0 a 100%.<\/p>\n<\/div>\n<\/div>\n\n<p><strong>As unidades podem ser facilmente instaladas nas tuas instala\u00e7\u00f5es<\/strong>, sem necessidade de instala\u00e7\u00f5es pesadas ou de tubagens. Assim que colocares o teu purificador de ar COVID-19 em funcionamento, respirar\u00e1s ar de qualidade, filtrado e purificado de v\u00edrus e bact\u00e9rias. <\/p>\n\n<h3 class=\"wp-block-heading\">Como funciona um sistema purificador de ar OBERA COVID-19<\/h3>\n\n<p>Os purificadores de ar possuem um sistema de filtragem do ar ambiente. As part\u00edculas e aeross\u00f3is em suspens\u00e3o, os v\u00edrus e as bact\u00e9rias flutuam no ar durante longas horas. Acabam por se aglomerar, cair no ch\u00e3o ou assentar nos m\u00f3veis. <strong>Os purificadores de ar captam o ar polu\u00eddo acima deles<\/strong>. O ar aspirado \u00e9 depois filtrado, consoante o aparelho, com filtros de part\u00edculas de alta efici\u00eancia. Depois de ter sido descontaminado, o ar \u00e9 devolvido \u00e0 divis\u00e3o, livre de part\u00edculas que possam transportar v\u00edrus ou bact\u00e9rias. O teu quarto beneficia da efic\u00e1cia da renova\u00e7\u00e3o cont\u00ednua do ar ambiente.     <\/p>\n\n<h2 class=\"wp-block-heading\">O purificador de ar H14 VIRBOX, a arma definitiva da OBERA contra o coronav\u00edrus<\/h2>\n\n<p><a href=\"https:\/\/obera.fr\/pt-pt\/produits\/purificateurs-air\/purificadores-de-ar-anti-virus-e-anti-bacterianos-covid-19\/purificador-de-ar-antivirus-virbox\/\">O Virbox \u00e9 um purificador de ar COVID-19<\/a> especialmente concebido para tratar os v\u00edrus. Em termos de desempenho, <strong>filtra pelo menos 99,995% dos v\u00edrus e bact\u00e9rias do ar ambiente<\/strong>. Move-se facilmente de sala em sala, incluindo atrav\u00e9s de portas. Multifuncional, pode tamb\u00e9m ser utilizado como meio de comunica\u00e7\u00e3o.   <\/p>\n\n<h3 class=\"wp-block-heading\">O conceito de ventila\u00e7\u00e3o com ou sem purificador<\/h3>\n\n<figure class=\"wp-block-gallery has-nested-images columns-default is-cropped wp-block-gallery-1 is-layout-flex wp-block-gallery-is-layout-flex\">\n<figure class=\"wp-block-image size-large\"><img decoding=\"async\" width=\"480\" height=\"270\" data-id=\"2081\" src=\"https:\/\/obera.fr\/wp-content\/uploads\/2020\/11\/obera-covid-0001.jpg\" alt=\"Conceito de ventila&#xE7;&#xE3;o com ou sem purificador\" class=\"wp-image-2081\" srcset=\"https:\/\/obera.fr\/wp-content\/uploads\/2020\/11\/obera-covid-0001.jpg 480w, https:\/\/obera.fr\/wp-content\/uploads\/2020\/11\/obera-covid-0001-300x169.jpg 300w\" sizes=\"(max-width: 480px) 100vw, 480px\" \/><figcaption class=\"wp-element-caption\">Conceito de ventila\u00e7\u00e3o com purificador<\/figcaption><\/figure>\n\n\n\n<figure class=\"wp-block-image size-large\"><img decoding=\"async\" width=\"480\" height=\"271\" data-id=\"2080\" src=\"https:\/\/obera.fr\/wp-content\/uploads\/2020\/11\/obera-covid-0002.jpg\" alt=\"Conceito de ventila&#xE7;&#xE3;o com ou sem purificador\" class=\"wp-image-2080\" srcset=\"https:\/\/obera.fr\/wp-content\/uploads\/2020\/11\/obera-covid-0002.jpg 480w, https:\/\/obera.fr\/wp-content\/uploads\/2020\/11\/obera-covid-0002-300x169.jpg 300w\" sizes=\"(max-width: 480px) 100vw, 480px\" \/><figcaption class=\"wp-element-caption\">Conceito de ventila\u00e7\u00e3o sem purificador  <\/figcaption><\/figure>\n<\/figure>\n\n<p>Ao utilizar um purificador OBERA, os aeross\u00f3is podem ser captados e filtrados muito mais perto do local onde s\u00e3o produzidos. Para isso, a parte superior do aparelho aspira os aeross\u00f3is \u00e0 altura exacta em que as pessoas os emitem. <\/p>\n\n<h2 class=\"wp-block-heading\">Como podemos garantir a seguran\u00e7a contra o coronav\u00edrus nas creches, infant\u00e1rios, escolas e col\u00e9gios?<\/h2>\n\n<div class=\"wp-block-columns is-layout-flex wp-container-core-columns-is-layout-28f84493 wp-block-columns-is-layout-flex\">\n<div class=\"wp-block-column is-layout-flow wp-block-column-is-layout-flow\" style=\"flex-basis:50%\">\n<p>As crian\u00e7as e os adolescentes s\u00e3o mais resistentes \u00e0 COVID-19, mas s\u00e3o um vetor de transmiss\u00e3o. Todos os dias, cada crian\u00e7a ou adolescente entra em contacto com dezenas de amigos antes de ir para casa. <strong>\u00c9 muito dif\u00edcil impor medidas de barreira<\/strong> nas escolas, sobretudo entre os mais jovens. Quando a contamina\u00e7\u00e3o ocorre na escola, representa um risco de transmiss\u00e3o aos pais, irm\u00e3os e av\u00f3s da crian\u00e7a em causa. A qualidade do ar assim purificado proteger\u00e1 a sa\u00fade dos alunos.   <\/p>\n<\/div>\n\n\n\n<div class=\"wp-block-column is-layout-flow wp-block-column-is-layout-flow\" style=\"flex-basis:50%\">\n<p><a href=\"https:\/\/obera.fr\/conseils\/purificateurs-d-air-contre-covid-19-creches-maternelles-ecoles-colleges-lycees\/\">A instala\u00e7\u00e3o de purificadores de ar COVID-19 numa sala de aula<\/a> ou num refeit\u00f3rio oferece uma oportunidade real de quebrar as cadeias de transmiss\u00e3o. Essencialmente, estes s\u00e3o espa\u00e7os confinados onde a ventila\u00e7\u00e3o nem sempre \u00e9 adequada.<strong> O n\u00edvel de concentra\u00e7\u00e3o de SARS-CoV-2 no ar pode, portanto, ser elevado<\/strong>. Um purificador de ar COVID-19 \u00e9 uma forma eficaz de filtrar o ar ambiente.  <\/p>\n<\/div>\n<\/div>\n\n<figure class=\"wp-block-image aligncenter size-large\"><img decoding=\"async\" width=\"1024\" height=\"768\" src=\"https:\/\/obera.fr\/wp-content\/uploads\/2021\/05\/image_ecole-covid-1024x768.jpg\" alt=\"ventila&#xE7;&#xE3;o escola covid\" class=\"wp-image-5610\" srcset=\"https:\/\/obera.fr\/wp-content\/uploads\/2021\/05\/image_ecole-covid-1024x768.jpg 1024w, https:\/\/obera.fr\/wp-content\/uploads\/2021\/05\/image_ecole-covid-300x225.jpg 300w, https:\/\/obera.fr\/wp-content\/uploads\/2021\/05\/image_ecole-covid-768x576.jpg 768w, https:\/\/obera.fr\/wp-content\/uploads\/2021\/05\/image_ecole-covid-1536x1152.jpg 1536w, https:\/\/obera.fr\/wp-content\/uploads\/2021\/05\/image_ecole-covid.jpg 2016w\" sizes=\"(max-width: 1024px) 100vw, 1024px\" \/><figcaption class=\"wp-element-caption\">Ventila\u00e7\u00e3o de ar numa sala de aula<\/figcaption><\/figure>\n\n<h2 class=\"wp-block-heading\">Coronov\u00edrus e CHR: Como \u00e9 que a COVID-19 \u00e9 tratada nos caf\u00e9s, hot\u00e9is e restaurantes?<\/h2>\n\n<p>A reabertura de caf\u00e9s e restaurantes em Fran\u00e7a fez as del\u00edcias de muitos. No entanto, <strong>estes s\u00e3o locais com um elevado risco de transmiss\u00e3o do coronav\u00edrus por aeross\u00f3is<\/strong>. A ventila\u00e7\u00e3o n\u00e3o \u00e9 f\u00e1cil e os clientes sentados n\u00e3o usam m\u00e1scaras. S\u00e3o lugares essencialmente de conv\u00edvio, onde as conversas fluem livremente e o distanciamento f\u00edsico \u00e9 ineficaz. Ao tossir ou simplesmente falar, uma pessoa portadora do v\u00edrus SARS-Cov-2 projecta got\u00edculas de saliva. Estes aeross\u00f3is contaminados flutuam livremente no ar ambiente da sala durante longas horas.     <\/p>\n\n<p><a href=\"https:\/\/obera.fr\/pt-pt\/nosso-conselho\/le-covid-19-et-la-restauration\/\">Apenas um purificador de ar COVID-19 na sala<\/a> pode proporcionar <strong>uma descontamina\u00e7\u00e3o eficaz, reduzindo drasticamente o n\u00edvel de coronav\u00edrus<\/strong> no ar ambiente. Pode ser instalado um sensor de CO2 para indicar quando o ar precisa de ser mudado. Combinando filtragem de alto desempenho, ventila\u00e7\u00e3o natural e distanciamento, minimiza consideravelmente o risco de transmiss\u00e3o de v\u00edrus e bact\u00e9rias. Protege a sa\u00fade dos teus clientes e funcion\u00e1rios com um purificador de ar COVID-19.   <\/p>\n\n<div class=\"wp-block-buttons is-horizontal is-content-justification-center is-layout-flex wp-container-core-buttons-is-layout-03627597 wp-block-buttons-is-layout-flex\">\n<div class=\"wp-block-button\"><a class=\"wp-block-button__link wp-element-button\" href=\"https:\/\/obera.fr\/pt-pt\/contact\/\">Contacta-nos para mais informa\u00e7\u00f5es<\/a><\/div>\n<\/div>\n\n<p>V\u00ea tamb\u00e9m a p\u00e1gina<a href=\"https:\/\/obera.fr\/pt-pt\/ils-parlent-de-nous-presse-media\/\" data-type=\"page\" data-id=\"8386\">&#8220;Est\u00e3o a falar de n\u00f3s<\/a>&#8221; para artigos de imprensa e v\u00eddeos das nossas apari\u00e7\u00f5es na televis\u00e3o.<\/p>\n","protected":false},"excerpt":{"rendered":"<p>O nosso guia apresenta as solu\u00e7\u00f5es da OberA para controlo e purifica\u00e7\u00e3o do ar. Garante a sa\u00fade e a seguran\u00e7a das tuas instala\u00e7\u00f5es, oferecendo ar purificado aos teus clientes e ao teu pessoal, com um purificador de ar eficaz contra a COVID-19. <\/p>\n","protected":false},"author":4,"featured_media":97562,"comment_status":"open","ping_status":"closed","sticky":false,"template":"","format":"standard","meta":{"_acf_changed":false,"_seopress_robots_primary_cat":"none","_seopress_titles_title":"Guide des meilleurs purificateurs d'air contre le Covid-19","_seopress_titles_desc":"Le guide pour assurer la s\u00e9curit\u00e9 sanitaire de vos locaux, professionnels ou \u00e0 l'\u00e9cole, avec un purificateur d\u2019air efficace contre le COVID-19","_seopress_robots_index":"","footnotes":""},"categories":[55],"tags":[147],"class_list":["post-67468","post","type-post","status-publish","format-standard","has-post-thumbnail","hentry","category-nosso-conselho","tag-pequena-entrada","generate-columns","tablet-grid-50","mobile-grid-100","grid-parent","grid-50","no-featured-image-padding","resize-featured-image"],"acf":[],"_links":{"self":[{"href":"https:\/\/obera.fr\/pt-pt\/wp-json\/wp\/v2\/posts\/67468","targetHints":{"allow":["GET"]}}],"collection":[{"href":"https:\/\/obera.fr\/pt-pt\/wp-json\/wp\/v2\/posts"}],"about":[{"href":"https:\/\/obera.fr\/pt-pt\/wp-json\/wp\/v2\/types\/post"}],"author":[{"embeddable":true,"href":"https:\/\/obera.fr\/pt-pt\/wp-json\/wp\/v2\/users\/4"}],"replies":[{"embeddable":true,"href":"https:\/\/obera.fr\/pt-pt\/wp-json\/wp\/v2\/comments?post=67468"}],"version-history":[{"count":2,"href":"https:\/\/obera.fr\/pt-pt\/wp-json\/wp\/v2\/posts\/67468\/revisions"}],"predecessor-version":[{"id":97662,"href":"https:\/\/obera.fr\/pt-pt\/wp-json\/wp\/v2\/posts\/67468\/revisions\/97662"}],"wp:featuredmedia":[{"embeddable":true,"href":"https:\/\/obera.fr\/pt-pt\/wp-json\/wp\/v2\/media\/97562"}],"wp:attachment":[{"href":"https:\/\/obera.fr\/pt-pt\/wp-json\/wp\/v2\/media?parent=67468"}],"wp:term":[{"taxonomy":"category","embeddable":true,"href":"https:\/\/obera.fr\/pt-pt\/wp-json\/wp\/v2\/categories?post=67468"},{"taxonomy":"post_tag","embeddable":true,"href":"https:\/\/obera.fr\/pt-pt\/wp-json\/wp\/v2\/tags?post=67468"}],"curies":[{"name":"wp","href":"https:\/\/api.w.org\/{rel}","templated":true}]}}